{"id":9742,"date":"2022-05-16T11:25:00","date_gmt":"2022-05-16T09:25:00","guid":{"rendered":"https:\/\/staging.tsp.at\/2022\/05\/16\/marjana-jovicic-neu-bei-horvath-wien\/"},"modified":"2025-10-21T14:52:21","modified_gmt":"2025-10-21T12:52:21","slug":"marjana-jovicic-neu-bei-horvath-wien","status":"publish","type":"post","link":"https:\/\/www.tsp.at\/en\/2022\/05\/16\/marjana-jovicic-neu-bei-horvath-wien\/","title":{"rendered":"Marjana Jovicic neu bei Horv\u00e1th Wien"},"content":{"rendered":"<article class=\"item\">\n<h2><strong>Management Consultant f\u00fcr Nachhaltigkeit, Energie &amp; Chemie<\/strong><\/h2>\n<p>16.05.2022<\/p>\n<\/p>\n<\/p>\n<\/p>\n<\/p>\n<\/p>\n<p>Wien \u2013 <strong>Die Verfahrenstechnikerin Marjana Jovicic (35) verst\u00e4rkt die Managementberatung <span class=\"hl\">Horv\u00e1th<\/span> am Standort Wien im Bereich Nachhaltigkeit, Energie &amp; Chemie. Zuvor war die geb\u00fcrtige Wienerin in der Gasbranche bei Air Liquide in Paris und D\u00fcsseldorf sowie als Innovationsmanagerin f\u00fcr Gr\u00fcnen Wasserstoff bei Uniper t\u00e4tig. <a href=\"http:\/\/www.horvath-partners.com\" rel=\"nofollow\" target=\"_blank\">http:\/\/www.<span class=\"hl\">horvath<\/span>-partners.com<\/a><\/strong> <\/p>\n<p>Marjana Jovicic hat ihre berufliche Laufbahn nach der HTL f\u00fcr Chemie in Wien beim Pharmakonzern Baxter gestartet und danach Verfahrenstechnik mit Fokus auf alternative Technologien und Verbrennung studiert. Ihre Masterarbeit absolvierte sie in Griechenland.\n<\/p>\n<p>Ab 2015 arbeitete sie bei Air Liquide in Wien, Paris und D\u00fcsseldorf und sammelte Erfahrungen in ganz Europa. Bei Uniper D\u00fcsseldorf vertiefte sie ihr Know-how in Innovation und Nachhaltigkeit als Verantwortliche f\u00fcr den Bereich Gr\u00fcnen Wasserstoff.\n<\/p>\n<p><strong>\u00dcber <span class=\"hl\">Horv\u00e1th<\/span><\/strong> <br \/><span class=\"hl\">Horv\u00e1th<\/span> ist eine international t\u00e4tige, unabh\u00e4ngige Managementberatung mit Hauptsitz in Stuttgart. Das Unternehmen besch\u00e4ftigt 1000 hochqualifizierte Berater\/innen an Standorten in Deutschland, \u00d6sterreich, Rum\u00e4nien, Saudi-Arabien, der Schweiz, Ungarn und den Vereinigten Arabischen Emiraten. Die Kunden werden von der betriebswirtschaftlichen Konzeption bis zur Verankerung in Prozessen und Systemen begleitet.<\/p>\n<\/article>\n","protected":false},"excerpt":{"rendered":"<p>Management Consultant f\u00fcr Nachhaltigkeit, Energie &amp; Chemie 16.05.2022 Wien \u2013 Die Verfahrenstechnikerin Marjana Jovicic (35) verst\u00e4rkt die Managementberatung Horv\u00e1th am Standort Wien im Bereich Nachhaltigkeit, Energie &amp; Chemie. Zuvor war die geb\u00fcrtige Wienerin in der Gasbranche bei Air Liquide in Paris und D\u00fcsseldorf sowie als Innovationsmanagerin f\u00fcr Gr\u00fcnen Wasserstoff bei Uniper t\u00e4tig. http:\/\/www.horvath-partners.com Marjana Jovicic&hellip;<\/p>\n","protected":false},"author":2,"featured_media":9741,"comment_status":"closed","ping_status":"closed","sticky":false,"template":"","format":"standard","meta":{"footnotes":""},"categories":[3],"tags":[],"class_list":["post-9742","post","type-post","status-publish","format-standard","has-post-thumbnail","hentry","category-news","category-3","description-off"],"yoast_head":"<!-- This site is optimized with the Yoast SEO plugin v26.3 - https:\/\/yoast.com\/wordpress\/plugins\/seo\/ -->\n<title>Marjana Jovicic neu bei Horv\u00e1th Wien - Temmel | Seywald - Corporate Communications<\/title>\n<meta name=\"robots\" content=\"index, follow, max-snippet:-1, max-image-preview:large, max-video-preview:-1\" \/>\n<link rel=\"canonical\" href=\"https:\/\/www.tsp.at\/en\/2022\/05\/16\/marjana-jovicic-neu-bei-horvath-wien\/\" \/>\n<meta property=\"og:locale\" content=\"en_US\" \/>\n<meta property=\"og:type\" content=\"article\" \/>\n<meta property=\"og:title\" content=\"Marjana Jovicic neu bei Horv\u00e1th Wien - Temmel | Seywald - Corporate Communications\" \/>\n<meta property=\"og:description\" content=\"Management Consultant f\u00fcr Nachhaltigkeit, Energie &amp; Chemie 16.05.2022 Wien \u2013 Die Verfahrenstechnikerin Marjana Jovicic (35) verst\u00e4rkt die Managementberatung Horv\u00e1th am Standort Wien im Bereich Nachhaltigkeit, Energie &amp; Chemie. Zuvor war die geb\u00fcrtige Wienerin in der Gasbranche bei Air Liquide in Paris und D\u00fcsseldorf sowie als Innovationsmanagerin f\u00fcr Gr\u00fcnen Wasserstoff bei Uniper t\u00e4tig. http:\/\/www.horvath-partners.com Marjana Jovicic&hellip;\" \/>\n<meta property=\"og:url\" content=\"https:\/\/www.tsp.at\/en\/2022\/05\/16\/marjana-jovicic-neu-bei-horvath-wien\/\" \/>\n<meta property=\"og:site_name\" content=\"Temmel | Seywald - Corporate Communications\" \/>\n<meta property=\"article:publisher\" content=\"https:\/\/www.facebook.com\/TemmelSeywald\" \/>\n<meta property=\"article:published_time\" content=\"2022-05-16T09:25:00+00:00\" \/>\n<meta property=\"article:modified_time\" content=\"2025-10-21T12:52:21+00:00\" \/>\n<meta property=\"og:image\" content=\"https:\/\/www.tsp.at\/wp-content\/uploads\/2025\/10\/Jovicic.jpg\" \/>\n\t<meta property=\"og:image:width\" content=\"1904\" \/>\n\t<meta property=\"og:image:height\" content=\"1486\" \/>\n\t<meta property=\"og:image:type\" content=\"image\/jpeg\" \/>\n<meta name=\"author\" content=\"TSP Redaktion\" \/>\n<meta name=\"twitter:card\" content=\"summary_large_image\" \/>\n<meta name=\"twitter:label1\" content=\"Written by\" \/>\n\t<meta name=\"twitter:data1\" content=\"TSP Redaktion\" \/>\n\t<meta name=\"twitter:label2\" content=\"Est. reading time\" \/>\n\t<meta name=\"twitter:data2\" content=\"2 minutes\" \/>\n<script type=\"application\/ld+json\" class=\"yoast-schema-graph\">{\"@context\":\"https:\/\/schema.org\",\"@graph\":[{\"@type\":\"Article\",\"@id\":\"https:\/\/www.tsp.at\/en\/2022\/05\/16\/marjana-jovicic-neu-bei-horvath-wien\/#article\",\"isPartOf\":{\"@id\":\"https:\/\/www.tsp.at\/en\/2022\/05\/16\/marjana-jovicic-neu-bei-horvath-wien\/\"},\"author\":{\"name\":\"TSP Redaktion\",\"@id\":\"https:\/\/www.tsp.at\/en\/#\/schema\/person\/1ba5600c29da17b902b0925cea567f8a\"},\"headline\":\"Marjana Jovicic neu bei Horv\u00e1th Wien\",\"datePublished\":\"2022-05-16T09:25:00+00:00\",\"dateModified\":\"2025-10-21T12:52:21+00:00\",\"mainEntityOfPage\":{\"@id\":\"https:\/\/www.tsp.at\/en\/2022\/05\/16\/marjana-jovicic-neu-bei-horvath-wien\/\"},\"wordCount\":197,\"publisher\":{\"@id\":\"https:\/\/www.tsp.at\/en\/#organization\"},\"image\":{\"@id\":\"https:\/\/www.tsp.at\/en\/2022\/05\/16\/marjana-jovicic-neu-bei-horvath-wien\/#primaryimage\"},\"thumbnailUrl\":\"https:\/\/www.tsp.at\/wp-content\/uploads\/2025\/10\/Jovicic.jpg\",\"articleSection\":[\"News\"],\"inLanguage\":\"en-US\"},{\"@type\":\"WebPage\",\"@id\":\"https:\/\/www.tsp.at\/en\/2022\/05\/16\/marjana-jovicic-neu-bei-horvath-wien\/\",\"url\":\"https:\/\/www.tsp.at\/en\/2022\/05\/16\/marjana-jovicic-neu-bei-horvath-wien\/\",\"name\":\"Marjana Jovicic neu bei Horv\u00e1th Wien - Temmel | Seywald - Corporate Communications\",\"isPartOf\":{\"@id\":\"https:\/\/www.tsp.at\/en\/#website\"},\"primaryImageOfPage\":{\"@id\":\"https:\/\/www.tsp.at\/en\/2022\/05\/16\/marjana-jovicic-neu-bei-horvath-wien\/#primaryimage\"},\"image\":{\"@id\":\"https:\/\/www.tsp.at\/en\/2022\/05\/16\/marjana-jovicic-neu-bei-horvath-wien\/#primaryimage\"},\"thumbnailUrl\":\"https:\/\/www.tsp.at\/wp-content\/uploads\/2025\/10\/Jovicic.jpg\",\"datePublished\":\"2022-05-16T09:25:00+00:00\",\"dateModified\":\"2025-10-21T12:52:21+00:00\",\"breadcrumb\":{\"@id\":\"https:\/\/www.tsp.at\/en\/2022\/05\/16\/marjana-jovicic-neu-bei-horvath-wien\/#breadcrumb\"},\"inLanguage\":\"en-US\",\"potentialAction\":[{\"@type\":\"ReadAction\",\"target\":[\"https:\/\/www.tsp.at\/en\/2022\/05\/16\/marjana-jovicic-neu-bei-horvath-wien\/\"]}]},{\"@type\":\"ImageObject\",\"inLanguage\":\"en-US\",\"@id\":\"https:\/\/www.tsp.at\/en\/2022\/05\/16\/marjana-jovicic-neu-bei-horvath-wien\/#primaryimage\",\"url\":\"https:\/\/www.tsp.at\/wp-content\/uploads\/2025\/10\/Jovicic.jpg\",\"contentUrl\":\"https:\/\/www.tsp.at\/wp-content\/uploads\/2025\/10\/Jovicic.jpg\",\"width\":1904,\"height\":1486},{\"@type\":\"BreadcrumbList\",\"@id\":\"https:\/\/www.tsp.at\/en\/2022\/05\/16\/marjana-jovicic-neu-bei-horvath-wien\/#breadcrumb\",\"itemListElement\":[{\"@type\":\"ListItem\",\"position\":1,\"name\":\"Startseite\",\"item\":\"https:\/\/www.tsp.at\/en\/\"},{\"@type\":\"ListItem\",\"position\":2,\"name\":\"Marjana Jovicic neu bei Horv\u00e1th Wien\"}]},{\"@type\":\"WebSite\",\"@id\":\"https:\/\/www.tsp.at\/en\/#website\",\"url\":\"https:\/\/www.tsp.at\/en\/\",\"name\":\"Temmel | Seywald - Corporate Communications\",\"description\":\"Kommunikation ist Beziehungsarbeit\",\"publisher\":{\"@id\":\"https:\/\/www.tsp.at\/en\/#organization\"},\"potentialAction\":[{\"@type\":\"SearchAction\",\"target\":{\"@type\":\"EntryPoint\",\"urlTemplate\":\"https:\/\/www.tsp.at\/en\/?s={search_term_string}\"},\"query-input\":{\"@type\":\"PropertyValueSpecification\",\"valueRequired\":true,\"valueName\":\"search_term_string\"}}],\"inLanguage\":\"en-US\"},{\"@type\":\"Organization\",\"@id\":\"https:\/\/www.tsp.at\/en\/#organization\",\"name\":\"Temmel, Seywald & Partner Communications GesmbH\",\"alternateName\":\"TSP\",\"url\":\"https:\/\/www.tsp.at\/en\/\",\"logo\":{\"@type\":\"ImageObject\",\"inLanguage\":\"en-US\",\"@id\":\"https:\/\/www.tsp.at\/en\/#\/schema\/logo\/image\/\",\"url\":\"https:\/\/www.tsp.at\/wp-content\/uploads\/2025\/10\/favicontsp.png\",\"contentUrl\":\"https:\/\/www.tsp.at\/wp-content\/uploads\/2025\/10\/favicontsp.png\",\"width\":125,\"height\":125,\"caption\":\"Temmel, Seywald & Partner Communications GesmbH\"},\"image\":{\"@id\":\"https:\/\/www.tsp.at\/en\/#\/schema\/logo\/image\/\"},\"sameAs\":[\"https:\/\/www.facebook.com\/TemmelSeywald\"]},{\"@type\":\"Person\",\"@id\":\"https:\/\/www.tsp.at\/en\/#\/schema\/person\/1ba5600c29da17b902b0925cea567f8a\",\"name\":\"TSP Redaktion\"}]}<\/script>\n<!-- \/ Yoast SEO plugin. -->","yoast_head_json":{"title":"Marjana Jovicic neu bei Horv\u00e1th Wien - Temmel | Seywald - Corporate Communications","robots":{"index":"index","follow":"follow","max-snippet":"max-snippet:-1","max-image-preview":"max-image-preview:large","max-video-preview":"max-video-preview:-1"},"canonical":"https:\/\/www.tsp.at\/en\/2022\/05\/16\/marjana-jovicic-neu-bei-horvath-wien\/","og_locale":"en_US","og_type":"article","og_title":"Marjana Jovicic neu bei Horv\u00e1th Wien - Temmel | Seywald - Corporate Communications","og_description":"Management Consultant f\u00fcr Nachhaltigkeit, Energie &amp; Chemie 16.05.2022 Wien \u2013 Die Verfahrenstechnikerin Marjana Jovicic (35) verst\u00e4rkt die Managementberatung Horv\u00e1th am Standort Wien im Bereich Nachhaltigkeit, Energie &amp; Chemie. Zuvor war die geb\u00fcrtige Wienerin in der Gasbranche bei Air Liquide in Paris und D\u00fcsseldorf sowie als Innovationsmanagerin f\u00fcr Gr\u00fcnen Wasserstoff bei Uniper t\u00e4tig. http:\/\/www.horvath-partners.com Marjana Jovicic&hellip;","og_url":"https:\/\/www.tsp.at\/en\/2022\/05\/16\/marjana-jovicic-neu-bei-horvath-wien\/","og_site_name":"Temmel | Seywald - Corporate Communications","article_publisher":"https:\/\/www.facebook.com\/TemmelSeywald","article_published_time":"2022-05-16T09:25:00+00:00","article_modified_time":"2025-10-21T12:52:21+00:00","og_image":[{"width":1904,"height":1486,"url":"https:\/\/www.tsp.at\/wp-content\/uploads\/2025\/10\/Jovicic.jpg","type":"image\/jpeg"}],"author":"TSP Redaktion","twitter_card":"summary_large_image","twitter_misc":{"Written by":"TSP Redaktion","Est. reading time":"2 minutes"},"schema":{"@context":"https:\/\/schema.org","@graph":[{"@type":"Article","@id":"https:\/\/www.tsp.at\/en\/2022\/05\/16\/marjana-jovicic-neu-bei-horvath-wien\/#article","isPartOf":{"@id":"https:\/\/www.tsp.at\/en\/2022\/05\/16\/marjana-jovicic-neu-bei-horvath-wien\/"},"author":{"name":"TSP Redaktion","@id":"https:\/\/www.tsp.at\/en\/#\/schema\/person\/1ba5600c29da17b902b0925cea567f8a"},"headline":"Marjana Jovicic neu bei Horv\u00e1th Wien","datePublished":"2022-05-16T09:25:00+00:00","dateModified":"2025-10-21T12:52:21+00:00","mainEntityOfPage":{"@id":"https:\/\/www.tsp.at\/en\/2022\/05\/16\/marjana-jovicic-neu-bei-horvath-wien\/"},"wordCount":197,"publisher":{"@id":"https:\/\/www.tsp.at\/en\/#organization"},"image":{"@id":"https:\/\/www.tsp.at\/en\/2022\/05\/16\/marjana-jovicic-neu-bei-horvath-wien\/#primaryimage"},"thumbnailUrl":"https:\/\/www.tsp.at\/wp-content\/uploads\/2025\/10\/Jovicic.jpg","articleSection":["News"],"inLanguage":"en-US"},{"@type":"WebPage","@id":"https:\/\/www.tsp.at\/en\/2022\/05\/16\/marjana-jovicic-neu-bei-horvath-wien\/","url":"https:\/\/www.tsp.at\/en\/2022\/05\/16\/marjana-jovicic-neu-bei-horvath-wien\/","name":"Marjana Jovicic neu bei Horv\u00e1th Wien - Temmel | Seywald - Corporate Communications","isPartOf":{"@id":"https:\/\/www.tsp.at\/en\/#website"},"primaryImageOfPage":{"@id":"https:\/\/www.tsp.at\/en\/2022\/05\/16\/marjana-jovicic-neu-bei-horvath-wien\/#primaryimage"},"image":{"@id":"https:\/\/www.tsp.at\/en\/2022\/05\/16\/marjana-jovicic-neu-bei-horvath-wien\/#primaryimage"},"thumbnailUrl":"https:\/\/www.tsp.at\/wp-content\/uploads\/2025\/10\/Jovicic.jpg","datePublished":"2022-05-16T09:25:00+00:00","dateModified":"2025-10-21T12:52:21+00:00","breadcrumb":{"@id":"https:\/\/www.tsp.at\/en\/2022\/05\/16\/marjana-jovicic-neu-bei-horvath-wien\/#breadcrumb"},"inLanguage":"en-US","potentialAction":[{"@type":"ReadAction","target":["https:\/\/www.tsp.at\/en\/2022\/05\/16\/marjana-jovicic-neu-bei-horvath-wien\/"]}]},{"@type":"ImageObject","inLanguage":"en-US","@id":"https:\/\/www.tsp.at\/en\/2022\/05\/16\/marjana-jovicic-neu-bei-horvath-wien\/#primaryimage","url":"https:\/\/www.tsp.at\/wp-content\/uploads\/2025\/10\/Jovicic.jpg","contentUrl":"https:\/\/www.tsp.at\/wp-content\/uploads\/2025\/10\/Jovicic.jpg","width":1904,"height":1486},{"@type":"BreadcrumbList","@id":"https:\/\/www.tsp.at\/en\/2022\/05\/16\/marjana-jovicic-neu-bei-horvath-wien\/#breadcrumb","itemListElement":[{"@type":"ListItem","position":1,"name":"Startseite","item":"https:\/\/www.tsp.at\/en\/"},{"@type":"ListItem","position":2,"name":"Marjana Jovicic neu bei Horv\u00e1th Wien"}]},{"@type":"WebSite","@id":"https:\/\/www.tsp.at\/en\/#website","url":"https:\/\/www.tsp.at\/en\/","name":"Temmel | Seywald - Corporate Communications","description":"Kommunikation ist Beziehungsarbeit","publisher":{"@id":"https:\/\/www.tsp.at\/en\/#organization"},"potentialAction":[{"@type":"SearchAction","target":{"@type":"EntryPoint","urlTemplate":"https:\/\/www.tsp.at\/en\/?s={search_term_string}"},"query-input":{"@type":"PropertyValueSpecification","valueRequired":true,"valueName":"search_term_string"}}],"inLanguage":"en-US"},{"@type":"Organization","@id":"https:\/\/www.tsp.at\/en\/#organization","name":"Temmel, Seywald & Partner Communications GesmbH","alternateName":"TSP","url":"https:\/\/www.tsp.at\/en\/","logo":{"@type":"ImageObject","inLanguage":"en-US","@id":"https:\/\/www.tsp.at\/en\/#\/schema\/logo\/image\/","url":"https:\/\/www.tsp.at\/wp-content\/uploads\/2025\/10\/favicontsp.png","contentUrl":"https:\/\/www.tsp.at\/wp-content\/uploads\/2025\/10\/favicontsp.png","width":125,"height":125,"caption":"Temmel, Seywald & Partner Communications GesmbH"},"image":{"@id":"https:\/\/www.tsp.at\/en\/#\/schema\/logo\/image\/"},"sameAs":["https:\/\/www.facebook.com\/TemmelSeywald"]},{"@type":"Person","@id":"https:\/\/www.tsp.at\/en\/#\/schema\/person\/1ba5600c29da17b902b0925cea567f8a","name":"TSP Redaktion"}]}},"_links":{"self":[{"href":"https:\/\/www.tsp.at\/en\/wp-json\/wp\/v2\/posts\/9742","targetHints":{"allow":["GET"]}}],"collection":[{"href":"https:\/\/www.tsp.at\/en\/wp-json\/wp\/v2\/posts"}],"about":[{"href":"https:\/\/www.tsp.at\/en\/wp-json\/wp\/v2\/types\/post"}],"author":[{"embeddable":true,"href":"https:\/\/www.tsp.at\/en\/wp-json\/wp\/v2\/users\/2"}],"replies":[{"embeddable":true,"href":"https:\/\/www.tsp.at\/en\/wp-json\/wp\/v2\/comments?post=9742"}],"version-history":[{"count":1,"href":"https:\/\/www.tsp.at\/en\/wp-json\/wp\/v2\/posts\/9742\/revisions"}],"predecessor-version":[{"id":11280,"href":"https:\/\/www.tsp.at\/en\/wp-json\/wp\/v2\/posts\/9742\/revisions\/11280"}],"wp:featuredmedia":[{"embeddable":true,"href":"https:\/\/www.tsp.at\/en\/wp-json\/wp\/v2\/media\/9741"}],"wp:attachment":[{"href":"https:\/\/www.tsp.at\/en\/wp-json\/wp\/v2\/media?parent=9742"}],"wp:term":[{"taxonomy":"category","embeddable":true,"href":"https:\/\/www.tsp.at\/en\/wp-json\/wp\/v2\/categories?post=9742"},{"taxonomy":"post_tag","embeddable":true,"href":"https:\/\/www.tsp.at\/en\/wp-json\/wp\/v2\/tags?post=9742"}],"curies":[{"name":"wp","href":"https:\/\/api.w.org\/{rel}","templated":true}]}}