{"id":9744,"date":"2022-05-09T13:24:00","date_gmt":"2022-05-09T11:24:00","guid":{"rendered":"https:\/\/staging.tsp.at\/2022\/05\/09\/wirtschaftsforum-fresach-3-6-exit-durch-wandel\/"},"modified":"2025-10-21T14:52:21","modified_gmt":"2025-10-21T12:52:21","slug":"wirtschaftsforum-fresach-3-6-exit-durch-wandel","status":"publish","type":"post","link":"https:\/\/www.tsp.at\/en\/2022\/05\/09\/wirtschaftsforum-fresach-3-6-exit-durch-wandel\/","title":{"rendered":"Wirtschaftsforum Fresach 3.6. Exit durch Wandel"},"content":{"rendered":"<article class=\"item\">\n<h2><strong>Toleranzgespr\u00e4che \u00fcber Auswege aus geopolitischem Chaos<\/strong><\/h2>\n<p>09.05.2022<\/p>\n<\/p>\n<\/p>\n<\/p>\n<\/p>\n<\/p>\n<p>Fresach \u2013 <strong>Mit einem philosophischen Exkurs der Hamburger Kulturwissenschafterin Ina Schmid zum Thema &#8220;Wie kommt die Ordnung in das Chaos?&#8221; wird das Wirtschaftsforum der Europ\u00e4ischen Toleranzgespr\u00e4che im K\u00e4rntner Bergdorf <span class=\"hl\">Fresach<\/span> am 3. Juni eingeleitet. Im Anschluss befasst sich der bekannte M\u00fcnchner Neuropsychologe Hans Georg H\u00e4usel mit der Frage, wie WANDEL entsteht und produktiv genutzt werden kann. <\/strong>Tickets und Anmeldungen auf der Webseite. <a href=\"http:\/\/www.fresach.org\" rel=\"nofollow\" target=\"_blank\">http:\/\/www.<span class=\"hl\">fresach<\/span>.org<\/a> <\/p>\n<p>Das diesj\u00e4hrige Generalthema der Toleranzgespr\u00e4che &#8220;WANDEL &#8211; Wie kommt das Neue ins System?&#8221; ist mehr als aktuell. Nicht nur Diplomatie, Milit\u00e4r und Kirchen sind in diesen Tagen und Wochen schwer gefordert, auch die Wirtschaft muss ihren Tribut zahlen. Nach mehreren Sanktionsrunden steht ein \u00d6l- und Gasembargo gegen den Agressor Russland bevor, was die ohnehin schon schweren weltwirtschaftlichen Verwerfungen potenziert. Wie damit umgehen, ohne noch mehr Leid und Probleme zu erzeugen? Kann der vielbeschworene Wandel noch gesteuert werden?\n<\/p>\n<p>Das Wirtschaftsforum <span class=\"hl\">Fresach<\/span> soll Wege aufzeigen, wie der politische und wirtschaftliche Supergau in Europa abgewendet werden kann, der letztlich auch die ganze Welt betrifft. Nicht nur Demokratie, Rechtsstaatlichkeit und Menschenrechte sind durch Krieg und Agression bedroht, sondern auch die \u00f6kologischen Grundlagen der Menschheit und Tierwelt durch die r\u00fccksichtslose Ausbeutung der Natur und seiner Ressourcen. Die R\u00fcckbesinnung auf gesunde Wirtschaftskreisl\u00e4ufe, Nachhaltigkeit und Achtsamkeit ist ein Gebot der Stunde.\n<\/p>\n<p><strong>Programm<\/strong> <br \/>Wirtschaftsforum im Toleranzzentrum <span class=\"hl\">Fresach<\/span> am 3. Juni\n<\/p>\n<p>9 Uhr: Impulsreferat<br \/><strong>Wie kommt die Ordnung in das Chaos?<\/strong> <br \/>Wie wir in der gro\u00dfen Auswahl der M\u00f6glichkeiten den richtigen Weg finden. Philosophischer Exkurs mit der Kulturwissenschafterin Ina Schmidt.\n<\/p>\n<p>10.30 Uhr: Wirtschaftsforum I<br \/><strong>Wie kommt das Neue in die Welt?<\/strong> <br \/>Was wollen wir noch k\u00f6nnen? Was k\u00f6nnen wir noch wissen? Ein Ausflug in die Weiten des Universums, dem menschlichen Gehirn. Einleitung mit dem Neuromarketingexperten und Hirnforscher Hans-Georg H\u00e4usel. Im Anschluss Diskussion mit Bildungsaktivistin Heidi Schrodt, der Rektorin der P\u00e4dagogischen Hochschule K\u00e4rnten, Marlies Krainz-Durr und Security-Spezialist Cornelius Granig. Moderation: Sonja Sagmeister, ORF.\n<\/p>\n<p>14 Uhr: Impulsreferat<br \/><strong>Der Wald als heilendes System<\/strong> <br \/>Intelligente Wege aus der fossilen Wegwerfgesellschaft. Der Forstwissenschafter Hubert Hasenauer uber die Auswirkungen des menschgemachten Klimawandels auf die \u00d6kosysteme der Erde und wie sie durch den CO2-Speicher Wald gemildert werden k\u00f6nnen. Von welchen Faktoren h\u00e4ngt es ab, dass der Heilungsprozess gelingt?\n<\/p>\n<p>14.30 Uhr: Wirtschaftsforum II<br \/><strong>Systemwandel ohne Alternativen<\/strong> <br \/>Wie wir vom Denken und Reden zum konkreten Handeln finden. Wie kann der Systemwandel aussehen, welche Voraussetzungen sind dafur n\u00f6tig? Mit Hubert Hasenauer, Business Ethiker Dietmar Brodel, dem Holz-Industriellen Christoph Kulterer und Kulturwissenschafterin Ina Schmidt. Moderation: Jochen Bendele, Kleine Zeitung.\n<\/p>\n<p>16.30 Uhr: Vortrag<br \/><strong>Die Kraft gemeinsamen Denkens<\/strong> <br \/>Wie wir mit Co-Creation neue Potenziale freisetzen. Der Organisationsentwickler Georg Michalik zeigt, welche M\u00f6glichkeiten in der teamgest\u00fctzten Kreativit\u00e4t stecken.\n<\/p>\n<p>17 Uhr: Wirtschaftsforum III<br \/><strong>K\u00e4rnten und die Metropolregion<\/strong> <br \/>Erwartungen an Politik und regionale Wirtschaft.<br \/>Die Gemeinden und St\u00e4dte des K\u00e4rntner Zentralraums Klagenfurt-Villach-St.Veit-Feldkirchen haben Ambitionen, enger zusammenzuarbeiten, um die Standortentwicklung und internationale Positionierung zu verbessern. Wie kann das funktionieren? Und mit welchen Ergebnissen? Am Podium Landeshauptmann Peter Kaiser, Zentralraum-Gesch\u00e4ftsf\u00fchrer Adnan Alijagic, Bildungswissenschafterin Caroline Schmitt. Moderation: Roland Gruber.\n<\/p>\n<p><strong>\u00dcber die Europ\u00e4ischen Toleranzgespr\u00e4che <\/strong><br \/>Die Europ\u00e4ischen Toleranzgespr\u00e4che finden seit 2015 allj\u00e4hrlich zu Pfingsten statt und behandeln gesellschaftliche Entwicklungen und politische Bildung rund um Fragen der sozialen Integration, Demokratie und Menschenrechte sowie Zivilgesellschaft und Religion. Die Gespr\u00e4che haben ihren Ursprung in den <span class=\"hl\">Fresach<\/span>er Schriftstellertagungen, die in den 1970er und 1980er Jahren &#8211; bis zur Wende in Osteuropa &#8211; stattfanden. <a href=\"http:\/\/www.fresach.org\" rel=\"nofollow\" target=\"_blank\">http:\/\/www.<span class=\"hl\">fresach<\/span>.org<\/a> <\/p>\n<p><strong>DENK.RAUM.<span class=\"hl\">FRESACH<\/span><\/strong> <br \/>Dr. Wilfried Seywald | Pressekontakt<br \/>Anmeldung: <a href=\"javascript:linkTo_UnCryptMailto('nbjmup+qsfttfAgsftbdi\/psh');\">presse@<span class=\"hl\">fresach<\/span>.org<\/a><br \/>Tel. 0699 18 11 4006\n<\/p>\n<p>Alle Veranstaltungen werden auf <span class=\"hl\">fresach<\/span>.org, YouTube und Facebook live \u00fcbertragen. <br \/>YouTube-Channel: <a href=\"https:\/\/www.youtube.com\/channel\/UCrTymPtbVQsHnTw2iT2yViw\" rel=\"nofollow\" target=\"_blank\">https:\/\/www.youtube.com\/channel\/UCrTymPtbVQsHnTw2iT2yViw<\/a><br \/>Facebook: <a href=\"https:\/\/www.facebook.com\/denk.raum.fresach\" rel=\"nofollow\" target=\"_blank\">https:\/\/www.facebook.com\/denk.raum.<span class=\"hl\">fresach<\/span><\/a> <\/p>\n<p><strong>Die Partner der Europ\u00e4ischen Toleranzgespr\u00e4che<\/strong> <br \/>Land K\u00e4rnten | Stadt Villach | BM f\u00fcr Kunst und Kultur, \u00f6ffentlichen Dienst und Sport | BM f\u00fcr europ\u00e4ische und internationale Angelegenheiten | Region Villach Tourismus GmbH | FH K\u00e4rnten | Riedergarten Immobilien<\/p>\n<\/article>\n","protected":false},"excerpt":{"rendered":"<p>Toleranzgespr\u00e4che \u00fcber Auswege aus geopolitischem Chaos 09.05.2022 Fresach \u2013 Mit einem philosophischen Exkurs der Hamburger Kulturwissenschafterin Ina Schmid zum Thema &#8220;Wie kommt die Ordnung in das Chaos?&#8221; wird das Wirtschaftsforum der Europ\u00e4ischen Toleranzgespr\u00e4che im K\u00e4rntner Bergdorf Fresach am 3. Juni eingeleitet. Im Anschluss befasst sich der bekannte M\u00fcnchner Neuropsychologe Hans Georg H\u00e4usel mit der Frage,&hellip;<\/p>\n","protected":false},"author":2,"featured_media":9743,"comment_status":"closed","ping_status":"closed","sticky":false,"template":"","format":"standard","meta":{"footnotes":""},"categories":[3],"tags":[],"class_list":["post-9744","post","type-post","status-publish","format-standard","has-post-thumbnail","hentry","category-news","category-3","description-off"],"yoast_head":"<!-- This site is optimized with the Yoast SEO plugin v26.3 - https:\/\/yoast.com\/wordpress\/plugins\/seo\/ -->\n<title>Wirtschaftsforum Fresach 3.6. Exit durch Wandel - Temmel | Seywald - Corporate Communications<\/title>\n<meta name=\"robots\" content=\"index, follow, max-snippet:-1, max-image-preview:large, max-video-preview:-1\" \/>\n<link rel=\"canonical\" href=\"https:\/\/www.tsp.at\/en\/2022\/05\/09\/wirtschaftsforum-fresach-3-6-exit-durch-wandel\/\" \/>\n<meta property=\"og:locale\" content=\"en_US\" \/>\n<meta property=\"og:type\" content=\"article\" \/>\n<meta property=\"og:title\" content=\"Wirtschaftsforum Fresach 3.6. Exit durch Wandel - Temmel | Seywald - Corporate Communications\" \/>\n<meta property=\"og:description\" content=\"Toleranzgespr\u00e4che \u00fcber Auswege aus geopolitischem Chaos 09.05.2022 Fresach \u2013 Mit einem philosophischen Exkurs der Hamburger Kulturwissenschafterin Ina Schmid zum Thema &#8220;Wie kommt die Ordnung in das Chaos?&#8221; wird das Wirtschaftsforum der Europ\u00e4ischen Toleranzgespr\u00e4che im K\u00e4rntner Bergdorf Fresach am 3. Juni eingeleitet. Im Anschluss befasst sich der bekannte M\u00fcnchner Neuropsychologe Hans Georg H\u00e4usel mit der Frage,&hellip;\" \/>\n<meta property=\"og:url\" content=\"https:\/\/www.tsp.at\/en\/2022\/05\/09\/wirtschaftsforum-fresach-3-6-exit-durch-wandel\/\" \/>\n<meta property=\"og:site_name\" content=\"Temmel | Seywald - Corporate Communications\" \/>\n<meta property=\"article:publisher\" content=\"https:\/\/www.facebook.com\/TemmelSeywald\" \/>\n<meta property=\"article:published_time\" content=\"2022-05-09T11:24:00+00:00\" \/>\n<meta property=\"article:modified_time\" content=\"2025-10-21T12:52:21+00:00\" \/>\n<meta property=\"og:image\" content=\"https:\/\/www.tsp.at\/wp-content\/uploads\/2025\/10\/10._Schmidt_1280x720_Wirtschaftsforum.jpg\" \/>\n\t<meta property=\"og:image:width\" content=\"1280\" \/>\n\t<meta property=\"og:image:height\" content=\"720\" \/>\n\t<meta property=\"og:image:type\" content=\"image\/jpeg\" \/>\n<meta name=\"author\" content=\"TSP Redaktion\" \/>\n<meta name=\"twitter:card\" content=\"summary_large_image\" \/>\n<meta name=\"twitter:label1\" content=\"Written by\" \/>\n\t<meta name=\"twitter:data1\" content=\"TSP Redaktion\" \/>\n\t<meta name=\"twitter:label2\" content=\"Est. reading time\" \/>\n\t<meta name=\"twitter:data2\" content=\"4 minutes\" \/>\n<script type=\"application\/ld+json\" class=\"yoast-schema-graph\">{\"@context\":\"https:\/\/schema.org\",\"@graph\":[{\"@type\":\"Article\",\"@id\":\"https:\/\/www.tsp.at\/en\/2022\/05\/09\/wirtschaftsforum-fresach-3-6-exit-durch-wandel\/#article\",\"isPartOf\":{\"@id\":\"https:\/\/www.tsp.at\/en\/2022\/05\/09\/wirtschaftsforum-fresach-3-6-exit-durch-wandel\/\"},\"author\":{\"name\":\"TSP Redaktion\",\"@id\":\"https:\/\/www.tsp.at\/en\/#\/schema\/person\/1ba5600c29da17b902b0925cea567f8a\"},\"headline\":\"Wirtschaftsforum Fresach 3.6. Exit durch Wandel\",\"datePublished\":\"2022-05-09T11:24:00+00:00\",\"dateModified\":\"2025-10-21T12:52:21+00:00\",\"mainEntityOfPage\":{\"@id\":\"https:\/\/www.tsp.at\/en\/2022\/05\/09\/wirtschaftsforum-fresach-3-6-exit-durch-wandel\/\"},\"wordCount\":666,\"publisher\":{\"@id\":\"https:\/\/www.tsp.at\/en\/#organization\"},\"image\":{\"@id\":\"https:\/\/www.tsp.at\/en\/2022\/05\/09\/wirtschaftsforum-fresach-3-6-exit-durch-wandel\/#primaryimage\"},\"thumbnailUrl\":\"https:\/\/www.tsp.at\/wp-content\/uploads\/2025\/10\/10._Schmidt_1280x720_Wirtschaftsforum.jpg\",\"articleSection\":[\"News\"],\"inLanguage\":\"en-US\"},{\"@type\":\"WebPage\",\"@id\":\"https:\/\/www.tsp.at\/en\/2022\/05\/09\/wirtschaftsforum-fresach-3-6-exit-durch-wandel\/\",\"url\":\"https:\/\/www.tsp.at\/en\/2022\/05\/09\/wirtschaftsforum-fresach-3-6-exit-durch-wandel\/\",\"name\":\"Wirtschaftsforum Fresach 3.6. Exit durch Wandel - Temmel | Seywald - Corporate Communications\",\"isPartOf\":{\"@id\":\"https:\/\/www.tsp.at\/en\/#website\"},\"primaryImageOfPage\":{\"@id\":\"https:\/\/www.tsp.at\/en\/2022\/05\/09\/wirtschaftsforum-fresach-3-6-exit-durch-wandel\/#primaryimage\"},\"image\":{\"@id\":\"https:\/\/www.tsp.at\/en\/2022\/05\/09\/wirtschaftsforum-fresach-3-6-exit-durch-wandel\/#primaryimage\"},\"thumbnailUrl\":\"https:\/\/www.tsp.at\/wp-content\/uploads\/2025\/10\/10._Schmidt_1280x720_Wirtschaftsforum.jpg\",\"datePublished\":\"2022-05-09T11:24:00+00:00\",\"dateModified\":\"2025-10-21T12:52:21+00:00\",\"breadcrumb\":{\"@id\":\"https:\/\/www.tsp.at\/en\/2022\/05\/09\/wirtschaftsforum-fresach-3-6-exit-durch-wandel\/#breadcrumb\"},\"inLanguage\":\"en-US\",\"potentialAction\":[{\"@type\":\"ReadAction\",\"target\":[\"https:\/\/www.tsp.at\/en\/2022\/05\/09\/wirtschaftsforum-fresach-3-6-exit-durch-wandel\/\"]}]},{\"@type\":\"ImageObject\",\"inLanguage\":\"en-US\",\"@id\":\"https:\/\/www.tsp.at\/en\/2022\/05\/09\/wirtschaftsforum-fresach-3-6-exit-durch-wandel\/#primaryimage\",\"url\":\"https:\/\/www.tsp.at\/wp-content\/uploads\/2025\/10\/10._Schmidt_1280x720_Wirtschaftsforum.jpg\",\"contentUrl\":\"https:\/\/www.tsp.at\/wp-content\/uploads\/2025\/10\/10._Schmidt_1280x720_Wirtschaftsforum.jpg\",\"width\":1280,\"height\":720},{\"@type\":\"BreadcrumbList\",\"@id\":\"https:\/\/www.tsp.at\/en\/2022\/05\/09\/wirtschaftsforum-fresach-3-6-exit-durch-wandel\/#breadcrumb\",\"itemListElement\":[{\"@type\":\"ListItem\",\"position\":1,\"name\":\"Startseite\",\"item\":\"https:\/\/www.tsp.at\/en\/\"},{\"@type\":\"ListItem\",\"position\":2,\"name\":\"Wirtschaftsforum Fresach 3.6. Exit durch Wandel\"}]},{\"@type\":\"WebSite\",\"@id\":\"https:\/\/www.tsp.at\/en\/#website\",\"url\":\"https:\/\/www.tsp.at\/en\/\",\"name\":\"Temmel | Seywald - Corporate Communications\",\"description\":\"Kommunikation ist Beziehungsarbeit\",\"publisher\":{\"@id\":\"https:\/\/www.tsp.at\/en\/#organization\"},\"potentialAction\":[{\"@type\":\"SearchAction\",\"target\":{\"@type\":\"EntryPoint\",\"urlTemplate\":\"https:\/\/www.tsp.at\/en\/?s={search_term_string}\"},\"query-input\":{\"@type\":\"PropertyValueSpecification\",\"valueRequired\":true,\"valueName\":\"search_term_string\"}}],\"inLanguage\":\"en-US\"},{\"@type\":\"Organization\",\"@id\":\"https:\/\/www.tsp.at\/en\/#organization\",\"name\":\"Temmel, Seywald & Partner Communications GesmbH\",\"alternateName\":\"TSP\",\"url\":\"https:\/\/www.tsp.at\/en\/\",\"logo\":{\"@type\":\"ImageObject\",\"inLanguage\":\"en-US\",\"@id\":\"https:\/\/www.tsp.at\/en\/#\/schema\/logo\/image\/\",\"url\":\"https:\/\/www.tsp.at\/wp-content\/uploads\/2025\/10\/favicontsp.png\",\"contentUrl\":\"https:\/\/www.tsp.at\/wp-content\/uploads\/2025\/10\/favicontsp.png\",\"width\":125,\"height\":125,\"caption\":\"Temmel, Seywald & Partner Communications GesmbH\"},\"image\":{\"@id\":\"https:\/\/www.tsp.at\/en\/#\/schema\/logo\/image\/\"},\"sameAs\":[\"https:\/\/www.facebook.com\/TemmelSeywald\"]},{\"@type\":\"Person\",\"@id\":\"https:\/\/www.tsp.at\/en\/#\/schema\/person\/1ba5600c29da17b902b0925cea567f8a\",\"name\":\"TSP Redaktion\"}]}<\/script>\n<!-- \/ Yoast SEO plugin. -->","yoast_head_json":{"title":"Wirtschaftsforum Fresach 3.6. Exit durch Wandel - Temmel | Seywald - Corporate Communications","robots":{"index":"index","follow":"follow","max-snippet":"max-snippet:-1","max-image-preview":"max-image-preview:large","max-video-preview":"max-video-preview:-1"},"canonical":"https:\/\/www.tsp.at\/en\/2022\/05\/09\/wirtschaftsforum-fresach-3-6-exit-durch-wandel\/","og_locale":"en_US","og_type":"article","og_title":"Wirtschaftsforum Fresach 3.6. Exit durch Wandel - Temmel | Seywald - Corporate Communications","og_description":"Toleranzgespr\u00e4che \u00fcber Auswege aus geopolitischem Chaos 09.05.2022 Fresach \u2013 Mit einem philosophischen Exkurs der Hamburger Kulturwissenschafterin Ina Schmid zum Thema &#8220;Wie kommt die Ordnung in das Chaos?&#8221; wird das Wirtschaftsforum der Europ\u00e4ischen Toleranzgespr\u00e4che im K\u00e4rntner Bergdorf Fresach am 3. Juni eingeleitet. Im Anschluss befasst sich der bekannte M\u00fcnchner Neuropsychologe Hans Georg H\u00e4usel mit der Frage,&hellip;","og_url":"https:\/\/www.tsp.at\/en\/2022\/05\/09\/wirtschaftsforum-fresach-3-6-exit-durch-wandel\/","og_site_name":"Temmel | Seywald - Corporate Communications","article_publisher":"https:\/\/www.facebook.com\/TemmelSeywald","article_published_time":"2022-05-09T11:24:00+00:00","article_modified_time":"2025-10-21T12:52:21+00:00","og_image":[{"width":1280,"height":720,"url":"https:\/\/www.tsp.at\/wp-content\/uploads\/2025\/10\/10._Schmidt_1280x720_Wirtschaftsforum.jpg","type":"image\/jpeg"}],"author":"TSP Redaktion","twitter_card":"summary_large_image","twitter_misc":{"Written by":"TSP Redaktion","Est. reading time":"4 minutes"},"schema":{"@context":"https:\/\/schema.org","@graph":[{"@type":"Article","@id":"https:\/\/www.tsp.at\/en\/2022\/05\/09\/wirtschaftsforum-fresach-3-6-exit-durch-wandel\/#article","isPartOf":{"@id":"https:\/\/www.tsp.at\/en\/2022\/05\/09\/wirtschaftsforum-fresach-3-6-exit-durch-wandel\/"},"author":{"name":"TSP Redaktion","@id":"https:\/\/www.tsp.at\/en\/#\/schema\/person\/1ba5600c29da17b902b0925cea567f8a"},"headline":"Wirtschaftsforum Fresach 3.6. Exit durch Wandel","datePublished":"2022-05-09T11:24:00+00:00","dateModified":"2025-10-21T12:52:21+00:00","mainEntityOfPage":{"@id":"https:\/\/www.tsp.at\/en\/2022\/05\/09\/wirtschaftsforum-fresach-3-6-exit-durch-wandel\/"},"wordCount":666,"publisher":{"@id":"https:\/\/www.tsp.at\/en\/#organization"},"image":{"@id":"https:\/\/www.tsp.at\/en\/2022\/05\/09\/wirtschaftsforum-fresach-3-6-exit-durch-wandel\/#primaryimage"},"thumbnailUrl":"https:\/\/www.tsp.at\/wp-content\/uploads\/2025\/10\/10._Schmidt_1280x720_Wirtschaftsforum.jpg","articleSection":["News"],"inLanguage":"en-US"},{"@type":"WebPage","@id":"https:\/\/www.tsp.at\/en\/2022\/05\/09\/wirtschaftsforum-fresach-3-6-exit-durch-wandel\/","url":"https:\/\/www.tsp.at\/en\/2022\/05\/09\/wirtschaftsforum-fresach-3-6-exit-durch-wandel\/","name":"Wirtschaftsforum Fresach 3.6. Exit durch Wandel - Temmel | Seywald - Corporate Communications","isPartOf":{"@id":"https:\/\/www.tsp.at\/en\/#website"},"primaryImageOfPage":{"@id":"https:\/\/www.tsp.at\/en\/2022\/05\/09\/wirtschaftsforum-fresach-3-6-exit-durch-wandel\/#primaryimage"},"image":{"@id":"https:\/\/www.tsp.at\/en\/2022\/05\/09\/wirtschaftsforum-fresach-3-6-exit-durch-wandel\/#primaryimage"},"thumbnailUrl":"https:\/\/www.tsp.at\/wp-content\/uploads\/2025\/10\/10._Schmidt_1280x720_Wirtschaftsforum.jpg","datePublished":"2022-05-09T11:24:00+00:00","dateModified":"2025-10-21T12:52:21+00:00","breadcrumb":{"@id":"https:\/\/www.tsp.at\/en\/2022\/05\/09\/wirtschaftsforum-fresach-3-6-exit-durch-wandel\/#breadcrumb"},"inLanguage":"en-US","potentialAction":[{"@type":"ReadAction","target":["https:\/\/www.tsp.at\/en\/2022\/05\/09\/wirtschaftsforum-fresach-3-6-exit-durch-wandel\/"]}]},{"@type":"ImageObject","inLanguage":"en-US","@id":"https:\/\/www.tsp.at\/en\/2022\/05\/09\/wirtschaftsforum-fresach-3-6-exit-durch-wandel\/#primaryimage","url":"https:\/\/www.tsp.at\/wp-content\/uploads\/2025\/10\/10._Schmidt_1280x720_Wirtschaftsforum.jpg","contentUrl":"https:\/\/www.tsp.at\/wp-content\/uploads\/2025\/10\/10._Schmidt_1280x720_Wirtschaftsforum.jpg","width":1280,"height":720},{"@type":"BreadcrumbList","@id":"https:\/\/www.tsp.at\/en\/2022\/05\/09\/wirtschaftsforum-fresach-3-6-exit-durch-wandel\/#breadcrumb","itemListElement":[{"@type":"ListItem","position":1,"name":"Startseite","item":"https:\/\/www.tsp.at\/en\/"},{"@type":"ListItem","position":2,"name":"Wirtschaftsforum Fresach 3.6. Exit durch Wandel"}]},{"@type":"WebSite","@id":"https:\/\/www.tsp.at\/en\/#website","url":"https:\/\/www.tsp.at\/en\/","name":"Temmel | Seywald - Corporate Communications","description":"Kommunikation ist Beziehungsarbeit","publisher":{"@id":"https:\/\/www.tsp.at\/en\/#organization"},"potentialAction":[{"@type":"SearchAction","target":{"@type":"EntryPoint","urlTemplate":"https:\/\/www.tsp.at\/en\/?s={search_term_string}"},"query-input":{"@type":"PropertyValueSpecification","valueRequired":true,"valueName":"search_term_string"}}],"inLanguage":"en-US"},{"@type":"Organization","@id":"https:\/\/www.tsp.at\/en\/#organization","name":"Temmel, Seywald & Partner Communications GesmbH","alternateName":"TSP","url":"https:\/\/www.tsp.at\/en\/","logo":{"@type":"ImageObject","inLanguage":"en-US","@id":"https:\/\/www.tsp.at\/en\/#\/schema\/logo\/image\/","url":"https:\/\/www.tsp.at\/wp-content\/uploads\/2025\/10\/favicontsp.png","contentUrl":"https:\/\/www.tsp.at\/wp-content\/uploads\/2025\/10\/favicontsp.png","width":125,"height":125,"caption":"Temmel, Seywald & Partner Communications GesmbH"},"image":{"@id":"https:\/\/www.tsp.at\/en\/#\/schema\/logo\/image\/"},"sameAs":["https:\/\/www.facebook.com\/TemmelSeywald"]},{"@type":"Person","@id":"https:\/\/www.tsp.at\/en\/#\/schema\/person\/1ba5600c29da17b902b0925cea567f8a","name":"TSP Redaktion"}]}},"_links":{"self":[{"href":"https:\/\/www.tsp.at\/en\/wp-json\/wp\/v2\/posts\/9744","targetHints":{"allow":["GET"]}}],"collection":[{"href":"https:\/\/www.tsp.at\/en\/wp-json\/wp\/v2\/posts"}],"about":[{"href":"https:\/\/www.tsp.at\/en\/wp-json\/wp\/v2\/types\/post"}],"author":[{"embeddable":true,"href":"https:\/\/www.tsp.at\/en\/wp-json\/wp\/v2\/users\/2"}],"replies":[{"embeddable":true,"href":"https:\/\/www.tsp.at\/en\/wp-json\/wp\/v2\/comments?post=9744"}],"version-history":[{"count":1,"href":"https:\/\/www.tsp.at\/en\/wp-json\/wp\/v2\/posts\/9744\/revisions"}],"predecessor-version":[{"id":11281,"href":"https:\/\/www.tsp.at\/en\/wp-json\/wp\/v2\/posts\/9744\/revisions\/11281"}],"wp:featuredmedia":[{"embeddable":true,"href":"https:\/\/www.tsp.at\/en\/wp-json\/wp\/v2\/media\/9743"}],"wp:attachment":[{"href":"https:\/\/www.tsp.at\/en\/wp-json\/wp\/v2\/media?parent=9744"}],"wp:term":[{"taxonomy":"category","embeddable":true,"href":"https:\/\/www.tsp.at\/en\/wp-json\/wp\/v2\/categories?post=9744"},{"taxonomy":"post_tag","embeddable":true,"href":"https:\/\/www.tsp.at\/en\/wp-json\/wp\/v2\/tags?post=9744"}],"curies":[{"name":"wp","href":"https:\/\/api.w.org\/{rel}","templated":true}]}}