{"id":9746,"date":"2022-05-06T13:22:00","date_gmt":"2022-05-06T11:22:00","guid":{"rendered":"https:\/\/staging.tsp.at\/2022\/05\/06\/europaforum-fresach-2-juni-hilft-zum-verstehen\/"},"modified":"2025-10-21T14:52:21","modified_gmt":"2025-10-21T12:52:21","slug":"europaforum-fresach-2-juni-hilft-zum-verstehen","status":"publish","type":"post","link":"https:\/\/www.tsp.at\/en\/2022\/05\/06\/europaforum-fresach-2-juni-hilft-zum-verstehen\/","title":{"rendered":"Europaforum Fresach 2. Juni hilft zum Verstehen"},"content":{"rendered":"<article class=\"item\">\n<h2><strong>Toleranzgespr\u00e4che liefern Analysen und Schlussfolgerungen f\u00fcr Politik und Gesellschaft<\/strong><\/h2>\n<p>06.05.2022<\/p>\n<\/p>\n<\/p>\n<\/p>\n<\/p>\n<\/p>\n<p>Fresach \u2013 <strong>Der Er\u00f6ffnungstag der Europ\u00e4ischen Toleranzgespr\u00e4che am 2. Juni im K\u00e4rntner Bergdort <span class=\"hl\">Fresach<\/span> (bei Villach) steht ganz im Bann der geopolitischen Ver\u00e4nderungen durch den russischen Angriffskrieg in der Ukraine. Unter dem Motto &#8220;WANDEL &#8211; Wie kommt das Neue ins System?&#8221; diskutieren berufene Expert\/innen live und vor Ort Ursachen, Ausl\u00f6ser und m\u00f6gliche Folgen f\u00fcr Politik, Wirtschaft und Gesellschaft. Tickets und Anmeldungen auf der Webseite. <\/strong><a href=\"http:\/\/www.fresach.org\" rel=\"nofollow\" target=\"_blank\">http:\/\/www.<span class=\"hl\">fresach<\/span>.org<\/a> <\/p>\n<p>Fundierte Tiefenforscher und Kenner der europ\u00e4ischen Entwicklungen werden Erkl\u00e4rungen und Hilfestellung zum Verstehen geben, darunter der Essayist und &#8220;Hauptstadt-Br\u00fcssel-Insider&#8221; Robert Menasse, die Wiener Demokratieforscherin Sieglinde Rosenberger, der Kulturwissenschafter Wolfgang M\u00fcller-Funk, der ukrainische Autor Juri Andruchowytsch, die Sinologin Susanne Weigelin-Schwiedrzik, Nahost-Experte Heinz G\u00e4rtner, ORF-Korrespondentin Carola Schneider und die Religionswissenschafter Ulrike E. Auga und Ahmad Milad Karimi.\n<\/p>\n<p>Es geht um nicht weniger als die Neuordnung Europas, den Umgang mit Russland und die Herausforderungen der Zeitenwende f\u00fcr toleranz- und friedensbewegte Menschen. Dabei d\u00fcrfen die Entwicklungen im Nahen Osten und in China, aber auch der Klimawandel und seine dramatischen Folgen f\u00fcr gro\u00dfe Landstriche Asiens und Afrikas nicht au\u00dfer acht gelassen werden. \u00dcber 30 Expert\/innen aus Philosophie und Religion, Wissenschaft und Wirtschaft stellen sich den Live-Debatten. Das Programm ist auf der Webseite <a href=\"http:\/\/www.fresach.org\" rel=\"nofollow\" target=\"_blank\">http:\/\/www.<span class=\"hl\">fresach<\/span>.org<\/a> abrufbar.\n<\/p>\n<p>9 Uhr: Begr\u00fc\u00dfung<br \/><strong>Er\u00f6ffnung der Europ\u00e4ischen Toleranzgespr\u00e4che 2022<\/strong> <\/p>\n<p>9.30 Uhr: Er\u00f6ffnungsrede<br \/><strong>Ersch\u00f6pft, zerstritten, \u00fcberfordert?<\/strong><br \/>Eine Anleitung, wie Europa neu entstehen kann.<br \/>Robert Menasse, Buchautor (&#8220;Die Hauptstadt&#8221;) und Essayist.\n<\/p>\n<p>11 Uhr: Europaforum I<br \/><strong>Gelobtes Land | Geschlossene Gesellschaft?<\/strong><br \/>Therapien fur die Demokratie. Neue Wege aus der Konfliktzone.\n<\/p>\n<p>Podiumsgespr\u00e4ch mit der Demokratieforscherin Sieglinde Rosenberger und dem Kulturwissenschafter Wolfgang Muller-Funk sowie Bildungswissenschafter Martin Klemenjak und DRF-Pr\u00e4sident Hannes Swoboda. Moderation: Claus Reitan.\n<\/p>\n<p>14 Uhr: Europaforum II<br \/><strong>Fremde Nachbarn | Wahre Freunde?<\/strong><br \/>Neue Konzepte f\u00fcr den Umgang mit Russland, Nah- und Fernost.\n<\/p>\n<p>Mit dem ukrainischen Autor Juri Andruchowytsch, der Sinologin Susanne Weigelin-Schwiedrzik, Nahost-Experte Heinz G\u00e4rtner, Europapolitik-Prof. Andreas N. Ludwig und ORF-Korrespondentin Carola Schneider. Moderation: Peter Fritz, ORF.\n<\/p>\n<p>16 Uhr: Europaforum III<br \/><strong>House of One | Ein Gott f\u00fcr alle?<\/strong><br \/>Neues Bekenntnis fur alte Religionen oder konfessionslos leben mit Gott. <br \/>Thesen zur theologischen Ann\u00e4herung.\n<\/p>\n<p>Podiumsgespr\u00e4ch mit dem Religionsphilosophen und Islamwissenschafter Ahmad Milad Karimi, der evangelischen Religionswissenschafterin Ulrike E. Auga u.a. Moderation: Mathilde Schwabeneder, ORF.\n<\/p>\n<p>19.30 Uhr: Preisverleihung<br \/><strong>Solidarit\u00e4tsabend f\u00fcr die UKRAINE<\/strong><br \/>Europ\u00e4ischer Toleranzpreis 2022\n<\/p>\n<p><strong>\u00dcber die Europ\u00e4ischen Toleranzgespr\u00e4che <\/strong><br \/>Die Europ\u00e4ischen Toleranzgespr\u00e4che finden seit 2015 allj\u00e4hrlich zu Pfingsten statt und behandeln gesellschaftliche Entwicklungen und politische Bildung rund um Fragen der sozialen Integration, Demokratie und Menschenrechte sowie Zivilgesellschaft und Religion. Die Gespr\u00e4che haben ihren Ursprung in den <span class=\"hl\">Fresach<\/span>er Schriftstellertagungen, die in den 1970er und 1980er Jahren &#8211; bis zur Wende in Osteuropa &#8211; stattfanden. <a href=\"http:\/\/www.fresach.org\" rel=\"nofollow\" target=\"_blank\">http:\/\/www.<span class=\"hl\">fresach<\/span>.org<\/a> <\/p>\n<p><strong>DENK.RAUM.<span class=\"hl\">FRESACH<\/span><\/strong> &#8211; Europ\u00e4isches Toleranzzentrum<br \/>Dr. Wilfried Seywald | Pressekontakt<br \/>Anmeldung: <a href=\"javascript:linkTo_UnCryptMailto('nbjmup+qsfttfAgsftbdi\/psh');\">presse@<span class=\"hl\">fresach<\/span>.org<\/a><br \/>Tel.: 0699 18 11 4006\n<\/p>\n<p>Alle Veranstaltungen werden auf <span class=\"hl\">fresach<\/span>.org, YouTube und Facebook live \u00fcbertragen. <br \/>YouTube-Channel: <a href=\"https:\/\/www.youtube.com\/channel\/UCrTymPtbVQsHnTw2iT2yViw\" rel=\"nofollow\" target=\"_blank\">https:\/\/www.youtube.com\/channel\/UCrTymPtbVQsHnTw2iT2yViw<\/a><br \/>Facebook: <a href=\"https:\/\/www.facebook.com\/denk.raum.fresach\" rel=\"nofollow\" target=\"_blank\">https:\/\/www.facebook.com\/denk.raum.<span class=\"hl\">fresach<\/span><\/a> <\/p>\n<p><strong>Die Partner der Europ\u00e4ischen Toleranzgespr\u00e4che<\/strong><br \/>Land K\u00e4rnten | Stadt Villach | BM f\u00fcr Kunst und Kultur, \u00f6ffentlichen Dienst und Sport | BM f\u00fcr europ\u00e4ische und internationale Angelegenheiten |<br \/>Region Villach Tourismus GmbH | Fachhochschule K\u00e4rnten | Riedergarten Immobilien<\/p>\n<\/article>\n","protected":false},"excerpt":{"rendered":"<p>Toleranzgespr\u00e4che liefern Analysen und Schlussfolgerungen f\u00fcr Politik und Gesellschaft 06.05.2022 Fresach \u2013 Der Er\u00f6ffnungstag der Europ\u00e4ischen Toleranzgespr\u00e4che am 2. Juni im K\u00e4rntner Bergdort Fresach (bei Villach) steht ganz im Bann der geopolitischen Ver\u00e4nderungen durch den russischen Angriffskrieg in der Ukraine. Unter dem Motto &#8220;WANDEL &#8211; Wie kommt das Neue ins System?&#8221; diskutieren berufene Expert\/innen live&hellip;<\/p>\n","protected":false},"author":2,"featured_media":9745,"comment_status":"closed","ping_status":"closed","sticky":false,"template":"","format":"standard","meta":{"footnotes":""},"categories":[3],"tags":[],"class_list":["post-9746","post","type-post","status-publish","format-standard","has-post-thumbnail","hentry","category-news","category-3","description-off"],"yoast_head":"<!-- This site is optimized with the Yoast SEO plugin v26.3 - https:\/\/yoast.com\/wordpress\/plugins\/seo\/ -->\n<title>Europaforum Fresach 2. Juni hilft zum Verstehen - Temmel | Seywald - Corporate Communications<\/title>\n<meta name=\"robots\" content=\"index, follow, max-snippet:-1, max-image-preview:large, max-video-preview:-1\" \/>\n<link rel=\"canonical\" href=\"https:\/\/www.tsp.at\/en\/2022\/05\/06\/europaforum-fresach-2-juni-hilft-zum-verstehen\/\" \/>\n<meta property=\"og:locale\" content=\"en_US\" \/>\n<meta property=\"og:type\" content=\"article\" \/>\n<meta property=\"og:title\" content=\"Europaforum Fresach 2. Juni hilft zum Verstehen - Temmel | Seywald - Corporate Communications\" \/>\n<meta property=\"og:description\" content=\"Toleranzgespr\u00e4che liefern Analysen und Schlussfolgerungen f\u00fcr Politik und Gesellschaft 06.05.2022 Fresach \u2013 Der Er\u00f6ffnungstag der Europ\u00e4ischen Toleranzgespr\u00e4che am 2. Juni im K\u00e4rntner Bergdort Fresach (bei Villach) steht ganz im Bann der geopolitischen Ver\u00e4nderungen durch den russischen Angriffskrieg in der Ukraine. Unter dem Motto &#8220;WANDEL &#8211; Wie kommt das Neue ins System?&#8221; diskutieren berufene Expert\/innen live&hellip;\" \/>\n<meta property=\"og:url\" content=\"https:\/\/www.tsp.at\/en\/2022\/05\/06\/europaforum-fresach-2-juni-hilft-zum-verstehen\/\" \/>\n<meta property=\"og:site_name\" content=\"Temmel | Seywald - Corporate Communications\" \/>\n<meta property=\"article:publisher\" content=\"https:\/\/www.facebook.com\/TemmelSeywald\" \/>\n<meta property=\"article:published_time\" content=\"2022-05-06T11:22:00+00:00\" \/>\n<meta property=\"article:modified_time\" content=\"2025-10-21T12:52:21+00:00\" \/>\n<meta property=\"og:image\" content=\"https:\/\/www.tsp.at\/wp-content\/uploads\/2025\/10\/5._Menasse_1280x720_Europaforum.jpg\" \/>\n\t<meta property=\"og:image:width\" content=\"1280\" \/>\n\t<meta property=\"og:image:height\" content=\"720\" \/>\n\t<meta property=\"og:image:type\" content=\"image\/jpeg\" \/>\n<meta name=\"author\" content=\"TSP Redaktion\" \/>\n<meta name=\"twitter:card\" content=\"summary_large_image\" \/>\n<meta name=\"twitter:label1\" content=\"Written by\" \/>\n\t<meta name=\"twitter:data1\" content=\"TSP Redaktion\" \/>\n\t<meta name=\"twitter:label2\" content=\"Est. reading time\" \/>\n\t<meta name=\"twitter:data2\" content=\"4 minutes\" \/>\n<script type=\"application\/ld+json\" class=\"yoast-schema-graph\">{\"@context\":\"https:\/\/schema.org\",\"@graph\":[{\"@type\":\"Article\",\"@id\":\"https:\/\/www.tsp.at\/en\/2022\/05\/06\/europaforum-fresach-2-juni-hilft-zum-verstehen\/#article\",\"isPartOf\":{\"@id\":\"https:\/\/www.tsp.at\/en\/2022\/05\/06\/europaforum-fresach-2-juni-hilft-zum-verstehen\/\"},\"author\":{\"name\":\"TSP Redaktion\",\"@id\":\"https:\/\/www.tsp.at\/en\/#\/schema\/person\/1ba5600c29da17b902b0925cea567f8a\"},\"headline\":\"Europaforum Fresach 2. Juni hilft zum Verstehen\",\"datePublished\":\"2022-05-06T11:22:00+00:00\",\"dateModified\":\"2025-10-21T12:52:21+00:00\",\"mainEntityOfPage\":{\"@id\":\"https:\/\/www.tsp.at\/en\/2022\/05\/06\/europaforum-fresach-2-juni-hilft-zum-verstehen\/\"},\"wordCount\":556,\"publisher\":{\"@id\":\"https:\/\/www.tsp.at\/en\/#organization\"},\"image\":{\"@id\":\"https:\/\/www.tsp.at\/en\/2022\/05\/06\/europaforum-fresach-2-juni-hilft-zum-verstehen\/#primaryimage\"},\"thumbnailUrl\":\"https:\/\/www.tsp.at\/wp-content\/uploads\/2025\/10\/5._Menasse_1280x720_Europaforum.jpg\",\"articleSection\":[\"News\"],\"inLanguage\":\"en-US\"},{\"@type\":\"WebPage\",\"@id\":\"https:\/\/www.tsp.at\/en\/2022\/05\/06\/europaforum-fresach-2-juni-hilft-zum-verstehen\/\",\"url\":\"https:\/\/www.tsp.at\/en\/2022\/05\/06\/europaforum-fresach-2-juni-hilft-zum-verstehen\/\",\"name\":\"Europaforum Fresach 2. Juni hilft zum Verstehen - Temmel | Seywald - Corporate Communications\",\"isPartOf\":{\"@id\":\"https:\/\/www.tsp.at\/en\/#website\"},\"primaryImageOfPage\":{\"@id\":\"https:\/\/www.tsp.at\/en\/2022\/05\/06\/europaforum-fresach-2-juni-hilft-zum-verstehen\/#primaryimage\"},\"image\":{\"@id\":\"https:\/\/www.tsp.at\/en\/2022\/05\/06\/europaforum-fresach-2-juni-hilft-zum-verstehen\/#primaryimage\"},\"thumbnailUrl\":\"https:\/\/www.tsp.at\/wp-content\/uploads\/2025\/10\/5._Menasse_1280x720_Europaforum.jpg\",\"datePublished\":\"2022-05-06T11:22:00+00:00\",\"dateModified\":\"2025-10-21T12:52:21+00:00\",\"breadcrumb\":{\"@id\":\"https:\/\/www.tsp.at\/en\/2022\/05\/06\/europaforum-fresach-2-juni-hilft-zum-verstehen\/#breadcrumb\"},\"inLanguage\":\"en-US\",\"potentialAction\":[{\"@type\":\"ReadAction\",\"target\":[\"https:\/\/www.tsp.at\/en\/2022\/05\/06\/europaforum-fresach-2-juni-hilft-zum-verstehen\/\"]}]},{\"@type\":\"ImageObject\",\"inLanguage\":\"en-US\",\"@id\":\"https:\/\/www.tsp.at\/en\/2022\/05\/06\/europaforum-fresach-2-juni-hilft-zum-verstehen\/#primaryimage\",\"url\":\"https:\/\/www.tsp.at\/wp-content\/uploads\/2025\/10\/5._Menasse_1280x720_Europaforum.jpg\",\"contentUrl\":\"https:\/\/www.tsp.at\/wp-content\/uploads\/2025\/10\/5._Menasse_1280x720_Europaforum.jpg\",\"width\":1280,\"height\":720},{\"@type\":\"BreadcrumbList\",\"@id\":\"https:\/\/www.tsp.at\/en\/2022\/05\/06\/europaforum-fresach-2-juni-hilft-zum-verstehen\/#breadcrumb\",\"itemListElement\":[{\"@type\":\"ListItem\",\"position\":1,\"name\":\"Startseite\",\"item\":\"https:\/\/www.tsp.at\/en\/\"},{\"@type\":\"ListItem\",\"position\":2,\"name\":\"Europaforum Fresach 2. Juni hilft zum Verstehen\"}]},{\"@type\":\"WebSite\",\"@id\":\"https:\/\/www.tsp.at\/en\/#website\",\"url\":\"https:\/\/www.tsp.at\/en\/\",\"name\":\"Temmel | Seywald - Corporate Communications\",\"description\":\"Kommunikation ist Beziehungsarbeit\",\"publisher\":{\"@id\":\"https:\/\/www.tsp.at\/en\/#organization\"},\"potentialAction\":[{\"@type\":\"SearchAction\",\"target\":{\"@type\":\"EntryPoint\",\"urlTemplate\":\"https:\/\/www.tsp.at\/en\/?s={search_term_string}\"},\"query-input\":{\"@type\":\"PropertyValueSpecification\",\"valueRequired\":true,\"valueName\":\"search_term_string\"}}],\"inLanguage\":\"en-US\"},{\"@type\":\"Organization\",\"@id\":\"https:\/\/www.tsp.at\/en\/#organization\",\"name\":\"Temmel, Seywald & Partner Communications GesmbH\",\"alternateName\":\"TSP\",\"url\":\"https:\/\/www.tsp.at\/en\/\",\"logo\":{\"@type\":\"ImageObject\",\"inLanguage\":\"en-US\",\"@id\":\"https:\/\/www.tsp.at\/en\/#\/schema\/logo\/image\/\",\"url\":\"https:\/\/www.tsp.at\/wp-content\/uploads\/2025\/10\/favicontsp.png\",\"contentUrl\":\"https:\/\/www.tsp.at\/wp-content\/uploads\/2025\/10\/favicontsp.png\",\"width\":125,\"height\":125,\"caption\":\"Temmel, Seywald & Partner Communications GesmbH\"},\"image\":{\"@id\":\"https:\/\/www.tsp.at\/en\/#\/schema\/logo\/image\/\"},\"sameAs\":[\"https:\/\/www.facebook.com\/TemmelSeywald\"]},{\"@type\":\"Person\",\"@id\":\"https:\/\/www.tsp.at\/en\/#\/schema\/person\/1ba5600c29da17b902b0925cea567f8a\",\"name\":\"TSP Redaktion\"}]}<\/script>\n<!-- \/ Yoast SEO plugin. -->","yoast_head_json":{"title":"Europaforum Fresach 2. Juni hilft zum Verstehen - Temmel | Seywald - Corporate Communications","robots":{"index":"index","follow":"follow","max-snippet":"max-snippet:-1","max-image-preview":"max-image-preview:large","max-video-preview":"max-video-preview:-1"},"canonical":"https:\/\/www.tsp.at\/en\/2022\/05\/06\/europaforum-fresach-2-juni-hilft-zum-verstehen\/","og_locale":"en_US","og_type":"article","og_title":"Europaforum Fresach 2. Juni hilft zum Verstehen - Temmel | Seywald - Corporate Communications","og_description":"Toleranzgespr\u00e4che liefern Analysen und Schlussfolgerungen f\u00fcr Politik und Gesellschaft 06.05.2022 Fresach \u2013 Der Er\u00f6ffnungstag der Europ\u00e4ischen Toleranzgespr\u00e4che am 2. Juni im K\u00e4rntner Bergdort Fresach (bei Villach) steht ganz im Bann der geopolitischen Ver\u00e4nderungen durch den russischen Angriffskrieg in der Ukraine. Unter dem Motto &#8220;WANDEL &#8211; Wie kommt das Neue ins System?&#8221; diskutieren berufene Expert\/innen live&hellip;","og_url":"https:\/\/www.tsp.at\/en\/2022\/05\/06\/europaforum-fresach-2-juni-hilft-zum-verstehen\/","og_site_name":"Temmel | Seywald - Corporate Communications","article_publisher":"https:\/\/www.facebook.com\/TemmelSeywald","article_published_time":"2022-05-06T11:22:00+00:00","article_modified_time":"2025-10-21T12:52:21+00:00","og_image":[{"width":1280,"height":720,"url":"https:\/\/www.tsp.at\/wp-content\/uploads\/2025\/10\/5._Menasse_1280x720_Europaforum.jpg","type":"image\/jpeg"}],"author":"TSP Redaktion","twitter_card":"summary_large_image","twitter_misc":{"Written by":"TSP Redaktion","Est. reading time":"4 minutes"},"schema":{"@context":"https:\/\/schema.org","@graph":[{"@type":"Article","@id":"https:\/\/www.tsp.at\/en\/2022\/05\/06\/europaforum-fresach-2-juni-hilft-zum-verstehen\/#article","isPartOf":{"@id":"https:\/\/www.tsp.at\/en\/2022\/05\/06\/europaforum-fresach-2-juni-hilft-zum-verstehen\/"},"author":{"name":"TSP Redaktion","@id":"https:\/\/www.tsp.at\/en\/#\/schema\/person\/1ba5600c29da17b902b0925cea567f8a"},"headline":"Europaforum Fresach 2. Juni hilft zum Verstehen","datePublished":"2022-05-06T11:22:00+00:00","dateModified":"2025-10-21T12:52:21+00:00","mainEntityOfPage":{"@id":"https:\/\/www.tsp.at\/en\/2022\/05\/06\/europaforum-fresach-2-juni-hilft-zum-verstehen\/"},"wordCount":556,"publisher":{"@id":"https:\/\/www.tsp.at\/en\/#organization"},"image":{"@id":"https:\/\/www.tsp.at\/en\/2022\/05\/06\/europaforum-fresach-2-juni-hilft-zum-verstehen\/#primaryimage"},"thumbnailUrl":"https:\/\/www.tsp.at\/wp-content\/uploads\/2025\/10\/5._Menasse_1280x720_Europaforum.jpg","articleSection":["News"],"inLanguage":"en-US"},{"@type":"WebPage","@id":"https:\/\/www.tsp.at\/en\/2022\/05\/06\/europaforum-fresach-2-juni-hilft-zum-verstehen\/","url":"https:\/\/www.tsp.at\/en\/2022\/05\/06\/europaforum-fresach-2-juni-hilft-zum-verstehen\/","name":"Europaforum Fresach 2. Juni hilft zum Verstehen - Temmel | Seywald - Corporate Communications","isPartOf":{"@id":"https:\/\/www.tsp.at\/en\/#website"},"primaryImageOfPage":{"@id":"https:\/\/www.tsp.at\/en\/2022\/05\/06\/europaforum-fresach-2-juni-hilft-zum-verstehen\/#primaryimage"},"image":{"@id":"https:\/\/www.tsp.at\/en\/2022\/05\/06\/europaforum-fresach-2-juni-hilft-zum-verstehen\/#primaryimage"},"thumbnailUrl":"https:\/\/www.tsp.at\/wp-content\/uploads\/2025\/10\/5._Menasse_1280x720_Europaforum.jpg","datePublished":"2022-05-06T11:22:00+00:00","dateModified":"2025-10-21T12:52:21+00:00","breadcrumb":{"@id":"https:\/\/www.tsp.at\/en\/2022\/05\/06\/europaforum-fresach-2-juni-hilft-zum-verstehen\/#breadcrumb"},"inLanguage":"en-US","potentialAction":[{"@type":"ReadAction","target":["https:\/\/www.tsp.at\/en\/2022\/05\/06\/europaforum-fresach-2-juni-hilft-zum-verstehen\/"]}]},{"@type":"ImageObject","inLanguage":"en-US","@id":"https:\/\/www.tsp.at\/en\/2022\/05\/06\/europaforum-fresach-2-juni-hilft-zum-verstehen\/#primaryimage","url":"https:\/\/www.tsp.at\/wp-content\/uploads\/2025\/10\/5._Menasse_1280x720_Europaforum.jpg","contentUrl":"https:\/\/www.tsp.at\/wp-content\/uploads\/2025\/10\/5._Menasse_1280x720_Europaforum.jpg","width":1280,"height":720},{"@type":"BreadcrumbList","@id":"https:\/\/www.tsp.at\/en\/2022\/05\/06\/europaforum-fresach-2-juni-hilft-zum-verstehen\/#breadcrumb","itemListElement":[{"@type":"ListItem","position":1,"name":"Startseite","item":"https:\/\/www.tsp.at\/en\/"},{"@type":"ListItem","position":2,"name":"Europaforum Fresach 2. Juni hilft zum Verstehen"}]},{"@type":"WebSite","@id":"https:\/\/www.tsp.at\/en\/#website","url":"https:\/\/www.tsp.at\/en\/","name":"Temmel | Seywald - Corporate Communications","description":"Kommunikation ist Beziehungsarbeit","publisher":{"@id":"https:\/\/www.tsp.at\/en\/#organization"},"potentialAction":[{"@type":"SearchAction","target":{"@type":"EntryPoint","urlTemplate":"https:\/\/www.tsp.at\/en\/?s={search_term_string}"},"query-input":{"@type":"PropertyValueSpecification","valueRequired":true,"valueName":"search_term_string"}}],"inLanguage":"en-US"},{"@type":"Organization","@id":"https:\/\/www.tsp.at\/en\/#organization","name":"Temmel, Seywald & Partner Communications GesmbH","alternateName":"TSP","url":"https:\/\/www.tsp.at\/en\/","logo":{"@type":"ImageObject","inLanguage":"en-US","@id":"https:\/\/www.tsp.at\/en\/#\/schema\/logo\/image\/","url":"https:\/\/www.tsp.at\/wp-content\/uploads\/2025\/10\/favicontsp.png","contentUrl":"https:\/\/www.tsp.at\/wp-content\/uploads\/2025\/10\/favicontsp.png","width":125,"height":125,"caption":"Temmel, Seywald & Partner Communications GesmbH"},"image":{"@id":"https:\/\/www.tsp.at\/en\/#\/schema\/logo\/image\/"},"sameAs":["https:\/\/www.facebook.com\/TemmelSeywald"]},{"@type":"Person","@id":"https:\/\/www.tsp.at\/en\/#\/schema\/person\/1ba5600c29da17b902b0925cea567f8a","name":"TSP Redaktion"}]}},"_links":{"self":[{"href":"https:\/\/www.tsp.at\/en\/wp-json\/wp\/v2\/posts\/9746","targetHints":{"allow":["GET"]}}],"collection":[{"href":"https:\/\/www.tsp.at\/en\/wp-json\/wp\/v2\/posts"}],"about":[{"href":"https:\/\/www.tsp.at\/en\/wp-json\/wp\/v2\/types\/post"}],"author":[{"embeddable":true,"href":"https:\/\/www.tsp.at\/en\/wp-json\/wp\/v2\/users\/2"}],"replies":[{"embeddable":true,"href":"https:\/\/www.tsp.at\/en\/wp-json\/wp\/v2\/comments?post=9746"}],"version-history":[{"count":1,"href":"https:\/\/www.tsp.at\/en\/wp-json\/wp\/v2\/posts\/9746\/revisions"}],"predecessor-version":[{"id":11282,"href":"https:\/\/www.tsp.at\/en\/wp-json\/wp\/v2\/posts\/9746\/revisions\/11282"}],"wp:featuredmedia":[{"embeddable":true,"href":"https:\/\/www.tsp.at\/en\/wp-json\/wp\/v2\/media\/9745"}],"wp:attachment":[{"href":"https:\/\/www.tsp.at\/en\/wp-json\/wp\/v2\/media?parent=9746"}],"wp:term":[{"taxonomy":"category","embeddable":true,"href":"https:\/\/www.tsp.at\/en\/wp-json\/wp\/v2\/categories?post=9746"},{"taxonomy":"post_tag","embeddable":true,"href":"https:\/\/www.tsp.at\/en\/wp-json\/wp\/v2\/tags?post=9746"}],"curies":[{"name":"wp","href":"https:\/\/api.w.org\/{rel}","templated":true}]}}