{"id":9770,"date":"2021-10-06T09:48:00","date_gmt":"2021-10-06T07:48:00","guid":{"rendered":"https:\/\/staging.tsp.at\/2021\/10\/06\/roland-hintersteiner-verstaerkt-horvath-wien\/"},"modified":"2025-10-21T14:52:23","modified_gmt":"2025-10-21T12:52:23","slug":"roland-hintersteiner-verstaerkt-horvath-wien","status":"publish","type":"post","link":"https:\/\/www.tsp.at\/en\/2021\/10\/06\/roland-hintersteiner-verstaerkt-horvath-wien\/","title":{"rendered":"Roland Hintersteiner verst\u00e4rkt Horv\u00e1th Wien"},"content":{"rendered":"<article class=\"item\">\n<h2><strong>Neuer Berater f\u00fcr Supply Chain Management &amp; Produktion an Bord<\/strong><\/h2>\n<p>06.10.2021<\/p>\n<\/p>\n<\/p>\n<\/p>\n<\/p>\n<\/p>\n<p>Wien \u2013 <strong>Der auf Strategie- und Supply-Chain-Prozesse spezialisierte Betriebswirt Roland Hintersteiner (28) geht als Operations &amp; Organization Consultant bei der Managementberatung <span class=\"hl\">Horv\u00e1th<\/span> in Wien an Bord. Zuvor hat der geb\u00fcrtige Nieder\u00f6sterreicher bei EFS Consulting Wien ein agiles Projekt f\u00fcr den Volkswagen-Konzern betreut. Bei <span class=\"hl\">Horv\u00e1th<\/span> m\u00f6chte er sich in Zukunft auf nachhaltige Supply-Chain-Themen fokussieren. <\/strong><a href=\"http:\/\/www.horvath-partners.com\" rel=\"nofollow\" target=\"_blank\">http:\/\/www.<span class=\"hl\">horvath<\/span>-partners.com<\/a> <\/p>\n<p>Der passionierte J\u00e4ger und Rugby-Spieler hat nach seinem Studium an der Wirtschaftsuniversit\u00e4t Wien samt begleitender NLP-Ausbildung einen Master in International Management &amp; Strategy an der Vlerick Business School in Br\u00fcssel mit Auszeichnung abgeschlossen. Zeitgleich absolvierte er Praktika bei der WKO im Au\u00dfenwirtschaftscenter in Bangkok, bei Mercedes Benz USA in Atlanta und bei der Daimler AG in Stuttgart.\n<\/p>\n<p>In seinen zwei Praktika bei Daimler arbeitete er im &#8220;Vehicle Preparation Center&#8221;-Team, wo er f\u00fcr das Aufdecken von Engp\u00e4ssen (Bottlenecks) zust\u00e4ndig war sowie in der Centerleitung der Getriebeproduktion. W\u00e4hrend seiner Studienzeit war er ehrenamtlich f\u00fcr die \u00d6sterreichische Hochsch\u00fclerschaft (\u00d6H) der Wirtschaftsuniversit\u00e4t Wien als Leiter der Bildungspolitik und f\u00fcr die Aktionsgemeinschaft im Bundesvorstand aktiv.\n<\/p>\n<p><strong>\u00dcber <span class=\"hl\">Horv\u00e1th<\/span> &amp; Partners <\/strong><br \/> <span class=\"hl\">Horv\u00e1th<\/span> &amp; Partners ist eine international t\u00e4tige, unabh\u00e4ngige Managementberatung mit Hauptsitz in Stuttgart. Das Unternehmen besch\u00e4ftigt 1000 hochqualifizierte Berater\/innen an Standorten in Deutschland, \u00d6sterreich, Rum\u00e4nien, Saudi-Arabien, der Schweiz, Ungarn und den Vereinigten Arabischen Emiraten. Kernkompetenzen sind Unternehmenssteuerung und Performanceoptimierung. <span class=\"hl\">Horv\u00e1th<\/span> &amp; Partners steht f\u00fcr Projektergebnisse mit nachhaltigem Nutzen. Deshalb werden Kunden von der betriebswirtschaftlichen Konzeption bis zur Verankerung in Prozessen und Systemen begleitet.<\/p>\n<\/article>\n","protected":false},"excerpt":{"rendered":"<p>Neuer Berater f\u00fcr Supply Chain Management &amp; Produktion an Bord 06.10.2021 Wien \u2013 Der auf Strategie- und Supply-Chain-Prozesse spezialisierte Betriebswirt Roland Hintersteiner (28) geht als Operations &amp; Organization Consultant bei der Managementberatung Horv\u00e1th in Wien an Bord. Zuvor hat der geb\u00fcrtige Nieder\u00f6sterreicher bei EFS Consulting Wien ein agiles Projekt f\u00fcr den Volkswagen-Konzern betreut. Bei Horv\u00e1th&hellip;<\/p>\n","protected":false},"author":2,"featured_media":9769,"comment_status":"closed","ping_status":"closed","sticky":false,"template":"","format":"standard","meta":{"footnotes":""},"categories":[3],"tags":[],"class_list":["post-9770","post","type-post","status-publish","format-standard","has-post-thumbnail","hentry","category-news","category-3","description-off"],"yoast_head":"<!-- This site is optimized with the Yoast SEO plugin v26.3 - https:\/\/yoast.com\/wordpress\/plugins\/seo\/ -->\n<title>Roland Hintersteiner verst\u00e4rkt Horv\u00e1th Wien - Temmel | Seywald - Corporate Communications<\/title>\n<meta name=\"robots\" content=\"index, follow, max-snippet:-1, max-image-preview:large, max-video-preview:-1\" \/>\n<link rel=\"canonical\" href=\"https:\/\/www.tsp.at\/en\/2021\/10\/06\/roland-hintersteiner-verstaerkt-horvath-wien\/\" \/>\n<meta property=\"og:locale\" content=\"en_US\" \/>\n<meta property=\"og:type\" content=\"article\" \/>\n<meta property=\"og:title\" content=\"Roland Hintersteiner verst\u00e4rkt Horv\u00e1th Wien - Temmel | Seywald - Corporate Communications\" \/>\n<meta property=\"og:description\" content=\"Neuer Berater f\u00fcr Supply Chain Management &amp; Produktion an Bord 06.10.2021 Wien \u2013 Der auf Strategie- und Supply-Chain-Prozesse spezialisierte Betriebswirt Roland Hintersteiner (28) geht als Operations &amp; Organization Consultant bei der Managementberatung Horv\u00e1th in Wien an Bord. Zuvor hat der geb\u00fcrtige Nieder\u00f6sterreicher bei EFS Consulting Wien ein agiles Projekt f\u00fcr den Volkswagen-Konzern betreut. Bei Horv\u00e1th&hellip;\" \/>\n<meta property=\"og:url\" content=\"https:\/\/www.tsp.at\/en\/2021\/10\/06\/roland-hintersteiner-verstaerkt-horvath-wien\/\" \/>\n<meta property=\"og:site_name\" content=\"Temmel | Seywald - Corporate Communications\" \/>\n<meta property=\"article:publisher\" content=\"https:\/\/www.facebook.com\/TemmelSeywald\" \/>\n<meta property=\"article:published_time\" content=\"2021-10-06T07:48:00+00:00\" \/>\n<meta property=\"article:modified_time\" content=\"2025-10-21T12:52:23+00:00\" \/>\n<meta property=\"og:image\" content=\"https:\/\/www.tsp.at\/wp-content\/uploads\/2025\/10\/Roland_Hintersteiner.jpg\" \/>\n\t<meta property=\"og:image:width\" content=\"1280\" \/>\n\t<meta property=\"og:image:height\" content=\"853\" \/>\n\t<meta property=\"og:image:type\" content=\"image\/jpeg\" \/>\n<meta name=\"author\" content=\"TSP Redaktion\" \/>\n<meta name=\"twitter:card\" content=\"summary_large_image\" \/>\n<meta name=\"twitter:label1\" content=\"Written by\" \/>\n\t<meta name=\"twitter:data1\" content=\"TSP Redaktion\" \/>\n\t<meta name=\"twitter:label2\" content=\"Est. reading time\" \/>\n\t<meta name=\"twitter:data2\" content=\"2 minutes\" \/>\n<script type=\"application\/ld+json\" class=\"yoast-schema-graph\">{\"@context\":\"https:\/\/schema.org\",\"@graph\":[{\"@type\":\"Article\",\"@id\":\"https:\/\/www.tsp.at\/en\/2021\/10\/06\/roland-hintersteiner-verstaerkt-horvath-wien\/#article\",\"isPartOf\":{\"@id\":\"https:\/\/www.tsp.at\/en\/2021\/10\/06\/roland-hintersteiner-verstaerkt-horvath-wien\/\"},\"author\":{\"name\":\"TSP Redaktion\",\"@id\":\"https:\/\/www.tsp.at\/en\/#\/schema\/person\/1ba5600c29da17b902b0925cea567f8a\"},\"headline\":\"Roland Hintersteiner verst\u00e4rkt Horv\u00e1th Wien\",\"datePublished\":\"2021-10-06T07:48:00+00:00\",\"dateModified\":\"2025-10-21T12:52:23+00:00\",\"mainEntityOfPage\":{\"@id\":\"https:\/\/www.tsp.at\/en\/2021\/10\/06\/roland-hintersteiner-verstaerkt-horvath-wien\/\"},\"wordCount\":277,\"publisher\":{\"@id\":\"https:\/\/www.tsp.at\/en\/#organization\"},\"image\":{\"@id\":\"https:\/\/www.tsp.at\/en\/2021\/10\/06\/roland-hintersteiner-verstaerkt-horvath-wien\/#primaryimage\"},\"thumbnailUrl\":\"https:\/\/www.tsp.at\/wp-content\/uploads\/2025\/10\/Roland_Hintersteiner.jpg\",\"articleSection\":[\"News\"],\"inLanguage\":\"en-US\"},{\"@type\":\"WebPage\",\"@id\":\"https:\/\/www.tsp.at\/en\/2021\/10\/06\/roland-hintersteiner-verstaerkt-horvath-wien\/\",\"url\":\"https:\/\/www.tsp.at\/en\/2021\/10\/06\/roland-hintersteiner-verstaerkt-horvath-wien\/\",\"name\":\"Roland Hintersteiner verst\u00e4rkt Horv\u00e1th Wien - Temmel | Seywald - Corporate Communications\",\"isPartOf\":{\"@id\":\"https:\/\/www.tsp.at\/en\/#website\"},\"primaryImageOfPage\":{\"@id\":\"https:\/\/www.tsp.at\/en\/2021\/10\/06\/roland-hintersteiner-verstaerkt-horvath-wien\/#primaryimage\"},\"image\":{\"@id\":\"https:\/\/www.tsp.at\/en\/2021\/10\/06\/roland-hintersteiner-verstaerkt-horvath-wien\/#primaryimage\"},\"thumbnailUrl\":\"https:\/\/www.tsp.at\/wp-content\/uploads\/2025\/10\/Roland_Hintersteiner.jpg\",\"datePublished\":\"2021-10-06T07:48:00+00:00\",\"dateModified\":\"2025-10-21T12:52:23+00:00\",\"breadcrumb\":{\"@id\":\"https:\/\/www.tsp.at\/en\/2021\/10\/06\/roland-hintersteiner-verstaerkt-horvath-wien\/#breadcrumb\"},\"inLanguage\":\"en-US\",\"potentialAction\":[{\"@type\":\"ReadAction\",\"target\":[\"https:\/\/www.tsp.at\/en\/2021\/10\/06\/roland-hintersteiner-verstaerkt-horvath-wien\/\"]}]},{\"@type\":\"ImageObject\",\"inLanguage\":\"en-US\",\"@id\":\"https:\/\/www.tsp.at\/en\/2021\/10\/06\/roland-hintersteiner-verstaerkt-horvath-wien\/#primaryimage\",\"url\":\"https:\/\/www.tsp.at\/wp-content\/uploads\/2025\/10\/Roland_Hintersteiner.jpg\",\"contentUrl\":\"https:\/\/www.tsp.at\/wp-content\/uploads\/2025\/10\/Roland_Hintersteiner.jpg\",\"width\":1280,\"height\":853},{\"@type\":\"BreadcrumbList\",\"@id\":\"https:\/\/www.tsp.at\/en\/2021\/10\/06\/roland-hintersteiner-verstaerkt-horvath-wien\/#breadcrumb\",\"itemListElement\":[{\"@type\":\"ListItem\",\"position\":1,\"name\":\"Startseite\",\"item\":\"https:\/\/www.tsp.at\/en\/\"},{\"@type\":\"ListItem\",\"position\":2,\"name\":\"Roland Hintersteiner verst\u00e4rkt Horv\u00e1th Wien\"}]},{\"@type\":\"WebSite\",\"@id\":\"https:\/\/www.tsp.at\/en\/#website\",\"url\":\"https:\/\/www.tsp.at\/en\/\",\"name\":\"Temmel | Seywald - Corporate Communications\",\"description\":\"Kommunikation ist Beziehungsarbeit\",\"publisher\":{\"@id\":\"https:\/\/www.tsp.at\/en\/#organization\"},\"potentialAction\":[{\"@type\":\"SearchAction\",\"target\":{\"@type\":\"EntryPoint\",\"urlTemplate\":\"https:\/\/www.tsp.at\/en\/?s={search_term_string}\"},\"query-input\":{\"@type\":\"PropertyValueSpecification\",\"valueRequired\":true,\"valueName\":\"search_term_string\"}}],\"inLanguage\":\"en-US\"},{\"@type\":\"Organization\",\"@id\":\"https:\/\/www.tsp.at\/en\/#organization\",\"name\":\"Temmel, Seywald & Partner Communications GesmbH\",\"alternateName\":\"TSP\",\"url\":\"https:\/\/www.tsp.at\/en\/\",\"logo\":{\"@type\":\"ImageObject\",\"inLanguage\":\"en-US\",\"@id\":\"https:\/\/www.tsp.at\/en\/#\/schema\/logo\/image\/\",\"url\":\"https:\/\/www.tsp.at\/wp-content\/uploads\/2025\/10\/favicontsp.png\",\"contentUrl\":\"https:\/\/www.tsp.at\/wp-content\/uploads\/2025\/10\/favicontsp.png\",\"width\":125,\"height\":125,\"caption\":\"Temmel, Seywald & Partner Communications GesmbH\"},\"image\":{\"@id\":\"https:\/\/www.tsp.at\/en\/#\/schema\/logo\/image\/\"},\"sameAs\":[\"https:\/\/www.facebook.com\/TemmelSeywald\"]},{\"@type\":\"Person\",\"@id\":\"https:\/\/www.tsp.at\/en\/#\/schema\/person\/1ba5600c29da17b902b0925cea567f8a\",\"name\":\"TSP Redaktion\"}]}<\/script>\n<!-- \/ Yoast SEO plugin. -->","yoast_head_json":{"title":"Roland Hintersteiner verst\u00e4rkt Horv\u00e1th Wien - Temmel | Seywald - Corporate Communications","robots":{"index":"index","follow":"follow","max-snippet":"max-snippet:-1","max-image-preview":"max-image-preview:large","max-video-preview":"max-video-preview:-1"},"canonical":"https:\/\/www.tsp.at\/en\/2021\/10\/06\/roland-hintersteiner-verstaerkt-horvath-wien\/","og_locale":"en_US","og_type":"article","og_title":"Roland Hintersteiner verst\u00e4rkt Horv\u00e1th Wien - Temmel | Seywald - Corporate Communications","og_description":"Neuer Berater f\u00fcr Supply Chain Management &amp; Produktion an Bord 06.10.2021 Wien \u2013 Der auf Strategie- und Supply-Chain-Prozesse spezialisierte Betriebswirt Roland Hintersteiner (28) geht als Operations &amp; Organization Consultant bei der Managementberatung Horv\u00e1th in Wien an Bord. Zuvor hat der geb\u00fcrtige Nieder\u00f6sterreicher bei EFS Consulting Wien ein agiles Projekt f\u00fcr den Volkswagen-Konzern betreut. Bei Horv\u00e1th&hellip;","og_url":"https:\/\/www.tsp.at\/en\/2021\/10\/06\/roland-hintersteiner-verstaerkt-horvath-wien\/","og_site_name":"Temmel | Seywald - Corporate Communications","article_publisher":"https:\/\/www.facebook.com\/TemmelSeywald","article_published_time":"2021-10-06T07:48:00+00:00","article_modified_time":"2025-10-21T12:52:23+00:00","og_image":[{"width":1280,"height":853,"url":"https:\/\/www.tsp.at\/wp-content\/uploads\/2025\/10\/Roland_Hintersteiner.jpg","type":"image\/jpeg"}],"author":"TSP Redaktion","twitter_card":"summary_large_image","twitter_misc":{"Written by":"TSP Redaktion","Est. reading time":"2 minutes"},"schema":{"@context":"https:\/\/schema.org","@graph":[{"@type":"Article","@id":"https:\/\/www.tsp.at\/en\/2021\/10\/06\/roland-hintersteiner-verstaerkt-horvath-wien\/#article","isPartOf":{"@id":"https:\/\/www.tsp.at\/en\/2021\/10\/06\/roland-hintersteiner-verstaerkt-horvath-wien\/"},"author":{"name":"TSP Redaktion","@id":"https:\/\/www.tsp.at\/en\/#\/schema\/person\/1ba5600c29da17b902b0925cea567f8a"},"headline":"Roland Hintersteiner verst\u00e4rkt Horv\u00e1th Wien","datePublished":"2021-10-06T07:48:00+00:00","dateModified":"2025-10-21T12:52:23+00:00","mainEntityOfPage":{"@id":"https:\/\/www.tsp.at\/en\/2021\/10\/06\/roland-hintersteiner-verstaerkt-horvath-wien\/"},"wordCount":277,"publisher":{"@id":"https:\/\/www.tsp.at\/en\/#organization"},"image":{"@id":"https:\/\/www.tsp.at\/en\/2021\/10\/06\/roland-hintersteiner-verstaerkt-horvath-wien\/#primaryimage"},"thumbnailUrl":"https:\/\/www.tsp.at\/wp-content\/uploads\/2025\/10\/Roland_Hintersteiner.jpg","articleSection":["News"],"inLanguage":"en-US"},{"@type":"WebPage","@id":"https:\/\/www.tsp.at\/en\/2021\/10\/06\/roland-hintersteiner-verstaerkt-horvath-wien\/","url":"https:\/\/www.tsp.at\/en\/2021\/10\/06\/roland-hintersteiner-verstaerkt-horvath-wien\/","name":"Roland Hintersteiner verst\u00e4rkt Horv\u00e1th Wien - Temmel | Seywald - Corporate Communications","isPartOf":{"@id":"https:\/\/www.tsp.at\/en\/#website"},"primaryImageOfPage":{"@id":"https:\/\/www.tsp.at\/en\/2021\/10\/06\/roland-hintersteiner-verstaerkt-horvath-wien\/#primaryimage"},"image":{"@id":"https:\/\/www.tsp.at\/en\/2021\/10\/06\/roland-hintersteiner-verstaerkt-horvath-wien\/#primaryimage"},"thumbnailUrl":"https:\/\/www.tsp.at\/wp-content\/uploads\/2025\/10\/Roland_Hintersteiner.jpg","datePublished":"2021-10-06T07:48:00+00:00","dateModified":"2025-10-21T12:52:23+00:00","breadcrumb":{"@id":"https:\/\/www.tsp.at\/en\/2021\/10\/06\/roland-hintersteiner-verstaerkt-horvath-wien\/#breadcrumb"},"inLanguage":"en-US","potentialAction":[{"@type":"ReadAction","target":["https:\/\/www.tsp.at\/en\/2021\/10\/06\/roland-hintersteiner-verstaerkt-horvath-wien\/"]}]},{"@type":"ImageObject","inLanguage":"en-US","@id":"https:\/\/www.tsp.at\/en\/2021\/10\/06\/roland-hintersteiner-verstaerkt-horvath-wien\/#primaryimage","url":"https:\/\/www.tsp.at\/wp-content\/uploads\/2025\/10\/Roland_Hintersteiner.jpg","contentUrl":"https:\/\/www.tsp.at\/wp-content\/uploads\/2025\/10\/Roland_Hintersteiner.jpg","width":1280,"height":853},{"@type":"BreadcrumbList","@id":"https:\/\/www.tsp.at\/en\/2021\/10\/06\/roland-hintersteiner-verstaerkt-horvath-wien\/#breadcrumb","itemListElement":[{"@type":"ListItem","position":1,"name":"Startseite","item":"https:\/\/www.tsp.at\/en\/"},{"@type":"ListItem","position":2,"name":"Roland Hintersteiner verst\u00e4rkt Horv\u00e1th Wien"}]},{"@type":"WebSite","@id":"https:\/\/www.tsp.at\/en\/#website","url":"https:\/\/www.tsp.at\/en\/","name":"Temmel | Seywald - Corporate Communications","description":"Kommunikation ist Beziehungsarbeit","publisher":{"@id":"https:\/\/www.tsp.at\/en\/#organization"},"potentialAction":[{"@type":"SearchAction","target":{"@type":"EntryPoint","urlTemplate":"https:\/\/www.tsp.at\/en\/?s={search_term_string}"},"query-input":{"@type":"PropertyValueSpecification","valueRequired":true,"valueName":"search_term_string"}}],"inLanguage":"en-US"},{"@type":"Organization","@id":"https:\/\/www.tsp.at\/en\/#organization","name":"Temmel, Seywald & Partner Communications GesmbH","alternateName":"TSP","url":"https:\/\/www.tsp.at\/en\/","logo":{"@type":"ImageObject","inLanguage":"en-US","@id":"https:\/\/www.tsp.at\/en\/#\/schema\/logo\/image\/","url":"https:\/\/www.tsp.at\/wp-content\/uploads\/2025\/10\/favicontsp.png","contentUrl":"https:\/\/www.tsp.at\/wp-content\/uploads\/2025\/10\/favicontsp.png","width":125,"height":125,"caption":"Temmel, Seywald & Partner Communications GesmbH"},"image":{"@id":"https:\/\/www.tsp.at\/en\/#\/schema\/logo\/image\/"},"sameAs":["https:\/\/www.facebook.com\/TemmelSeywald"]},{"@type":"Person","@id":"https:\/\/www.tsp.at\/en\/#\/schema\/person\/1ba5600c29da17b902b0925cea567f8a","name":"TSP Redaktion"}]}},"_links":{"self":[{"href":"https:\/\/www.tsp.at\/en\/wp-json\/wp\/v2\/posts\/9770","targetHints":{"allow":["GET"]}}],"collection":[{"href":"https:\/\/www.tsp.at\/en\/wp-json\/wp\/v2\/posts"}],"about":[{"href":"https:\/\/www.tsp.at\/en\/wp-json\/wp\/v2\/types\/post"}],"author":[{"embeddable":true,"href":"https:\/\/www.tsp.at\/en\/wp-json\/wp\/v2\/users\/2"}],"replies":[{"embeddable":true,"href":"https:\/\/www.tsp.at\/en\/wp-json\/wp\/v2\/comments?post=9770"}],"version-history":[{"count":1,"href":"https:\/\/www.tsp.at\/en\/wp-json\/wp\/v2\/posts\/9770\/revisions"}],"predecessor-version":[{"id":11294,"href":"https:\/\/www.tsp.at\/en\/wp-json\/wp\/v2\/posts\/9770\/revisions\/11294"}],"wp:featuredmedia":[{"embeddable":true,"href":"https:\/\/www.tsp.at\/en\/wp-json\/wp\/v2\/media\/9769"}],"wp:attachment":[{"href":"https:\/\/www.tsp.at\/en\/wp-json\/wp\/v2\/media?parent=9770"}],"wp:term":[{"taxonomy":"category","embeddable":true,"href":"https:\/\/www.tsp.at\/en\/wp-json\/wp\/v2\/categories?post=9770"},{"taxonomy":"post_tag","embeddable":true,"href":"https:\/\/www.tsp.at\/en\/wp-json\/wp\/v2\/tags?post=9770"}],"curies":[{"name":"wp","href":"https:\/\/api.w.org\/{rel}","templated":true}]}}