{"id":9778,"date":"2021-07-06T14:58:00","date_gmt":"2021-07-06T12:58:00","guid":{"rendered":"https:\/\/staging.tsp.at\/2021\/07\/06\/regina-tschernko-fleischner-rueckt-ins-cnt-management-auf\/"},"modified":"2025-10-21T14:52:23","modified_gmt":"2025-10-21T12:52:23","slug":"regina-tschernko-fleischner-rueckt-ins-cnt-management-auf","status":"publish","type":"post","link":"https:\/\/www.tsp.at\/en\/2021\/07\/06\/regina-tschernko-fleischner-rueckt-ins-cnt-management-auf\/","title":{"rendered":"Regina Tschernko-Fleischner r\u00fcckt ins CNT-Management auf"},"content":{"rendered":"<article class=\"item\">\n<h2><strong>Besondere Leistungen im Projekt- und Integrationsmanagement<\/strong><\/h2>\n<p>06.07.2021<\/p>\n<\/p>\n<\/p>\n<\/p>\n<\/p>\n<\/p>\n<p>Wien \u2013 <strong>Aufgrund ihrer au\u00dferordentlichen Projektmanagementf\u00e4higkeiten wird die technische Physikerin Regina Tschernko-Fleischner (40) Senior Project Manager bei der Wiener SAP-Beratungsgesellschaft <span class=\"hl\">CNT<\/span>. Die geb\u00fcrtige K\u00e4rntnerin aus dem Lavanttal ist seit 2007 beim Unternehmen und hat seither erfolgreich komplexe Implementierungsprojekte im internationalen Umfeld umgesetzt.<\/strong> <a href=\"https:\/\/www.cnt-online.com\/de\" rel=\"nofollow\" target=\"_blank\">https:\/\/www.<span class=\"hl\">cnt<\/span>-online.com\/de<\/a> <\/p>\n<p>Ihre SAP-Expertise umfasst neben Projektmanagement vor allem Datenmigration, Integration und Projektsysteme, au\u00dferdem Rollouts f\u00fcr Produktionsplanung, Logistik, Vertrieb und Materialwirtschaft. T\u00e4tig war Tschernko-Fleischner bisher f\u00fcr Kunden im Maschinen- und Anlagenbau, in der Metallindustrie, Bauwirtschaft und Chemie, darunter Boehringer Ingelheim, Andritz AG und Leitner Ropeway. Berufliche Eins\u00e4tze in ganz Europa und Asien sowie Australien z\u00e4hlen zu ihren Highlights.\n<\/p>\n<p>Die diplomierte Ingenieurin Regina Tschernko-Fleischner hat sich nach ihrem Studium an der Technischen Universit\u00e4t Wien direkt f\u00fcr eine Karriere in der SAP-Beratung entschieden. &#8220;Sie hat die mit Abstand meisten SAP-Ausbildungen absolviert und setzt das hier gewonnene Know-how in ausgezeichneter Arbeit beim Kunden um&#8221;, sagt der Personalverantwortliche <span class=\"hl\">CNT<\/span>-Partner G\u00fcnther Buchta \u00fcber die Beraterin.\n<\/p>\n<p><strong> \u00dcber <span class=\"hl\">CNT<\/span> Management Consulting <\/strong> <br \/> Die SAP-Beratungsgesellschaft <span class=\"hl\">CNT<\/span> Management Consulting AG wurde 1999 in Wien gegr\u00fcndet und betreut derzeit mit \u00fcber 300 Berater\/innen an den Standorten Wien, Innsbruck, Linz, M\u00fcnchen, Mainz, Hasselt, Bozen, Z\u00fcrich, Atlanta und S\u00e3o Paulo Unternehmen in allen Bereichen der SAP-Integration. Das Unternehmen z\u00e4hlt mit \u00fcber 67 Mio. Euro Umsatz (2020) zu den Marktf\u00fchrern f\u00fcr SAP-Beratung in \u00d6sterreich und peilt in den n\u00e4chsten Jahren weiteres Umsatz- und Mitarbeiterwachstum an. <a href=\"http:\/\/www.cnt-online.com\/de\" rel=\"nofollow\" target=\"_blank\">http:\/\/www.<span class=\"hl\">cnt<\/span>-online.com\/de<\/a><\/p>\n<\/article>\n","protected":false},"excerpt":{"rendered":"<p>Besondere Leistungen im Projekt- und Integrationsmanagement 06.07.2021 Wien \u2013 Aufgrund ihrer au\u00dferordentlichen Projektmanagementf\u00e4higkeiten wird die technische Physikerin Regina Tschernko-Fleischner (40) Senior Project Manager bei der Wiener SAP-Beratungsgesellschaft CNT. Die geb\u00fcrtige K\u00e4rntnerin aus dem Lavanttal ist seit 2007 beim Unternehmen und hat seither erfolgreich komplexe Implementierungsprojekte im internationalen Umfeld umgesetzt. https:\/\/www.cnt-online.com\/de Ihre SAP-Expertise umfasst neben Projektmanagement&hellip;<\/p>\n","protected":false},"author":2,"featured_media":9777,"comment_status":"closed","ping_status":"closed","sticky":false,"template":"","format":"standard","meta":{"footnotes":""},"categories":[3],"tags":[],"class_list":["post-9778","post","type-post","status-publish","format-standard","has-post-thumbnail","hentry","category-news","category-3","description-off"],"yoast_head":"<!-- This site is optimized with the Yoast SEO plugin v26.3 - https:\/\/yoast.com\/wordpress\/plugins\/seo\/ -->\n<title>Regina Tschernko-Fleischner r\u00fcckt ins CNT-Management auf - Temmel | Seywald - Corporate Communications<\/title>\n<meta name=\"robots\" content=\"index, follow, max-snippet:-1, max-image-preview:large, max-video-preview:-1\" \/>\n<link rel=\"canonical\" href=\"https:\/\/www.tsp.at\/en\/2021\/07\/06\/regina-tschernko-fleischner-rueckt-ins-cnt-management-auf\/\" \/>\n<meta property=\"og:locale\" content=\"en_US\" \/>\n<meta property=\"og:type\" content=\"article\" \/>\n<meta property=\"og:title\" content=\"Regina Tschernko-Fleischner r\u00fcckt ins CNT-Management auf - Temmel | Seywald - Corporate Communications\" \/>\n<meta property=\"og:description\" content=\"Besondere Leistungen im Projekt- und Integrationsmanagement 06.07.2021 Wien \u2013 Aufgrund ihrer au\u00dferordentlichen Projektmanagementf\u00e4higkeiten wird die technische Physikerin Regina Tschernko-Fleischner (40) Senior Project Manager bei der Wiener SAP-Beratungsgesellschaft CNT. Die geb\u00fcrtige K\u00e4rntnerin aus dem Lavanttal ist seit 2007 beim Unternehmen und hat seither erfolgreich komplexe Implementierungsprojekte im internationalen Umfeld umgesetzt. https:\/\/www.cnt-online.com\/de Ihre SAP-Expertise umfasst neben Projektmanagement&hellip;\" \/>\n<meta property=\"og:url\" content=\"https:\/\/www.tsp.at\/en\/2021\/07\/06\/regina-tschernko-fleischner-rueckt-ins-cnt-management-auf\/\" \/>\n<meta property=\"og:site_name\" content=\"Temmel | Seywald - Corporate Communications\" \/>\n<meta property=\"article:publisher\" content=\"https:\/\/www.facebook.com\/TemmelSeywald\" \/>\n<meta property=\"article:published_time\" content=\"2021-07-06T12:58:00+00:00\" \/>\n<meta property=\"article:modified_time\" content=\"2025-10-21T12:52:23+00:00\" \/>\n<meta property=\"og:image\" content=\"https:\/\/www.tsp.at\/wp-content\/uploads\/2025\/10\/Bildschirmfoto_2021-08-12_um_14.59.40.png\" \/>\n\t<meta property=\"og:image:width\" content=\"1846\" \/>\n\t<meta property=\"og:image:height\" content=\"1160\" \/>\n\t<meta property=\"og:image:type\" content=\"image\/png\" \/>\n<meta name=\"author\" content=\"TSP Redaktion\" \/>\n<meta name=\"twitter:card\" content=\"summary_large_image\" \/>\n<meta name=\"twitter:label1\" content=\"Written by\" \/>\n\t<meta name=\"twitter:data1\" content=\"TSP Redaktion\" \/>\n\t<meta name=\"twitter:label2\" content=\"Est. reading time\" \/>\n\t<meta name=\"twitter:data2\" content=\"2 minutes\" \/>\n<script type=\"application\/ld+json\" class=\"yoast-schema-graph\">{\"@context\":\"https:\/\/schema.org\",\"@graph\":[{\"@type\":\"Article\",\"@id\":\"https:\/\/www.tsp.at\/en\/2021\/07\/06\/regina-tschernko-fleischner-rueckt-ins-cnt-management-auf\/#article\",\"isPartOf\":{\"@id\":\"https:\/\/www.tsp.at\/en\/2021\/07\/06\/regina-tschernko-fleischner-rueckt-ins-cnt-management-auf\/\"},\"author\":{\"name\":\"TSP Redaktion\",\"@id\":\"https:\/\/www.tsp.at\/en\/#\/schema\/person\/1ba5600c29da17b902b0925cea567f8a\"},\"headline\":\"Regina Tschernko-Fleischner r\u00fcckt ins CNT-Management auf\",\"datePublished\":\"2021-07-06T12:58:00+00:00\",\"dateModified\":\"2025-10-21T12:52:23+00:00\",\"mainEntityOfPage\":{\"@id\":\"https:\/\/www.tsp.at\/en\/2021\/07\/06\/regina-tschernko-fleischner-rueckt-ins-cnt-management-auf\/\"},\"wordCount\":259,\"publisher\":{\"@id\":\"https:\/\/www.tsp.at\/en\/#organization\"},\"image\":{\"@id\":\"https:\/\/www.tsp.at\/en\/2021\/07\/06\/regina-tschernko-fleischner-rueckt-ins-cnt-management-auf\/#primaryimage\"},\"thumbnailUrl\":\"https:\/\/www.tsp.at\/wp-content\/uploads\/2025\/10\/Bildschirmfoto_2021-08-12_um_14.59.40.png\",\"articleSection\":[\"News\"],\"inLanguage\":\"en-US\"},{\"@type\":\"WebPage\",\"@id\":\"https:\/\/www.tsp.at\/en\/2021\/07\/06\/regina-tschernko-fleischner-rueckt-ins-cnt-management-auf\/\",\"url\":\"https:\/\/www.tsp.at\/en\/2021\/07\/06\/regina-tschernko-fleischner-rueckt-ins-cnt-management-auf\/\",\"name\":\"Regina Tschernko-Fleischner r\u00fcckt ins CNT-Management auf - Temmel | Seywald - Corporate Communications\",\"isPartOf\":{\"@id\":\"https:\/\/www.tsp.at\/en\/#website\"},\"primaryImageOfPage\":{\"@id\":\"https:\/\/www.tsp.at\/en\/2021\/07\/06\/regina-tschernko-fleischner-rueckt-ins-cnt-management-auf\/#primaryimage\"},\"image\":{\"@id\":\"https:\/\/www.tsp.at\/en\/2021\/07\/06\/regina-tschernko-fleischner-rueckt-ins-cnt-management-auf\/#primaryimage\"},\"thumbnailUrl\":\"https:\/\/www.tsp.at\/wp-content\/uploads\/2025\/10\/Bildschirmfoto_2021-08-12_um_14.59.40.png\",\"datePublished\":\"2021-07-06T12:58:00+00:00\",\"dateModified\":\"2025-10-21T12:52:23+00:00\",\"breadcrumb\":{\"@id\":\"https:\/\/www.tsp.at\/en\/2021\/07\/06\/regina-tschernko-fleischner-rueckt-ins-cnt-management-auf\/#breadcrumb\"},\"inLanguage\":\"en-US\",\"potentialAction\":[{\"@type\":\"ReadAction\",\"target\":[\"https:\/\/www.tsp.at\/en\/2021\/07\/06\/regina-tschernko-fleischner-rueckt-ins-cnt-management-auf\/\"]}]},{\"@type\":\"ImageObject\",\"inLanguage\":\"en-US\",\"@id\":\"https:\/\/www.tsp.at\/en\/2021\/07\/06\/regina-tschernko-fleischner-rueckt-ins-cnt-management-auf\/#primaryimage\",\"url\":\"https:\/\/www.tsp.at\/wp-content\/uploads\/2025\/10\/Bildschirmfoto_2021-08-12_um_14.59.40.png\",\"contentUrl\":\"https:\/\/www.tsp.at\/wp-content\/uploads\/2025\/10\/Bildschirmfoto_2021-08-12_um_14.59.40.png\",\"width\":1846,\"height\":1160},{\"@type\":\"BreadcrumbList\",\"@id\":\"https:\/\/www.tsp.at\/en\/2021\/07\/06\/regina-tschernko-fleischner-rueckt-ins-cnt-management-auf\/#breadcrumb\",\"itemListElement\":[{\"@type\":\"ListItem\",\"position\":1,\"name\":\"Startseite\",\"item\":\"https:\/\/www.tsp.at\/en\/\"},{\"@type\":\"ListItem\",\"position\":2,\"name\":\"Regina Tschernko-Fleischner r\u00fcckt ins CNT-Management auf\"}]},{\"@type\":\"WebSite\",\"@id\":\"https:\/\/www.tsp.at\/en\/#website\",\"url\":\"https:\/\/www.tsp.at\/en\/\",\"name\":\"Temmel | Seywald - Corporate Communications\",\"description\":\"Kommunikation ist Beziehungsarbeit\",\"publisher\":{\"@id\":\"https:\/\/www.tsp.at\/en\/#organization\"},\"potentialAction\":[{\"@type\":\"SearchAction\",\"target\":{\"@type\":\"EntryPoint\",\"urlTemplate\":\"https:\/\/www.tsp.at\/en\/?s={search_term_string}\"},\"query-input\":{\"@type\":\"PropertyValueSpecification\",\"valueRequired\":true,\"valueName\":\"search_term_string\"}}],\"inLanguage\":\"en-US\"},{\"@type\":\"Organization\",\"@id\":\"https:\/\/www.tsp.at\/en\/#organization\",\"name\":\"Temmel, Seywald & Partner Communications GesmbH\",\"alternateName\":\"TSP\",\"url\":\"https:\/\/www.tsp.at\/en\/\",\"logo\":{\"@type\":\"ImageObject\",\"inLanguage\":\"en-US\",\"@id\":\"https:\/\/www.tsp.at\/en\/#\/schema\/logo\/image\/\",\"url\":\"https:\/\/www.tsp.at\/wp-content\/uploads\/2025\/10\/favicontsp.png\",\"contentUrl\":\"https:\/\/www.tsp.at\/wp-content\/uploads\/2025\/10\/favicontsp.png\",\"width\":125,\"height\":125,\"caption\":\"Temmel, Seywald & Partner Communications GesmbH\"},\"image\":{\"@id\":\"https:\/\/www.tsp.at\/en\/#\/schema\/logo\/image\/\"},\"sameAs\":[\"https:\/\/www.facebook.com\/TemmelSeywald\"]},{\"@type\":\"Person\",\"@id\":\"https:\/\/www.tsp.at\/en\/#\/schema\/person\/1ba5600c29da17b902b0925cea567f8a\",\"name\":\"TSP Redaktion\"}]}<\/script>\n<!-- \/ Yoast SEO plugin. -->","yoast_head_json":{"title":"Regina Tschernko-Fleischner r\u00fcckt ins CNT-Management auf - Temmel | Seywald - Corporate Communications","robots":{"index":"index","follow":"follow","max-snippet":"max-snippet:-1","max-image-preview":"max-image-preview:large","max-video-preview":"max-video-preview:-1"},"canonical":"https:\/\/www.tsp.at\/en\/2021\/07\/06\/regina-tschernko-fleischner-rueckt-ins-cnt-management-auf\/","og_locale":"en_US","og_type":"article","og_title":"Regina Tschernko-Fleischner r\u00fcckt ins CNT-Management auf - Temmel | Seywald - Corporate Communications","og_description":"Besondere Leistungen im Projekt- und Integrationsmanagement 06.07.2021 Wien \u2013 Aufgrund ihrer au\u00dferordentlichen Projektmanagementf\u00e4higkeiten wird die technische Physikerin Regina Tschernko-Fleischner (40) Senior Project Manager bei der Wiener SAP-Beratungsgesellschaft CNT. Die geb\u00fcrtige K\u00e4rntnerin aus dem Lavanttal ist seit 2007 beim Unternehmen und hat seither erfolgreich komplexe Implementierungsprojekte im internationalen Umfeld umgesetzt. https:\/\/www.cnt-online.com\/de Ihre SAP-Expertise umfasst neben Projektmanagement&hellip;","og_url":"https:\/\/www.tsp.at\/en\/2021\/07\/06\/regina-tschernko-fleischner-rueckt-ins-cnt-management-auf\/","og_site_name":"Temmel | Seywald - Corporate Communications","article_publisher":"https:\/\/www.facebook.com\/TemmelSeywald","article_published_time":"2021-07-06T12:58:00+00:00","article_modified_time":"2025-10-21T12:52:23+00:00","og_image":[{"width":1846,"height":1160,"url":"https:\/\/www.tsp.at\/wp-content\/uploads\/2025\/10\/Bildschirmfoto_2021-08-12_um_14.59.40.png","type":"image\/png"}],"author":"TSP Redaktion","twitter_card":"summary_large_image","twitter_misc":{"Written by":"TSP Redaktion","Est. reading time":"2 minutes"},"schema":{"@context":"https:\/\/schema.org","@graph":[{"@type":"Article","@id":"https:\/\/www.tsp.at\/en\/2021\/07\/06\/regina-tschernko-fleischner-rueckt-ins-cnt-management-auf\/#article","isPartOf":{"@id":"https:\/\/www.tsp.at\/en\/2021\/07\/06\/regina-tschernko-fleischner-rueckt-ins-cnt-management-auf\/"},"author":{"name":"TSP Redaktion","@id":"https:\/\/www.tsp.at\/en\/#\/schema\/person\/1ba5600c29da17b902b0925cea567f8a"},"headline":"Regina Tschernko-Fleischner r\u00fcckt ins CNT-Management auf","datePublished":"2021-07-06T12:58:00+00:00","dateModified":"2025-10-21T12:52:23+00:00","mainEntityOfPage":{"@id":"https:\/\/www.tsp.at\/en\/2021\/07\/06\/regina-tschernko-fleischner-rueckt-ins-cnt-management-auf\/"},"wordCount":259,"publisher":{"@id":"https:\/\/www.tsp.at\/en\/#organization"},"image":{"@id":"https:\/\/www.tsp.at\/en\/2021\/07\/06\/regina-tschernko-fleischner-rueckt-ins-cnt-management-auf\/#primaryimage"},"thumbnailUrl":"https:\/\/www.tsp.at\/wp-content\/uploads\/2025\/10\/Bildschirmfoto_2021-08-12_um_14.59.40.png","articleSection":["News"],"inLanguage":"en-US"},{"@type":"WebPage","@id":"https:\/\/www.tsp.at\/en\/2021\/07\/06\/regina-tschernko-fleischner-rueckt-ins-cnt-management-auf\/","url":"https:\/\/www.tsp.at\/en\/2021\/07\/06\/regina-tschernko-fleischner-rueckt-ins-cnt-management-auf\/","name":"Regina Tschernko-Fleischner r\u00fcckt ins CNT-Management auf - Temmel | Seywald - Corporate Communications","isPartOf":{"@id":"https:\/\/www.tsp.at\/en\/#website"},"primaryImageOfPage":{"@id":"https:\/\/www.tsp.at\/en\/2021\/07\/06\/regina-tschernko-fleischner-rueckt-ins-cnt-management-auf\/#primaryimage"},"image":{"@id":"https:\/\/www.tsp.at\/en\/2021\/07\/06\/regina-tschernko-fleischner-rueckt-ins-cnt-management-auf\/#primaryimage"},"thumbnailUrl":"https:\/\/www.tsp.at\/wp-content\/uploads\/2025\/10\/Bildschirmfoto_2021-08-12_um_14.59.40.png","datePublished":"2021-07-06T12:58:00+00:00","dateModified":"2025-10-21T12:52:23+00:00","breadcrumb":{"@id":"https:\/\/www.tsp.at\/en\/2021\/07\/06\/regina-tschernko-fleischner-rueckt-ins-cnt-management-auf\/#breadcrumb"},"inLanguage":"en-US","potentialAction":[{"@type":"ReadAction","target":["https:\/\/www.tsp.at\/en\/2021\/07\/06\/regina-tschernko-fleischner-rueckt-ins-cnt-management-auf\/"]}]},{"@type":"ImageObject","inLanguage":"en-US","@id":"https:\/\/www.tsp.at\/en\/2021\/07\/06\/regina-tschernko-fleischner-rueckt-ins-cnt-management-auf\/#primaryimage","url":"https:\/\/www.tsp.at\/wp-content\/uploads\/2025\/10\/Bildschirmfoto_2021-08-12_um_14.59.40.png","contentUrl":"https:\/\/www.tsp.at\/wp-content\/uploads\/2025\/10\/Bildschirmfoto_2021-08-12_um_14.59.40.png","width":1846,"height":1160},{"@type":"BreadcrumbList","@id":"https:\/\/www.tsp.at\/en\/2021\/07\/06\/regina-tschernko-fleischner-rueckt-ins-cnt-management-auf\/#breadcrumb","itemListElement":[{"@type":"ListItem","position":1,"name":"Startseite","item":"https:\/\/www.tsp.at\/en\/"},{"@type":"ListItem","position":2,"name":"Regina Tschernko-Fleischner r\u00fcckt ins CNT-Management auf"}]},{"@type":"WebSite","@id":"https:\/\/www.tsp.at\/en\/#website","url":"https:\/\/www.tsp.at\/en\/","name":"Temmel | Seywald - Corporate Communications","description":"Kommunikation ist Beziehungsarbeit","publisher":{"@id":"https:\/\/www.tsp.at\/en\/#organization"},"potentialAction":[{"@type":"SearchAction","target":{"@type":"EntryPoint","urlTemplate":"https:\/\/www.tsp.at\/en\/?s={search_term_string}"},"query-input":{"@type":"PropertyValueSpecification","valueRequired":true,"valueName":"search_term_string"}}],"inLanguage":"en-US"},{"@type":"Organization","@id":"https:\/\/www.tsp.at\/en\/#organization","name":"Temmel, Seywald & Partner Communications GesmbH","alternateName":"TSP","url":"https:\/\/www.tsp.at\/en\/","logo":{"@type":"ImageObject","inLanguage":"en-US","@id":"https:\/\/www.tsp.at\/en\/#\/schema\/logo\/image\/","url":"https:\/\/www.tsp.at\/wp-content\/uploads\/2025\/10\/favicontsp.png","contentUrl":"https:\/\/www.tsp.at\/wp-content\/uploads\/2025\/10\/favicontsp.png","width":125,"height":125,"caption":"Temmel, Seywald & Partner Communications GesmbH"},"image":{"@id":"https:\/\/www.tsp.at\/en\/#\/schema\/logo\/image\/"},"sameAs":["https:\/\/www.facebook.com\/TemmelSeywald"]},{"@type":"Person","@id":"https:\/\/www.tsp.at\/en\/#\/schema\/person\/1ba5600c29da17b902b0925cea567f8a","name":"TSP Redaktion"}]}},"_links":{"self":[{"href":"https:\/\/www.tsp.at\/en\/wp-json\/wp\/v2\/posts\/9778","targetHints":{"allow":["GET"]}}],"collection":[{"href":"https:\/\/www.tsp.at\/en\/wp-json\/wp\/v2\/posts"}],"about":[{"href":"https:\/\/www.tsp.at\/en\/wp-json\/wp\/v2\/types\/post"}],"author":[{"embeddable":true,"href":"https:\/\/www.tsp.at\/en\/wp-json\/wp\/v2\/users\/2"}],"replies":[{"embeddable":true,"href":"https:\/\/www.tsp.at\/en\/wp-json\/wp\/v2\/comments?post=9778"}],"version-history":[{"count":1,"href":"https:\/\/www.tsp.at\/en\/wp-json\/wp\/v2\/posts\/9778\/revisions"}],"predecessor-version":[{"id":11298,"href":"https:\/\/www.tsp.at\/en\/wp-json\/wp\/v2\/posts\/9778\/revisions\/11298"}],"wp:featuredmedia":[{"embeddable":true,"href":"https:\/\/www.tsp.at\/en\/wp-json\/wp\/v2\/media\/9777"}],"wp:attachment":[{"href":"https:\/\/www.tsp.at\/en\/wp-json\/wp\/v2\/media?parent=9778"}],"wp:term":[{"taxonomy":"category","embeddable":true,"href":"https:\/\/www.tsp.at\/en\/wp-json\/wp\/v2\/categories?post=9778"},{"taxonomy":"post_tag","embeddable":true,"href":"https:\/\/www.tsp.at\/en\/wp-json\/wp\/v2\/tags?post=9778"}],"curies":[{"name":"wp","href":"https:\/\/api.w.org\/{rel}","templated":true}]}}