{"id":9784,"date":"2021-05-31T10:59:00","date_gmt":"2021-05-31T08:59:00","guid":{"rendered":"https:\/\/staging.tsp.at\/2021\/05\/31\/fresach-verabschiedet-fairness-charta\/"},"modified":"2025-10-21T14:52:23","modified_gmt":"2025-10-21T12:52:23","slug":"fresach-verabschiedet-fairness-charta","status":"publish","type":"post","link":"https:\/\/www.tsp.at\/en\/2021\/05\/31\/fresach-verabschiedet-fairness-charta\/","title":{"rendered":"Fresach verabschiedet FAIRNESS-Charta"},"content":{"rendered":"<article class=\"item\">\n<h2><strong>10 Gebote als Schl\u00fcssel f\u00fcr eine bessere und gerechtere Zukunft<\/strong><\/h2>\n<p>31.05.2021<\/p>\n<\/p>\n<\/p>\n<\/p>\n<\/p>\n<\/p>\n<p>Fresach\/Wien \u2013 <strong>Zum Abschluss der Europ\u00e4ischen Toleranzgespr\u00e4che 2021 haben die Organisatoren eine &#8220;Fairness-Charta&#8221; verabschiedet, in der die wichtigsten Leitlinien (10 Gebote) f\u00fcr eine faire Globalisierung festgeschrieben sind. &#8220;Die Erkl\u00e4rung wurde gemeinsam mit der Arbeiterkammer \u00d6sterreich <a href=\"http:\/\/www.arbeiterkammer.at\" rel=\"nofollow\" target=\"_blank\">http:\/\/www.arbeiterkammer.at<\/a> erarbeitet, die erstmals als Kooperationspartner gewonnen werden konnte&#8221;, so der evangelische Superintendent und Denk.Raum.<span class=\"hl\">Fresach<\/span>-Obmann Manfred Sauer in einer Stellungnahme. <\/strong><a href=\"http:\/\/www.fresach.org\" rel=\"nofollow\" target=\"_blank\">http:\/\/www.<span class=\"hl\">fresach<\/span>.org<\/a> <\/p>\n<p>In der Pr\u00e4ambel der Charta hei\u00dft es dazu, dass sich in Anbetracht der gro\u00dfen Ver\u00e4nderungen f\u00fcr Mensch und Umwelt die Frage stelle, wie die gesundheitlichen und sozialen Folgen der Pandemie bew\u00e4ltigt, die wachsende Ungleichheit \u00fcberwunden und die existenziellste Bedrohung unserer Zeit &#8211; der Klimawandel &#8211; am wirkungsvollsten bek\u00e4mpft werden kann. Das Mindset einer in erster Linie auf Liberalisierung von M\u00e4rkten getriebenen Globalisierung biete dazu keine Hilfestellung mehr.\n<\/p>\n<p>Die Globalisierung habe ein verbindendes Potential, das es zu heben gilt. Neben Fortschritten und Annehmlichkeiten, die sie uns beschert, m\u00fcssen wir aber auch ihre Schattenseiten in den Blick nehmen, unfaire bis absurde Wettbewerbsbedingungen auf Kosten von Mensch und Klima oder auch Versorgungsprobleme in Krisenzeiten. Die Gei\u00dfel des Nationalismus lasse sich nur dann bannen, wenn wir beginnen anders zu denken und zu handeln, hei\u00dft es im Vorwort. Die Globalisierung m\u00fcsse Teil der L\u00f6sung werden, indem sie von uns endlich fair gestaltet wird.\n<\/p>\n<p><strong>Primat der Politik \u00fcber die Wirtschaft<\/strong> <\/p>\n<p>Die zehn Gebote der Fairness-Charta stellen insbesondere den Primat der Politik \u00fcber Wirtschafts- und Konzerninteressen in den Mittelpunkt und r\u00e4umen ebenso mit der Vorstellung auf, dass der Klimawandel \u00fcber freiwillige Ma\u00dfnahmen und unverbindliche Anreizsysteme alleine in den Griff zu bekommen sei. Auf dem Weg zur Klimaneutralit\u00e4t und Fairness gegen\u00fcber allen Beteiligten m\u00fcssten die Anliegen benachteiligter Personengruppen sowie \u00e4rmerer L\u00e4nder besonders ber\u00fccksichtigt werden. Alle Menschen sollten au\u00dferdem eine faire Chance erhalten &#8211; egal, ob in der Heimat oder in der Fremde (als Gefl\u00fcchtete).\n<\/p>\n<p>Die Staatengemeinschaft habe f\u00fcr die Erf\u00fcllung der Grundbed\u00fcrfnisse aller Menschen zu sorgen, insbesondere Gesundheitsversorgung, sauberes Trinkwasser und Wohnraum. Die nationale wie internationale Politik m\u00fcsse darauf hinwirken, das Regelwerk der Globalisierung &#8211; wo notwendig &#8211; zu erneuern. Die Frage, auf welche Weise Waren hergestellt und Dienstleistungen bereitgestellt werden, muss hierzu st\u00e4rker in den Mittelpunkt r\u00fccken. Wir sollten Initiativen forcieren, die sich um die Zukunftsfitness der Gesellschaft und das globale Miteinander bem\u00fchen und dabei Fairness f\u00fcr alle Beteiligten einfordern.\n<\/p>\n<p><strong>\u00dcber die Erkl\u00e4rungen von <span class=\"hl\">Fresach<\/span><\/strong><br \/> Die Abschlusserkl\u00e4rungen der Europ\u00e4ischen Toleranzgespr\u00e4che von <span class=\"hl\">Fresach<\/span> haben bereits Tradition. 2015 wurde <span class=\"hl\">Fresach<\/span>er Erkl\u00e4erung zu Toleranz geschrieben, 2016 eine Erkl\u00e4rung zum Klimawandel. 2017 folgte die <span class=\"hl\">Fresach<\/span>er Freiheits-Charta, 2018 die Europa-Charta. 2019 ver\u00f6ffentlichten die Denk.Raum.<span class=\"hl\">Fresach<\/span>-Organisatoren eine Regionen-Charta, 2020 die Corona-Deklaration. Die Fairness-Charta ist die 7. Deklaration zu einem f\u00fcr Politik, Wirtschaft und Kultur wesentlichen Thema, das u.a. vom \u00d6sterreichischen PEN-Club, der Stadt Villach und dem Land K\u00e4rnten unterst\u00fctzt wird.\n<\/p>\n<p>Alle Erkl\u00e4rungen zum Download auf: <a href=\"http:\/\/www.fresach.org\/downloads\/\" rel=\"nofollow\" target=\"_blank\">http:\/\/www.<span class=\"hl\">fresach<\/span>.org\/downloads\/<\/a> <\/p>\n<p>Alle Livestreams 2021 auf: <a href=\"https:\/\/www.youtube.com\/channel\/UCrTymPtbVQsHnTw2iT2yViw\/featured\" rel=\"nofollow\" target=\"_blank\">https:\/\/www.youtube.com\/channel\/UCrTymPtbVQsHnTw2iT2yViw\/featured<\/a><\/p>\n<\/article>\n","protected":false},"excerpt":{"rendered":"<p>10 Gebote als Schl\u00fcssel f\u00fcr eine bessere und gerechtere Zukunft 31.05.2021 Fresach\/Wien \u2013 Zum Abschluss der Europ\u00e4ischen Toleranzgespr\u00e4che 2021 haben die Organisatoren eine &#8220;Fairness-Charta&#8221; verabschiedet, in der die wichtigsten Leitlinien (10 Gebote) f\u00fcr eine faire Globalisierung festgeschrieben sind. &#8220;Die Erkl\u00e4rung wurde gemeinsam mit der Arbeiterkammer \u00d6sterreich http:\/\/www.arbeiterkammer.at erarbeitet, die erstmals als Kooperationspartner gewonnen werden konnte&#8221;,&hellip;<\/p>\n","protected":false},"author":2,"featured_media":9783,"comment_status":"closed","ping_status":"closed","sticky":false,"template":"","format":"standard","meta":{"footnotes":""},"categories":[3],"tags":[],"class_list":["post-9784","post","type-post","status-publish","format-standard","has-post-thumbnail","hentry","category-news","category-3","description-off"],"yoast_head":"<!-- This site is optimized with the Yoast SEO plugin v26.3 - https:\/\/yoast.com\/wordpress\/plugins\/seo\/ -->\n<title>Fresach verabschiedet FAIRNESS-Charta - Temmel | Seywald - Corporate Communications<\/title>\n<meta name=\"robots\" content=\"index, follow, max-snippet:-1, max-image-preview:large, max-video-preview:-1\" \/>\n<link rel=\"canonical\" href=\"https:\/\/www.tsp.at\/en\/2021\/05\/31\/fresach-verabschiedet-fairness-charta\/\" \/>\n<meta property=\"og:locale\" content=\"en_US\" \/>\n<meta property=\"og:type\" content=\"article\" \/>\n<meta property=\"og:title\" content=\"Fresach verabschiedet FAIRNESS-Charta - Temmel | Seywald - Corporate Communications\" \/>\n<meta property=\"og:description\" content=\"10 Gebote als Schl\u00fcssel f\u00fcr eine bessere und gerechtere Zukunft 31.05.2021 Fresach\/Wien \u2013 Zum Abschluss der Europ\u00e4ischen Toleranzgespr\u00e4che 2021 haben die Organisatoren eine &#8220;Fairness-Charta&#8221; verabschiedet, in der die wichtigsten Leitlinien (10 Gebote) f\u00fcr eine faire Globalisierung festgeschrieben sind. &#8220;Die Erkl\u00e4rung wurde gemeinsam mit der Arbeiterkammer \u00d6sterreich http:\/\/www.arbeiterkammer.at erarbeitet, die erstmals als Kooperationspartner gewonnen werden konnte&#8221;,&hellip;\" \/>\n<meta property=\"og:url\" content=\"https:\/\/www.tsp.at\/en\/2021\/05\/31\/fresach-verabschiedet-fairness-charta\/\" \/>\n<meta property=\"og:site_name\" content=\"Temmel | Seywald - Corporate Communications\" \/>\n<meta property=\"article:publisher\" content=\"https:\/\/www.facebook.com\/TemmelSeywald\" \/>\n<meta property=\"article:published_time\" content=\"2021-05-31T08:59:00+00:00\" \/>\n<meta property=\"article:modified_time\" content=\"2025-10-21T12:52:23+00:00\" \/>\n<meta property=\"og:image\" content=\"https:\/\/www.tsp.at\/wp-content\/uploads\/2025\/10\/photo1-5.jpg\" \/>\n\t<meta property=\"og:image:width\" content=\"2100\" \/>\n\t<meta property=\"og:image:height\" content=\"1400\" \/>\n\t<meta property=\"og:image:type\" content=\"image\/jpeg\" \/>\n<meta name=\"author\" content=\"TSP Redaktion\" \/>\n<meta name=\"twitter:card\" content=\"summary_large_image\" \/>\n<meta name=\"twitter:label1\" content=\"Written by\" \/>\n\t<meta name=\"twitter:data1\" content=\"TSP Redaktion\" \/>\n\t<meta name=\"twitter:label2\" content=\"Est. reading time\" \/>\n\t<meta name=\"twitter:data2\" content=\"3 minutes\" \/>\n<script type=\"application\/ld+json\" class=\"yoast-schema-graph\">{\"@context\":\"https:\/\/schema.org\",\"@graph\":[{\"@type\":\"Article\",\"@id\":\"https:\/\/www.tsp.at\/en\/2021\/05\/31\/fresach-verabschiedet-fairness-charta\/#article\",\"isPartOf\":{\"@id\":\"https:\/\/www.tsp.at\/en\/2021\/05\/31\/fresach-verabschiedet-fairness-charta\/\"},\"author\":{\"name\":\"TSP Redaktion\",\"@id\":\"https:\/\/www.tsp.at\/en\/#\/schema\/person\/1ba5600c29da17b902b0925cea567f8a\"},\"headline\":\"Fresach verabschiedet FAIRNESS-Charta\",\"datePublished\":\"2021-05-31T08:59:00+00:00\",\"dateModified\":\"2025-10-21T12:52:23+00:00\",\"mainEntityOfPage\":{\"@id\":\"https:\/\/www.tsp.at\/en\/2021\/05\/31\/fresach-verabschiedet-fairness-charta\/\"},\"wordCount\":525,\"publisher\":{\"@id\":\"https:\/\/www.tsp.at\/en\/#organization\"},\"image\":{\"@id\":\"https:\/\/www.tsp.at\/en\/2021\/05\/31\/fresach-verabschiedet-fairness-charta\/#primaryimage\"},\"thumbnailUrl\":\"https:\/\/www.tsp.at\/wp-content\/uploads\/2025\/10\/photo1-5.jpg\",\"articleSection\":[\"News\"],\"inLanguage\":\"en-US\"},{\"@type\":\"WebPage\",\"@id\":\"https:\/\/www.tsp.at\/en\/2021\/05\/31\/fresach-verabschiedet-fairness-charta\/\",\"url\":\"https:\/\/www.tsp.at\/en\/2021\/05\/31\/fresach-verabschiedet-fairness-charta\/\",\"name\":\"Fresach verabschiedet FAIRNESS-Charta - Temmel | Seywald - Corporate Communications\",\"isPartOf\":{\"@id\":\"https:\/\/www.tsp.at\/en\/#website\"},\"primaryImageOfPage\":{\"@id\":\"https:\/\/www.tsp.at\/en\/2021\/05\/31\/fresach-verabschiedet-fairness-charta\/#primaryimage\"},\"image\":{\"@id\":\"https:\/\/www.tsp.at\/en\/2021\/05\/31\/fresach-verabschiedet-fairness-charta\/#primaryimage\"},\"thumbnailUrl\":\"https:\/\/www.tsp.at\/wp-content\/uploads\/2025\/10\/photo1-5.jpg\",\"datePublished\":\"2021-05-31T08:59:00+00:00\",\"dateModified\":\"2025-10-21T12:52:23+00:00\",\"breadcrumb\":{\"@id\":\"https:\/\/www.tsp.at\/en\/2021\/05\/31\/fresach-verabschiedet-fairness-charta\/#breadcrumb\"},\"inLanguage\":\"en-US\",\"potentialAction\":[{\"@type\":\"ReadAction\",\"target\":[\"https:\/\/www.tsp.at\/en\/2021\/05\/31\/fresach-verabschiedet-fairness-charta\/\"]}]},{\"@type\":\"ImageObject\",\"inLanguage\":\"en-US\",\"@id\":\"https:\/\/www.tsp.at\/en\/2021\/05\/31\/fresach-verabschiedet-fairness-charta\/#primaryimage\",\"url\":\"https:\/\/www.tsp.at\/wp-content\/uploads\/2025\/10\/photo1-5.jpg\",\"contentUrl\":\"https:\/\/www.tsp.at\/wp-content\/uploads\/2025\/10\/photo1-5.jpg\",\"width\":2100,\"height\":1400,\"caption\":\"Diskussionspanel auf dem Wirtschaftsforum der Europ\u00e4ischen Toleranzgespr\u00e4che in Fresach v.l.n.r. Valentin Wedl (Arbeiterkammer), Politikwissenschafterin Barbara Prainsack, Moderator Wilfried Seywald, Fresach-Pr\u00e4sident Hannes Swoboda und PEN-Pr\u00e4sident Helmuth A. Niederle.\"},{\"@type\":\"BreadcrumbList\",\"@id\":\"https:\/\/www.tsp.at\/en\/2021\/05\/31\/fresach-verabschiedet-fairness-charta\/#breadcrumb\",\"itemListElement\":[{\"@type\":\"ListItem\",\"position\":1,\"name\":\"Startseite\",\"item\":\"https:\/\/www.tsp.at\/en\/\"},{\"@type\":\"ListItem\",\"position\":2,\"name\":\"Fresach verabschiedet FAIRNESS-Charta\"}]},{\"@type\":\"WebSite\",\"@id\":\"https:\/\/www.tsp.at\/en\/#website\",\"url\":\"https:\/\/www.tsp.at\/en\/\",\"name\":\"Temmel | Seywald - Corporate Communications\",\"description\":\"Kommunikation ist Beziehungsarbeit\",\"publisher\":{\"@id\":\"https:\/\/www.tsp.at\/en\/#organization\"},\"potentialAction\":[{\"@type\":\"SearchAction\",\"target\":{\"@type\":\"EntryPoint\",\"urlTemplate\":\"https:\/\/www.tsp.at\/en\/?s={search_term_string}\"},\"query-input\":{\"@type\":\"PropertyValueSpecification\",\"valueRequired\":true,\"valueName\":\"search_term_string\"}}],\"inLanguage\":\"en-US\"},{\"@type\":\"Organization\",\"@id\":\"https:\/\/www.tsp.at\/en\/#organization\",\"name\":\"Temmel, Seywald & Partner Communications GesmbH\",\"alternateName\":\"TSP\",\"url\":\"https:\/\/www.tsp.at\/en\/\",\"logo\":{\"@type\":\"ImageObject\",\"inLanguage\":\"en-US\",\"@id\":\"https:\/\/www.tsp.at\/en\/#\/schema\/logo\/image\/\",\"url\":\"https:\/\/www.tsp.at\/wp-content\/uploads\/2025\/10\/favicontsp.png\",\"contentUrl\":\"https:\/\/www.tsp.at\/wp-content\/uploads\/2025\/10\/favicontsp.png\",\"width\":125,\"height\":125,\"caption\":\"Temmel, Seywald & Partner Communications GesmbH\"},\"image\":{\"@id\":\"https:\/\/www.tsp.at\/en\/#\/schema\/logo\/image\/\"},\"sameAs\":[\"https:\/\/www.facebook.com\/TemmelSeywald\"]},{\"@type\":\"Person\",\"@id\":\"https:\/\/www.tsp.at\/en\/#\/schema\/person\/1ba5600c29da17b902b0925cea567f8a\",\"name\":\"TSP Redaktion\"}]}<\/script>\n<!-- \/ Yoast SEO plugin. -->","yoast_head_json":{"title":"Fresach verabschiedet FAIRNESS-Charta - Temmel | Seywald - Corporate Communications","robots":{"index":"index","follow":"follow","max-snippet":"max-snippet:-1","max-image-preview":"max-image-preview:large","max-video-preview":"max-video-preview:-1"},"canonical":"https:\/\/www.tsp.at\/en\/2021\/05\/31\/fresach-verabschiedet-fairness-charta\/","og_locale":"en_US","og_type":"article","og_title":"Fresach verabschiedet FAIRNESS-Charta - Temmel | Seywald - Corporate Communications","og_description":"10 Gebote als Schl\u00fcssel f\u00fcr eine bessere und gerechtere Zukunft 31.05.2021 Fresach\/Wien \u2013 Zum Abschluss der Europ\u00e4ischen Toleranzgespr\u00e4che 2021 haben die Organisatoren eine &#8220;Fairness-Charta&#8221; verabschiedet, in der die wichtigsten Leitlinien (10 Gebote) f\u00fcr eine faire Globalisierung festgeschrieben sind. &#8220;Die Erkl\u00e4rung wurde gemeinsam mit der Arbeiterkammer \u00d6sterreich http:\/\/www.arbeiterkammer.at erarbeitet, die erstmals als Kooperationspartner gewonnen werden konnte&#8221;,&hellip;","og_url":"https:\/\/www.tsp.at\/en\/2021\/05\/31\/fresach-verabschiedet-fairness-charta\/","og_site_name":"Temmel | Seywald - Corporate Communications","article_publisher":"https:\/\/www.facebook.com\/TemmelSeywald","article_published_time":"2021-05-31T08:59:00+00:00","article_modified_time":"2025-10-21T12:52:23+00:00","og_image":[{"width":2100,"height":1400,"url":"https:\/\/www.tsp.at\/wp-content\/uploads\/2025\/10\/photo1-5.jpg","type":"image\/jpeg"}],"author":"TSP Redaktion","twitter_card":"summary_large_image","twitter_misc":{"Written by":"TSP Redaktion","Est. reading time":"3 minutes"},"schema":{"@context":"https:\/\/schema.org","@graph":[{"@type":"Article","@id":"https:\/\/www.tsp.at\/en\/2021\/05\/31\/fresach-verabschiedet-fairness-charta\/#article","isPartOf":{"@id":"https:\/\/www.tsp.at\/en\/2021\/05\/31\/fresach-verabschiedet-fairness-charta\/"},"author":{"name":"TSP Redaktion","@id":"https:\/\/www.tsp.at\/en\/#\/schema\/person\/1ba5600c29da17b902b0925cea567f8a"},"headline":"Fresach verabschiedet FAIRNESS-Charta","datePublished":"2021-05-31T08:59:00+00:00","dateModified":"2025-10-21T12:52:23+00:00","mainEntityOfPage":{"@id":"https:\/\/www.tsp.at\/en\/2021\/05\/31\/fresach-verabschiedet-fairness-charta\/"},"wordCount":525,"publisher":{"@id":"https:\/\/www.tsp.at\/en\/#organization"},"image":{"@id":"https:\/\/www.tsp.at\/en\/2021\/05\/31\/fresach-verabschiedet-fairness-charta\/#primaryimage"},"thumbnailUrl":"https:\/\/www.tsp.at\/wp-content\/uploads\/2025\/10\/photo1-5.jpg","articleSection":["News"],"inLanguage":"en-US"},{"@type":"WebPage","@id":"https:\/\/www.tsp.at\/en\/2021\/05\/31\/fresach-verabschiedet-fairness-charta\/","url":"https:\/\/www.tsp.at\/en\/2021\/05\/31\/fresach-verabschiedet-fairness-charta\/","name":"Fresach verabschiedet FAIRNESS-Charta - Temmel | Seywald - Corporate Communications","isPartOf":{"@id":"https:\/\/www.tsp.at\/en\/#website"},"primaryImageOfPage":{"@id":"https:\/\/www.tsp.at\/en\/2021\/05\/31\/fresach-verabschiedet-fairness-charta\/#primaryimage"},"image":{"@id":"https:\/\/www.tsp.at\/en\/2021\/05\/31\/fresach-verabschiedet-fairness-charta\/#primaryimage"},"thumbnailUrl":"https:\/\/www.tsp.at\/wp-content\/uploads\/2025\/10\/photo1-5.jpg","datePublished":"2021-05-31T08:59:00+00:00","dateModified":"2025-10-21T12:52:23+00:00","breadcrumb":{"@id":"https:\/\/www.tsp.at\/en\/2021\/05\/31\/fresach-verabschiedet-fairness-charta\/#breadcrumb"},"inLanguage":"en-US","potentialAction":[{"@type":"ReadAction","target":["https:\/\/www.tsp.at\/en\/2021\/05\/31\/fresach-verabschiedet-fairness-charta\/"]}]},{"@type":"ImageObject","inLanguage":"en-US","@id":"https:\/\/www.tsp.at\/en\/2021\/05\/31\/fresach-verabschiedet-fairness-charta\/#primaryimage","url":"https:\/\/www.tsp.at\/wp-content\/uploads\/2025\/10\/photo1-5.jpg","contentUrl":"https:\/\/www.tsp.at\/wp-content\/uploads\/2025\/10\/photo1-5.jpg","width":2100,"height":1400,"caption":"Diskussionspanel auf dem Wirtschaftsforum der Europ\u00e4ischen Toleranzgespr\u00e4che in Fresach v.l.n.r. Valentin Wedl (Arbeiterkammer), Politikwissenschafterin Barbara Prainsack, Moderator Wilfried Seywald, Fresach-Pr\u00e4sident Hannes Swoboda und PEN-Pr\u00e4sident Helmuth A. Niederle."},{"@type":"BreadcrumbList","@id":"https:\/\/www.tsp.at\/en\/2021\/05\/31\/fresach-verabschiedet-fairness-charta\/#breadcrumb","itemListElement":[{"@type":"ListItem","position":1,"name":"Startseite","item":"https:\/\/www.tsp.at\/en\/"},{"@type":"ListItem","position":2,"name":"Fresach verabschiedet FAIRNESS-Charta"}]},{"@type":"WebSite","@id":"https:\/\/www.tsp.at\/en\/#website","url":"https:\/\/www.tsp.at\/en\/","name":"Temmel | Seywald - Corporate Communications","description":"Kommunikation ist Beziehungsarbeit","publisher":{"@id":"https:\/\/www.tsp.at\/en\/#organization"},"potentialAction":[{"@type":"SearchAction","target":{"@type":"EntryPoint","urlTemplate":"https:\/\/www.tsp.at\/en\/?s={search_term_string}"},"query-input":{"@type":"PropertyValueSpecification","valueRequired":true,"valueName":"search_term_string"}}],"inLanguage":"en-US"},{"@type":"Organization","@id":"https:\/\/www.tsp.at\/en\/#organization","name":"Temmel, Seywald & Partner Communications GesmbH","alternateName":"TSP","url":"https:\/\/www.tsp.at\/en\/","logo":{"@type":"ImageObject","inLanguage":"en-US","@id":"https:\/\/www.tsp.at\/en\/#\/schema\/logo\/image\/","url":"https:\/\/www.tsp.at\/wp-content\/uploads\/2025\/10\/favicontsp.png","contentUrl":"https:\/\/www.tsp.at\/wp-content\/uploads\/2025\/10\/favicontsp.png","width":125,"height":125,"caption":"Temmel, Seywald & Partner Communications GesmbH"},"image":{"@id":"https:\/\/www.tsp.at\/en\/#\/schema\/logo\/image\/"},"sameAs":["https:\/\/www.facebook.com\/TemmelSeywald"]},{"@type":"Person","@id":"https:\/\/www.tsp.at\/en\/#\/schema\/person\/1ba5600c29da17b902b0925cea567f8a","name":"TSP Redaktion"}]}},"_links":{"self":[{"href":"https:\/\/www.tsp.at\/en\/wp-json\/wp\/v2\/posts\/9784","targetHints":{"allow":["GET"]}}],"collection":[{"href":"https:\/\/www.tsp.at\/en\/wp-json\/wp\/v2\/posts"}],"about":[{"href":"https:\/\/www.tsp.at\/en\/wp-json\/wp\/v2\/types\/post"}],"author":[{"embeddable":true,"href":"https:\/\/www.tsp.at\/en\/wp-json\/wp\/v2\/users\/2"}],"replies":[{"embeddable":true,"href":"https:\/\/www.tsp.at\/en\/wp-json\/wp\/v2\/comments?post=9784"}],"version-history":[{"count":1,"href":"https:\/\/www.tsp.at\/en\/wp-json\/wp\/v2\/posts\/9784\/revisions"}],"predecessor-version":[{"id":11301,"href":"https:\/\/www.tsp.at\/en\/wp-json\/wp\/v2\/posts\/9784\/revisions\/11301"}],"wp:featuredmedia":[{"embeddable":true,"href":"https:\/\/www.tsp.at\/en\/wp-json\/wp\/v2\/media\/9783"}],"wp:attachment":[{"href":"https:\/\/www.tsp.at\/en\/wp-json\/wp\/v2\/media?parent=9784"}],"wp:term":[{"taxonomy":"category","embeddable":true,"href":"https:\/\/www.tsp.at\/en\/wp-json\/wp\/v2\/categories?post=9784"},{"taxonomy":"post_tag","embeddable":true,"href":"https:\/\/www.tsp.at\/en\/wp-json\/wp\/v2\/tags?post=9784"}],"curies":[{"name":"wp","href":"https:\/\/api.w.org\/{rel}","templated":true}]}}