{"id":9786,"date":"2021-05-21T10:57:00","date_gmt":"2021-05-21T08:57:00","guid":{"rendered":"https:\/\/staging.tsp.at\/2021\/05\/21\/globalisierungskompass-in-fresach-vorgestellt\/"},"modified":"2025-10-21T14:52:24","modified_gmt":"2025-10-21T12:52:24","slug":"globalisierungskompass-in-fresach-vorgestellt","status":"publish","type":"post","link":"https:\/\/www.tsp.at\/en\/2021\/05\/21\/globalisierungskompass-in-fresach-vorgestellt\/","title":{"rendered":"Globalisierungskompass in Fresach vorgestellt"},"content":{"rendered":"<article class=\"item\">\n<h2><strong>&#8220;Warum wir mutiger \u00fcber die Globalisierung reden m\u00fcssen&#8221;<\/strong><\/h2>\n<p>21.05.2021<\/p>\n<\/p>\n<\/p>\n<\/p>\n<\/p>\n<\/p>\n<p>Fresach \u2013 <strong>F\u00fcr die Arbeiterkammer \u00d6sterreich hat die Corona-Pandemie die Grenzen der globalisierten Welt aufgezeigt. Mit Lockdowns, der Einschr\u00e4nkung der Bewegungsfreiheit und neuen Grenzkontrollen mitten in Europa wurden pl\u00f6tzlich Produktionswege unterbrochen und Just-in-Time-Lieferungen verunm\u00f6glicht. Medikamente und Schutzmasken wie Handschuhe fehlten, weil deren Produktion l\u00e4ngst nach Asien abgewandert ist. <\/strong> <\/p>\n<p>&#8220;Was wir jetzt brauchen, ist eine andere, neue Globalisierung&#8221;, schlussfolgerte Valentin Wedl, Experte der AK Wien f\u00fcr die EU und Internationales, am Freitag bei den Europ\u00e4ischen Toleranzgespr\u00e4chen im K\u00e4rntner Bergdorf <span class=\"hl\">Fresach<\/span> <a href=\"http:\/\/www.fresach.org\" rel=\"nofollow\" target=\"_blank\">http:\/\/www.<span class=\"hl\">fresach<\/span>.org<\/a> . Um diese l\u00e4ngst f\u00e4llige Forderung zu unterstreichen, hat die Arbeiterkammer mit dem ersten &#8220;Globalisierungskompass&#8221; eine Orientierungshilfe f\u00fcr eine gerechte Weltwirtschaft herausgebracht. Es ist eine Premiere f\u00fcr <span class=\"hl\">Fresach<\/span>, ebenso wie f\u00fcr \u00d6sterreich &#8211; die erste institutionelle Gesamtschau auf die globalisierte Wirtschaftswelt.\n<\/p>\n<p>Das Dokument listet auf \u00fcber 70 Seiten penibel auf, was alles zu tun ist, um die &#8211; nicht erst seit Corona &#8211; aus den Fugen geratenen, immer st\u00e4rker digitalisierten und multinational transformierten Wertsch\u00f6pfungsketten wieder so zu ordnen, dass sie f\u00fcr alle Menschen taugen. \u00dcber 30 Autoren bringen ihre Gedanken und Vorschl\u00e4ge ein. Kapitel wie &#8220;Das oberste Zehntausendstel und wir&#8221;, &#8220;H\u00f6chste Zeit f\u00fcr eine globale Finanztransaktionssteuer&#8221; oder &#8220;Warum der Welthandel zur Klimakrise beitr\u00e4gt&#8221; bergen ausreichend Z\u00fcndstoff f\u00fcr die \u00f6ffentiche Diskussion.\n<\/p>\n<p>&#8220;Die Globalisierung hat viele Fortschritte und Annehmlichkeiten gebracht. Wir m\u00fcssen unseren Blick aber auch auf die vielen Schattenseiten richten &#8211; egal, ob in den reicheren oder \u00e4rmeren L\u00e4ndern. Und es muss uns jetzt gelingen, dass die Globalisierung, indem wir sie fair gestalten, vom Teil des Problems zum Teil der L\u00f6sung wird&#8221;, erl\u00e4uterte Wedl in <span class=\"hl\">Fresach<\/span>. Der &#8220;AK Globalisierungskompass&#8221; biete einen kompakten \u00dcberblick, wo die Problemfelder liegen und zeigt Wege auf, wie eine gerechtere Weltwirtschaft gelingen kann.\n<\/p>\n<p><strong> Schluss mit unfairen Wettbewerbsbedingungen<\/strong> <\/p>\n<p>Multinationale Konzerne, die weniger Steuern zahlen als das Caf\u00e9 ums Eck, immer st\u00e4rker unter Druck kommende Arbeitsrechte, die fortschreitende Klimakrise: Alles Ph\u00e4nomene, die auch auf das Konto der Globalisierung gehen. &#8220;Wir m\u00fcssen unfairen Wettbewerbsbedingungen auf Kosten von Mensch und Klima Einhalt gebieten. Das derzeitige Regelwerk hilft uns aber nicht, diese globalen Herausforderungen zu bew\u00e4ltigen&#8221;, meinte Wedl, f\u00fcr den die aktuelle Globalisierungspolitik &#8220;misslungen&#8221; ist.\n<\/p>\n<p>Mit der Aufarbeitung der Corona-Folgen gibt es jetzt eine neue Chance zu fairen und gerechteren Wirtschaftsbedingungen: &#8220;Ein internationales Lieferkettengesetz, soziale Klauseln in Handelsvertr\u00e4gen, ein gut ausgebauter Wohlfahrtsstaat &#8211; das sind nur drei Vorschl\u00e4ge von vielen, wie eine Globalisierungspolitik f\u00fcr die Vielen, nicht nur f\u00fcr die Wenigen aussehen muss&#8221;, res\u00fcmierte der AK-Experte und betonte: &#8220;Es ist Zeit, in eine breite \u00f6ffentliche Debatte einzusteigen.&#8221;\n<\/p>\n<p>&#8220;Wir wollen Mut machen f\u00fcr eine gerechte Weltwirtschaft. Fairness ist dabei das oberste Prinzip. Und die Globalisierung muss schlussendlich vom Teil des Problems zum Teil der L\u00f6sungen werden&#8221;, fasste Wedl zusammen.\n<\/p>\n<p><strong> Service:<\/strong> <br \/> Der &#8220;AK Globalisierungskompass&#8221; steht auf pressetext zum Download bereit und ebenso auf der AK-Webseite: <a href=\"http:\/\/www.arbeiterkammer.at\/globalisierungskompass\" rel=\"nofollow\" target=\"_blank\">http:\/\/www.arbeiterkammer.at\/globalisierungskompass<\/a><\/p>\n<\/article>\n","protected":false},"excerpt":{"rendered":"<p>&#8220;Warum wir mutiger \u00fcber die Globalisierung reden m\u00fcssen&#8221; 21.05.2021 Fresach \u2013 F\u00fcr die Arbeiterkammer \u00d6sterreich hat die Corona-Pandemie die Grenzen der globalisierten Welt aufgezeigt. Mit Lockdowns, der Einschr\u00e4nkung der Bewegungsfreiheit und neuen Grenzkontrollen mitten in Europa wurden pl\u00f6tzlich Produktionswege unterbrochen und Just-in-Time-Lieferungen verunm\u00f6glicht. Medikamente und Schutzmasken wie Handschuhe fehlten, weil deren Produktion l\u00e4ngst nach Asien&hellip;<\/p>\n","protected":false},"author":2,"featured_media":9785,"comment_status":"closed","ping_status":"closed","sticky":false,"template":"","format":"standard","meta":{"footnotes":""},"categories":[3],"tags":[],"class_list":["post-9786","post","type-post","status-publish","format-standard","has-post-thumbnail","hentry","category-news","category-3","description-off"],"yoast_head":"<!-- This site is optimized with the Yoast SEO plugin v26.3 - https:\/\/yoast.com\/wordpress\/plugins\/seo\/ -->\n<title>Globalisierungskompass in Fresach vorgestellt - Temmel | Seywald - Corporate Communications<\/title>\n<meta name=\"robots\" content=\"index, follow, max-snippet:-1, max-image-preview:large, max-video-preview:-1\" \/>\n<link rel=\"canonical\" href=\"https:\/\/www.tsp.at\/en\/2021\/05\/21\/globalisierungskompass-in-fresach-vorgestellt\/\" \/>\n<meta property=\"og:locale\" content=\"en_US\" \/>\n<meta property=\"og:type\" content=\"article\" \/>\n<meta property=\"og:title\" content=\"Globalisierungskompass in Fresach vorgestellt - Temmel | Seywald - Corporate Communications\" \/>\n<meta property=\"og:description\" content=\"&#8220;Warum wir mutiger \u00fcber die Globalisierung reden m\u00fcssen&#8221; 21.05.2021 Fresach \u2013 F\u00fcr die Arbeiterkammer \u00d6sterreich hat die Corona-Pandemie die Grenzen der globalisierten Welt aufgezeigt. Mit Lockdowns, der Einschr\u00e4nkung der Bewegungsfreiheit und neuen Grenzkontrollen mitten in Europa wurden pl\u00f6tzlich Produktionswege unterbrochen und Just-in-Time-Lieferungen verunm\u00f6glicht. Medikamente und Schutzmasken wie Handschuhe fehlten, weil deren Produktion l\u00e4ngst nach Asien&hellip;\" \/>\n<meta property=\"og:url\" content=\"https:\/\/www.tsp.at\/en\/2021\/05\/21\/globalisierungskompass-in-fresach-vorgestellt\/\" \/>\n<meta property=\"og:site_name\" content=\"Temmel | Seywald - Corporate Communications\" \/>\n<meta property=\"article:publisher\" content=\"https:\/\/www.facebook.com\/TemmelSeywald\" \/>\n<meta property=\"article:published_time\" content=\"2021-05-21T08:57:00+00:00\" \/>\n<meta property=\"article:modified_time\" content=\"2025-10-21T12:52:24+00:00\" \/>\n<meta property=\"og:image\" content=\"https:\/\/www.tsp.at\/wp-content\/uploads\/2025\/10\/photo1-4.jpg\" \/>\n\t<meta property=\"og:image:width\" content=\"2100\" \/>\n\t<meta property=\"og:image:height\" content=\"1400\" \/>\n\t<meta property=\"og:image:type\" content=\"image\/jpeg\" \/>\n<meta name=\"author\" content=\"TSP Redaktion\" \/>\n<meta name=\"twitter:card\" content=\"summary_large_image\" \/>\n<meta name=\"twitter:label1\" content=\"Written by\" \/>\n\t<meta name=\"twitter:data1\" content=\"TSP Redaktion\" \/>\n\t<meta name=\"twitter:label2\" content=\"Est. reading time\" \/>\n\t<meta name=\"twitter:data2\" content=\"3 minutes\" \/>\n<script type=\"application\/ld+json\" class=\"yoast-schema-graph\">{\"@context\":\"https:\/\/schema.org\",\"@graph\":[{\"@type\":\"Article\",\"@id\":\"https:\/\/www.tsp.at\/en\/2021\/05\/21\/globalisierungskompass-in-fresach-vorgestellt\/#article\",\"isPartOf\":{\"@id\":\"https:\/\/www.tsp.at\/en\/2021\/05\/21\/globalisierungskompass-in-fresach-vorgestellt\/\"},\"author\":{\"name\":\"TSP Redaktion\",\"@id\":\"https:\/\/www.tsp.at\/en\/#\/schema\/person\/1ba5600c29da17b902b0925cea567f8a\"},\"headline\":\"Globalisierungskompass in Fresach vorgestellt\",\"datePublished\":\"2021-05-21T08:57:00+00:00\",\"dateModified\":\"2025-10-21T12:52:24+00:00\",\"mainEntityOfPage\":{\"@id\":\"https:\/\/www.tsp.at\/en\/2021\/05\/21\/globalisierungskompass-in-fresach-vorgestellt\/\"},\"wordCount\":507,\"publisher\":{\"@id\":\"https:\/\/www.tsp.at\/en\/#organization\"},\"image\":{\"@id\":\"https:\/\/www.tsp.at\/en\/2021\/05\/21\/globalisierungskompass-in-fresach-vorgestellt\/#primaryimage\"},\"thumbnailUrl\":\"https:\/\/www.tsp.at\/wp-content\/uploads\/2025\/10\/photo1-4.jpg\",\"articleSection\":[\"News\"],\"inLanguage\":\"en-US\"},{\"@type\":\"WebPage\",\"@id\":\"https:\/\/www.tsp.at\/en\/2021\/05\/21\/globalisierungskompass-in-fresach-vorgestellt\/\",\"url\":\"https:\/\/www.tsp.at\/en\/2021\/05\/21\/globalisierungskompass-in-fresach-vorgestellt\/\",\"name\":\"Globalisierungskompass in Fresach vorgestellt - Temmel | Seywald - Corporate Communications\",\"isPartOf\":{\"@id\":\"https:\/\/www.tsp.at\/en\/#website\"},\"primaryImageOfPage\":{\"@id\":\"https:\/\/www.tsp.at\/en\/2021\/05\/21\/globalisierungskompass-in-fresach-vorgestellt\/#primaryimage\"},\"image\":{\"@id\":\"https:\/\/www.tsp.at\/en\/2021\/05\/21\/globalisierungskompass-in-fresach-vorgestellt\/#primaryimage\"},\"thumbnailUrl\":\"https:\/\/www.tsp.at\/wp-content\/uploads\/2025\/10\/photo1-4.jpg\",\"datePublished\":\"2021-05-21T08:57:00+00:00\",\"dateModified\":\"2025-10-21T12:52:24+00:00\",\"breadcrumb\":{\"@id\":\"https:\/\/www.tsp.at\/en\/2021\/05\/21\/globalisierungskompass-in-fresach-vorgestellt\/#breadcrumb\"},\"inLanguage\":\"en-US\",\"potentialAction\":[{\"@type\":\"ReadAction\",\"target\":[\"https:\/\/www.tsp.at\/en\/2021\/05\/21\/globalisierungskompass-in-fresach-vorgestellt\/\"]}]},{\"@type\":\"ImageObject\",\"inLanguage\":\"en-US\",\"@id\":\"https:\/\/www.tsp.at\/en\/2021\/05\/21\/globalisierungskompass-in-fresach-vorgestellt\/#primaryimage\",\"url\":\"https:\/\/www.tsp.at\/wp-content\/uploads\/2025\/10\/photo1-4.jpg\",\"contentUrl\":\"https:\/\/www.tsp.at\/wp-content\/uploads\/2025\/10\/photo1-4.jpg\",\"width\":2100,\"height\":1400,\"caption\":\"(c) www.fotodienst.at \/ Anna Rauchenberger \u2013 Wien, 21.04.2021 - Portr\u00e4ts Mag. Valentin WEDL, Arbeiterkammer\"},{\"@type\":\"BreadcrumbList\",\"@id\":\"https:\/\/www.tsp.at\/en\/2021\/05\/21\/globalisierungskompass-in-fresach-vorgestellt\/#breadcrumb\",\"itemListElement\":[{\"@type\":\"ListItem\",\"position\":1,\"name\":\"Startseite\",\"item\":\"https:\/\/www.tsp.at\/en\/\"},{\"@type\":\"ListItem\",\"position\":2,\"name\":\"Globalisierungskompass in Fresach vorgestellt\"}]},{\"@type\":\"WebSite\",\"@id\":\"https:\/\/www.tsp.at\/en\/#website\",\"url\":\"https:\/\/www.tsp.at\/en\/\",\"name\":\"Temmel | Seywald - Corporate Communications\",\"description\":\"Kommunikation ist Beziehungsarbeit\",\"publisher\":{\"@id\":\"https:\/\/www.tsp.at\/en\/#organization\"},\"potentialAction\":[{\"@type\":\"SearchAction\",\"target\":{\"@type\":\"EntryPoint\",\"urlTemplate\":\"https:\/\/www.tsp.at\/en\/?s={search_term_string}\"},\"query-input\":{\"@type\":\"PropertyValueSpecification\",\"valueRequired\":true,\"valueName\":\"search_term_string\"}}],\"inLanguage\":\"en-US\"},{\"@type\":\"Organization\",\"@id\":\"https:\/\/www.tsp.at\/en\/#organization\",\"name\":\"Temmel, Seywald & Partner Communications GesmbH\",\"alternateName\":\"TSP\",\"url\":\"https:\/\/www.tsp.at\/en\/\",\"logo\":{\"@type\":\"ImageObject\",\"inLanguage\":\"en-US\",\"@id\":\"https:\/\/www.tsp.at\/en\/#\/schema\/logo\/image\/\",\"url\":\"https:\/\/www.tsp.at\/wp-content\/uploads\/2025\/10\/favicontsp.png\",\"contentUrl\":\"https:\/\/www.tsp.at\/wp-content\/uploads\/2025\/10\/favicontsp.png\",\"width\":125,\"height\":125,\"caption\":\"Temmel, Seywald & Partner Communications GesmbH\"},\"image\":{\"@id\":\"https:\/\/www.tsp.at\/en\/#\/schema\/logo\/image\/\"},\"sameAs\":[\"https:\/\/www.facebook.com\/TemmelSeywald\"]},{\"@type\":\"Person\",\"@id\":\"https:\/\/www.tsp.at\/en\/#\/schema\/person\/1ba5600c29da17b902b0925cea567f8a\",\"name\":\"TSP Redaktion\"}]}<\/script>\n<!-- \/ Yoast SEO plugin. -->","yoast_head_json":{"title":"Globalisierungskompass in Fresach vorgestellt - Temmel | Seywald - Corporate Communications","robots":{"index":"index","follow":"follow","max-snippet":"max-snippet:-1","max-image-preview":"max-image-preview:large","max-video-preview":"max-video-preview:-1"},"canonical":"https:\/\/www.tsp.at\/en\/2021\/05\/21\/globalisierungskompass-in-fresach-vorgestellt\/","og_locale":"en_US","og_type":"article","og_title":"Globalisierungskompass in Fresach vorgestellt - Temmel | Seywald - Corporate Communications","og_description":"&#8220;Warum wir mutiger \u00fcber die Globalisierung reden m\u00fcssen&#8221; 21.05.2021 Fresach \u2013 F\u00fcr die Arbeiterkammer \u00d6sterreich hat die Corona-Pandemie die Grenzen der globalisierten Welt aufgezeigt. Mit Lockdowns, der Einschr\u00e4nkung der Bewegungsfreiheit und neuen Grenzkontrollen mitten in Europa wurden pl\u00f6tzlich Produktionswege unterbrochen und Just-in-Time-Lieferungen verunm\u00f6glicht. Medikamente und Schutzmasken wie Handschuhe fehlten, weil deren Produktion l\u00e4ngst nach Asien&hellip;","og_url":"https:\/\/www.tsp.at\/en\/2021\/05\/21\/globalisierungskompass-in-fresach-vorgestellt\/","og_site_name":"Temmel | Seywald - Corporate Communications","article_publisher":"https:\/\/www.facebook.com\/TemmelSeywald","article_published_time":"2021-05-21T08:57:00+00:00","article_modified_time":"2025-10-21T12:52:24+00:00","og_image":[{"width":2100,"height":1400,"url":"https:\/\/www.tsp.at\/wp-content\/uploads\/2025\/10\/photo1-4.jpg","type":"image\/jpeg"}],"author":"TSP Redaktion","twitter_card":"summary_large_image","twitter_misc":{"Written by":"TSP Redaktion","Est. reading time":"3 minutes"},"schema":{"@context":"https:\/\/schema.org","@graph":[{"@type":"Article","@id":"https:\/\/www.tsp.at\/en\/2021\/05\/21\/globalisierungskompass-in-fresach-vorgestellt\/#article","isPartOf":{"@id":"https:\/\/www.tsp.at\/en\/2021\/05\/21\/globalisierungskompass-in-fresach-vorgestellt\/"},"author":{"name":"TSP Redaktion","@id":"https:\/\/www.tsp.at\/en\/#\/schema\/person\/1ba5600c29da17b902b0925cea567f8a"},"headline":"Globalisierungskompass in Fresach vorgestellt","datePublished":"2021-05-21T08:57:00+00:00","dateModified":"2025-10-21T12:52:24+00:00","mainEntityOfPage":{"@id":"https:\/\/www.tsp.at\/en\/2021\/05\/21\/globalisierungskompass-in-fresach-vorgestellt\/"},"wordCount":507,"publisher":{"@id":"https:\/\/www.tsp.at\/en\/#organization"},"image":{"@id":"https:\/\/www.tsp.at\/en\/2021\/05\/21\/globalisierungskompass-in-fresach-vorgestellt\/#primaryimage"},"thumbnailUrl":"https:\/\/www.tsp.at\/wp-content\/uploads\/2025\/10\/photo1-4.jpg","articleSection":["News"],"inLanguage":"en-US"},{"@type":"WebPage","@id":"https:\/\/www.tsp.at\/en\/2021\/05\/21\/globalisierungskompass-in-fresach-vorgestellt\/","url":"https:\/\/www.tsp.at\/en\/2021\/05\/21\/globalisierungskompass-in-fresach-vorgestellt\/","name":"Globalisierungskompass in Fresach vorgestellt - Temmel | Seywald - Corporate Communications","isPartOf":{"@id":"https:\/\/www.tsp.at\/en\/#website"},"primaryImageOfPage":{"@id":"https:\/\/www.tsp.at\/en\/2021\/05\/21\/globalisierungskompass-in-fresach-vorgestellt\/#primaryimage"},"image":{"@id":"https:\/\/www.tsp.at\/en\/2021\/05\/21\/globalisierungskompass-in-fresach-vorgestellt\/#primaryimage"},"thumbnailUrl":"https:\/\/www.tsp.at\/wp-content\/uploads\/2025\/10\/photo1-4.jpg","datePublished":"2021-05-21T08:57:00+00:00","dateModified":"2025-10-21T12:52:24+00:00","breadcrumb":{"@id":"https:\/\/www.tsp.at\/en\/2021\/05\/21\/globalisierungskompass-in-fresach-vorgestellt\/#breadcrumb"},"inLanguage":"en-US","potentialAction":[{"@type":"ReadAction","target":["https:\/\/www.tsp.at\/en\/2021\/05\/21\/globalisierungskompass-in-fresach-vorgestellt\/"]}]},{"@type":"ImageObject","inLanguage":"en-US","@id":"https:\/\/www.tsp.at\/en\/2021\/05\/21\/globalisierungskompass-in-fresach-vorgestellt\/#primaryimage","url":"https:\/\/www.tsp.at\/wp-content\/uploads\/2025\/10\/photo1-4.jpg","contentUrl":"https:\/\/www.tsp.at\/wp-content\/uploads\/2025\/10\/photo1-4.jpg","width":2100,"height":1400,"caption":"(c) www.fotodienst.at \/ Anna Rauchenberger \u2013 Wien, 21.04.2021 - Portr\u00e4ts Mag. Valentin WEDL, Arbeiterkammer"},{"@type":"BreadcrumbList","@id":"https:\/\/www.tsp.at\/en\/2021\/05\/21\/globalisierungskompass-in-fresach-vorgestellt\/#breadcrumb","itemListElement":[{"@type":"ListItem","position":1,"name":"Startseite","item":"https:\/\/www.tsp.at\/en\/"},{"@type":"ListItem","position":2,"name":"Globalisierungskompass in Fresach vorgestellt"}]},{"@type":"WebSite","@id":"https:\/\/www.tsp.at\/en\/#website","url":"https:\/\/www.tsp.at\/en\/","name":"Temmel | Seywald - Corporate Communications","description":"Kommunikation ist Beziehungsarbeit","publisher":{"@id":"https:\/\/www.tsp.at\/en\/#organization"},"potentialAction":[{"@type":"SearchAction","target":{"@type":"EntryPoint","urlTemplate":"https:\/\/www.tsp.at\/en\/?s={search_term_string}"},"query-input":{"@type":"PropertyValueSpecification","valueRequired":true,"valueName":"search_term_string"}}],"inLanguage":"en-US"},{"@type":"Organization","@id":"https:\/\/www.tsp.at\/en\/#organization","name":"Temmel, Seywald & Partner Communications GesmbH","alternateName":"TSP","url":"https:\/\/www.tsp.at\/en\/","logo":{"@type":"ImageObject","inLanguage":"en-US","@id":"https:\/\/www.tsp.at\/en\/#\/schema\/logo\/image\/","url":"https:\/\/www.tsp.at\/wp-content\/uploads\/2025\/10\/favicontsp.png","contentUrl":"https:\/\/www.tsp.at\/wp-content\/uploads\/2025\/10\/favicontsp.png","width":125,"height":125,"caption":"Temmel, Seywald & Partner Communications GesmbH"},"image":{"@id":"https:\/\/www.tsp.at\/en\/#\/schema\/logo\/image\/"},"sameAs":["https:\/\/www.facebook.com\/TemmelSeywald"]},{"@type":"Person","@id":"https:\/\/www.tsp.at\/en\/#\/schema\/person\/1ba5600c29da17b902b0925cea567f8a","name":"TSP Redaktion"}]}},"_links":{"self":[{"href":"https:\/\/www.tsp.at\/en\/wp-json\/wp\/v2\/posts\/9786","targetHints":{"allow":["GET"]}}],"collection":[{"href":"https:\/\/www.tsp.at\/en\/wp-json\/wp\/v2\/posts"}],"about":[{"href":"https:\/\/www.tsp.at\/en\/wp-json\/wp\/v2\/types\/post"}],"author":[{"embeddable":true,"href":"https:\/\/www.tsp.at\/en\/wp-json\/wp\/v2\/users\/2"}],"replies":[{"embeddable":true,"href":"https:\/\/www.tsp.at\/en\/wp-json\/wp\/v2\/comments?post=9786"}],"version-history":[{"count":1,"href":"https:\/\/www.tsp.at\/en\/wp-json\/wp\/v2\/posts\/9786\/revisions"}],"predecessor-version":[{"id":11302,"href":"https:\/\/www.tsp.at\/en\/wp-json\/wp\/v2\/posts\/9786\/revisions\/11302"}],"wp:featuredmedia":[{"embeddable":true,"href":"https:\/\/www.tsp.at\/en\/wp-json\/wp\/v2\/media\/9785"}],"wp:attachment":[{"href":"https:\/\/www.tsp.at\/en\/wp-json\/wp\/v2\/media?parent=9786"}],"wp:term":[{"taxonomy":"category","embeddable":true,"href":"https:\/\/www.tsp.at\/en\/wp-json\/wp\/v2\/categories?post=9786"},{"taxonomy":"post_tag","embeddable":true,"href":"https:\/\/www.tsp.at\/en\/wp-json\/wp\/v2\/tags?post=9786"}],"curies":[{"name":"wp","href":"https:\/\/api.w.org\/{rel}","templated":true}]}}