{"id":9788,"date":"2021-05-21T10:54:00","date_gmt":"2021-05-21T08:54:00","guid":{"rendered":"https:\/\/staging.tsp.at\/2021\/05\/21\/heinz-nussbaumer-toleranzpreistraeger-2021\/"},"modified":"2025-10-21T14:52:24","modified_gmt":"2025-10-21T12:52:24","slug":"heinz-nussbaumer-toleranzpreistraeger-2021","status":"publish","type":"post","link":"https:\/\/www.tsp.at\/en\/2021\/05\/21\/heinz-nussbaumer-toleranzpreistraeger-2021\/","title":{"rendered":"Heinz Nu\u00dfbaumer Toleranzpreistr\u00e4ger 2021"},"content":{"rendered":"<article class=\"item\">\n<h2><strong>PEN-Club und Stadt Villach w\u00fcrdigen &#8220;Pilger im Meer aufgeregter Stimmen&#8221;<\/strong><\/h2>\n<p>21.05.2021<\/p>\n<\/p>\n<\/p>\n<\/p>\n<\/p>\n<\/p>\n<p>Fresach \u2013 <strong>Der Journalist, Buchautor und Herausgeber der Wochenzeitung &#8220;Die Furche&#8221;, Heinz Nu\u00dfbaumer (77), wurde am Donnerstagabend in <span class=\"hl\">Fresach<\/span> mit dem Europ\u00e4ischen Toleranzpreis 2021 f\u00fcr Demokratie und Menschenrechte des \u00d6sterreichischen PEN-Club und der Stadt Villach ausgezeichnet. Nu\u00dfbaumer sei Br\u00fcckenbauer und &#8220;Pilger im Meer aufgeregter Stimmen&#8221;, so die Begr\u00fcndung der Jury. <\/strong> <a href=\"http:\/\/www.fresach.org\" rel=\"nofollow\" target=\"_blank\">http:\/\/www.<span class=\"hl\">fresach<\/span>.org<\/a> <\/p>\n<p>Nu\u00dfbaumer z\u00e4hlt zu den profiliertesten Au\u00dfenpolitik-Journalisten des Landes, von 1990 bis 1999 war er au\u00dferdem Berater und Pressechef der \u00f6sterreichischen Pr\u00e4sidentschaftskanzlei, danach Gastgeber der ORF-Sendung philosophicum und Leiter von Religionsdiskussionen wie &#8220;kreuz und quer&#8221;. Er moderierte zahlreiche internationale Konferenzen wie &#8220;Islam in a Pluralistic World&#8221; oder &#8220;Dialog der Kulturen und Religionen&#8221; und verwaltet den Nachlass von Hugo Portisch.\n<\/p>\n<p><strong> Die Begr\u00fcndung der Jury im Wortlaut<\/strong> <\/p>\n<p>Inmitten des Chors aufgeregter Stimmen, die rasch im Urteil sind und nicht verstehen k\u00f6nnen, dass die ganze Welt die gr\u00f6\u00dfere Heimat ist, in der andere Kulturen nicht Gegner sind, sondern Partner, hat Heinz Nu\u00dfbaumer unbeirrbar aber verst\u00e4ndnisvoll, lernbereit und aufnahmef\u00e4hig seine vielen, sich selbst auferlegten Verpflichtungen wahrgenommen.\n<\/p>\n<p>So manche tragikomische Belanglosigkeit aus heimischen Gefilden hat er mit der geb\u00fchrenden Nachsicht hingenommen und sich dem Wesentlichen verschrieben: dem Zwiegespr\u00e4ch, das unterschiedliche Kulturen zueinander f\u00fchren soll. Dies nicht mit dem Ziel, diese zu einer eigenschaftslosen Einheit zu verschmelzen, sondern die Unterschiedlichkeit w\u00fcrdigend.\n<\/p>\n<p>Das Ergebnis ist, dass Heinz Nu\u00dfbaumer von Christen unterschiedlicher Konfessionen ebenso gew\u00fcrdigt wird wie von Muslimen verschiedener Richtungen. Er ist &#8211; kurz gesagt &#8211; ein Pilger zum Gedankentempel der Einsicht, in dem alle Menschen mit ihren unterschiedlichen Motiven und Traditionen &#8211; wenn sie guten Willens sind &#8211; ein Zuhause finden.&#8221;\n<\/p>\n<p><strong> Der M\u00f6nch vom Athos<\/strong> <\/p>\n<p>Der &#8220;stille&#8221; Beobachter Heinz Nu\u00dfbaumer wurde einer breiteren \u00d6ffentlichkeit auch durch seinen 2006 ver\u00f6ffentlichten Buchbestseller &#8220;Der M\u00f6nch in mir &#8230; Erlebnisse eines Athospilgers&#8221; bekannt. Darin schildert er seine ganz pers\u00f6nlichen Erfahrungen auf seinen Pilgerreisen in die griechische M\u00f6nchsrepublik Athos. Der fr\u00fchere orthodoxe Metropolit Michael Staikos nannte das Buch &#8220;ein wahres Geschenk&#8221;. Das Werk war 25 Wochen in den Bestsellerlisten, wurde in zahlreiche Sprachen \u00fcbersetzt und zuletzt 2014 von Hubert von Goisern als H\u00f6rbuch produziert.\n<\/p>\n<p>Fotos vom PEN-Forum in <span class=\"hl\">Fresach<\/span>: <a href=\"https:\/\/fotodienst.pressetext.com\/album\/3762\" rel=\"nofollow\" target=\"_blank\">https:\/\/fotodienst.pressetext.com\/album\/3762<\/a><br \/> Videobeitrag auf YouTube: <a href=\"https:\/\/www.youtube.com\/watch?v=-17Uzv0Hbf8\" rel=\"nofollow\" target=\"_blank\">https:\/\/www.youtube.com\/watch?v=-17Uzv0Hbf8<\/a><\/p>\n<\/article>\n","protected":false},"excerpt":{"rendered":"<p>PEN-Club und Stadt Villach w\u00fcrdigen &#8220;Pilger im Meer aufgeregter Stimmen&#8221; 21.05.2021 Fresach \u2013 Der Journalist, Buchautor und Herausgeber der Wochenzeitung &#8220;Die Furche&#8221;, Heinz Nu\u00dfbaumer (77), wurde am Donnerstagabend in Fresach mit dem Europ\u00e4ischen Toleranzpreis 2021 f\u00fcr Demokratie und Menschenrechte des \u00d6sterreichischen PEN-Club und der Stadt Villach ausgezeichnet. Nu\u00dfbaumer sei Br\u00fcckenbauer und &#8220;Pilger im Meer aufgeregter&hellip;<\/p>\n","protected":false},"author":2,"featured_media":9787,"comment_status":"closed","ping_status":"closed","sticky":false,"template":"","format":"standard","meta":{"footnotes":""},"categories":[3],"tags":[],"class_list":["post-9788","post","type-post","status-publish","format-standard","has-post-thumbnail","hentry","category-news","category-3","description-off"],"yoast_head":"<!-- This site is optimized with the Yoast SEO plugin v26.3 - https:\/\/yoast.com\/wordpress\/plugins\/seo\/ -->\n<title>Heinz Nu\u00dfbaumer Toleranzpreistr\u00e4ger 2021 - Temmel | Seywald - Corporate Communications<\/title>\n<meta name=\"robots\" content=\"index, follow, max-snippet:-1, max-image-preview:large, max-video-preview:-1\" \/>\n<link rel=\"canonical\" href=\"https:\/\/www.tsp.at\/en\/2021\/05\/21\/heinz-nussbaumer-toleranzpreistraeger-2021\/\" \/>\n<meta property=\"og:locale\" content=\"en_US\" \/>\n<meta property=\"og:type\" content=\"article\" \/>\n<meta property=\"og:title\" content=\"Heinz Nu\u00dfbaumer Toleranzpreistr\u00e4ger 2021 - Temmel | Seywald - Corporate Communications\" \/>\n<meta property=\"og:description\" content=\"PEN-Club und Stadt Villach w\u00fcrdigen &#8220;Pilger im Meer aufgeregter Stimmen&#8221; 21.05.2021 Fresach \u2013 Der Journalist, Buchautor und Herausgeber der Wochenzeitung &#8220;Die Furche&#8221;, Heinz Nu\u00dfbaumer (77), wurde am Donnerstagabend in Fresach mit dem Europ\u00e4ischen Toleranzpreis 2021 f\u00fcr Demokratie und Menschenrechte des \u00d6sterreichischen PEN-Club und der Stadt Villach ausgezeichnet. Nu\u00dfbaumer sei Br\u00fcckenbauer und &#8220;Pilger im Meer aufgeregter&hellip;\" \/>\n<meta property=\"og:url\" content=\"https:\/\/www.tsp.at\/en\/2021\/05\/21\/heinz-nussbaumer-toleranzpreistraeger-2021\/\" \/>\n<meta property=\"og:site_name\" content=\"Temmel | Seywald - Corporate Communications\" \/>\n<meta property=\"article:publisher\" content=\"https:\/\/www.facebook.com\/TemmelSeywald\" \/>\n<meta property=\"article:published_time\" content=\"2021-05-21T08:54:00+00:00\" \/>\n<meta property=\"article:modified_time\" content=\"2025-10-21T12:52:24+00:00\" \/>\n<meta property=\"og:image\" content=\"https:\/\/www.tsp.at\/wp-content\/uploads\/2025\/10\/photo1-3.jpg\" \/>\n\t<meta property=\"og:image:width\" content=\"2100\" \/>\n\t<meta property=\"og:image:height\" content=\"1400\" \/>\n\t<meta property=\"og:image:type\" content=\"image\/jpeg\" \/>\n<meta name=\"author\" content=\"TSP Redaktion\" \/>\n<meta name=\"twitter:card\" content=\"summary_large_image\" \/>\n<meta name=\"twitter:label1\" content=\"Written by\" \/>\n\t<meta name=\"twitter:data1\" content=\"TSP Redaktion\" \/>\n\t<meta name=\"twitter:label2\" content=\"Est. reading time\" \/>\n\t<meta name=\"twitter:data2\" content=\"3 minutes\" \/>\n<script type=\"application\/ld+json\" class=\"yoast-schema-graph\">{\"@context\":\"https:\/\/schema.org\",\"@graph\":[{\"@type\":\"Article\",\"@id\":\"https:\/\/www.tsp.at\/en\/2021\/05\/21\/heinz-nussbaumer-toleranzpreistraeger-2021\/#article\",\"isPartOf\":{\"@id\":\"https:\/\/www.tsp.at\/en\/2021\/05\/21\/heinz-nussbaumer-toleranzpreistraeger-2021\/\"},\"author\":{\"name\":\"TSP Redaktion\",\"@id\":\"https:\/\/www.tsp.at\/en\/#\/schema\/person\/1ba5600c29da17b902b0925cea567f8a\"},\"headline\":\"Heinz Nu\u00dfbaumer Toleranzpreistr\u00e4ger 2021\",\"datePublished\":\"2021-05-21T08:54:00+00:00\",\"dateModified\":\"2025-10-21T12:52:24+00:00\",\"mainEntityOfPage\":{\"@id\":\"https:\/\/www.tsp.at\/en\/2021\/05\/21\/heinz-nussbaumer-toleranzpreistraeger-2021\/\"},\"wordCount\":396,\"publisher\":{\"@id\":\"https:\/\/www.tsp.at\/en\/#organization\"},\"image\":{\"@id\":\"https:\/\/www.tsp.at\/en\/2021\/05\/21\/heinz-nussbaumer-toleranzpreistraeger-2021\/#primaryimage\"},\"thumbnailUrl\":\"https:\/\/www.tsp.at\/wp-content\/uploads\/2025\/10\/photo1-3.jpg\",\"articleSection\":[\"News\"],\"inLanguage\":\"en-US\"},{\"@type\":\"WebPage\",\"@id\":\"https:\/\/www.tsp.at\/en\/2021\/05\/21\/heinz-nussbaumer-toleranzpreistraeger-2021\/\",\"url\":\"https:\/\/www.tsp.at\/en\/2021\/05\/21\/heinz-nussbaumer-toleranzpreistraeger-2021\/\",\"name\":\"Heinz Nu\u00dfbaumer Toleranzpreistr\u00e4ger 2021 - Temmel | Seywald - Corporate Communications\",\"isPartOf\":{\"@id\":\"https:\/\/www.tsp.at\/en\/#website\"},\"primaryImageOfPage\":{\"@id\":\"https:\/\/www.tsp.at\/en\/2021\/05\/21\/heinz-nussbaumer-toleranzpreistraeger-2021\/#primaryimage\"},\"image\":{\"@id\":\"https:\/\/www.tsp.at\/en\/2021\/05\/21\/heinz-nussbaumer-toleranzpreistraeger-2021\/#primaryimage\"},\"thumbnailUrl\":\"https:\/\/www.tsp.at\/wp-content\/uploads\/2025\/10\/photo1-3.jpg\",\"datePublished\":\"2021-05-21T08:54:00+00:00\",\"dateModified\":\"2025-10-21T12:52:24+00:00\",\"breadcrumb\":{\"@id\":\"https:\/\/www.tsp.at\/en\/2021\/05\/21\/heinz-nussbaumer-toleranzpreistraeger-2021\/#breadcrumb\"},\"inLanguage\":\"en-US\",\"potentialAction\":[{\"@type\":\"ReadAction\",\"target\":[\"https:\/\/www.tsp.at\/en\/2021\/05\/21\/heinz-nussbaumer-toleranzpreistraeger-2021\/\"]}]},{\"@type\":\"ImageObject\",\"inLanguage\":\"en-US\",\"@id\":\"https:\/\/www.tsp.at\/en\/2021\/05\/21\/heinz-nussbaumer-toleranzpreistraeger-2021\/#primaryimage\",\"url\":\"https:\/\/www.tsp.at\/wp-content\/uploads\/2025\/10\/photo1-3.jpg\",\"contentUrl\":\"https:\/\/www.tsp.at\/wp-content\/uploads\/2025\/10\/photo1-3.jpg\",\"width\":2100,\"height\":1400,\"caption\":\"Der Autor, Journalist und Herausgeber Prof. Heinz Nu\u00dfbaumer wurde am Donnerstag abend in Fresach (K\u00e4rnten) mit dem Europ\u00e4ischen Toleranzpreis f\u00fcr Demokratie und Menschenrechte der Stadt Villach und des \u00d6sterreichischen PEN-Club ausgezeichnet.\"},{\"@type\":\"BreadcrumbList\",\"@id\":\"https:\/\/www.tsp.at\/en\/2021\/05\/21\/heinz-nussbaumer-toleranzpreistraeger-2021\/#breadcrumb\",\"itemListElement\":[{\"@type\":\"ListItem\",\"position\":1,\"name\":\"Startseite\",\"item\":\"https:\/\/www.tsp.at\/en\/\"},{\"@type\":\"ListItem\",\"position\":2,\"name\":\"Heinz Nu\u00dfbaumer Toleranzpreistr\u00e4ger 2021\"}]},{\"@type\":\"WebSite\",\"@id\":\"https:\/\/www.tsp.at\/en\/#website\",\"url\":\"https:\/\/www.tsp.at\/en\/\",\"name\":\"Temmel | Seywald - Corporate Communications\",\"description\":\"Kommunikation ist Beziehungsarbeit\",\"publisher\":{\"@id\":\"https:\/\/www.tsp.at\/en\/#organization\"},\"potentialAction\":[{\"@type\":\"SearchAction\",\"target\":{\"@type\":\"EntryPoint\",\"urlTemplate\":\"https:\/\/www.tsp.at\/en\/?s={search_term_string}\"},\"query-input\":{\"@type\":\"PropertyValueSpecification\",\"valueRequired\":true,\"valueName\":\"search_term_string\"}}],\"inLanguage\":\"en-US\"},{\"@type\":\"Organization\",\"@id\":\"https:\/\/www.tsp.at\/en\/#organization\",\"name\":\"Temmel, Seywald & Partner Communications GesmbH\",\"alternateName\":\"TSP\",\"url\":\"https:\/\/www.tsp.at\/en\/\",\"logo\":{\"@type\":\"ImageObject\",\"inLanguage\":\"en-US\",\"@id\":\"https:\/\/www.tsp.at\/en\/#\/schema\/logo\/image\/\",\"url\":\"https:\/\/www.tsp.at\/wp-content\/uploads\/2025\/10\/favicontsp.png\",\"contentUrl\":\"https:\/\/www.tsp.at\/wp-content\/uploads\/2025\/10\/favicontsp.png\",\"width\":125,\"height\":125,\"caption\":\"Temmel, Seywald & Partner Communications GesmbH\"},\"image\":{\"@id\":\"https:\/\/www.tsp.at\/en\/#\/schema\/logo\/image\/\"},\"sameAs\":[\"https:\/\/www.facebook.com\/TemmelSeywald\"]},{\"@type\":\"Person\",\"@id\":\"https:\/\/www.tsp.at\/en\/#\/schema\/person\/1ba5600c29da17b902b0925cea567f8a\",\"name\":\"TSP Redaktion\"}]}<\/script>\n<!-- \/ Yoast SEO plugin. -->","yoast_head_json":{"title":"Heinz Nu\u00dfbaumer Toleranzpreistr\u00e4ger 2021 - Temmel | Seywald - Corporate Communications","robots":{"index":"index","follow":"follow","max-snippet":"max-snippet:-1","max-image-preview":"max-image-preview:large","max-video-preview":"max-video-preview:-1"},"canonical":"https:\/\/www.tsp.at\/en\/2021\/05\/21\/heinz-nussbaumer-toleranzpreistraeger-2021\/","og_locale":"en_US","og_type":"article","og_title":"Heinz Nu\u00dfbaumer Toleranzpreistr\u00e4ger 2021 - Temmel | Seywald - Corporate Communications","og_description":"PEN-Club und Stadt Villach w\u00fcrdigen &#8220;Pilger im Meer aufgeregter Stimmen&#8221; 21.05.2021 Fresach \u2013 Der Journalist, Buchautor und Herausgeber der Wochenzeitung &#8220;Die Furche&#8221;, Heinz Nu\u00dfbaumer (77), wurde am Donnerstagabend in Fresach mit dem Europ\u00e4ischen Toleranzpreis 2021 f\u00fcr Demokratie und Menschenrechte des \u00d6sterreichischen PEN-Club und der Stadt Villach ausgezeichnet. Nu\u00dfbaumer sei Br\u00fcckenbauer und &#8220;Pilger im Meer aufgeregter&hellip;","og_url":"https:\/\/www.tsp.at\/en\/2021\/05\/21\/heinz-nussbaumer-toleranzpreistraeger-2021\/","og_site_name":"Temmel | Seywald - Corporate Communications","article_publisher":"https:\/\/www.facebook.com\/TemmelSeywald","article_published_time":"2021-05-21T08:54:00+00:00","article_modified_time":"2025-10-21T12:52:24+00:00","og_image":[{"width":2100,"height":1400,"url":"https:\/\/www.tsp.at\/wp-content\/uploads\/2025\/10\/photo1-3.jpg","type":"image\/jpeg"}],"author":"TSP Redaktion","twitter_card":"summary_large_image","twitter_misc":{"Written by":"TSP Redaktion","Est. reading time":"3 minutes"},"schema":{"@context":"https:\/\/schema.org","@graph":[{"@type":"Article","@id":"https:\/\/www.tsp.at\/en\/2021\/05\/21\/heinz-nussbaumer-toleranzpreistraeger-2021\/#article","isPartOf":{"@id":"https:\/\/www.tsp.at\/en\/2021\/05\/21\/heinz-nussbaumer-toleranzpreistraeger-2021\/"},"author":{"name":"TSP Redaktion","@id":"https:\/\/www.tsp.at\/en\/#\/schema\/person\/1ba5600c29da17b902b0925cea567f8a"},"headline":"Heinz Nu\u00dfbaumer Toleranzpreistr\u00e4ger 2021","datePublished":"2021-05-21T08:54:00+00:00","dateModified":"2025-10-21T12:52:24+00:00","mainEntityOfPage":{"@id":"https:\/\/www.tsp.at\/en\/2021\/05\/21\/heinz-nussbaumer-toleranzpreistraeger-2021\/"},"wordCount":396,"publisher":{"@id":"https:\/\/www.tsp.at\/en\/#organization"},"image":{"@id":"https:\/\/www.tsp.at\/en\/2021\/05\/21\/heinz-nussbaumer-toleranzpreistraeger-2021\/#primaryimage"},"thumbnailUrl":"https:\/\/www.tsp.at\/wp-content\/uploads\/2025\/10\/photo1-3.jpg","articleSection":["News"],"inLanguage":"en-US"},{"@type":"WebPage","@id":"https:\/\/www.tsp.at\/en\/2021\/05\/21\/heinz-nussbaumer-toleranzpreistraeger-2021\/","url":"https:\/\/www.tsp.at\/en\/2021\/05\/21\/heinz-nussbaumer-toleranzpreistraeger-2021\/","name":"Heinz Nu\u00dfbaumer Toleranzpreistr\u00e4ger 2021 - Temmel | Seywald - Corporate Communications","isPartOf":{"@id":"https:\/\/www.tsp.at\/en\/#website"},"primaryImageOfPage":{"@id":"https:\/\/www.tsp.at\/en\/2021\/05\/21\/heinz-nussbaumer-toleranzpreistraeger-2021\/#primaryimage"},"image":{"@id":"https:\/\/www.tsp.at\/en\/2021\/05\/21\/heinz-nussbaumer-toleranzpreistraeger-2021\/#primaryimage"},"thumbnailUrl":"https:\/\/www.tsp.at\/wp-content\/uploads\/2025\/10\/photo1-3.jpg","datePublished":"2021-05-21T08:54:00+00:00","dateModified":"2025-10-21T12:52:24+00:00","breadcrumb":{"@id":"https:\/\/www.tsp.at\/en\/2021\/05\/21\/heinz-nussbaumer-toleranzpreistraeger-2021\/#breadcrumb"},"inLanguage":"en-US","potentialAction":[{"@type":"ReadAction","target":["https:\/\/www.tsp.at\/en\/2021\/05\/21\/heinz-nussbaumer-toleranzpreistraeger-2021\/"]}]},{"@type":"ImageObject","inLanguage":"en-US","@id":"https:\/\/www.tsp.at\/en\/2021\/05\/21\/heinz-nussbaumer-toleranzpreistraeger-2021\/#primaryimage","url":"https:\/\/www.tsp.at\/wp-content\/uploads\/2025\/10\/photo1-3.jpg","contentUrl":"https:\/\/www.tsp.at\/wp-content\/uploads\/2025\/10\/photo1-3.jpg","width":2100,"height":1400,"caption":"Der Autor, Journalist und Herausgeber Prof. Heinz Nu\u00dfbaumer wurde am Donnerstag abend in Fresach (K\u00e4rnten) mit dem Europ\u00e4ischen Toleranzpreis f\u00fcr Demokratie und Menschenrechte der Stadt Villach und des \u00d6sterreichischen PEN-Club ausgezeichnet."},{"@type":"BreadcrumbList","@id":"https:\/\/www.tsp.at\/en\/2021\/05\/21\/heinz-nussbaumer-toleranzpreistraeger-2021\/#breadcrumb","itemListElement":[{"@type":"ListItem","position":1,"name":"Startseite","item":"https:\/\/www.tsp.at\/en\/"},{"@type":"ListItem","position":2,"name":"Heinz Nu\u00dfbaumer Toleranzpreistr\u00e4ger 2021"}]},{"@type":"WebSite","@id":"https:\/\/www.tsp.at\/en\/#website","url":"https:\/\/www.tsp.at\/en\/","name":"Temmel | Seywald - Corporate Communications","description":"Kommunikation ist Beziehungsarbeit","publisher":{"@id":"https:\/\/www.tsp.at\/en\/#organization"},"potentialAction":[{"@type":"SearchAction","target":{"@type":"EntryPoint","urlTemplate":"https:\/\/www.tsp.at\/en\/?s={search_term_string}"},"query-input":{"@type":"PropertyValueSpecification","valueRequired":true,"valueName":"search_term_string"}}],"inLanguage":"en-US"},{"@type":"Organization","@id":"https:\/\/www.tsp.at\/en\/#organization","name":"Temmel, Seywald & Partner Communications GesmbH","alternateName":"TSP","url":"https:\/\/www.tsp.at\/en\/","logo":{"@type":"ImageObject","inLanguage":"en-US","@id":"https:\/\/www.tsp.at\/en\/#\/schema\/logo\/image\/","url":"https:\/\/www.tsp.at\/wp-content\/uploads\/2025\/10\/favicontsp.png","contentUrl":"https:\/\/www.tsp.at\/wp-content\/uploads\/2025\/10\/favicontsp.png","width":125,"height":125,"caption":"Temmel, Seywald & Partner Communications GesmbH"},"image":{"@id":"https:\/\/www.tsp.at\/en\/#\/schema\/logo\/image\/"},"sameAs":["https:\/\/www.facebook.com\/TemmelSeywald"]},{"@type":"Person","@id":"https:\/\/www.tsp.at\/en\/#\/schema\/person\/1ba5600c29da17b902b0925cea567f8a","name":"TSP Redaktion"}]}},"_links":{"self":[{"href":"https:\/\/www.tsp.at\/en\/wp-json\/wp\/v2\/posts\/9788","targetHints":{"allow":["GET"]}}],"collection":[{"href":"https:\/\/www.tsp.at\/en\/wp-json\/wp\/v2\/posts"}],"about":[{"href":"https:\/\/www.tsp.at\/en\/wp-json\/wp\/v2\/types\/post"}],"author":[{"embeddable":true,"href":"https:\/\/www.tsp.at\/en\/wp-json\/wp\/v2\/users\/2"}],"replies":[{"embeddable":true,"href":"https:\/\/www.tsp.at\/en\/wp-json\/wp\/v2\/comments?post=9788"}],"version-history":[{"count":1,"href":"https:\/\/www.tsp.at\/en\/wp-json\/wp\/v2\/posts\/9788\/revisions"}],"predecessor-version":[{"id":11303,"href":"https:\/\/www.tsp.at\/en\/wp-json\/wp\/v2\/posts\/9788\/revisions\/11303"}],"wp:featuredmedia":[{"embeddable":true,"href":"https:\/\/www.tsp.at\/en\/wp-json\/wp\/v2\/media\/9787"}],"wp:attachment":[{"href":"https:\/\/www.tsp.at\/en\/wp-json\/wp\/v2\/media?parent=9788"}],"wp:term":[{"taxonomy":"category","embeddable":true,"href":"https:\/\/www.tsp.at\/en\/wp-json\/wp\/v2\/categories?post=9788"},{"taxonomy":"post_tag","embeddable":true,"href":"https:\/\/www.tsp.at\/en\/wp-json\/wp\/v2\/tags?post=9788"}],"curies":[{"name":"wp","href":"https:\/\/api.w.org\/{rel}","templated":true}]}}