{"id":9792,"date":"2021-05-11T10:48:00","date_gmt":"2021-05-11T08:48:00","guid":{"rendered":"https:\/\/staging.tsp.at\/2021\/05\/11\/tischtennis-weltklasse-bei-toleranzgespraechen\/"},"modified":"2025-10-21T14:52:24","modified_gmt":"2025-10-21T12:52:24","slug":"tischtennis-weltklasse-bei-toleranzgespraechen","status":"publish","type":"post","link":"https:\/\/www.tsp.at\/en\/2021\/05\/11\/tischtennis-weltklasse-bei-toleranzgespraechen\/","title":{"rendered":"Tischtennis-Weltklasse bei Toleranzgespr\u00e4chen"},"content":{"rendered":"<article class=\"item\">\n<h2><strong>Weltmeister und Paralympics-Sieger Jochen Wollmert am 19. Mai in Klagenfurt<\/strong><\/h2>\n<p>11.05.2021<\/p>\n<\/p>\n<\/p>\n<\/p>\n<\/p>\n<\/p>\n<p>Klagenfurt \u2013 <strong>Zur Er\u00f6ffnung der Europ\u00e4ischen Toleranzgespr\u00e4che 2021 gastiert die internationale Tischtennis-Elite in K\u00e4rnten. Der mehrfache Weltmeister und Paralympics-Sieger Jochen Wollmert aus Wuppertal (56) tritt am Mittwoch 19. Mai um 18 Uhr im Klagenfurter Tischtennis-Leistungszentrum (KTTV) gegen den \u00f6sterreichischen Spitzenspieler Krisztian Gardos (46) an. Die Veranstaltung wird live im Internet \u00fcbertragen und von ORF-Moderator Tono H\u00f6nigmann kommentiert. <\/strong><a href=\"https:\/\/www.youtube.com\/watch?v=kzKtVedv2gE\" rel=\"nofollow\" target=\"_blank\">https:\/\/www.youtube.com\/watch?v=kzKtVedv2gE<\/a> <\/p>\n<p>Wollmert ist mehrfacher Weltmeister und Paralympics-Sieger sowie erster deutscher Tr\u00e4ger der Pierre-de-Coubertin-Medaille, die weltweit h\u00f6chste W\u00fcrdigung f\u00fcr faires Verhalten im Sport. Der f\u00fcnffache Olympiasieger will im Sommer 2021 in Tokio noch einmal in den Ring steigen. Sein Gegner, der geb\u00fcrtige Ungar Krisztian Gardos (46), hat 2016 bei den Paralympics Bronze im Einzel Klasse 10 und 2018 bei den Weltmeisterschaften ebenso Bronze im Einzel Klasse 10 gewonnen. Er stammt aus einer Tischtennis-Dynastie, schon seine Eltern waren Trainer.\n<\/p>\n<p>Als \u00dcberraschungsgast wird der \u00f6sterreichische Tischtennis-Nationalspieler Stefan Fegerl (33) gegen Jochen Wollmert antreten. Er ist seit 2013 in der Top 100 Weltrangliste vertreten und nahm bisher an 10 Weltmeisterschaften teil. Mit der Nationalmannschaft gewann er Bronze bei den Europaspielen 2015 in Baku und den Titel im Doppel bei der Europameisterschaft 2015 in Jekaterinburg. Der \u00f6sterreichische Tischtennismeister und ETTU-Cupsieger 2016 spielt seit f\u00fcnf Jahren in der deutschen Bundesliga und wurde 2019 Deutscher Tischtennis-Meister.\n<\/p>\n<p><strong>Jahresthema FAIRNESS als Hintergrund<\/strong> <\/p>\n<p>Die Er\u00f6ffnungsveranstaltung im KTTV-Leistungszentrum ist coronabedingt nur f\u00fcr eine Handvoll Funktion\u00e4re und Besucher zug\u00e4nglich. Daher wird der Wettkampf live im Internet \u00fcbertragen. Hintergrund f\u00fcr die Idee zum Schaukampf ist das Jahresthema FAIRNESS der Toleranzgespr\u00e4che, das mit Jochen Wollmert ein prominentes Aush\u00e4ngeschild hat. Wollmert hat f\u00fcr sein faires Verhalten bei den Paralympics in London mit der Pierre-de-Coubertin-Medaille die h\u00f6chste Auszeichnung erhalten, die im Sport vergeben wird.\n<\/p>\n<p>Jochen Wollmert wird Mittwoch Vormittag (19. Mai, 11 Uhr) im Rahmen des Jugendforums der Europ\u00e4ischen Toleranzgespr\u00e4che \u00fcber seinen Weg &#8220;Mit Fairness Weltklasse&#8221; berichten. Livestream auf YouTube <a href=\"https:\/\/www.youtube.com\/watch?v=5_u8Ys32ywo\" rel=\"nofollow\" target=\"_blank\">https:\/\/www.youtube.com\/watch?v=5_u8Ys32ywo<\/a> und auf Facebook: <a href=\"https:\/\/www.facebook.com\/events\/890515181728589\" rel=\"nofollow\" target=\"_blank\">https:\/\/www.facebook.com\/events\/890515181728589<\/a> <\/p>\n<p>Erm\u00f6glicht wurde die Veranstaltung durch die \u00f6sterreichische Tischtennis-Bundesliga, namentlich \u00d6TTV-Vorstand Fank Mair und dem Pr\u00e4sidenten des K\u00e4rntner Tischtennis Verbands, Hubert Dobrounig. Der Livestream zum Schaukampf kann auch auf Facebook verfolgt werden. <a href=\"https:\/\/www.facebook.com\/events\/232959241959075\" rel=\"nofollow\" target=\"_blank\">https:\/\/www.facebook.com\/events\/232959241959075<\/a><\/p>\n<\/article>\n","protected":false},"excerpt":{"rendered":"<p>Weltmeister und Paralympics-Sieger Jochen Wollmert am 19. Mai in Klagenfurt 11.05.2021 Klagenfurt \u2013 Zur Er\u00f6ffnung der Europ\u00e4ischen Toleranzgespr\u00e4che 2021 gastiert die internationale Tischtennis-Elite in K\u00e4rnten. Der mehrfache Weltmeister und Paralympics-Sieger Jochen Wollmert aus Wuppertal (56) tritt am Mittwoch 19. Mai um 18 Uhr im Klagenfurter Tischtennis-Leistungszentrum (KTTV) gegen den \u00f6sterreichischen Spitzenspieler Krisztian Gardos (46) an.&hellip;<\/p>\n","protected":false},"author":2,"featured_media":9791,"comment_status":"closed","ping_status":"closed","sticky":false,"template":"","format":"standard","meta":{"footnotes":""},"categories":[3],"tags":[],"class_list":["post-9792","post","type-post","status-publish","format-standard","has-post-thumbnail","hentry","category-news","category-3","description-off"],"yoast_head":"<!-- This site is optimized with the Yoast SEO plugin v26.3 - https:\/\/yoast.com\/wordpress\/plugins\/seo\/ -->\n<title>Tischtennis-Weltklasse bei Toleranzgespr\u00e4chen - Temmel | Seywald - Corporate Communications<\/title>\n<meta name=\"robots\" content=\"index, follow, max-snippet:-1, max-image-preview:large, max-video-preview:-1\" \/>\n<link rel=\"canonical\" href=\"https:\/\/www.tsp.at\/en\/2021\/05\/11\/tischtennis-weltklasse-bei-toleranzgespraechen\/\" \/>\n<meta property=\"og:locale\" content=\"en_US\" \/>\n<meta property=\"og:type\" content=\"article\" \/>\n<meta property=\"og:title\" content=\"Tischtennis-Weltklasse bei Toleranzgespr\u00e4chen - Temmel | Seywald - Corporate Communications\" \/>\n<meta property=\"og:description\" content=\"Weltmeister und Paralympics-Sieger Jochen Wollmert am 19. Mai in Klagenfurt 11.05.2021 Klagenfurt \u2013 Zur Er\u00f6ffnung der Europ\u00e4ischen Toleranzgespr\u00e4che 2021 gastiert die internationale Tischtennis-Elite in K\u00e4rnten. Der mehrfache Weltmeister und Paralympics-Sieger Jochen Wollmert aus Wuppertal (56) tritt am Mittwoch 19. Mai um 18 Uhr im Klagenfurter Tischtennis-Leistungszentrum (KTTV) gegen den \u00f6sterreichischen Spitzenspieler Krisztian Gardos (46) an.&hellip;\" \/>\n<meta property=\"og:url\" content=\"https:\/\/www.tsp.at\/en\/2021\/05\/11\/tischtennis-weltklasse-bei-toleranzgespraechen\/\" \/>\n<meta property=\"og:site_name\" content=\"Temmel | Seywald - Corporate Communications\" \/>\n<meta property=\"article:publisher\" content=\"https:\/\/www.facebook.com\/TemmelSeywald\" \/>\n<meta property=\"article:published_time\" content=\"2021-05-11T08:48:00+00:00\" \/>\n<meta property=\"article:modified_time\" content=\"2025-10-21T12:52:24+00:00\" \/>\n<meta property=\"og:image\" content=\"https:\/\/www.tsp.at\/wp-content\/uploads\/2025\/10\/photo1-1_04.jpg\" \/>\n\t<meta property=\"og:image:width\" content=\"1280\" \/>\n\t<meta property=\"og:image:height\" content=\"720\" \/>\n\t<meta property=\"og:image:type\" content=\"image\/jpeg\" \/>\n<meta name=\"author\" content=\"TSP Redaktion\" \/>\n<meta name=\"twitter:card\" content=\"summary_large_image\" \/>\n<meta name=\"twitter:label1\" content=\"Written by\" \/>\n\t<meta name=\"twitter:data1\" content=\"TSP Redaktion\" \/>\n\t<meta name=\"twitter:label2\" content=\"Est. reading time\" \/>\n\t<meta name=\"twitter:data2\" content=\"3 minutes\" \/>\n<script type=\"application\/ld+json\" class=\"yoast-schema-graph\">{\"@context\":\"https:\/\/schema.org\",\"@graph\":[{\"@type\":\"Article\",\"@id\":\"https:\/\/www.tsp.at\/en\/2021\/05\/11\/tischtennis-weltklasse-bei-toleranzgespraechen\/#article\",\"isPartOf\":{\"@id\":\"https:\/\/www.tsp.at\/en\/2021\/05\/11\/tischtennis-weltklasse-bei-toleranzgespraechen\/\"},\"author\":{\"name\":\"TSP Redaktion\",\"@id\":\"https:\/\/www.tsp.at\/en\/#\/schema\/person\/1ba5600c29da17b902b0925cea567f8a\"},\"headline\":\"Tischtennis-Weltklasse bei Toleranzgespr\u00e4chen\",\"datePublished\":\"2021-05-11T08:48:00+00:00\",\"dateModified\":\"2025-10-21T12:52:24+00:00\",\"mainEntityOfPage\":{\"@id\":\"https:\/\/www.tsp.at\/en\/2021\/05\/11\/tischtennis-weltklasse-bei-toleranzgespraechen\/\"},\"wordCount\":378,\"publisher\":{\"@id\":\"https:\/\/www.tsp.at\/en\/#organization\"},\"image\":{\"@id\":\"https:\/\/www.tsp.at\/en\/2021\/05\/11\/tischtennis-weltklasse-bei-toleranzgespraechen\/#primaryimage\"},\"thumbnailUrl\":\"https:\/\/www.tsp.at\/wp-content\/uploads\/2025\/10\/photo1-1_04.jpg\",\"articleSection\":[\"News\"],\"inLanguage\":\"en-US\"},{\"@type\":\"WebPage\",\"@id\":\"https:\/\/www.tsp.at\/en\/2021\/05\/11\/tischtennis-weltklasse-bei-toleranzgespraechen\/\",\"url\":\"https:\/\/www.tsp.at\/en\/2021\/05\/11\/tischtennis-weltklasse-bei-toleranzgespraechen\/\",\"name\":\"Tischtennis-Weltklasse bei Toleranzgespr\u00e4chen - Temmel | Seywald - Corporate Communications\",\"isPartOf\":{\"@id\":\"https:\/\/www.tsp.at\/en\/#website\"},\"primaryImageOfPage\":{\"@id\":\"https:\/\/www.tsp.at\/en\/2021\/05\/11\/tischtennis-weltklasse-bei-toleranzgespraechen\/#primaryimage\"},\"image\":{\"@id\":\"https:\/\/www.tsp.at\/en\/2021\/05\/11\/tischtennis-weltklasse-bei-toleranzgespraechen\/#primaryimage\"},\"thumbnailUrl\":\"https:\/\/www.tsp.at\/wp-content\/uploads\/2025\/10\/photo1-1_04.jpg\",\"datePublished\":\"2021-05-11T08:48:00+00:00\",\"dateModified\":\"2025-10-21T12:52:24+00:00\",\"breadcrumb\":{\"@id\":\"https:\/\/www.tsp.at\/en\/2021\/05\/11\/tischtennis-weltklasse-bei-toleranzgespraechen\/#breadcrumb\"},\"inLanguage\":\"en-US\",\"potentialAction\":[{\"@type\":\"ReadAction\",\"target\":[\"https:\/\/www.tsp.at\/en\/2021\/05\/11\/tischtennis-weltklasse-bei-toleranzgespraechen\/\"]}]},{\"@type\":\"ImageObject\",\"inLanguage\":\"en-US\",\"@id\":\"https:\/\/www.tsp.at\/en\/2021\/05\/11\/tischtennis-weltklasse-bei-toleranzgespraechen\/#primaryimage\",\"url\":\"https:\/\/www.tsp.at\/wp-content\/uploads\/2025\/10\/photo1-1_04.jpg\",\"contentUrl\":\"https:\/\/www.tsp.at\/wp-content\/uploads\/2025\/10\/photo1-1_04.jpg\",\"width\":1280,\"height\":720,\"caption\":\"Der mehrfache Tischtennis-Weltmeister und Paralympics-Sieger Jochen Wollmert tritt am 19. Mai um 18.00 Uhr in Klagenfurt gegen den \u00f6sterreichischen Spitzenspieler Krisztian Gardos an.\"},{\"@type\":\"BreadcrumbList\",\"@id\":\"https:\/\/www.tsp.at\/en\/2021\/05\/11\/tischtennis-weltklasse-bei-toleranzgespraechen\/#breadcrumb\",\"itemListElement\":[{\"@type\":\"ListItem\",\"position\":1,\"name\":\"Startseite\",\"item\":\"https:\/\/www.tsp.at\/en\/\"},{\"@type\":\"ListItem\",\"position\":2,\"name\":\"Tischtennis-Weltklasse bei Toleranzgespr\u00e4chen\"}]},{\"@type\":\"WebSite\",\"@id\":\"https:\/\/www.tsp.at\/en\/#website\",\"url\":\"https:\/\/www.tsp.at\/en\/\",\"name\":\"Temmel | Seywald - Corporate Communications\",\"description\":\"Kommunikation ist Beziehungsarbeit\",\"publisher\":{\"@id\":\"https:\/\/www.tsp.at\/en\/#organization\"},\"potentialAction\":[{\"@type\":\"SearchAction\",\"target\":{\"@type\":\"EntryPoint\",\"urlTemplate\":\"https:\/\/www.tsp.at\/en\/?s={search_term_string}\"},\"query-input\":{\"@type\":\"PropertyValueSpecification\",\"valueRequired\":true,\"valueName\":\"search_term_string\"}}],\"inLanguage\":\"en-US\"},{\"@type\":\"Organization\",\"@id\":\"https:\/\/www.tsp.at\/en\/#organization\",\"name\":\"Temmel, Seywald & Partner Communications GesmbH\",\"alternateName\":\"TSP\",\"url\":\"https:\/\/www.tsp.at\/en\/\",\"logo\":{\"@type\":\"ImageObject\",\"inLanguage\":\"en-US\",\"@id\":\"https:\/\/www.tsp.at\/en\/#\/schema\/logo\/image\/\",\"url\":\"https:\/\/www.tsp.at\/wp-content\/uploads\/2025\/10\/favicontsp.png\",\"contentUrl\":\"https:\/\/www.tsp.at\/wp-content\/uploads\/2025\/10\/favicontsp.png\",\"width\":125,\"height\":125,\"caption\":\"Temmel, Seywald & Partner Communications GesmbH\"},\"image\":{\"@id\":\"https:\/\/www.tsp.at\/en\/#\/schema\/logo\/image\/\"},\"sameAs\":[\"https:\/\/www.facebook.com\/TemmelSeywald\"]},{\"@type\":\"Person\",\"@id\":\"https:\/\/www.tsp.at\/en\/#\/schema\/person\/1ba5600c29da17b902b0925cea567f8a\",\"name\":\"TSP Redaktion\"}]}<\/script>\n<!-- \/ Yoast SEO plugin. -->","yoast_head_json":{"title":"Tischtennis-Weltklasse bei Toleranzgespr\u00e4chen - Temmel | Seywald - Corporate Communications","robots":{"index":"index","follow":"follow","max-snippet":"max-snippet:-1","max-image-preview":"max-image-preview:large","max-video-preview":"max-video-preview:-1"},"canonical":"https:\/\/www.tsp.at\/en\/2021\/05\/11\/tischtennis-weltklasse-bei-toleranzgespraechen\/","og_locale":"en_US","og_type":"article","og_title":"Tischtennis-Weltklasse bei Toleranzgespr\u00e4chen - Temmel | Seywald - Corporate Communications","og_description":"Weltmeister und Paralympics-Sieger Jochen Wollmert am 19. Mai in Klagenfurt 11.05.2021 Klagenfurt \u2013 Zur Er\u00f6ffnung der Europ\u00e4ischen Toleranzgespr\u00e4che 2021 gastiert die internationale Tischtennis-Elite in K\u00e4rnten. Der mehrfache Weltmeister und Paralympics-Sieger Jochen Wollmert aus Wuppertal (56) tritt am Mittwoch 19. Mai um 18 Uhr im Klagenfurter Tischtennis-Leistungszentrum (KTTV) gegen den \u00f6sterreichischen Spitzenspieler Krisztian Gardos (46) an.&hellip;","og_url":"https:\/\/www.tsp.at\/en\/2021\/05\/11\/tischtennis-weltklasse-bei-toleranzgespraechen\/","og_site_name":"Temmel | Seywald - Corporate Communications","article_publisher":"https:\/\/www.facebook.com\/TemmelSeywald","article_published_time":"2021-05-11T08:48:00+00:00","article_modified_time":"2025-10-21T12:52:24+00:00","og_image":[{"width":1280,"height":720,"url":"https:\/\/www.tsp.at\/wp-content\/uploads\/2025\/10\/photo1-1_04.jpg","type":"image\/jpeg"}],"author":"TSP Redaktion","twitter_card":"summary_large_image","twitter_misc":{"Written by":"TSP Redaktion","Est. reading time":"3 minutes"},"schema":{"@context":"https:\/\/schema.org","@graph":[{"@type":"Article","@id":"https:\/\/www.tsp.at\/en\/2021\/05\/11\/tischtennis-weltklasse-bei-toleranzgespraechen\/#article","isPartOf":{"@id":"https:\/\/www.tsp.at\/en\/2021\/05\/11\/tischtennis-weltklasse-bei-toleranzgespraechen\/"},"author":{"name":"TSP Redaktion","@id":"https:\/\/www.tsp.at\/en\/#\/schema\/person\/1ba5600c29da17b902b0925cea567f8a"},"headline":"Tischtennis-Weltklasse bei Toleranzgespr\u00e4chen","datePublished":"2021-05-11T08:48:00+00:00","dateModified":"2025-10-21T12:52:24+00:00","mainEntityOfPage":{"@id":"https:\/\/www.tsp.at\/en\/2021\/05\/11\/tischtennis-weltklasse-bei-toleranzgespraechen\/"},"wordCount":378,"publisher":{"@id":"https:\/\/www.tsp.at\/en\/#organization"},"image":{"@id":"https:\/\/www.tsp.at\/en\/2021\/05\/11\/tischtennis-weltklasse-bei-toleranzgespraechen\/#primaryimage"},"thumbnailUrl":"https:\/\/www.tsp.at\/wp-content\/uploads\/2025\/10\/photo1-1_04.jpg","articleSection":["News"],"inLanguage":"en-US"},{"@type":"WebPage","@id":"https:\/\/www.tsp.at\/en\/2021\/05\/11\/tischtennis-weltklasse-bei-toleranzgespraechen\/","url":"https:\/\/www.tsp.at\/en\/2021\/05\/11\/tischtennis-weltklasse-bei-toleranzgespraechen\/","name":"Tischtennis-Weltklasse bei Toleranzgespr\u00e4chen - Temmel | Seywald - Corporate Communications","isPartOf":{"@id":"https:\/\/www.tsp.at\/en\/#website"},"primaryImageOfPage":{"@id":"https:\/\/www.tsp.at\/en\/2021\/05\/11\/tischtennis-weltklasse-bei-toleranzgespraechen\/#primaryimage"},"image":{"@id":"https:\/\/www.tsp.at\/en\/2021\/05\/11\/tischtennis-weltklasse-bei-toleranzgespraechen\/#primaryimage"},"thumbnailUrl":"https:\/\/www.tsp.at\/wp-content\/uploads\/2025\/10\/photo1-1_04.jpg","datePublished":"2021-05-11T08:48:00+00:00","dateModified":"2025-10-21T12:52:24+00:00","breadcrumb":{"@id":"https:\/\/www.tsp.at\/en\/2021\/05\/11\/tischtennis-weltklasse-bei-toleranzgespraechen\/#breadcrumb"},"inLanguage":"en-US","potentialAction":[{"@type":"ReadAction","target":["https:\/\/www.tsp.at\/en\/2021\/05\/11\/tischtennis-weltklasse-bei-toleranzgespraechen\/"]}]},{"@type":"ImageObject","inLanguage":"en-US","@id":"https:\/\/www.tsp.at\/en\/2021\/05\/11\/tischtennis-weltklasse-bei-toleranzgespraechen\/#primaryimage","url":"https:\/\/www.tsp.at\/wp-content\/uploads\/2025\/10\/photo1-1_04.jpg","contentUrl":"https:\/\/www.tsp.at\/wp-content\/uploads\/2025\/10\/photo1-1_04.jpg","width":1280,"height":720,"caption":"Der mehrfache Tischtennis-Weltmeister und Paralympics-Sieger Jochen Wollmert tritt am 19. Mai um 18.00 Uhr in Klagenfurt gegen den \u00f6sterreichischen Spitzenspieler Krisztian Gardos an."},{"@type":"BreadcrumbList","@id":"https:\/\/www.tsp.at\/en\/2021\/05\/11\/tischtennis-weltklasse-bei-toleranzgespraechen\/#breadcrumb","itemListElement":[{"@type":"ListItem","position":1,"name":"Startseite","item":"https:\/\/www.tsp.at\/en\/"},{"@type":"ListItem","position":2,"name":"Tischtennis-Weltklasse bei Toleranzgespr\u00e4chen"}]},{"@type":"WebSite","@id":"https:\/\/www.tsp.at\/en\/#website","url":"https:\/\/www.tsp.at\/en\/","name":"Temmel | Seywald - Corporate Communications","description":"Kommunikation ist Beziehungsarbeit","publisher":{"@id":"https:\/\/www.tsp.at\/en\/#organization"},"potentialAction":[{"@type":"SearchAction","target":{"@type":"EntryPoint","urlTemplate":"https:\/\/www.tsp.at\/en\/?s={search_term_string}"},"query-input":{"@type":"PropertyValueSpecification","valueRequired":true,"valueName":"search_term_string"}}],"inLanguage":"en-US"},{"@type":"Organization","@id":"https:\/\/www.tsp.at\/en\/#organization","name":"Temmel, Seywald & Partner Communications GesmbH","alternateName":"TSP","url":"https:\/\/www.tsp.at\/en\/","logo":{"@type":"ImageObject","inLanguage":"en-US","@id":"https:\/\/www.tsp.at\/en\/#\/schema\/logo\/image\/","url":"https:\/\/www.tsp.at\/wp-content\/uploads\/2025\/10\/favicontsp.png","contentUrl":"https:\/\/www.tsp.at\/wp-content\/uploads\/2025\/10\/favicontsp.png","width":125,"height":125,"caption":"Temmel, Seywald & Partner Communications GesmbH"},"image":{"@id":"https:\/\/www.tsp.at\/en\/#\/schema\/logo\/image\/"},"sameAs":["https:\/\/www.facebook.com\/TemmelSeywald"]},{"@type":"Person","@id":"https:\/\/www.tsp.at\/en\/#\/schema\/person\/1ba5600c29da17b902b0925cea567f8a","name":"TSP Redaktion"}]}},"_links":{"self":[{"href":"https:\/\/www.tsp.at\/en\/wp-json\/wp\/v2\/posts\/9792","targetHints":{"allow":["GET"]}}],"collection":[{"href":"https:\/\/www.tsp.at\/en\/wp-json\/wp\/v2\/posts"}],"about":[{"href":"https:\/\/www.tsp.at\/en\/wp-json\/wp\/v2\/types\/post"}],"author":[{"embeddable":true,"href":"https:\/\/www.tsp.at\/en\/wp-json\/wp\/v2\/users\/2"}],"replies":[{"embeddable":true,"href":"https:\/\/www.tsp.at\/en\/wp-json\/wp\/v2\/comments?post=9792"}],"version-history":[{"count":1,"href":"https:\/\/www.tsp.at\/en\/wp-json\/wp\/v2\/posts\/9792\/revisions"}],"predecessor-version":[{"id":11305,"href":"https:\/\/www.tsp.at\/en\/wp-json\/wp\/v2\/posts\/9792\/revisions\/11305"}],"wp:featuredmedia":[{"embeddable":true,"href":"https:\/\/www.tsp.at\/en\/wp-json\/wp\/v2\/media\/9791"}],"wp:attachment":[{"href":"https:\/\/www.tsp.at\/en\/wp-json\/wp\/v2\/media?parent=9792"}],"wp:term":[{"taxonomy":"category","embeddable":true,"href":"https:\/\/www.tsp.at\/en\/wp-json\/wp\/v2\/categories?post=9792"},{"taxonomy":"post_tag","embeddable":true,"href":"https:\/\/www.tsp.at\/en\/wp-json\/wp\/v2\/tags?post=9792"}],"curies":[{"name":"wp","href":"https:\/\/api.w.org\/{rel}","templated":true}]}}