{"id":9798,"date":"2021-04-19T13:02:00","date_gmt":"2021-04-19T11:02:00","guid":{"rendered":"https:\/\/staging.tsp.at\/2021\/04\/19\/globalisierungsphilosoph-sieht-zukunft-im-globalen-dorf\/"},"modified":"2025-10-21T14:52:24","modified_gmt":"2025-10-21T12:52:24","slug":"globalisierungsphilosoph-sieht-zukunft-im-globalen-dorf","status":"publish","type":"post","link":"https:\/\/www.tsp.at\/en\/2021\/04\/19\/globalisierungsphilosoph-sieht-zukunft-im-globalen-dorf\/","title":{"rendered":"Globalisierungsphilosoph sieht Zukunft im globalen Dorf"},"content":{"rendered":"<article class=\"item\">\n<h2><strong>Franz Nahrada \u00fcber die Chance f\u00fcr den l\u00e4ndlichen Raum nach Corona<\/strong><\/h2>\n<p>19.04.2021<\/p>\n<\/p>\n<\/p>\n<\/p>\n<\/p>\n<\/p>\n<p>Wien\/Radkersburg \u2013 Der \u00f6sterreichische Globalisierungsphilosoph und Digitalaktivist Franz Nahrada prophezeit eine Renaissance f\u00fcr den l\u00e4ndlichen Raum. Wenn selbst gro\u00dfe Prediger des Urbanen wie der niederl\u00e4ndische Architekt Rem Koolhaas davon sprechen, dass sich die interessanten Dinge jenseits der Grenzen von Metropolen abspielen, dann sollte die UNO-Prognose \u00fcber die weitere Verst\u00e4dterung revidiert werden, sagte Nahrada anl\u00e4sslich der bevorstehenden Europ\u00e4ischen Toleranzgespr\u00e4che zum Thema &#8220;Die neue Globalisierung&#8221;.\n<\/p>\n<p>Die Corona-Pandemie habe der Menschheit einen ziemlichen &#8220;Tritt in den Hintern&#8221; versetzt und gezeigt, dass wir die digitalen Technologien dazu einsetzen k\u00f6nnen, die Wirtschafts- und Stoffkreisl\u00e4ufe neu zu ordnen und dabei auch unseren Lebensort frei auszusuchen, sagte Nahrada im Online-Talk. Der l\u00e4ndliche Raum wird dadurch wieder breite Aufmerksamkeit erfahren, ist sich der Philosoph sicher: &#8220;Wir sind pl\u00f6tzlich wieder in der Situation, dass wir uns vorstellen k\u00f6nnen, am Land zu wohnen. Und auch, dass die offizielle UNO-Prognose &#8211; im Jahr 2050 w\u00fcrden 80 Prozent aller Menschen in den St\u00e4dten und gro\u00dfen Metropolen wohnen &#8211; doch nicht eintreten muss.&#8221;\n<\/p>\n<p>Und er erg\u00e4nzt: &#8220;Wenn die Zukunft der Menschheit wirklich im l\u00e4ndlichen Raum liegt, dann m\u00fcssen wir endlich anfangen, uns ernsthaft Gedanken machen, wie dieses Leben ausschauen k\u00f6nnte.&#8221; Nahrada weiter: &#8220;Ganz sicher hei\u00dft das nicht, dass wir alle Bauern werden, obwohl wir mehr mit Landwirten zu tun haben werden. Sondern das hei\u00dft, dass wir auf Grundlage der lokalen Kreisl\u00e4ufe eine F\u00fclle von neuen Berufen bekommen werden, die auch mit der Landwirtschaft zu tun haben, und quasi in Netzwerken Wissen sammeln und am jeweiligen Ort verf\u00fcgbar machen und weiterentwicklen.&#8221;\n<\/p>\n<p><strong>&#8220;Piazza telematica&#8221; als neues Dorfzentrum<\/strong> <\/p>\n<p>Nahrada schwebt dabei eine Wiederbelebung der entv\u00f6lkerten Dorf- und Stadtzentren vor. Indem man die vielerorts leeren Hauptpl\u00e4tze als &#8220;Piazza telematica&#8221; reaktiviert, bekommt die Mitte der Gemeinde, die Mitte auch und vor allem unserer Kleinst\u00e4dte pl\u00f6tzlich eine neue Bedeutung. &#8220;Wenn wir sagen, es geht jetzt nicht mehr prim\u00e4r um die Expansion nach au\u00dfen, sondern um das Hereinholen externer Netzwerke auf Interfaces, Bildschirme und Digitallabors in der Gemeinschaft, dann ist die r\u00e4umliche Struktur pl\u00f6tzlich nach innen ausgerichtet. Dann ist die Mitte des Dorfs ein Abbild der ganzen Welt.&#8221;\n<\/p>\n<p>Nahrada definiert die &#8220;Zukunft im digitalen Dorf&#8221; durchaus anschaulich. &#8220;Wenn mich jemand fragt: Was ist der Unterschied zwischen einem globalen Dorf und zum Beispiel einem \u00d6kodorf &#8211; vielleicht in einem Satz, dann ist es ein \u00d6kodorf, in dem die Metropolitan Opera aufgef\u00fchrt wird. Denn wir haben den ganzen Reichtum der menschlichen Kultur und des Wissens im Dorf digital verf\u00fcgbar und stehen in st\u00e4ndigem Austausch. Das betrifft alle Lebensbereiche, von der Gesundheit (der Diagnose und Betreuung \u00fcbers Netz) bis zum Ma\u00dfschuherzeuger, der online verkauft. Die Zukunft bedeutet, dass wir mit den unmittelbaren Menschen und ihren Bed\u00fcrfnissen wieder mehr zu tun haben, aber gleichzeitig entsteht \u00fcber die globale Vernetzung ein gro\u00dfes verteiltes Produktionsnetzwerk dahinter.\n<\/p>\n<p><strong>Politische Aufgabenstellung<\/strong> <\/p>\n<p>Franz Nahrada diskutierte bereits in den 1980er- und 1990er-Jahren mit den gro\u00dfen Vision\u00e4ren in Kalifornien \u00fcber die Notwendigkeit, dass mit der digitalen Innovation auch eine soziale Transformation der Gesellschaft einhergehen muss, da bestehende Machtverh\u00e4ltnisse ansonsten weiter zementiert werden und sich sogar grotesk ausdehnen (siehe die aktuellen Entwicklungen). Ausgehend von der schon damals einsetzenden Landflucht in Griechenland und anderen Regionen stellte sich der Digitalaktivist die Frage, wie man die D\u00f6rfer wieder zu vollwertigen Lebensumgebungen machen k\u00f6nnte, &#8220;damit die jungen Leute nicht abhauen m\u00fcssen&#8221;.\n<\/p>\n<p>Und das ist neu, sagte Nahrada: &#8220;Digitale Technolgien haben das Potenzial menschliche Lebensr\u00e4ume zu ver\u00e4ndern, weil sie uns mit der Welt verbinden.&#8221; Und nicht nur das. &#8220;Sie k\u00f6nnen uns in einer Spiralbewegung wieder in die Umgebung zur\u00fcckbringen, aus der wir kommen, aus der Natur, aus kleinen Gemeinschaften &#8211; aber weiterhin wie die St\u00e4dte verbunden mit der ganzen Welt.&#8221; Die \u00fcbergreifende Vision sei, lokale Gemeinschaften mit den neuen Technologien in einen v\u00f6llig anderen Zusammenhang mit der Welt zu bringen &#8211; das sei f\u00fcr ihn, Nahrada, auch eine politische Aufgabenstellung geworden. Das Dorf soll wieder Mittelpunkt der Welt werden und nicht nur Anh\u00e4ngsel der Stadt.\n<\/p>\n<p><strong>Globalisierung richtig machen<\/strong> <\/p>\n<p>1995 kreierte Nahrada mit der Ausstellung &#8220;Global Village&#8221; in Wien ein solches politisches Statement, eine vision\u00e4re Zukunftsschau, die \u00fcber 50.000 Besucher ins Rathaus gelockt hat. Er w\u00fcrde eine solche Schau wieder organisieren &#8211; aber nun mit den Erfahrungen der vergangenen 25 Jahre. Ihm ginge es um den Kern der neuen Logik: um eine &#8220;positive Globalisierung&#8221;. Ihm selbst gehe es eigentlich immer ums Lokale. &#8220;Jeder Ort, der von der Globalisierung ber\u00fchrt wird und betroffen ist, kommt auch mit unglaublich vielen Ideen, mit Wissen in Kontakt, das es erlaubt viel mehr zu tun als bisher. Das hei\u00dft, Globalisierung kann auch eine Chance sein, sich selbst neu zu erfinden.&#8221;\n<\/p>\n<p>Wenn etwa im Senegal Frauen, die 40 Kilometer am Tag laufen, um Brennholz einzusammeln, in Kontakt mit einem Solarkocher k\u00e4men, k\u00f6nnten sie sich die ganze M\u00fche sparen und merken pl\u00f6tzlich, dass sie nicht in einer armen, elendiglichen Umgebung sind, sondern dass um sie herum jede Menge Energie ist, die &#8211; mit der richtigen Technik &#8211; auch zum Kochen dienen kann. &#8220;Meine Hypothese: Je mehr die Welt zu einem Gesamtsystem zusammen verw\u00e4chst, je mehr wir technologische Erfindungen machen und uns vorw\u00e4rts bewegen, desto einfacher k\u00f6nnte das Leben \u00fcberall werden.&#8221; Und gerade die St\u00e4dte k\u00f6nnten davon auch profitieren, indem sie Netzwerkknoten, Wissensbasis und &#8220;Mutterst\u00e4dte&#8221; werden.\n<\/p>\n<p><strong>Fraktale Welt ist positiv<\/strong> <\/p>\n<p>Alle reden vom Ende der industriellen Gesellschaft. Tats\u00e4chlich glaubt auch Nahrada, dass die Menschheit an einem Epochenbruch steht. Das hat damit zu tun, dass die alten Spielregeln mit den neuen Technologien nicht mehr funktionieren. Es sei daher ganz wichtig, darauf hinzuweisen, dass der alte Mechanismus mehr kostet, als er uns bringt. Globaler Wettbewerb und Konkurrenzdenken f\u00fchren lediglich dazu, dass wir am Ende alles zerst\u00f6ren und verbrennen. Jeder sp\u00fcrt, dass es so nicht weitergehen kann.\n<\/p>\n<p>Die M\u00f6glichkeit, auf lokaler Ebene etwas zu tun, habe hingegen viele Aspekte, nicht nur den Wissensaustausch und die dezentrale Produktion, sondern auch den Aspekt des Zugangs zu Wind- und Solarenergie, weil auch diese dezentralisiert wurden. Junge Leute entdecken heute, dass sie in der Natur viele Vorbilder f\u00fcr die Materialwirtschaft, Kreisl\u00e4ufe und Produktion finden.\n<\/p>\n<p>Je mehr die Welt also zu einem Gesamtsystem zusammenw\u00e4chst, je weiter die technologische Innovation und die globale Informationsvernetzung voranschreitet, umso eigenst\u00e4ndiger k\u00f6nnten die Regionen, St\u00e4dte und D\u00f6rfer werden &#8211; und an ihren Kulturen arbeiten, ohne andere missionieren oder kolonisieren zu m\u00fcssen. Die Vielfalt an Glaubens- und Wertsystemen habe in so einer fraktalen Welt einen ganz anderen Stellenwert als heute, wo sie als Bedrohung und Aufruf zum Kampf gesehen wird. Deshalb k\u00f6nne man sein, Nahradas Projekt der Globalen D\u00f6rfer, auch ein &#8220;Friedens- und Toleranzprojekt&#8221; nennen.\n<\/p>\n<p>Vortrag und Diskussion mit Franz Nahrada sind auf YouTube abrufbar: <a href=\"http:\/\/youtube.com\/watch?v=Q6-ab6gmc1E\" rel=\"nofollow\" target=\"_blank\">http:\/\/youtube.com\/watch?v=Q6-ab6gmc1E<\/a> <\/p>\n<p>Franz Nahrada (*1954) ist Zukunftsforscher, Netzwerker, Aktivist und Autor. Der studierte Soziologe, ehemalige Hypermedia-Consultant und Hotelmanager konzipierte in der 1990er-Jahren die viel beachtete Gro\u00dfveranstaltung &#8220;Global Village&#8221; in Wien. Als wissenschaftlicher Leiter der Vereins &#8220;GIVE Forschungsgesellschaft &#8211; Labor f\u00fcr Globale D\u00f6rfer&#8221; befasst er sich mit der Digitalisierung und wie sich diese am besten f\u00fcr einen lebenswerten l\u00e4ndlichen Raum und die Erf\u00fcllung der Nachhaltigkeitsziele nutzen l\u00e4sst.\n<\/p>\n<p>Fotos von Globalisierungsphilosoph und Digitalaktivist Franz Nahrada stehen unter <a href=\"http:\/\/fotodienst.pressetext.com\/album\/3755\" rel=\"nofollow\" target=\"_blank\">http:\/\/fotodienst.pressetext.com\/album\/3755<\/a> kostenfrei als Download zur Verf\u00fcgung.\n<\/p>\n<p>Der Zukunftsdenker, Digital-Aktivist und Urvater der Globalisierungstheorie in \u00d6sterreich wird bei den Europ\u00e4ischen Toleranzgespr\u00e4chen 2021 (19. bis 22 Mai) in <span class=\"hl\">Fresach<\/span> <a href=\"http:\/\/fresach.org\" rel=\"nofollow\" target=\"_blank\">http:\/\/<span class=\"hl\">fresach<\/span>.org<\/a> \u00fcber digitale D\u00f6rfer und die Zukunft der Globalisierung sprechen.<\/p>\n<\/article>\n","protected":false},"excerpt":{"rendered":"<p>Franz Nahrada \u00fcber die Chance f\u00fcr den l\u00e4ndlichen Raum nach Corona 19.04.2021 Wien\/Radkersburg \u2013 Der \u00f6sterreichische Globalisierungsphilosoph und Digitalaktivist Franz Nahrada prophezeit eine Renaissance f\u00fcr den l\u00e4ndlichen Raum. Wenn selbst gro\u00dfe Prediger des Urbanen wie der niederl\u00e4ndische Architekt Rem Koolhaas davon sprechen, dass sich die interessanten Dinge jenseits der Grenzen von Metropolen abspielen, dann sollte&hellip;<\/p>\n","protected":false},"author":2,"featured_media":9797,"comment_status":"closed","ping_status":"closed","sticky":false,"template":"","format":"standard","meta":{"footnotes":""},"categories":[3],"tags":[],"class_list":["post-9798","post","type-post","status-publish","format-standard","has-post-thumbnail","hentry","category-news","category-3","description-off"],"yoast_head":"<!-- This site is optimized with the Yoast SEO plugin v26.3 - https:\/\/yoast.com\/wordpress\/plugins\/seo\/ -->\n<title>Globalisierungsphilosoph sieht Zukunft im globalen Dorf - Temmel | Seywald - Corporate Communications<\/title>\n<meta name=\"robots\" content=\"index, follow, max-snippet:-1, max-image-preview:large, max-video-preview:-1\" \/>\n<link rel=\"canonical\" href=\"https:\/\/www.tsp.at\/en\/2021\/04\/19\/globalisierungsphilosoph-sieht-zukunft-im-globalen-dorf\/\" \/>\n<meta property=\"og:locale\" content=\"en_US\" \/>\n<meta property=\"og:type\" content=\"article\" \/>\n<meta property=\"og:title\" content=\"Globalisierungsphilosoph sieht Zukunft im globalen Dorf - Temmel | Seywald - Corporate Communications\" \/>\n<meta property=\"og:description\" content=\"Franz Nahrada \u00fcber die Chance f\u00fcr den l\u00e4ndlichen Raum nach Corona 19.04.2021 Wien\/Radkersburg \u2013 Der \u00f6sterreichische Globalisierungsphilosoph und Digitalaktivist Franz Nahrada prophezeit eine Renaissance f\u00fcr den l\u00e4ndlichen Raum. Wenn selbst gro\u00dfe Prediger des Urbanen wie der niederl\u00e4ndische Architekt Rem Koolhaas davon sprechen, dass sich die interessanten Dinge jenseits der Grenzen von Metropolen abspielen, dann sollte&hellip;\" \/>\n<meta property=\"og:url\" content=\"https:\/\/www.tsp.at\/en\/2021\/04\/19\/globalisierungsphilosoph-sieht-zukunft-im-globalen-dorf\/\" \/>\n<meta property=\"og:site_name\" content=\"Temmel | Seywald - Corporate Communications\" \/>\n<meta property=\"article:publisher\" content=\"https:\/\/www.facebook.com\/TemmelSeywald\" \/>\n<meta property=\"article:published_time\" content=\"2021-04-19T11:02:00+00:00\" \/>\n<meta property=\"article:modified_time\" content=\"2025-10-21T12:52:24+00:00\" \/>\n<meta property=\"og:image\" content=\"https:\/\/www.tsp.at\/wp-content\/uploads\/2025\/10\/20210326_Franz_Nahrada_007_-_Foto__c__Ju__rgen_Makowecz-scaled.jpg\" \/>\n\t<meta property=\"og:image:width\" content=\"2560\" \/>\n\t<meta property=\"og:image:height\" content=\"1703\" \/>\n\t<meta property=\"og:image:type\" content=\"image\/jpeg\" \/>\n<meta name=\"author\" content=\"TSP Redaktion\" \/>\n<meta name=\"twitter:card\" content=\"summary_large_image\" \/>\n<meta name=\"twitter:label1\" content=\"Written by\" \/>\n\t<meta name=\"twitter:data1\" content=\"TSP Redaktion\" \/>\n\t<meta name=\"twitter:label2\" content=\"Est. reading time\" \/>\n\t<meta name=\"twitter:data2\" content=\"7 minutes\" \/>\n<script type=\"application\/ld+json\" class=\"yoast-schema-graph\">{\"@context\":\"https:\/\/schema.org\",\"@graph\":[{\"@type\":\"Article\",\"@id\":\"https:\/\/www.tsp.at\/en\/2021\/04\/19\/globalisierungsphilosoph-sieht-zukunft-im-globalen-dorf\/#article\",\"isPartOf\":{\"@id\":\"https:\/\/www.tsp.at\/en\/2021\/04\/19\/globalisierungsphilosoph-sieht-zukunft-im-globalen-dorf\/\"},\"author\":{\"name\":\"TSP Redaktion\",\"@id\":\"https:\/\/www.tsp.at\/en\/#\/schema\/person\/1ba5600c29da17b902b0925cea567f8a\"},\"headline\":\"Globalisierungsphilosoph sieht Zukunft im globalen Dorf\",\"datePublished\":\"2021-04-19T11:02:00+00:00\",\"dateModified\":\"2025-10-21T12:52:24+00:00\",\"mainEntityOfPage\":{\"@id\":\"https:\/\/www.tsp.at\/en\/2021\/04\/19\/globalisierungsphilosoph-sieht-zukunft-im-globalen-dorf\/\"},\"wordCount\":1301,\"publisher\":{\"@id\":\"https:\/\/www.tsp.at\/en\/#organization\"},\"image\":{\"@id\":\"https:\/\/www.tsp.at\/en\/2021\/04\/19\/globalisierungsphilosoph-sieht-zukunft-im-globalen-dorf\/#primaryimage\"},\"thumbnailUrl\":\"https:\/\/www.tsp.at\/wp-content\/uploads\/2025\/10\/20210326_Franz_Nahrada_007_-_Foto__c__Ju__rgen_Makowecz-scaled.jpg\",\"articleSection\":[\"News\"],\"inLanguage\":\"en-US\"},{\"@type\":\"WebPage\",\"@id\":\"https:\/\/www.tsp.at\/en\/2021\/04\/19\/globalisierungsphilosoph-sieht-zukunft-im-globalen-dorf\/\",\"url\":\"https:\/\/www.tsp.at\/en\/2021\/04\/19\/globalisierungsphilosoph-sieht-zukunft-im-globalen-dorf\/\",\"name\":\"Globalisierungsphilosoph sieht Zukunft im globalen Dorf - Temmel | Seywald - Corporate Communications\",\"isPartOf\":{\"@id\":\"https:\/\/www.tsp.at\/en\/#website\"},\"primaryImageOfPage\":{\"@id\":\"https:\/\/www.tsp.at\/en\/2021\/04\/19\/globalisierungsphilosoph-sieht-zukunft-im-globalen-dorf\/#primaryimage\"},\"image\":{\"@id\":\"https:\/\/www.tsp.at\/en\/2021\/04\/19\/globalisierungsphilosoph-sieht-zukunft-im-globalen-dorf\/#primaryimage\"},\"thumbnailUrl\":\"https:\/\/www.tsp.at\/wp-content\/uploads\/2025\/10\/20210326_Franz_Nahrada_007_-_Foto__c__Ju__rgen_Makowecz-scaled.jpg\",\"datePublished\":\"2021-04-19T11:02:00+00:00\",\"dateModified\":\"2025-10-21T12:52:24+00:00\",\"breadcrumb\":{\"@id\":\"https:\/\/www.tsp.at\/en\/2021\/04\/19\/globalisierungsphilosoph-sieht-zukunft-im-globalen-dorf\/#breadcrumb\"},\"inLanguage\":\"en-US\",\"potentialAction\":[{\"@type\":\"ReadAction\",\"target\":[\"https:\/\/www.tsp.at\/en\/2021\/04\/19\/globalisierungsphilosoph-sieht-zukunft-im-globalen-dorf\/\"]}]},{\"@type\":\"ImageObject\",\"inLanguage\":\"en-US\",\"@id\":\"https:\/\/www.tsp.at\/en\/2021\/04\/19\/globalisierungsphilosoph-sieht-zukunft-im-globalen-dorf\/#primaryimage\",\"url\":\"https:\/\/www.tsp.at\/wp-content\/uploads\/2025\/10\/20210326_Franz_Nahrada_007_-_Foto__c__Ju__rgen_Makowecz-scaled.jpg\",\"contentUrl\":\"https:\/\/www.tsp.at\/wp-content\/uploads\/2025\/10\/20210326_Franz_Nahrada_007_-_Foto__c__Ju__rgen_Makowecz-scaled.jpg\",\"width\":2560,\"height\":1703,\"caption\":\"Foto (c) J\u00fcrgen Makowecz\"},{\"@type\":\"BreadcrumbList\",\"@id\":\"https:\/\/www.tsp.at\/en\/2021\/04\/19\/globalisierungsphilosoph-sieht-zukunft-im-globalen-dorf\/#breadcrumb\",\"itemListElement\":[{\"@type\":\"ListItem\",\"position\":1,\"name\":\"Startseite\",\"item\":\"https:\/\/www.tsp.at\/en\/\"},{\"@type\":\"ListItem\",\"position\":2,\"name\":\"Globalisierungsphilosoph sieht Zukunft im globalen Dorf\"}]},{\"@type\":\"WebSite\",\"@id\":\"https:\/\/www.tsp.at\/en\/#website\",\"url\":\"https:\/\/www.tsp.at\/en\/\",\"name\":\"Temmel | Seywald - Corporate Communications\",\"description\":\"Kommunikation ist Beziehungsarbeit\",\"publisher\":{\"@id\":\"https:\/\/www.tsp.at\/en\/#organization\"},\"potentialAction\":[{\"@type\":\"SearchAction\",\"target\":{\"@type\":\"EntryPoint\",\"urlTemplate\":\"https:\/\/www.tsp.at\/en\/?s={search_term_string}\"},\"query-input\":{\"@type\":\"PropertyValueSpecification\",\"valueRequired\":true,\"valueName\":\"search_term_string\"}}],\"inLanguage\":\"en-US\"},{\"@type\":\"Organization\",\"@id\":\"https:\/\/www.tsp.at\/en\/#organization\",\"name\":\"Temmel, Seywald & Partner Communications GesmbH\",\"alternateName\":\"TSP\",\"url\":\"https:\/\/www.tsp.at\/en\/\",\"logo\":{\"@type\":\"ImageObject\",\"inLanguage\":\"en-US\",\"@id\":\"https:\/\/www.tsp.at\/en\/#\/schema\/logo\/image\/\",\"url\":\"https:\/\/www.tsp.at\/wp-content\/uploads\/2025\/10\/favicontsp.png\",\"contentUrl\":\"https:\/\/www.tsp.at\/wp-content\/uploads\/2025\/10\/favicontsp.png\",\"width\":125,\"height\":125,\"caption\":\"Temmel, Seywald & Partner Communications GesmbH\"},\"image\":{\"@id\":\"https:\/\/www.tsp.at\/en\/#\/schema\/logo\/image\/\"},\"sameAs\":[\"https:\/\/www.facebook.com\/TemmelSeywald\"]},{\"@type\":\"Person\",\"@id\":\"https:\/\/www.tsp.at\/en\/#\/schema\/person\/1ba5600c29da17b902b0925cea567f8a\",\"name\":\"TSP Redaktion\"}]}<\/script>\n<!-- \/ Yoast SEO plugin. -->","yoast_head_json":{"title":"Globalisierungsphilosoph sieht Zukunft im globalen Dorf - Temmel | Seywald - Corporate Communications","robots":{"index":"index","follow":"follow","max-snippet":"max-snippet:-1","max-image-preview":"max-image-preview:large","max-video-preview":"max-video-preview:-1"},"canonical":"https:\/\/www.tsp.at\/en\/2021\/04\/19\/globalisierungsphilosoph-sieht-zukunft-im-globalen-dorf\/","og_locale":"en_US","og_type":"article","og_title":"Globalisierungsphilosoph sieht Zukunft im globalen Dorf - Temmel | Seywald - Corporate Communications","og_description":"Franz Nahrada \u00fcber die Chance f\u00fcr den l\u00e4ndlichen Raum nach Corona 19.04.2021 Wien\/Radkersburg \u2013 Der \u00f6sterreichische Globalisierungsphilosoph und Digitalaktivist Franz Nahrada prophezeit eine Renaissance f\u00fcr den l\u00e4ndlichen Raum. Wenn selbst gro\u00dfe Prediger des Urbanen wie der niederl\u00e4ndische Architekt Rem Koolhaas davon sprechen, dass sich die interessanten Dinge jenseits der Grenzen von Metropolen abspielen, dann sollte&hellip;","og_url":"https:\/\/www.tsp.at\/en\/2021\/04\/19\/globalisierungsphilosoph-sieht-zukunft-im-globalen-dorf\/","og_site_name":"Temmel | Seywald - Corporate Communications","article_publisher":"https:\/\/www.facebook.com\/TemmelSeywald","article_published_time":"2021-04-19T11:02:00+00:00","article_modified_time":"2025-10-21T12:52:24+00:00","og_image":[{"width":2560,"height":1703,"url":"https:\/\/www.tsp.at\/wp-content\/uploads\/2025\/10\/20210326_Franz_Nahrada_007_-_Foto__c__Ju__rgen_Makowecz-scaled.jpg","type":"image\/jpeg"}],"author":"TSP Redaktion","twitter_card":"summary_large_image","twitter_misc":{"Written by":"TSP Redaktion","Est. reading time":"7 minutes"},"schema":{"@context":"https:\/\/schema.org","@graph":[{"@type":"Article","@id":"https:\/\/www.tsp.at\/en\/2021\/04\/19\/globalisierungsphilosoph-sieht-zukunft-im-globalen-dorf\/#article","isPartOf":{"@id":"https:\/\/www.tsp.at\/en\/2021\/04\/19\/globalisierungsphilosoph-sieht-zukunft-im-globalen-dorf\/"},"author":{"name":"TSP Redaktion","@id":"https:\/\/www.tsp.at\/en\/#\/schema\/person\/1ba5600c29da17b902b0925cea567f8a"},"headline":"Globalisierungsphilosoph sieht Zukunft im globalen Dorf","datePublished":"2021-04-19T11:02:00+00:00","dateModified":"2025-10-21T12:52:24+00:00","mainEntityOfPage":{"@id":"https:\/\/www.tsp.at\/en\/2021\/04\/19\/globalisierungsphilosoph-sieht-zukunft-im-globalen-dorf\/"},"wordCount":1301,"publisher":{"@id":"https:\/\/www.tsp.at\/en\/#organization"},"image":{"@id":"https:\/\/www.tsp.at\/en\/2021\/04\/19\/globalisierungsphilosoph-sieht-zukunft-im-globalen-dorf\/#primaryimage"},"thumbnailUrl":"https:\/\/www.tsp.at\/wp-content\/uploads\/2025\/10\/20210326_Franz_Nahrada_007_-_Foto__c__Ju__rgen_Makowecz-scaled.jpg","articleSection":["News"],"inLanguage":"en-US"},{"@type":"WebPage","@id":"https:\/\/www.tsp.at\/en\/2021\/04\/19\/globalisierungsphilosoph-sieht-zukunft-im-globalen-dorf\/","url":"https:\/\/www.tsp.at\/en\/2021\/04\/19\/globalisierungsphilosoph-sieht-zukunft-im-globalen-dorf\/","name":"Globalisierungsphilosoph sieht Zukunft im globalen Dorf - Temmel | Seywald - Corporate Communications","isPartOf":{"@id":"https:\/\/www.tsp.at\/en\/#website"},"primaryImageOfPage":{"@id":"https:\/\/www.tsp.at\/en\/2021\/04\/19\/globalisierungsphilosoph-sieht-zukunft-im-globalen-dorf\/#primaryimage"},"image":{"@id":"https:\/\/www.tsp.at\/en\/2021\/04\/19\/globalisierungsphilosoph-sieht-zukunft-im-globalen-dorf\/#primaryimage"},"thumbnailUrl":"https:\/\/www.tsp.at\/wp-content\/uploads\/2025\/10\/20210326_Franz_Nahrada_007_-_Foto__c__Ju__rgen_Makowecz-scaled.jpg","datePublished":"2021-04-19T11:02:00+00:00","dateModified":"2025-10-21T12:52:24+00:00","breadcrumb":{"@id":"https:\/\/www.tsp.at\/en\/2021\/04\/19\/globalisierungsphilosoph-sieht-zukunft-im-globalen-dorf\/#breadcrumb"},"inLanguage":"en-US","potentialAction":[{"@type":"ReadAction","target":["https:\/\/www.tsp.at\/en\/2021\/04\/19\/globalisierungsphilosoph-sieht-zukunft-im-globalen-dorf\/"]}]},{"@type":"ImageObject","inLanguage":"en-US","@id":"https:\/\/www.tsp.at\/en\/2021\/04\/19\/globalisierungsphilosoph-sieht-zukunft-im-globalen-dorf\/#primaryimage","url":"https:\/\/www.tsp.at\/wp-content\/uploads\/2025\/10\/20210326_Franz_Nahrada_007_-_Foto__c__Ju__rgen_Makowecz-scaled.jpg","contentUrl":"https:\/\/www.tsp.at\/wp-content\/uploads\/2025\/10\/20210326_Franz_Nahrada_007_-_Foto__c__Ju__rgen_Makowecz-scaled.jpg","width":2560,"height":1703,"caption":"Foto (c) J\u00fcrgen Makowecz"},{"@type":"BreadcrumbList","@id":"https:\/\/www.tsp.at\/en\/2021\/04\/19\/globalisierungsphilosoph-sieht-zukunft-im-globalen-dorf\/#breadcrumb","itemListElement":[{"@type":"ListItem","position":1,"name":"Startseite","item":"https:\/\/www.tsp.at\/en\/"},{"@type":"ListItem","position":2,"name":"Globalisierungsphilosoph sieht Zukunft im globalen Dorf"}]},{"@type":"WebSite","@id":"https:\/\/www.tsp.at\/en\/#website","url":"https:\/\/www.tsp.at\/en\/","name":"Temmel | Seywald - Corporate Communications","description":"Kommunikation ist Beziehungsarbeit","publisher":{"@id":"https:\/\/www.tsp.at\/en\/#organization"},"potentialAction":[{"@type":"SearchAction","target":{"@type":"EntryPoint","urlTemplate":"https:\/\/www.tsp.at\/en\/?s={search_term_string}"},"query-input":{"@type":"PropertyValueSpecification","valueRequired":true,"valueName":"search_term_string"}}],"inLanguage":"en-US"},{"@type":"Organization","@id":"https:\/\/www.tsp.at\/en\/#organization","name":"Temmel, Seywald & Partner Communications GesmbH","alternateName":"TSP","url":"https:\/\/www.tsp.at\/en\/","logo":{"@type":"ImageObject","inLanguage":"en-US","@id":"https:\/\/www.tsp.at\/en\/#\/schema\/logo\/image\/","url":"https:\/\/www.tsp.at\/wp-content\/uploads\/2025\/10\/favicontsp.png","contentUrl":"https:\/\/www.tsp.at\/wp-content\/uploads\/2025\/10\/favicontsp.png","width":125,"height":125,"caption":"Temmel, Seywald & Partner Communications GesmbH"},"image":{"@id":"https:\/\/www.tsp.at\/en\/#\/schema\/logo\/image\/"},"sameAs":["https:\/\/www.facebook.com\/TemmelSeywald"]},{"@type":"Person","@id":"https:\/\/www.tsp.at\/en\/#\/schema\/person\/1ba5600c29da17b902b0925cea567f8a","name":"TSP Redaktion"}]}},"_links":{"self":[{"href":"https:\/\/www.tsp.at\/en\/wp-json\/wp\/v2\/posts\/9798","targetHints":{"allow":["GET"]}}],"collection":[{"href":"https:\/\/www.tsp.at\/en\/wp-json\/wp\/v2\/posts"}],"about":[{"href":"https:\/\/www.tsp.at\/en\/wp-json\/wp\/v2\/types\/post"}],"author":[{"embeddable":true,"href":"https:\/\/www.tsp.at\/en\/wp-json\/wp\/v2\/users\/2"}],"replies":[{"embeddable":true,"href":"https:\/\/www.tsp.at\/en\/wp-json\/wp\/v2\/comments?post=9798"}],"version-history":[{"count":1,"href":"https:\/\/www.tsp.at\/en\/wp-json\/wp\/v2\/posts\/9798\/revisions"}],"predecessor-version":[{"id":11308,"href":"https:\/\/www.tsp.at\/en\/wp-json\/wp\/v2\/posts\/9798\/revisions\/11308"}],"wp:featuredmedia":[{"embeddable":true,"href":"https:\/\/www.tsp.at\/en\/wp-json\/wp\/v2\/media\/9797"}],"wp:attachment":[{"href":"https:\/\/www.tsp.at\/en\/wp-json\/wp\/v2\/media?parent=9798"}],"wp:term":[{"taxonomy":"category","embeddable":true,"href":"https:\/\/www.tsp.at\/en\/wp-json\/wp\/v2\/categories?post=9798"},{"taxonomy":"post_tag","embeddable":true,"href":"https:\/\/www.tsp.at\/en\/wp-json\/wp\/v2\/tags?post=9798"}],"curies":[{"name":"wp","href":"https:\/\/api.w.org\/{rel}","templated":true}]}}