{"id":9804,"date":"2021-04-19T12:52:00","date_gmt":"2021-04-19T10:52:00","guid":{"rendered":"https:\/\/staging.tsp.at\/2021\/04\/19\/dr-nader-kasim-neu-im-dexwet-board-of-directors\/"},"modified":"2025-10-21T14:52:25","modified_gmt":"2025-10-21T12:52:25","slug":"dr-nader-kasim-neu-im-dexwet-board-of-directors","status":"publish","type":"post","link":"https:\/\/www.tsp.at\/en\/2021\/04\/19\/dr-nader-kasim-neu-im-dexwet-board-of-directors\/","title":{"rendered":"Dr. Nader Kasim neu im Dexwet Board of Directors"},"content":{"rendered":"<article class=\"item\">\n<h2><strong>Engagement zur Verbesserung der Gesundheit mit nachhaltiger Luftfiltertechnologie<\/strong><\/h2>\n<p>19.04.2021<\/p>\n<\/p>\n<\/p>\n<\/p>\n<\/p>\n<\/p>\n<p>New York \u2013 <strong>Der austro-amerikanische Filterhersteller <span class=\"hl\">Dexwet<\/span> Filters hat den bekannten US-Arzt Dr. Nader Kasim (55) ins Board of Directors berufen. Das Unternehmen unterstreicht damit seine Bem\u00fchungen, die in \u00d6sterreich entwickelte Filtertechnologie auf den nordamerikanischen Markt zu bringen. Im Fokus steht dabei insbesondere die Gesundheitspr\u00e4vention in Innenr\u00e4umen durch verbesserte Raumluftqualit\u00e4t.<\/strong> <\/p>\n<p>&#8220;Durch die Corona-Pandemie hat die Luftqualit\u00e4t in geschlossenen R\u00e4umen an Bedeutung gewonnen. Die Technologie hinter <span class=\"hl\">Dexwet<\/span> Pure Air Filters kann eine wesentliche Rolle bei der Gesundheitspr\u00e4vention spielen, da sie Feinstaub und Krankheitserreger effizient aus der Raumluft herausfiltert&#8221;, erl\u00e4utert Dr. Kasim sein Engagement. &#8220;Ich freue mich, dass ich mein medizinisches Fachwissen einbringen kann.&#8221;\n<\/p>\n<p><span class=\"hl\">Dexwet<\/span> hat eine nachhaltige Feinstaub-Filterl\u00f6sung f\u00fcr alle Jahreszeiten entwickelt, die keine Energie ben\u00f6tigt und absolut ger\u00e4uschlos funktioniert. Sie ist hoch luftdurchl\u00e4ssig durch ihre versetzten Lamellenst\u00e4be und bindet jede Art von Feinstaub sowie Pollen und Viren durch ihre \u00d6lbeschichtung. Partikel wie Aerosole in der Luft werden so dauerhaft eingefangen, w\u00e4hrend die saubere Luft leicht durchstr\u00f6men kann.\n<\/p>\n<p>&#8220;Unser klares Ziel ist es, die Luftqualit\u00e4t in Innenr\u00e4umen zu optimieren und die \u00dcbertragung von Viren \u00fcber Aerosolen in der Luft zu stoppen &#8211; egal wo auf der Welt&#8221;, erl\u00e4utert Gregory Scott Newsome, Finanzvorstand und Board Director von <span class=\"hl\">Dexwet<\/span> Air Filters. &#8220;Wir freuen uns daher sehr, das Fachwissen und Know-how von Dr. Kasim f\u00fcr das <span class=\"hl\">Dexwet<\/span>-Board zu gewinnen &#8211; auch deshalb, weil unsere Luftfiltrationstechnologie in der internationalen medizinischen Gemeinschaft immer mehr Beachtung findet.&#8221;\n<\/p>\n<p><strong> Dr. Nader Kasim<\/strong> <br \/> Dr. Nader Kasim ist Chirurg und Facharzt f\u00fcr Orthop\u00e4de mit knapp 25 Jahren Erfahrung im Gesundheitswesen. Der studierte Biologe (Yale University) schloss sein medizinisches Studium an der University of Pennsylvania ab. Er ist seit \u00fcber 15 Jahren \u00c4rztlicher Direktor am Ambulatory Surgical Center in New Jersey sowie Pr\u00e4sident des Advanced Orthopaedics and Sports Medicine Center, und seit \u00fcber 20 Jahren Mitglied der American Academy of Orthopaedic Surgeons und aktives Mitglied der Arthroscopy Association of North America. Zudem engagiert sich Dr. Kasim seit 2013 als Investor in Startup-Unternehmen und ist Mitglied des Beirats mehrerer namhafter Unternehmen.\n<\/p>\n<p><span class=\"hl\">Dexwet<\/span> h\u00e4lt \u00fcber 60 Technologie-Patente weltweit, die Filterprodukte sind auch im Handel erh\u00e4ltlich. Im Dezember 2020 reichte <span class=\"hl\">Dexwet<\/span> einer ausgew\u00e4hlten Gruppe akkreditierter US-Investoren ein Angebot gem\u00e4\u00df Regulation D ein, um Finanzmittel f\u00fcr den Aufbau einer US-Produktion einzuwerben. Die Geldmittel werden dazu verwendet, die Markenbekanntheit zu steigern und die weltweite Expansion und Lizensierung der patentierten Nassfiltertechnologie voranzutreiben.\n<\/p>\n<p><strong> \u00dcber die <span class=\"hl\">Dexwet<\/span> Holdings Corporation<\/strong> <br \/> Die <span class=\"hl\">Dexwet<\/span> Holdings Corp. mit Hauptsitz in den USA ist ein GreenTech-Unternehmen f\u00fcr Feinstaubl\u00f6sungen mit mehr als 60 Patenten. Die Nassluftfiltertechnologie findet seit mehr als 15 Jahren in Europa Verwendung, insbesondere bei kundenspezifischen Anwendungen und Feinstaubbelastung in Innenr\u00e4umen. Die Mission ist es, f\u00fcr gesunde und saubere Luft zu sorgen, egal ob in Maschinen oder zur Gesundheitspr\u00e4vention. Im Jahr 2021 werden <span class=\"hl\">Dexwet<\/span> Filters in Nordamerika eingef\u00fchrt. <a href=\"http:\/\/dexwetholdings.com\" rel=\"nofollow\" target=\"_blank\">http:\/\/<span class=\"hl\">dexwet<\/span>holdings.com<\/a><\/p>\n<\/article>\n","protected":false},"excerpt":{"rendered":"<p>Engagement zur Verbesserung der Gesundheit mit nachhaltiger Luftfiltertechnologie 19.04.2021 New York \u2013 Der austro-amerikanische Filterhersteller Dexwet Filters hat den bekannten US-Arzt Dr. Nader Kasim (55) ins Board of Directors berufen. Das Unternehmen unterstreicht damit seine Bem\u00fchungen, die in \u00d6sterreich entwickelte Filtertechnologie auf den nordamerikanischen Markt zu bringen. Im Fokus steht dabei insbesondere die Gesundheitspr\u00e4vention in&hellip;<\/p>\n","protected":false},"author":2,"featured_media":9803,"comment_status":"closed","ping_status":"closed","sticky":false,"template":"","format":"standard","meta":{"footnotes":""},"categories":[3],"tags":[],"class_list":["post-9804","post","type-post","status-publish","format-standard","has-post-thumbnail","hentry","category-news","category-3","description-off"],"yoast_head":"<!-- This site is optimized with the Yoast SEO plugin v26.3 - https:\/\/yoast.com\/wordpress\/plugins\/seo\/ -->\n<title>Dr. Nader Kasim neu im Dexwet Board of Directors - Temmel | Seywald - Corporate Communications<\/title>\n<meta name=\"robots\" content=\"index, follow, max-snippet:-1, max-image-preview:large, max-video-preview:-1\" \/>\n<link rel=\"canonical\" href=\"https:\/\/www.tsp.at\/en\/2021\/04\/19\/dr-nader-kasim-neu-im-dexwet-board-of-directors\/\" \/>\n<meta property=\"og:locale\" content=\"en_US\" \/>\n<meta property=\"og:type\" content=\"article\" \/>\n<meta property=\"og:title\" content=\"Dr. Nader Kasim neu im Dexwet Board of Directors - Temmel | Seywald - Corporate Communications\" \/>\n<meta property=\"og:description\" content=\"Engagement zur Verbesserung der Gesundheit mit nachhaltiger Luftfiltertechnologie 19.04.2021 New York \u2013 Der austro-amerikanische Filterhersteller Dexwet Filters hat den bekannten US-Arzt Dr. Nader Kasim (55) ins Board of Directors berufen. Das Unternehmen unterstreicht damit seine Bem\u00fchungen, die in \u00d6sterreich entwickelte Filtertechnologie auf den nordamerikanischen Markt zu bringen. Im Fokus steht dabei insbesondere die Gesundheitspr\u00e4vention in&hellip;\" \/>\n<meta property=\"og:url\" content=\"https:\/\/www.tsp.at\/en\/2021\/04\/19\/dr-nader-kasim-neu-im-dexwet-board-of-directors\/\" \/>\n<meta property=\"og:site_name\" content=\"Temmel | Seywald - Corporate Communications\" \/>\n<meta property=\"article:publisher\" content=\"https:\/\/www.facebook.com\/TemmelSeywald\" \/>\n<meta property=\"article:published_time\" content=\"2021-04-19T10:52:00+00:00\" \/>\n<meta property=\"article:modified_time\" content=\"2025-10-21T12:52:25+00:00\" \/>\n<meta property=\"og:image\" content=\"https:\/\/www.tsp.at\/wp-content\/uploads\/2025\/10\/Dr_Nader_Kasim_Joins_Dexwet_Board_of_Directors.jpg\" \/>\n\t<meta property=\"og:image:width\" content=\"512\" \/>\n\t<meta property=\"og:image:height\" content=\"481\" \/>\n\t<meta property=\"og:image:type\" content=\"image\/jpeg\" \/>\n<meta name=\"author\" content=\"TSP Redaktion\" \/>\n<meta name=\"twitter:card\" content=\"summary_large_image\" \/>\n<meta name=\"twitter:label1\" content=\"Written by\" \/>\n\t<meta name=\"twitter:data1\" content=\"TSP Redaktion\" \/>\n\t<meta name=\"twitter:label2\" content=\"Est. reading time\" \/>\n\t<meta name=\"twitter:data2\" content=\"3 minutes\" \/>\n<script type=\"application\/ld+json\" class=\"yoast-schema-graph\">{\"@context\":\"https:\/\/schema.org\",\"@graph\":[{\"@type\":\"Article\",\"@id\":\"https:\/\/www.tsp.at\/en\/2021\/04\/19\/dr-nader-kasim-neu-im-dexwet-board-of-directors\/#article\",\"isPartOf\":{\"@id\":\"https:\/\/www.tsp.at\/en\/2021\/04\/19\/dr-nader-kasim-neu-im-dexwet-board-of-directors\/\"},\"author\":{\"name\":\"TSP Redaktion\",\"@id\":\"https:\/\/www.tsp.at\/en\/#\/schema\/person\/1ba5600c29da17b902b0925cea567f8a\"},\"headline\":\"Dr. Nader Kasim neu im Dexwet Board of Directors\",\"datePublished\":\"2021-04-19T10:52:00+00:00\",\"dateModified\":\"2025-10-21T12:52:25+00:00\",\"mainEntityOfPage\":{\"@id\":\"https:\/\/www.tsp.at\/en\/2021\/04\/19\/dr-nader-kasim-neu-im-dexwet-board-of-directors\/\"},\"wordCount\":496,\"publisher\":{\"@id\":\"https:\/\/www.tsp.at\/en\/#organization\"},\"image\":{\"@id\":\"https:\/\/www.tsp.at\/en\/2021\/04\/19\/dr-nader-kasim-neu-im-dexwet-board-of-directors\/#primaryimage\"},\"thumbnailUrl\":\"https:\/\/www.tsp.at\/wp-content\/uploads\/2025\/10\/Dr_Nader_Kasim_Joins_Dexwet_Board_of_Directors.jpg\",\"articleSection\":[\"News\"],\"inLanguage\":\"en-US\"},{\"@type\":\"WebPage\",\"@id\":\"https:\/\/www.tsp.at\/en\/2021\/04\/19\/dr-nader-kasim-neu-im-dexwet-board-of-directors\/\",\"url\":\"https:\/\/www.tsp.at\/en\/2021\/04\/19\/dr-nader-kasim-neu-im-dexwet-board-of-directors\/\",\"name\":\"Dr. Nader Kasim neu im Dexwet Board of Directors - Temmel | Seywald - Corporate Communications\",\"isPartOf\":{\"@id\":\"https:\/\/www.tsp.at\/en\/#website\"},\"primaryImageOfPage\":{\"@id\":\"https:\/\/www.tsp.at\/en\/2021\/04\/19\/dr-nader-kasim-neu-im-dexwet-board-of-directors\/#primaryimage\"},\"image\":{\"@id\":\"https:\/\/www.tsp.at\/en\/2021\/04\/19\/dr-nader-kasim-neu-im-dexwet-board-of-directors\/#primaryimage\"},\"thumbnailUrl\":\"https:\/\/www.tsp.at\/wp-content\/uploads\/2025\/10\/Dr_Nader_Kasim_Joins_Dexwet_Board_of_Directors.jpg\",\"datePublished\":\"2021-04-19T10:52:00+00:00\",\"dateModified\":\"2025-10-21T12:52:25+00:00\",\"breadcrumb\":{\"@id\":\"https:\/\/www.tsp.at\/en\/2021\/04\/19\/dr-nader-kasim-neu-im-dexwet-board-of-directors\/#breadcrumb\"},\"inLanguage\":\"en-US\",\"potentialAction\":[{\"@type\":\"ReadAction\",\"target\":[\"https:\/\/www.tsp.at\/en\/2021\/04\/19\/dr-nader-kasim-neu-im-dexwet-board-of-directors\/\"]}]},{\"@type\":\"ImageObject\",\"inLanguage\":\"en-US\",\"@id\":\"https:\/\/www.tsp.at\/en\/2021\/04\/19\/dr-nader-kasim-neu-im-dexwet-board-of-directors\/#primaryimage\",\"url\":\"https:\/\/www.tsp.at\/wp-content\/uploads\/2025\/10\/Dr_Nader_Kasim_Joins_Dexwet_Board_of_Directors.jpg\",\"contentUrl\":\"https:\/\/www.tsp.at\/wp-content\/uploads\/2025\/10\/Dr_Nader_Kasim_Joins_Dexwet_Board_of_Directors.jpg\",\"width\":512,\"height\":481},{\"@type\":\"BreadcrumbList\",\"@id\":\"https:\/\/www.tsp.at\/en\/2021\/04\/19\/dr-nader-kasim-neu-im-dexwet-board-of-directors\/#breadcrumb\",\"itemListElement\":[{\"@type\":\"ListItem\",\"position\":1,\"name\":\"Startseite\",\"item\":\"https:\/\/www.tsp.at\/en\/\"},{\"@type\":\"ListItem\",\"position\":2,\"name\":\"Dr. Nader Kasim neu im Dexwet Board of Directors\"}]},{\"@type\":\"WebSite\",\"@id\":\"https:\/\/www.tsp.at\/en\/#website\",\"url\":\"https:\/\/www.tsp.at\/en\/\",\"name\":\"Temmel | Seywald - Corporate Communications\",\"description\":\"Kommunikation ist Beziehungsarbeit\",\"publisher\":{\"@id\":\"https:\/\/www.tsp.at\/en\/#organization\"},\"potentialAction\":[{\"@type\":\"SearchAction\",\"target\":{\"@type\":\"EntryPoint\",\"urlTemplate\":\"https:\/\/www.tsp.at\/en\/?s={search_term_string}\"},\"query-input\":{\"@type\":\"PropertyValueSpecification\",\"valueRequired\":true,\"valueName\":\"search_term_string\"}}],\"inLanguage\":\"en-US\"},{\"@type\":\"Organization\",\"@id\":\"https:\/\/www.tsp.at\/en\/#organization\",\"name\":\"Temmel, Seywald & Partner Communications GesmbH\",\"alternateName\":\"TSP\",\"url\":\"https:\/\/www.tsp.at\/en\/\",\"logo\":{\"@type\":\"ImageObject\",\"inLanguage\":\"en-US\",\"@id\":\"https:\/\/www.tsp.at\/en\/#\/schema\/logo\/image\/\",\"url\":\"https:\/\/www.tsp.at\/wp-content\/uploads\/2025\/10\/favicontsp.png\",\"contentUrl\":\"https:\/\/www.tsp.at\/wp-content\/uploads\/2025\/10\/favicontsp.png\",\"width\":125,\"height\":125,\"caption\":\"Temmel, Seywald & Partner Communications GesmbH\"},\"image\":{\"@id\":\"https:\/\/www.tsp.at\/en\/#\/schema\/logo\/image\/\"},\"sameAs\":[\"https:\/\/www.facebook.com\/TemmelSeywald\"]},{\"@type\":\"Person\",\"@id\":\"https:\/\/www.tsp.at\/en\/#\/schema\/person\/1ba5600c29da17b902b0925cea567f8a\",\"name\":\"TSP Redaktion\"}]}<\/script>\n<!-- \/ Yoast SEO plugin. -->","yoast_head_json":{"title":"Dr. Nader Kasim neu im Dexwet Board of Directors - Temmel | Seywald - Corporate Communications","robots":{"index":"index","follow":"follow","max-snippet":"max-snippet:-1","max-image-preview":"max-image-preview:large","max-video-preview":"max-video-preview:-1"},"canonical":"https:\/\/www.tsp.at\/en\/2021\/04\/19\/dr-nader-kasim-neu-im-dexwet-board-of-directors\/","og_locale":"en_US","og_type":"article","og_title":"Dr. Nader Kasim neu im Dexwet Board of Directors - Temmel | Seywald - Corporate Communications","og_description":"Engagement zur Verbesserung der Gesundheit mit nachhaltiger Luftfiltertechnologie 19.04.2021 New York \u2013 Der austro-amerikanische Filterhersteller Dexwet Filters hat den bekannten US-Arzt Dr. Nader Kasim (55) ins Board of Directors berufen. Das Unternehmen unterstreicht damit seine Bem\u00fchungen, die in \u00d6sterreich entwickelte Filtertechnologie auf den nordamerikanischen Markt zu bringen. Im Fokus steht dabei insbesondere die Gesundheitspr\u00e4vention in&hellip;","og_url":"https:\/\/www.tsp.at\/en\/2021\/04\/19\/dr-nader-kasim-neu-im-dexwet-board-of-directors\/","og_site_name":"Temmel | Seywald - Corporate Communications","article_publisher":"https:\/\/www.facebook.com\/TemmelSeywald","article_published_time":"2021-04-19T10:52:00+00:00","article_modified_time":"2025-10-21T12:52:25+00:00","og_image":[{"width":512,"height":481,"url":"https:\/\/www.tsp.at\/wp-content\/uploads\/2025\/10\/Dr_Nader_Kasim_Joins_Dexwet_Board_of_Directors.jpg","type":"image\/jpeg"}],"author":"TSP Redaktion","twitter_card":"summary_large_image","twitter_misc":{"Written by":"TSP Redaktion","Est. reading time":"3 minutes"},"schema":{"@context":"https:\/\/schema.org","@graph":[{"@type":"Article","@id":"https:\/\/www.tsp.at\/en\/2021\/04\/19\/dr-nader-kasim-neu-im-dexwet-board-of-directors\/#article","isPartOf":{"@id":"https:\/\/www.tsp.at\/en\/2021\/04\/19\/dr-nader-kasim-neu-im-dexwet-board-of-directors\/"},"author":{"name":"TSP Redaktion","@id":"https:\/\/www.tsp.at\/en\/#\/schema\/person\/1ba5600c29da17b902b0925cea567f8a"},"headline":"Dr. Nader Kasim neu im Dexwet Board of Directors","datePublished":"2021-04-19T10:52:00+00:00","dateModified":"2025-10-21T12:52:25+00:00","mainEntityOfPage":{"@id":"https:\/\/www.tsp.at\/en\/2021\/04\/19\/dr-nader-kasim-neu-im-dexwet-board-of-directors\/"},"wordCount":496,"publisher":{"@id":"https:\/\/www.tsp.at\/en\/#organization"},"image":{"@id":"https:\/\/www.tsp.at\/en\/2021\/04\/19\/dr-nader-kasim-neu-im-dexwet-board-of-directors\/#primaryimage"},"thumbnailUrl":"https:\/\/www.tsp.at\/wp-content\/uploads\/2025\/10\/Dr_Nader_Kasim_Joins_Dexwet_Board_of_Directors.jpg","articleSection":["News"],"inLanguage":"en-US"},{"@type":"WebPage","@id":"https:\/\/www.tsp.at\/en\/2021\/04\/19\/dr-nader-kasim-neu-im-dexwet-board-of-directors\/","url":"https:\/\/www.tsp.at\/en\/2021\/04\/19\/dr-nader-kasim-neu-im-dexwet-board-of-directors\/","name":"Dr. Nader Kasim neu im Dexwet Board of Directors - Temmel | Seywald - Corporate Communications","isPartOf":{"@id":"https:\/\/www.tsp.at\/en\/#website"},"primaryImageOfPage":{"@id":"https:\/\/www.tsp.at\/en\/2021\/04\/19\/dr-nader-kasim-neu-im-dexwet-board-of-directors\/#primaryimage"},"image":{"@id":"https:\/\/www.tsp.at\/en\/2021\/04\/19\/dr-nader-kasim-neu-im-dexwet-board-of-directors\/#primaryimage"},"thumbnailUrl":"https:\/\/www.tsp.at\/wp-content\/uploads\/2025\/10\/Dr_Nader_Kasim_Joins_Dexwet_Board_of_Directors.jpg","datePublished":"2021-04-19T10:52:00+00:00","dateModified":"2025-10-21T12:52:25+00:00","breadcrumb":{"@id":"https:\/\/www.tsp.at\/en\/2021\/04\/19\/dr-nader-kasim-neu-im-dexwet-board-of-directors\/#breadcrumb"},"inLanguage":"en-US","potentialAction":[{"@type":"ReadAction","target":["https:\/\/www.tsp.at\/en\/2021\/04\/19\/dr-nader-kasim-neu-im-dexwet-board-of-directors\/"]}]},{"@type":"ImageObject","inLanguage":"en-US","@id":"https:\/\/www.tsp.at\/en\/2021\/04\/19\/dr-nader-kasim-neu-im-dexwet-board-of-directors\/#primaryimage","url":"https:\/\/www.tsp.at\/wp-content\/uploads\/2025\/10\/Dr_Nader_Kasim_Joins_Dexwet_Board_of_Directors.jpg","contentUrl":"https:\/\/www.tsp.at\/wp-content\/uploads\/2025\/10\/Dr_Nader_Kasim_Joins_Dexwet_Board_of_Directors.jpg","width":512,"height":481},{"@type":"BreadcrumbList","@id":"https:\/\/www.tsp.at\/en\/2021\/04\/19\/dr-nader-kasim-neu-im-dexwet-board-of-directors\/#breadcrumb","itemListElement":[{"@type":"ListItem","position":1,"name":"Startseite","item":"https:\/\/www.tsp.at\/en\/"},{"@type":"ListItem","position":2,"name":"Dr. Nader Kasim neu im Dexwet Board of Directors"}]},{"@type":"WebSite","@id":"https:\/\/www.tsp.at\/en\/#website","url":"https:\/\/www.tsp.at\/en\/","name":"Temmel | Seywald - Corporate Communications","description":"Kommunikation ist Beziehungsarbeit","publisher":{"@id":"https:\/\/www.tsp.at\/en\/#organization"},"potentialAction":[{"@type":"SearchAction","target":{"@type":"EntryPoint","urlTemplate":"https:\/\/www.tsp.at\/en\/?s={search_term_string}"},"query-input":{"@type":"PropertyValueSpecification","valueRequired":true,"valueName":"search_term_string"}}],"inLanguage":"en-US"},{"@type":"Organization","@id":"https:\/\/www.tsp.at\/en\/#organization","name":"Temmel, Seywald & Partner Communications GesmbH","alternateName":"TSP","url":"https:\/\/www.tsp.at\/en\/","logo":{"@type":"ImageObject","inLanguage":"en-US","@id":"https:\/\/www.tsp.at\/en\/#\/schema\/logo\/image\/","url":"https:\/\/www.tsp.at\/wp-content\/uploads\/2025\/10\/favicontsp.png","contentUrl":"https:\/\/www.tsp.at\/wp-content\/uploads\/2025\/10\/favicontsp.png","width":125,"height":125,"caption":"Temmel, Seywald & Partner Communications GesmbH"},"image":{"@id":"https:\/\/www.tsp.at\/en\/#\/schema\/logo\/image\/"},"sameAs":["https:\/\/www.facebook.com\/TemmelSeywald"]},{"@type":"Person","@id":"https:\/\/www.tsp.at\/en\/#\/schema\/person\/1ba5600c29da17b902b0925cea567f8a","name":"TSP Redaktion"}]}},"_links":{"self":[{"href":"https:\/\/www.tsp.at\/en\/wp-json\/wp\/v2\/posts\/9804","targetHints":{"allow":["GET"]}}],"collection":[{"href":"https:\/\/www.tsp.at\/en\/wp-json\/wp\/v2\/posts"}],"about":[{"href":"https:\/\/www.tsp.at\/en\/wp-json\/wp\/v2\/types\/post"}],"author":[{"embeddable":true,"href":"https:\/\/www.tsp.at\/en\/wp-json\/wp\/v2\/users\/2"}],"replies":[{"embeddable":true,"href":"https:\/\/www.tsp.at\/en\/wp-json\/wp\/v2\/comments?post=9804"}],"version-history":[{"count":1,"href":"https:\/\/www.tsp.at\/en\/wp-json\/wp\/v2\/posts\/9804\/revisions"}],"predecessor-version":[{"id":11311,"href":"https:\/\/www.tsp.at\/en\/wp-json\/wp\/v2\/posts\/9804\/revisions\/11311"}],"wp:featuredmedia":[{"embeddable":true,"href":"https:\/\/www.tsp.at\/en\/wp-json\/wp\/v2\/media\/9803"}],"wp:attachment":[{"href":"https:\/\/www.tsp.at\/en\/wp-json\/wp\/v2\/media?parent=9804"}],"wp:term":[{"taxonomy":"category","embeddable":true,"href":"https:\/\/www.tsp.at\/en\/wp-json\/wp\/v2\/categories?post=9804"},{"taxonomy":"post_tag","embeddable":true,"href":"https:\/\/www.tsp.at\/en\/wp-json\/wp\/v2\/tags?post=9804"}],"curies":[{"name":"wp","href":"https:\/\/api.w.org\/{rel}","templated":true}]}}