{"id":9814,"date":"2021-02-23T11:27:00","date_gmt":"2021-02-23T10:27:00","guid":{"rendered":"https:\/\/staging.tsp.at\/2021\/02\/23\/luftfilter-gegen-corona-virus-in-der-schule\/"},"modified":"2025-10-21T14:52:25","modified_gmt":"2025-10-21T12:52:25","slug":"luftfilter-gegen-corona-virus-in-der-schule","status":"publish","type":"post","link":"https:\/\/www.tsp.at\/en\/2021\/02\/23\/luftfilter-gegen-corona-virus-in-der-schule\/","title":{"rendered":"Luftfilter gegen Corona-Virus in der Schule"},"content":{"rendered":"<article class=\"item\">\n<h2><strong>Nieder\u00f6sterreichische Volksschule Hainfeld testet Wirksamkeit von neuer Filtertechnologie<\/strong><\/h2>\n<p>23.02.2021<\/p>\n<\/p>\n<\/p>\n<\/p>\n<\/p>\n<\/p>\n<p>Hainfeld \u2013 <strong>W\u00e4hrend andernorts noch heftig \u00fcber notwendige Schutzma\u00dfnahmen in den Schulen diskutiert wird, geht der B\u00fcrgermeister von Hainfeld in Nieder\u00f6sterreich, Albert Pitterle (SP\u00d6), jetzt gegen das Corona-Virus in die Offensive. Mit einer dreiw\u00f6chtigen Feldstudie will Pitterle herausfinden, ob die umweltfreundliche Nassfiltertechnologie des austro-amerikanischen Filterherstellers Dexwet Filters die Raumluft in der Volksschulklasse eklatant verbessern kann. Das Video zum laufenden Experiment ist jetzt via YouTube abrufbar: <a href=\"https:\/\/youtu.be\/sIg98XXhA3Y\" rel=\"nofollow\" target=\"_blank\">https:\/\/youtu.be\/sIg98XXhA3Y<\/a> <\/strong> <\/p>\n<p>Die Messungen der Luftqualit\u00e4t in der Volksschulklasse 1a von Prof. Romina Wais werden vom bekannten Raumluftexperten Prof. Peter Tappler und dem Institut f\u00fcr Innenraumanalytik begleitet. B\u00fcrgermeister Albert Pitterle ist der erste, der die Filter in seiner Gemeinde einsetzen will und hier insbesondere in Schulen, Kinderg\u00e4rten und \u00f6ffentlichen Geb\u00e4uden mit Parteienverkehr. Pitterle ebenso wie Volksschuldirektorin Herta Smetana wollen Sicherheit f\u00fcr Kinder und Lehrer*innen, damit der Schulbetrieb wieder normal funktionieren kann.\n<\/p>\n<p>Die ger\u00e4usch- und geruchlose Filtertechnologie von Dexwet Filters kommt in Form von Heizk\u00f6rperfiltern aus beschichtetem Kunststoff mit Haftmagneten zum Einsatz und funktioniert durch die gew\u00f6hnliche Luftkonvektion, also ohne Strom, chemische Mittel oder mechanische Ger\u00e4te \u00fcber die blo\u00dfe Umw\u00e4lzung von kalt-warmer Luft. Die innovative Filterl\u00f6sung wurde mit AWS-Mitteln des \u00f6sterreichischen Steuerzahlers finanziert und ist seit zwei Jahren im Handel erh\u00e4ltlich. Das Unternehmen bereitet soeben den Eintritt in den US-Markt vor.\n<\/p>\n<p>Siehe dazu auch Pressemeldung vom 17. Februar: <br \/> <a href=\"https:\/\/www.pressetext.com\/news\/20210217013\" rel=\"nofollow\" target=\"_blank\">https:\/\/www.pressetext.com\/news\/20210217013<\/a> <\/p>\n<p>Weitere Fotos vom Start der Feldstudie auf Fotodienst.at: <br \/> <a href=\"https:\/\/fotodienst.pressetext.com\/album\/3752\" rel=\"nofollow\" target=\"_blank\">https:\/\/fotodienst.pressetext.com\/album\/3752<\/a> <\/p>\n<p><strong> \u00dcber Dexwet: True Filter Solutions<\/strong> <br \/> Dexwet ist ein \u00f6sterreichisch-amerikanisches Technologieunternehmen, spezialisiert auf die Entwicklung und Vermarktung seiner patentierten Nassfiltertechnologie. Dexwet Filter sind langlebig, hochwertig und k\u00f6nnen wiederaufbereitet und wiederverwendet werden. Die Filter bieten ein breites Spektrum ma\u00dfgeschneiderter L\u00f6sungen f\u00fcr Partikelgr\u00f6\u00dfen von Grobstaub bis hin zu Ultrafeinstaub. Insbesondere f\u00fcr Allergiker, Astmathiker und Personen mit sensiblen Atemwegen bietet Dexwet effektive L\u00f6sungen, die f\u00fcr saubere Atemluft zuhause und bei der Arbeit sorgt.\n<\/p>\n<p>Dexwet Pure Air Shop: <a href=\"https:\/\/www.pure-air.shop\" rel=\"nofollow\" target=\"_blank\">https:\/\/www.pure-air.shop<\/a> (\u00d6sterreich\/Europa)<br \/>Dexwet International AG: <a href=\"http:\/\/www.dexwet.at\" rel=\"nofollow\" target=\"_blank\">http:\/\/www.dexwet.at<\/a> (\u00d6sterreich\/Europa)<br \/>Dexwet Holdings Corporation: <a href=\"http:\/\/www.dexwetholdings.com\" rel=\"nofollow\" target=\"_blank\">http:\/\/www.dexwetholdings.com<\/a> (USA)\n<\/p>\n<p>\u00a0<\/p>\n<\/article>\n","protected":false},"excerpt":{"rendered":"<p>Nieder\u00f6sterreichische Volksschule Hainfeld testet Wirksamkeit von neuer Filtertechnologie 23.02.2021 Hainfeld \u2013 W\u00e4hrend andernorts noch heftig \u00fcber notwendige Schutzma\u00dfnahmen in den Schulen diskutiert wird, geht der B\u00fcrgermeister von Hainfeld in Nieder\u00f6sterreich, Albert Pitterle (SP\u00d6), jetzt gegen das Corona-Virus in die Offensive. Mit einer dreiw\u00f6chtigen Feldstudie will Pitterle herausfinden, ob die umweltfreundliche Nassfiltertechnologie des austro-amerikanischen Filterherstellers Dexwet&hellip;<\/p>\n","protected":false},"author":2,"featured_media":9813,"comment_status":"closed","ping_status":"closed","sticky":false,"template":"","format":"standard","meta":{"footnotes":""},"categories":[3],"tags":[],"class_list":["post-9814","post","type-post","status-publish","format-standard","has-post-thumbnail","hentry","category-news","category-3","description-off"],"yoast_head":"<!-- This site is optimized with the Yoast SEO plugin v26.3 - https:\/\/yoast.com\/wordpress\/plugins\/seo\/ -->\n<title>Luftfilter gegen Corona-Virus in der Schule - Temmel | Seywald - Corporate Communications<\/title>\n<meta name=\"robots\" content=\"index, follow, max-snippet:-1, max-image-preview:large, max-video-preview:-1\" \/>\n<link rel=\"canonical\" href=\"https:\/\/www.tsp.at\/en\/2021\/02\/23\/luftfilter-gegen-corona-virus-in-der-schule\/\" \/>\n<meta property=\"og:locale\" content=\"en_US\" \/>\n<meta property=\"og:type\" content=\"article\" \/>\n<meta property=\"og:title\" content=\"Luftfilter gegen Corona-Virus in der Schule - Temmel | Seywald - Corporate Communications\" \/>\n<meta property=\"og:description\" content=\"Nieder\u00f6sterreichische Volksschule Hainfeld testet Wirksamkeit von neuer Filtertechnologie 23.02.2021 Hainfeld \u2013 W\u00e4hrend andernorts noch heftig \u00fcber notwendige Schutzma\u00dfnahmen in den Schulen diskutiert wird, geht der B\u00fcrgermeister von Hainfeld in Nieder\u00f6sterreich, Albert Pitterle (SP\u00d6), jetzt gegen das Corona-Virus in die Offensive. Mit einer dreiw\u00f6chtigen Feldstudie will Pitterle herausfinden, ob die umweltfreundliche Nassfiltertechnologie des austro-amerikanischen Filterherstellers Dexwet&hellip;\" \/>\n<meta property=\"og:url\" content=\"https:\/\/www.tsp.at\/en\/2021\/02\/23\/luftfilter-gegen-corona-virus-in-der-schule\/\" \/>\n<meta property=\"og:site_name\" content=\"Temmel | Seywald - Corporate Communications\" \/>\n<meta property=\"article:publisher\" content=\"https:\/\/www.facebook.com\/TemmelSeywald\" \/>\n<meta property=\"article:published_time\" content=\"2021-02-23T10:27:00+00:00\" \/>\n<meta property=\"article:modified_time\" content=\"2025-10-21T12:52:25+00:00\" \/>\n<meta property=\"og:image\" content=\"https:\/\/www.tsp.at\/wp-content\/uploads\/2025\/10\/N08A3350_3_-scaled.jpg\" \/>\n\t<meta property=\"og:image:width\" content=\"2560\" \/>\n\t<meta property=\"og:image:height\" content=\"1707\" \/>\n\t<meta property=\"og:image:type\" content=\"image\/jpeg\" \/>\n<meta name=\"author\" content=\"TSP Redaktion\" \/>\n<meta name=\"twitter:card\" content=\"summary_large_image\" \/>\n<meta name=\"twitter:label1\" content=\"Written by\" \/>\n\t<meta name=\"twitter:data1\" content=\"TSP Redaktion\" \/>\n\t<meta name=\"twitter:label2\" content=\"Est. reading time\" \/>\n\t<meta name=\"twitter:data2\" content=\"2 minutes\" \/>\n<script type=\"application\/ld+json\" class=\"yoast-schema-graph\">{\"@context\":\"https:\/\/schema.org\",\"@graph\":[{\"@type\":\"Article\",\"@id\":\"https:\/\/www.tsp.at\/en\/2021\/02\/23\/luftfilter-gegen-corona-virus-in-der-schule\/#article\",\"isPartOf\":{\"@id\":\"https:\/\/www.tsp.at\/en\/2021\/02\/23\/luftfilter-gegen-corona-virus-in-der-schule\/\"},\"author\":{\"name\":\"TSP Redaktion\",\"@id\":\"https:\/\/www.tsp.at\/en\/#\/schema\/person\/1ba5600c29da17b902b0925cea567f8a\"},\"headline\":\"Luftfilter gegen Corona-Virus in der Schule\",\"datePublished\":\"2021-02-23T10:27:00+00:00\",\"dateModified\":\"2025-10-21T12:52:25+00:00\",\"mainEntityOfPage\":{\"@id\":\"https:\/\/www.tsp.at\/en\/2021\/02\/23\/luftfilter-gegen-corona-virus-in-der-schule\/\"},\"wordCount\":372,\"publisher\":{\"@id\":\"https:\/\/www.tsp.at\/en\/#organization\"},\"image\":{\"@id\":\"https:\/\/www.tsp.at\/en\/2021\/02\/23\/luftfilter-gegen-corona-virus-in-der-schule\/#primaryimage\"},\"thumbnailUrl\":\"https:\/\/www.tsp.at\/wp-content\/uploads\/2025\/10\/N08A3350_3_-scaled.jpg\",\"articleSection\":[\"News\"],\"inLanguage\":\"en-US\"},{\"@type\":\"WebPage\",\"@id\":\"https:\/\/www.tsp.at\/en\/2021\/02\/23\/luftfilter-gegen-corona-virus-in-der-schule\/\",\"url\":\"https:\/\/www.tsp.at\/en\/2021\/02\/23\/luftfilter-gegen-corona-virus-in-der-schule\/\",\"name\":\"Luftfilter gegen Corona-Virus in der Schule - Temmel | Seywald - Corporate Communications\",\"isPartOf\":{\"@id\":\"https:\/\/www.tsp.at\/en\/#website\"},\"primaryImageOfPage\":{\"@id\":\"https:\/\/www.tsp.at\/en\/2021\/02\/23\/luftfilter-gegen-corona-virus-in-der-schule\/#primaryimage\"},\"image\":{\"@id\":\"https:\/\/www.tsp.at\/en\/2021\/02\/23\/luftfilter-gegen-corona-virus-in-der-schule\/#primaryimage\"},\"thumbnailUrl\":\"https:\/\/www.tsp.at\/wp-content\/uploads\/2025\/10\/N08A3350_3_-scaled.jpg\",\"datePublished\":\"2021-02-23T10:27:00+00:00\",\"dateModified\":\"2025-10-21T12:52:25+00:00\",\"breadcrumb\":{\"@id\":\"https:\/\/www.tsp.at\/en\/2021\/02\/23\/luftfilter-gegen-corona-virus-in-der-schule\/#breadcrumb\"},\"inLanguage\":\"en-US\",\"potentialAction\":[{\"@type\":\"ReadAction\",\"target\":[\"https:\/\/www.tsp.at\/en\/2021\/02\/23\/luftfilter-gegen-corona-virus-in-der-schule\/\"]}]},{\"@type\":\"ImageObject\",\"inLanguage\":\"en-US\",\"@id\":\"https:\/\/www.tsp.at\/en\/2021\/02\/23\/luftfilter-gegen-corona-virus-in-der-schule\/#primaryimage\",\"url\":\"https:\/\/www.tsp.at\/wp-content\/uploads\/2025\/10\/N08A3350_3_-scaled.jpg\",\"contentUrl\":\"https:\/\/www.tsp.at\/wp-content\/uploads\/2025\/10\/N08A3350_3_-scaled.jpg\",\"width\":2560,\"height\":1707,\"caption\":\"(c) www.fotodienst.at \/ Anna Rauchenberger \u2013 Wien, 15.02.2021 - Raumluft-Feldstudie Hainfeld: Die Volksschule Hainfeld in Nieder\u00f6sterreich ist Schauplatz einer dreiw\u00f6chigen Luftfilterstudie. Das Institut f\u00fcr Innenraumanalytik will herausfinden, unter welchen Bedingungen Kinder am besten lernen. Dazu wird die Luftqualit\u00e4t in der Klasse mit und ohne Filtereinsatz gemessen.\"},{\"@type\":\"BreadcrumbList\",\"@id\":\"https:\/\/www.tsp.at\/en\/2021\/02\/23\/luftfilter-gegen-corona-virus-in-der-schule\/#breadcrumb\",\"itemListElement\":[{\"@type\":\"ListItem\",\"position\":1,\"name\":\"Startseite\",\"item\":\"https:\/\/www.tsp.at\/en\/\"},{\"@type\":\"ListItem\",\"position\":2,\"name\":\"Luftfilter gegen Corona-Virus in der Schule\"}]},{\"@type\":\"WebSite\",\"@id\":\"https:\/\/www.tsp.at\/en\/#website\",\"url\":\"https:\/\/www.tsp.at\/en\/\",\"name\":\"Temmel | Seywald - Corporate Communications\",\"description\":\"Kommunikation ist Beziehungsarbeit\",\"publisher\":{\"@id\":\"https:\/\/www.tsp.at\/en\/#organization\"},\"potentialAction\":[{\"@type\":\"SearchAction\",\"target\":{\"@type\":\"EntryPoint\",\"urlTemplate\":\"https:\/\/www.tsp.at\/en\/?s={search_term_string}\"},\"query-input\":{\"@type\":\"PropertyValueSpecification\",\"valueRequired\":true,\"valueName\":\"search_term_string\"}}],\"inLanguage\":\"en-US\"},{\"@type\":\"Organization\",\"@id\":\"https:\/\/www.tsp.at\/en\/#organization\",\"name\":\"Temmel, Seywald & Partner Communications GesmbH\",\"alternateName\":\"TSP\",\"url\":\"https:\/\/www.tsp.at\/en\/\",\"logo\":{\"@type\":\"ImageObject\",\"inLanguage\":\"en-US\",\"@id\":\"https:\/\/www.tsp.at\/en\/#\/schema\/logo\/image\/\",\"url\":\"https:\/\/www.tsp.at\/wp-content\/uploads\/2025\/10\/favicontsp.png\",\"contentUrl\":\"https:\/\/www.tsp.at\/wp-content\/uploads\/2025\/10\/favicontsp.png\",\"width\":125,\"height\":125,\"caption\":\"Temmel, Seywald & Partner Communications GesmbH\"},\"image\":{\"@id\":\"https:\/\/www.tsp.at\/en\/#\/schema\/logo\/image\/\"},\"sameAs\":[\"https:\/\/www.facebook.com\/TemmelSeywald\"]},{\"@type\":\"Person\",\"@id\":\"https:\/\/www.tsp.at\/en\/#\/schema\/person\/1ba5600c29da17b902b0925cea567f8a\",\"name\":\"TSP Redaktion\"}]}<\/script>\n<!-- \/ Yoast SEO plugin. -->","yoast_head_json":{"title":"Luftfilter gegen Corona-Virus in der Schule - Temmel | Seywald - Corporate Communications","robots":{"index":"index","follow":"follow","max-snippet":"max-snippet:-1","max-image-preview":"max-image-preview:large","max-video-preview":"max-video-preview:-1"},"canonical":"https:\/\/www.tsp.at\/en\/2021\/02\/23\/luftfilter-gegen-corona-virus-in-der-schule\/","og_locale":"en_US","og_type":"article","og_title":"Luftfilter gegen Corona-Virus in der Schule - Temmel | Seywald - Corporate Communications","og_description":"Nieder\u00f6sterreichische Volksschule Hainfeld testet Wirksamkeit von neuer Filtertechnologie 23.02.2021 Hainfeld \u2013 W\u00e4hrend andernorts noch heftig \u00fcber notwendige Schutzma\u00dfnahmen in den Schulen diskutiert wird, geht der B\u00fcrgermeister von Hainfeld in Nieder\u00f6sterreich, Albert Pitterle (SP\u00d6), jetzt gegen das Corona-Virus in die Offensive. Mit einer dreiw\u00f6chtigen Feldstudie will Pitterle herausfinden, ob die umweltfreundliche Nassfiltertechnologie des austro-amerikanischen Filterherstellers Dexwet&hellip;","og_url":"https:\/\/www.tsp.at\/en\/2021\/02\/23\/luftfilter-gegen-corona-virus-in-der-schule\/","og_site_name":"Temmel | Seywald - Corporate Communications","article_publisher":"https:\/\/www.facebook.com\/TemmelSeywald","article_published_time":"2021-02-23T10:27:00+00:00","article_modified_time":"2025-10-21T12:52:25+00:00","og_image":[{"width":2560,"height":1707,"url":"https:\/\/www.tsp.at\/wp-content\/uploads\/2025\/10\/N08A3350_3_-scaled.jpg","type":"image\/jpeg"}],"author":"TSP Redaktion","twitter_card":"summary_large_image","twitter_misc":{"Written by":"TSP Redaktion","Est. reading time":"2 minutes"},"schema":{"@context":"https:\/\/schema.org","@graph":[{"@type":"Article","@id":"https:\/\/www.tsp.at\/en\/2021\/02\/23\/luftfilter-gegen-corona-virus-in-der-schule\/#article","isPartOf":{"@id":"https:\/\/www.tsp.at\/en\/2021\/02\/23\/luftfilter-gegen-corona-virus-in-der-schule\/"},"author":{"name":"TSP Redaktion","@id":"https:\/\/www.tsp.at\/en\/#\/schema\/person\/1ba5600c29da17b902b0925cea567f8a"},"headline":"Luftfilter gegen Corona-Virus in der Schule","datePublished":"2021-02-23T10:27:00+00:00","dateModified":"2025-10-21T12:52:25+00:00","mainEntityOfPage":{"@id":"https:\/\/www.tsp.at\/en\/2021\/02\/23\/luftfilter-gegen-corona-virus-in-der-schule\/"},"wordCount":372,"publisher":{"@id":"https:\/\/www.tsp.at\/en\/#organization"},"image":{"@id":"https:\/\/www.tsp.at\/en\/2021\/02\/23\/luftfilter-gegen-corona-virus-in-der-schule\/#primaryimage"},"thumbnailUrl":"https:\/\/www.tsp.at\/wp-content\/uploads\/2025\/10\/N08A3350_3_-scaled.jpg","articleSection":["News"],"inLanguage":"en-US"},{"@type":"WebPage","@id":"https:\/\/www.tsp.at\/en\/2021\/02\/23\/luftfilter-gegen-corona-virus-in-der-schule\/","url":"https:\/\/www.tsp.at\/en\/2021\/02\/23\/luftfilter-gegen-corona-virus-in-der-schule\/","name":"Luftfilter gegen Corona-Virus in der Schule - Temmel | Seywald - Corporate Communications","isPartOf":{"@id":"https:\/\/www.tsp.at\/en\/#website"},"primaryImageOfPage":{"@id":"https:\/\/www.tsp.at\/en\/2021\/02\/23\/luftfilter-gegen-corona-virus-in-der-schule\/#primaryimage"},"image":{"@id":"https:\/\/www.tsp.at\/en\/2021\/02\/23\/luftfilter-gegen-corona-virus-in-der-schule\/#primaryimage"},"thumbnailUrl":"https:\/\/www.tsp.at\/wp-content\/uploads\/2025\/10\/N08A3350_3_-scaled.jpg","datePublished":"2021-02-23T10:27:00+00:00","dateModified":"2025-10-21T12:52:25+00:00","breadcrumb":{"@id":"https:\/\/www.tsp.at\/en\/2021\/02\/23\/luftfilter-gegen-corona-virus-in-der-schule\/#breadcrumb"},"inLanguage":"en-US","potentialAction":[{"@type":"ReadAction","target":["https:\/\/www.tsp.at\/en\/2021\/02\/23\/luftfilter-gegen-corona-virus-in-der-schule\/"]}]},{"@type":"ImageObject","inLanguage":"en-US","@id":"https:\/\/www.tsp.at\/en\/2021\/02\/23\/luftfilter-gegen-corona-virus-in-der-schule\/#primaryimage","url":"https:\/\/www.tsp.at\/wp-content\/uploads\/2025\/10\/N08A3350_3_-scaled.jpg","contentUrl":"https:\/\/www.tsp.at\/wp-content\/uploads\/2025\/10\/N08A3350_3_-scaled.jpg","width":2560,"height":1707,"caption":"(c) www.fotodienst.at \/ Anna Rauchenberger \u2013 Wien, 15.02.2021 - Raumluft-Feldstudie Hainfeld: Die Volksschule Hainfeld in Nieder\u00f6sterreich ist Schauplatz einer dreiw\u00f6chigen Luftfilterstudie. Das Institut f\u00fcr Innenraumanalytik will herausfinden, unter welchen Bedingungen Kinder am besten lernen. Dazu wird die Luftqualit\u00e4t in der Klasse mit und ohne Filtereinsatz gemessen."},{"@type":"BreadcrumbList","@id":"https:\/\/www.tsp.at\/en\/2021\/02\/23\/luftfilter-gegen-corona-virus-in-der-schule\/#breadcrumb","itemListElement":[{"@type":"ListItem","position":1,"name":"Startseite","item":"https:\/\/www.tsp.at\/en\/"},{"@type":"ListItem","position":2,"name":"Luftfilter gegen Corona-Virus in der Schule"}]},{"@type":"WebSite","@id":"https:\/\/www.tsp.at\/en\/#website","url":"https:\/\/www.tsp.at\/en\/","name":"Temmel | Seywald - Corporate Communications","description":"Kommunikation ist Beziehungsarbeit","publisher":{"@id":"https:\/\/www.tsp.at\/en\/#organization"},"potentialAction":[{"@type":"SearchAction","target":{"@type":"EntryPoint","urlTemplate":"https:\/\/www.tsp.at\/en\/?s={search_term_string}"},"query-input":{"@type":"PropertyValueSpecification","valueRequired":true,"valueName":"search_term_string"}}],"inLanguage":"en-US"},{"@type":"Organization","@id":"https:\/\/www.tsp.at\/en\/#organization","name":"Temmel, Seywald & Partner Communications GesmbH","alternateName":"TSP","url":"https:\/\/www.tsp.at\/en\/","logo":{"@type":"ImageObject","inLanguage":"en-US","@id":"https:\/\/www.tsp.at\/en\/#\/schema\/logo\/image\/","url":"https:\/\/www.tsp.at\/wp-content\/uploads\/2025\/10\/favicontsp.png","contentUrl":"https:\/\/www.tsp.at\/wp-content\/uploads\/2025\/10\/favicontsp.png","width":125,"height":125,"caption":"Temmel, Seywald & Partner Communications GesmbH"},"image":{"@id":"https:\/\/www.tsp.at\/en\/#\/schema\/logo\/image\/"},"sameAs":["https:\/\/www.facebook.com\/TemmelSeywald"]},{"@type":"Person","@id":"https:\/\/www.tsp.at\/en\/#\/schema\/person\/1ba5600c29da17b902b0925cea567f8a","name":"TSP Redaktion"}]}},"_links":{"self":[{"href":"https:\/\/www.tsp.at\/en\/wp-json\/wp\/v2\/posts\/9814","targetHints":{"allow":["GET"]}}],"collection":[{"href":"https:\/\/www.tsp.at\/en\/wp-json\/wp\/v2\/posts"}],"about":[{"href":"https:\/\/www.tsp.at\/en\/wp-json\/wp\/v2\/types\/post"}],"author":[{"embeddable":true,"href":"https:\/\/www.tsp.at\/en\/wp-json\/wp\/v2\/users\/2"}],"replies":[{"embeddable":true,"href":"https:\/\/www.tsp.at\/en\/wp-json\/wp\/v2\/comments?post=9814"}],"version-history":[{"count":1,"href":"https:\/\/www.tsp.at\/en\/wp-json\/wp\/v2\/posts\/9814\/revisions"}],"predecessor-version":[{"id":11316,"href":"https:\/\/www.tsp.at\/en\/wp-json\/wp\/v2\/posts\/9814\/revisions\/11316"}],"wp:featuredmedia":[{"embeddable":true,"href":"https:\/\/www.tsp.at\/en\/wp-json\/wp\/v2\/media\/9813"}],"wp:attachment":[{"href":"https:\/\/www.tsp.at\/en\/wp-json\/wp\/v2\/media?parent=9814"}],"wp:term":[{"taxonomy":"category","embeddable":true,"href":"https:\/\/www.tsp.at\/en\/wp-json\/wp\/v2\/categories?post=9814"},{"taxonomy":"post_tag","embeddable":true,"href":"https:\/\/www.tsp.at\/en\/wp-json\/wp\/v2\/tags?post=9814"}],"curies":[{"name":"wp","href":"https:\/\/api.w.org\/{rel}","templated":true}]}}