{"id":9838,"date":"2020-11-24T10:17:00","date_gmt":"2020-11-24T09:17:00","guid":{"rendered":"https:\/\/staging.tsp.at\/2020\/11\/24\/handl-tyrol-wird-vorzeigefabrik\/"},"modified":"2025-10-21T14:52:27","modified_gmt":"2025-10-21T12:52:27","slug":"handl-tyrol-wird-vorzeigefabrik","status":"publish","type":"post","link":"https:\/\/www.tsp.at\/en\/2020\/11\/24\/handl-tyrol-wird-vorzeigefabrik\/","title":{"rendered":"Handl Tyrol wird Vorzeigefabrik"},"content":{"rendered":"<article class=\"item\">\n<h2><strong>CNT begleitet Familienbetrieb auf dem Weg zur &#8220;Smart Factory&#8221; <\/strong><\/h2>\n<p>24.11.2020<\/p>\n<\/p>\n<\/p>\n<\/p>\n<\/p>\n<\/p>\n<p>Wien\/Innsbruck \u2013 <strong>Der bekannte Speckhersteller Handl Tyrol gewann im September den Fraunhofer-Wettbewerb um den begehrten Titel &#8220;Fabrik des Jahres 2020&#8221; und dazu den Kategoriepreis &#8220;Smart Factory&#8221; f\u00fcr seine gelungene Digitalisierung. Hinter dieser Auszeichnung stecken professionelle Vorbereitung, exzellentes Know-how und ein Team, das sich voll auf die Aufgabenstellung und Vision einer vollautomatisierten Produktionskette konzentrierte &#8211; auch dank der SAP-Beratung von CNT Management Consulting Innsbruck.<\/strong> <\/p>\n<p>Das Tiroler Familienunternehmen hat seinen Stammsitz in Pians, ein Service Center in Sch\u00f6nwies und eine weitere Produktion im S\u00fcdtiroler Naturns. Befl\u00fcgelt durch die hohe Nachfrage nach seinen Schinken- und Speckspezialit\u00e4ten, folgte dann 2018 die Er\u00f6ffnung des nun ausgezeichneten Werks in Haiming, das ausschlie\u00dflich auf die Speckproduktion ausgerichtet ist. Der auf 20.000 Quadratmetern errichtete Produktionsbetrieb war von Anfang an auf das klare Ziel getrimmt, die sehr aufw\u00e4ndige Herstellung und Lagerverwaltung zu standardisieren und zu automatisieren &#8211; mit gro\u00dfem Augenmerk auf papierlose Organisation sowie die \u00e4u\u00dferst exakte Produktr\u00fcckverfolgung.\n<\/p>\n<p><strong> Prozesssteuerung mit SAP<\/strong> <\/p>\n<p>Im April 2018 ging der erste Teil des neuen Werks nach etwa einj\u00e4hriger Projektlaufzeit produktiv. Zuvor wurden alle zentralen Produktionsprozesse und Abl\u00e4ufe im Detail definiert, programmiert, bildschirmgerecht visualisiert und \u00fcber entsprechende Schnittstellen an die F\u00f6rdertechnik angedockt. Die automatisierte Steuerung betrifft so die Warenannahme und Qualit\u00e4tskontrolle samt R\u00fcckmeldung an die Lieferanten ebenso wie das Anlegen der Produktions- und Transportauftr\u00e4ge f\u00fcr die Warenbewegungen via fahrerloser Transportsysteme durch die Fertigung im Werk.\n<\/p>\n<p>Bei der Verleihung des &#8220;Fabrik 2020&#8221;-Preises an Handl Tyrol sprach das Industriemagazin vom &#8220;h\u00e4rtesten Produktionswettbewerb&#8221; \u00d6sterreichs. F\u00fcr CNT-Projektleiter J\u00fcrgen Fr\u00fch lag die Herausforderung vor allem darin, Produktion und Lagerverwaltung geschmeidig zu verkn\u00fcpfen und zu integrieren und jeden einzelnen Fertigungsschritt einer physischen Bewegung im Lager zuzuordnen. Eine weitere Herausforderung war die Notwendigkeit, auf sp\u00e4tere Upgrades in S\/4HANA und Erweiterungen des Werks R\u00fccksicht zu nehmen.\n<\/p>\n<p><strong> Gute Vorbereitung halbe Miete<\/strong> <\/p>\n<p>Und die stehen bereits an: F\u00fcr das Stammwerk in Pians ist bereits ein weiteres Folgeprojekt geplant. Einmal festgelegte Prozesse k\u00f6nnen f\u00fcr die n\u00e4chsten Schritte mitgenommen, die Bausteine des Haiming-Projekts da wiederverwendet werden, sagt Fr\u00fch. Gro\u00dfes Lob spendet der CNT-Projektleiter dem involvierten Handl-Team selbst. Es gab eine klare Vorstellung f\u00fcr die Fabrik 2020, jeder Prozess und jeder Schritt war sorgf\u00e4ltig definiert und durch die Kommunikation mit den verschiedenen Projektpartnern aus unterschiedlichen Bereichen abgesichert.\n<\/p>\n<p>F\u00fcr die &#8220;Speckvirtuosen&#8221; von Handl Tyrol war schon in der Projektvorbereitung klar, dass an der klassischen Methode der Speckerzeugung &#8211; selbst durch die hohe Automatisierung und Prozesssteuerung &#8211; nicht ger\u00fcttelt werden d\u00fcrfe. Diese Philosophie musste daher auch Eingang in die neue Produktion finden, sagt CNT-Berater Fr\u00fch. Insbesondere bei der Vorbereitung der frischen Rohstoffe und der Selektion in Qualit\u00e4tsstufen kommt dies zum Tragen, aber auch bei der Rezeptgenauigkeit, der zehntelgenauen Temperaturwahl, bei den Reife- und Ruhezeiten. All das wurde durch die Erfahrungswerte des Teams definiert, doch nun kommt die komplexe Sensorik hinzu und damit die m\u00f6gliche Auswertung von Millionen Daten und die weitere Verfeinerung des Fertigungsprozesses.\n<\/p>\n<p><strong> Quantensprung f\u00fcr Speckerzeugung<\/strong> <\/p>\n<p>Fragt man nach den wesentlichen Neuerungen im Fertigungsprozess, nennt der CNT-Projektleiter die automatisierte Anbindung und Visualisierung von Lager und F\u00f6rdertechnik: &#8220;Wir stellen aus dem SAP-System heraus die Daten bereit, damit man jedes einzelne Rack (beladen mit Qualit\u00e4tsware) aktivieren und via Drag and Drop zum n\u00e4chsten Fertigungsschritt ansto\u00dfen kann.&#8221; Hinzu kommt die m\u00f6gliche Fortschreibung der Fertigungsauftr\u00e4ge aus der R\u00fcckmeldung der bereits durchgef\u00fchrten Transporte bzw. Warenbewegungen.\n<\/p>\n<p>Der hohe Automatisierungsgrad f\u00fchrt nicht nur zu einer dementsprechenden Steigerung der Produktivit\u00e4t jedes einzelnen Mitarbeiters, sondern auch zu einer enormen Effizienz des ganzen Werks. Da sind hochkar\u00e4tige Supervisoren im Einsatz, die mit der digitalen Steuerung und visuellen \u00dcberwachung befasst sind. Ein weiterer Fortschritt gegen\u00fcber dem manuellen Prozess ist, dass sie dabei dem veredelten Endprodukt umso mehr Zeit, Wert und Aufmerksamkeit schenken k\u00f6nnen, sagt CNT-Projektleiter Fr\u00fch.\n<\/p>\n<p><strong> Laufende Prozessverbesserung<\/strong> <\/p>\n<p>Viele Faktoren entscheiden \u00fcber die Qualit\u00e4t des Endproduktes, und daher ist die st\u00e4ndige Messung und \u00dcberwachung bedeutsam. Ob Temperatur, Raumklima, K\u00fchlung, Heizung oder Energiebedarf: Bei jeder Warenbewegung werden f\u00fcr jede Charge aktualisierte Daten geliefert. Die Sammlung und Auswertung dieser \u00fcber die zahlreichen Sensoren gewonnenen Daten bildet denn auch die Basis f\u00fcr die laufende Qualit\u00e4tssicherung und Prozessverbesserung. Handwerkskunst trifft hier im wahrsten Sinne auf Digitalisierung &#8211; und wird so von den Handl Tyrol-Speckmeistern in die n\u00e4chste Generation getragen.\n<\/p>\n<p><strong> \u00dcber Handl Tyrol<\/strong> <br \/>Der vielfach ausgezeichnete Speck-, Rohwurst- und Schinkenerzeuger Handl Tyrol GmbH mit Sitz im Tiroler Oberland erwirtschaftet mit rund 600 Mitarbeitern einen Umsatz von 145 Mio. Euro (2019). Das als &#8220;Fabrik des Jahres 2020&#8221; pr\u00e4mierte Werk in Haiming ging im Sommer 2018 nach 13-monatiger Bauzeit und Investitionen von ca. 50 Mio. Euro in Vollbetrieb. <a href=\"http:\/\/www.handltyrol.at\" target=\"_blank\">http:\/\/www.handltyrol.at<\/a> <\/p>\n<p><strong> \u00dcber CNT Management Consulting<\/strong> <br \/>Die SAP-Beratung CNT Management Consulting AG betreut Unternehmen l\u00e4nder\u00fcbergreifend in allen Bereichen der SAP-Integration und Umstellung auf die neue Software-Generation S\/4HANA. CNT erwirtschaftet mit rund 270 Berater\/innen an den Standorten Wien, Innsbruck, Linz, M\u00fcnchen, Mainz, Hasselt, Bozen, Z\u00fcrich, Atlanta und S\u00e3o Paulo einen Umsatz von knapp 55 Mio. Euro. <a href=\"http:\/\/www.cnt-online.com\" target=\"_blank\">http:\/\/www.cnt-online.com<\/a><\/p>\n<\/article>\n","protected":false},"excerpt":{"rendered":"<p>CNT begleitet Familienbetrieb auf dem Weg zur &#8220;Smart Factory&#8221; 24.11.2020 Wien\/Innsbruck \u2013 Der bekannte Speckhersteller Handl Tyrol gewann im September den Fraunhofer-Wettbewerb um den begehrten Titel &#8220;Fabrik des Jahres 2020&#8221; und dazu den Kategoriepreis &#8220;Smart Factory&#8221; f\u00fcr seine gelungene Digitalisierung. Hinter dieser Auszeichnung stecken professionelle Vorbereitung, exzellentes Know-how und ein Team, das sich voll auf&hellip;<\/p>\n","protected":false},"author":2,"featured_media":9837,"comment_status":"closed","ping_status":"closed","sticky":false,"template":"","format":"standard","meta":{"footnotes":""},"categories":[3],"tags":[],"class_list":["post-9838","post","type-post","status-publish","format-standard","has-post-thumbnail","hentry","category-news","category-3","description-off"],"yoast_head":"<!-- This site is optimized with the Yoast SEO plugin v26.3 - https:\/\/yoast.com\/wordpress\/plugins\/seo\/ -->\n<title>Handl Tyrol wird Vorzeigefabrik - Temmel | Seywald - Corporate Communications<\/title>\n<meta name=\"robots\" content=\"index, follow, max-snippet:-1, max-image-preview:large, max-video-preview:-1\" \/>\n<link rel=\"canonical\" href=\"https:\/\/www.tsp.at\/en\/2020\/11\/24\/handl-tyrol-wird-vorzeigefabrik\/\" \/>\n<meta property=\"og:locale\" content=\"en_US\" \/>\n<meta property=\"og:type\" content=\"article\" \/>\n<meta property=\"og:title\" content=\"Handl Tyrol wird Vorzeigefabrik - Temmel | Seywald - Corporate Communications\" \/>\n<meta property=\"og:description\" content=\"CNT begleitet Familienbetrieb auf dem Weg zur &#8220;Smart Factory&#8221; 24.11.2020 Wien\/Innsbruck \u2013 Der bekannte Speckhersteller Handl Tyrol gewann im September den Fraunhofer-Wettbewerb um den begehrten Titel &#8220;Fabrik des Jahres 2020&#8221; und dazu den Kategoriepreis &#8220;Smart Factory&#8221; f\u00fcr seine gelungene Digitalisierung. Hinter dieser Auszeichnung stecken professionelle Vorbereitung, exzellentes Know-how und ein Team, das sich voll auf&hellip;\" \/>\n<meta property=\"og:url\" content=\"https:\/\/www.tsp.at\/en\/2020\/11\/24\/handl-tyrol-wird-vorzeigefabrik\/\" \/>\n<meta property=\"og:site_name\" content=\"Temmel | Seywald - Corporate Communications\" \/>\n<meta property=\"article:publisher\" content=\"https:\/\/www.facebook.com\/TemmelSeywald\" \/>\n<meta property=\"article:published_time\" content=\"2020-11-24T09:17:00+00:00\" \/>\n<meta property=\"article:modified_time\" content=\"2025-10-21T12:52:27+00:00\" \/>\n<meta property=\"og:image\" content=\"https:\/\/www.tsp.at\/wp-content\/uploads\/2025\/10\/ATP_Handl_Tyrol_Bause_0027-scaled.jpg\" \/>\n\t<meta property=\"og:image:width\" content=\"2560\" \/>\n\t<meta property=\"og:image:height\" content=\"1707\" \/>\n\t<meta property=\"og:image:type\" content=\"image\/jpeg\" \/>\n<meta name=\"author\" content=\"TSP Redaktion\" \/>\n<meta name=\"twitter:card\" content=\"summary_large_image\" \/>\n<meta name=\"twitter:label1\" content=\"Written by\" \/>\n\t<meta name=\"twitter:data1\" content=\"TSP Redaktion\" \/>\n\t<meta name=\"twitter:label2\" content=\"Est. reading time\" \/>\n\t<meta name=\"twitter:data2\" content=\"5 minutes\" \/>\n<script type=\"application\/ld+json\" class=\"yoast-schema-graph\">{\"@context\":\"https:\/\/schema.org\",\"@graph\":[{\"@type\":\"Article\",\"@id\":\"https:\/\/www.tsp.at\/en\/2020\/11\/24\/handl-tyrol-wird-vorzeigefabrik\/#article\",\"isPartOf\":{\"@id\":\"https:\/\/www.tsp.at\/en\/2020\/11\/24\/handl-tyrol-wird-vorzeigefabrik\/\"},\"author\":{\"name\":\"TSP Redaktion\",\"@id\":\"https:\/\/www.tsp.at\/en\/#\/schema\/person\/1ba5600c29da17b902b0925cea567f8a\"},\"headline\":\"Handl Tyrol wird Vorzeigefabrik\",\"datePublished\":\"2020-11-24T09:17:00+00:00\",\"dateModified\":\"2025-10-21T12:52:27+00:00\",\"mainEntityOfPage\":{\"@id\":\"https:\/\/www.tsp.at\/en\/2020\/11\/24\/handl-tyrol-wird-vorzeigefabrik\/\"},\"wordCount\":863,\"publisher\":{\"@id\":\"https:\/\/www.tsp.at\/en\/#organization\"},\"image\":{\"@id\":\"https:\/\/www.tsp.at\/en\/2020\/11\/24\/handl-tyrol-wird-vorzeigefabrik\/#primaryimage\"},\"thumbnailUrl\":\"https:\/\/www.tsp.at\/wp-content\/uploads\/2025\/10\/ATP_Handl_Tyrol_Bause_0027-scaled.jpg\",\"articleSection\":[\"News\"],\"inLanguage\":\"en-US\"},{\"@type\":\"WebPage\",\"@id\":\"https:\/\/www.tsp.at\/en\/2020\/11\/24\/handl-tyrol-wird-vorzeigefabrik\/\",\"url\":\"https:\/\/www.tsp.at\/en\/2020\/11\/24\/handl-tyrol-wird-vorzeigefabrik\/\",\"name\":\"Handl Tyrol wird Vorzeigefabrik - Temmel | Seywald - Corporate Communications\",\"isPartOf\":{\"@id\":\"https:\/\/www.tsp.at\/en\/#website\"},\"primaryImageOfPage\":{\"@id\":\"https:\/\/www.tsp.at\/en\/2020\/11\/24\/handl-tyrol-wird-vorzeigefabrik\/#primaryimage\"},\"image\":{\"@id\":\"https:\/\/www.tsp.at\/en\/2020\/11\/24\/handl-tyrol-wird-vorzeigefabrik\/#primaryimage\"},\"thumbnailUrl\":\"https:\/\/www.tsp.at\/wp-content\/uploads\/2025\/10\/ATP_Handl_Tyrol_Bause_0027-scaled.jpg\",\"datePublished\":\"2020-11-24T09:17:00+00:00\",\"dateModified\":\"2025-10-21T12:52:27+00:00\",\"breadcrumb\":{\"@id\":\"https:\/\/www.tsp.at\/en\/2020\/11\/24\/handl-tyrol-wird-vorzeigefabrik\/#breadcrumb\"},\"inLanguage\":\"en-US\",\"potentialAction\":[{\"@type\":\"ReadAction\",\"target\":[\"https:\/\/www.tsp.at\/en\/2020\/11\/24\/handl-tyrol-wird-vorzeigefabrik\/\"]}]},{\"@type\":\"ImageObject\",\"inLanguage\":\"en-US\",\"@id\":\"https:\/\/www.tsp.at\/en\/2020\/11\/24\/handl-tyrol-wird-vorzeigefabrik\/#primaryimage\",\"url\":\"https:\/\/www.tsp.at\/wp-content\/uploads\/2025\/10\/ATP_Handl_Tyrol_Bause_0027-scaled.jpg\",\"contentUrl\":\"https:\/\/www.tsp.at\/wp-content\/uploads\/2025\/10\/ATP_Handl_Tyrol_Bause_0027-scaled.jpg\",\"width\":2560,\"height\":1707,\"caption\":\"ATP architekten ingenieure - 2159 HANDL Speckproduktion 2018 Haiming\"},{\"@type\":\"BreadcrumbList\",\"@id\":\"https:\/\/www.tsp.at\/en\/2020\/11\/24\/handl-tyrol-wird-vorzeigefabrik\/#breadcrumb\",\"itemListElement\":[{\"@type\":\"ListItem\",\"position\":1,\"name\":\"Startseite\",\"item\":\"https:\/\/www.tsp.at\/en\/\"},{\"@type\":\"ListItem\",\"position\":2,\"name\":\"Handl Tyrol wird Vorzeigefabrik\"}]},{\"@type\":\"WebSite\",\"@id\":\"https:\/\/www.tsp.at\/en\/#website\",\"url\":\"https:\/\/www.tsp.at\/en\/\",\"name\":\"Temmel | Seywald - Corporate Communications\",\"description\":\"Kommunikation ist Beziehungsarbeit\",\"publisher\":{\"@id\":\"https:\/\/www.tsp.at\/en\/#organization\"},\"potentialAction\":[{\"@type\":\"SearchAction\",\"target\":{\"@type\":\"EntryPoint\",\"urlTemplate\":\"https:\/\/www.tsp.at\/en\/?s={search_term_string}\"},\"query-input\":{\"@type\":\"PropertyValueSpecification\",\"valueRequired\":true,\"valueName\":\"search_term_string\"}}],\"inLanguage\":\"en-US\"},{\"@type\":\"Organization\",\"@id\":\"https:\/\/www.tsp.at\/en\/#organization\",\"name\":\"Temmel, Seywald & Partner Communications GesmbH\",\"alternateName\":\"TSP\",\"url\":\"https:\/\/www.tsp.at\/en\/\",\"logo\":{\"@type\":\"ImageObject\",\"inLanguage\":\"en-US\",\"@id\":\"https:\/\/www.tsp.at\/en\/#\/schema\/logo\/image\/\",\"url\":\"https:\/\/www.tsp.at\/wp-content\/uploads\/2025\/10\/favicontsp.png\",\"contentUrl\":\"https:\/\/www.tsp.at\/wp-content\/uploads\/2025\/10\/favicontsp.png\",\"width\":125,\"height\":125,\"caption\":\"Temmel, Seywald & Partner Communications GesmbH\"},\"image\":{\"@id\":\"https:\/\/www.tsp.at\/en\/#\/schema\/logo\/image\/\"},\"sameAs\":[\"https:\/\/www.facebook.com\/TemmelSeywald\"]},{\"@type\":\"Person\",\"@id\":\"https:\/\/www.tsp.at\/en\/#\/schema\/person\/1ba5600c29da17b902b0925cea567f8a\",\"name\":\"TSP Redaktion\"}]}<\/script>\n<!-- \/ Yoast SEO plugin. -->","yoast_head_json":{"title":"Handl Tyrol wird Vorzeigefabrik - Temmel | Seywald - Corporate Communications","robots":{"index":"index","follow":"follow","max-snippet":"max-snippet:-1","max-image-preview":"max-image-preview:large","max-video-preview":"max-video-preview:-1"},"canonical":"https:\/\/www.tsp.at\/en\/2020\/11\/24\/handl-tyrol-wird-vorzeigefabrik\/","og_locale":"en_US","og_type":"article","og_title":"Handl Tyrol wird Vorzeigefabrik - Temmel | Seywald - Corporate Communications","og_description":"CNT begleitet Familienbetrieb auf dem Weg zur &#8220;Smart Factory&#8221; 24.11.2020 Wien\/Innsbruck \u2013 Der bekannte Speckhersteller Handl Tyrol gewann im September den Fraunhofer-Wettbewerb um den begehrten Titel &#8220;Fabrik des Jahres 2020&#8221; und dazu den Kategoriepreis &#8220;Smart Factory&#8221; f\u00fcr seine gelungene Digitalisierung. Hinter dieser Auszeichnung stecken professionelle Vorbereitung, exzellentes Know-how und ein Team, das sich voll auf&hellip;","og_url":"https:\/\/www.tsp.at\/en\/2020\/11\/24\/handl-tyrol-wird-vorzeigefabrik\/","og_site_name":"Temmel | Seywald - Corporate Communications","article_publisher":"https:\/\/www.facebook.com\/TemmelSeywald","article_published_time":"2020-11-24T09:17:00+00:00","article_modified_time":"2025-10-21T12:52:27+00:00","og_image":[{"width":2560,"height":1707,"url":"https:\/\/www.tsp.at\/wp-content\/uploads\/2025\/10\/ATP_Handl_Tyrol_Bause_0027-scaled.jpg","type":"image\/jpeg"}],"author":"TSP Redaktion","twitter_card":"summary_large_image","twitter_misc":{"Written by":"TSP Redaktion","Est. reading time":"5 minutes"},"schema":{"@context":"https:\/\/schema.org","@graph":[{"@type":"Article","@id":"https:\/\/www.tsp.at\/en\/2020\/11\/24\/handl-tyrol-wird-vorzeigefabrik\/#article","isPartOf":{"@id":"https:\/\/www.tsp.at\/en\/2020\/11\/24\/handl-tyrol-wird-vorzeigefabrik\/"},"author":{"name":"TSP Redaktion","@id":"https:\/\/www.tsp.at\/en\/#\/schema\/person\/1ba5600c29da17b902b0925cea567f8a"},"headline":"Handl Tyrol wird Vorzeigefabrik","datePublished":"2020-11-24T09:17:00+00:00","dateModified":"2025-10-21T12:52:27+00:00","mainEntityOfPage":{"@id":"https:\/\/www.tsp.at\/en\/2020\/11\/24\/handl-tyrol-wird-vorzeigefabrik\/"},"wordCount":863,"publisher":{"@id":"https:\/\/www.tsp.at\/en\/#organization"},"image":{"@id":"https:\/\/www.tsp.at\/en\/2020\/11\/24\/handl-tyrol-wird-vorzeigefabrik\/#primaryimage"},"thumbnailUrl":"https:\/\/www.tsp.at\/wp-content\/uploads\/2025\/10\/ATP_Handl_Tyrol_Bause_0027-scaled.jpg","articleSection":["News"],"inLanguage":"en-US"},{"@type":"WebPage","@id":"https:\/\/www.tsp.at\/en\/2020\/11\/24\/handl-tyrol-wird-vorzeigefabrik\/","url":"https:\/\/www.tsp.at\/en\/2020\/11\/24\/handl-tyrol-wird-vorzeigefabrik\/","name":"Handl Tyrol wird Vorzeigefabrik - Temmel | Seywald - Corporate Communications","isPartOf":{"@id":"https:\/\/www.tsp.at\/en\/#website"},"primaryImageOfPage":{"@id":"https:\/\/www.tsp.at\/en\/2020\/11\/24\/handl-tyrol-wird-vorzeigefabrik\/#primaryimage"},"image":{"@id":"https:\/\/www.tsp.at\/en\/2020\/11\/24\/handl-tyrol-wird-vorzeigefabrik\/#primaryimage"},"thumbnailUrl":"https:\/\/www.tsp.at\/wp-content\/uploads\/2025\/10\/ATP_Handl_Tyrol_Bause_0027-scaled.jpg","datePublished":"2020-11-24T09:17:00+00:00","dateModified":"2025-10-21T12:52:27+00:00","breadcrumb":{"@id":"https:\/\/www.tsp.at\/en\/2020\/11\/24\/handl-tyrol-wird-vorzeigefabrik\/#breadcrumb"},"inLanguage":"en-US","potentialAction":[{"@type":"ReadAction","target":["https:\/\/www.tsp.at\/en\/2020\/11\/24\/handl-tyrol-wird-vorzeigefabrik\/"]}]},{"@type":"ImageObject","inLanguage":"en-US","@id":"https:\/\/www.tsp.at\/en\/2020\/11\/24\/handl-tyrol-wird-vorzeigefabrik\/#primaryimage","url":"https:\/\/www.tsp.at\/wp-content\/uploads\/2025\/10\/ATP_Handl_Tyrol_Bause_0027-scaled.jpg","contentUrl":"https:\/\/www.tsp.at\/wp-content\/uploads\/2025\/10\/ATP_Handl_Tyrol_Bause_0027-scaled.jpg","width":2560,"height":1707,"caption":"ATP architekten ingenieure - 2159 HANDL Speckproduktion 2018 Haiming"},{"@type":"BreadcrumbList","@id":"https:\/\/www.tsp.at\/en\/2020\/11\/24\/handl-tyrol-wird-vorzeigefabrik\/#breadcrumb","itemListElement":[{"@type":"ListItem","position":1,"name":"Startseite","item":"https:\/\/www.tsp.at\/en\/"},{"@type":"ListItem","position":2,"name":"Handl Tyrol wird Vorzeigefabrik"}]},{"@type":"WebSite","@id":"https:\/\/www.tsp.at\/en\/#website","url":"https:\/\/www.tsp.at\/en\/","name":"Temmel | Seywald - Corporate Communications","description":"Kommunikation ist Beziehungsarbeit","publisher":{"@id":"https:\/\/www.tsp.at\/en\/#organization"},"potentialAction":[{"@type":"SearchAction","target":{"@type":"EntryPoint","urlTemplate":"https:\/\/www.tsp.at\/en\/?s={search_term_string}"},"query-input":{"@type":"PropertyValueSpecification","valueRequired":true,"valueName":"search_term_string"}}],"inLanguage":"en-US"},{"@type":"Organization","@id":"https:\/\/www.tsp.at\/en\/#organization","name":"Temmel, Seywald & Partner Communications GesmbH","alternateName":"TSP","url":"https:\/\/www.tsp.at\/en\/","logo":{"@type":"ImageObject","inLanguage":"en-US","@id":"https:\/\/www.tsp.at\/en\/#\/schema\/logo\/image\/","url":"https:\/\/www.tsp.at\/wp-content\/uploads\/2025\/10\/favicontsp.png","contentUrl":"https:\/\/www.tsp.at\/wp-content\/uploads\/2025\/10\/favicontsp.png","width":125,"height":125,"caption":"Temmel, Seywald & Partner Communications GesmbH"},"image":{"@id":"https:\/\/www.tsp.at\/en\/#\/schema\/logo\/image\/"},"sameAs":["https:\/\/www.facebook.com\/TemmelSeywald"]},{"@type":"Person","@id":"https:\/\/www.tsp.at\/en\/#\/schema\/person\/1ba5600c29da17b902b0925cea567f8a","name":"TSP Redaktion"}]}},"_links":{"self":[{"href":"https:\/\/www.tsp.at\/en\/wp-json\/wp\/v2\/posts\/9838","targetHints":{"allow":["GET"]}}],"collection":[{"href":"https:\/\/www.tsp.at\/en\/wp-json\/wp\/v2\/posts"}],"about":[{"href":"https:\/\/www.tsp.at\/en\/wp-json\/wp\/v2\/types\/post"}],"author":[{"embeddable":true,"href":"https:\/\/www.tsp.at\/en\/wp-json\/wp\/v2\/users\/2"}],"replies":[{"embeddable":true,"href":"https:\/\/www.tsp.at\/en\/wp-json\/wp\/v2\/comments?post=9838"}],"version-history":[{"count":1,"href":"https:\/\/www.tsp.at\/en\/wp-json\/wp\/v2\/posts\/9838\/revisions"}],"predecessor-version":[{"id":11328,"href":"https:\/\/www.tsp.at\/en\/wp-json\/wp\/v2\/posts\/9838\/revisions\/11328"}],"wp:featuredmedia":[{"embeddable":true,"href":"https:\/\/www.tsp.at\/en\/wp-json\/wp\/v2\/media\/9837"}],"wp:attachment":[{"href":"https:\/\/www.tsp.at\/en\/wp-json\/wp\/v2\/media?parent=9838"}],"wp:term":[{"taxonomy":"category","embeddable":true,"href":"https:\/\/www.tsp.at\/en\/wp-json\/wp\/v2\/categories?post=9838"},{"taxonomy":"post_tag","embeddable":true,"href":"https:\/\/www.tsp.at\/en\/wp-json\/wp\/v2\/tags?post=9838"}],"curies":[{"name":"wp","href":"https:\/\/api.w.org\/{rel}","templated":true}]}}