{"id":9844,"date":"2020-11-12T09:55:00","date_gmt":"2020-11-12T08:55:00","guid":{"rendered":"https:\/\/staging.tsp.at\/2020\/11\/12\/avaya-wird-zum-cloud-anbieter\/"},"modified":"2025-10-21T14:52:27","modified_gmt":"2025-10-21T12:52:27","slug":"avaya-wird-zum-cloud-anbieter","status":"publish","type":"post","link":"https:\/\/www.tsp.at\/en\/2020\/11\/12\/avaya-wird-zum-cloud-anbieter\/","title":{"rendered":"Avaya wird zum Cloud-Anbieter"},"content":{"rendered":"<article class=\"item\">\n<h2><strong> Cloud-Office-L\u00f6sung ab 15. Dezember auch f\u00fcr Kleinstunternehmen <\/strong><\/h2>\n<p>12.11.2020<\/p>\n<\/p>\n<\/p>\n<\/p>\n<\/p>\n<\/p>\n<p>Z\u00fcrich\/Wien \u2013 Die Corona-Krise hat die Transformation des Telekommunikationsanbieters Avaya <a href=\"http:\/\/avaya.com\/de\" target=\"_blank\">http:\/\/avaya.com\/de<\/a>zum Software- und Service-Unternehmen beschleunigt. Weit mehr als 80 Prozent der Ums\u00e4tze entfallen bereits auf UCaaS-L\u00f6sungen. Mit der bevorstehenden Einf\u00fchrung des neuen &#8220;Avaya Cloud Office&#8221; (Launch: 15. Dezember) geht das Unternehmen noch einen Schritt weiter, informierte die Country Managerin f\u00fcr Avaya Schweiz und \u00d6sterreich, Rania Odermatt, am vergangenen Dienstag bei einer Videokonferenz.\n<\/p>\n<p>Avaya steht nicht mehr l\u00e4nger nur f\u00fcr Telefonanlagen, Callcenter-Technologie und Videol\u00f6sungen, sondern konzentriert sich zunehmend auf cloudbasierte Gesamtkommunikationsl\u00f6sungen. Die neue Cloud-Office-L\u00f6sung sei die logische Konsequenz einer l\u00e4ngeren Entwicklung, die durch COVID-19 noch einmal beschleunigt wurde. Es ist eine Art &#8220;All-in-one&#8221;-Anwendung, eine App f\u00fcr die gesamte Business-Kommunikation mit Telefonie, Messaging und Videoconferencing sowie weiteren 200 Gesch\u00e4ftsanwendungen.\n<\/p>\n<p>Abgerechnet wird nach einem Tarifmodell, gestaffelt nach Leistung, Minuten und Nutzungsh\u00e4ufigkeit. Die Kosten werden sich &#8220;arbeitsplatzbezogen im zweistelligen Euro-Bereich&#8221; bewegen. Damit sei Avaya Cloud Office f\u00fcr jedes Unternehmen, ob gro\u00df oder klein, leistbar, erkl\u00e4rte Odermatt, die sehr gro\u00dfes Interesse bei bestehenden Kunden registriert. Die L\u00f6sung ist in den USA und Gro\u00dfbritannien bereits sehr erfolgreich. Es sei klar, dass Avaya so in direkten Wettbewerb zu Microsoft, Cisco und vielen weiteren Playern treten werde.\n<\/p>\n<p><strong>Zukunft liegt in der Cloud<\/strong> <\/p>\n<p>Der US-Konzern Avaya wurde im Jahr 2000 als Unified Communications und Callcenter-L\u00f6sungsanbieter von Lucent Technologies ausgegliedert, 2004 \u00fcbernahm das Unternehmen die deutsche Tenovis, 2009 die kanadische Nortel Enterprise. Seit 2017 ist das Unternehmen &#8211; nach einer Restrukturierungsphase &#8211; an der New Yorker B\u00f6rse gelistet. Seither geht alles in Richtung digitale Transformation und Cloud, sagte Odermatt. COVID-19 habe die Digitalisierung noch einmal um sechs bis zehn Jahre beschleunigt.\n<\/p>\n<p>Mit der Parole &#8220;Die Zukunft liegt in der Cloud&#8221; verkn\u00fcpft Avaya eine gro\u00df angelegte internationale Kundengewinnungsoffensive. W\u00e4hrend das Unternehmen bisher eher gr\u00f6\u00dfere Firmen mit IP-Telefonanlagen und Unified-Communiations-Software ausgestattet und servisiert hat, geht es mit der Cloud-Anwendung nun auf die breite Ebene der KMU-Kunden. Partner ist dabei die Technologieplattform RingCentral <a href=\"http:\/\/ringcentral.com\" target=\"_blank\">http:\/\/ringcentral.com<\/a> , die f\u00fcr hohe Skalierbarbakeit und globale Reichweite sorgt.\n<\/p>\n<p><strong>Bequem im virtuellen Office<\/strong> <\/p>\n<p>Sebastian Seggert, Head of Cloud Solutions bei Avaya, bringt es auf den Punkt: Eine App, eine Rufnummer, eine L\u00f6sung, ein Anbieter. &#8220;Was wir hier haben, ist eine einfache und bedienungsfreundliche L\u00f6sung f\u00fcr die Hosentasche.&#8221; Der Kunde braucht nur eine einzige Rufnummer f\u00fcr die gesamte Kommunikation \u00fcber alle beliebigen Endger\u00e4te. Das virtuelle Office von Avaya ist in \u00fcber 40 L\u00e4ndern verf\u00fcgbar und integriert Telefonnummern aus \u00fcber 100 L\u00e4ndern weltweit. Es ist skalierbar, zuverl\u00e4ssig und sicher. Das bedeutet auch: Nur ein Vertrag, eine Rechnung, eine W\u00e4hrung. <a href=\"http:\/\/avaya.com\/de\/produkte\/ucaas\/meet-cloud-office\" target=\"_blank\">http:\/\/avaya.com\/de\/produkte\/ucaas\/meet-cloud-office<\/a><\/p>\n<\/article>\n","protected":false},"excerpt":{"rendered":"<p>Cloud-Office-L\u00f6sung ab 15. Dezember auch f\u00fcr Kleinstunternehmen 12.11.2020 Z\u00fcrich\/Wien \u2013 Die Corona-Krise hat die Transformation des Telekommunikationsanbieters Avaya http:\/\/avaya.com\/dezum Software- und Service-Unternehmen beschleunigt. Weit mehr als 80 Prozent der Ums\u00e4tze entfallen bereits auf UCaaS-L\u00f6sungen. Mit der bevorstehenden Einf\u00fchrung des neuen &#8220;Avaya Cloud Office&#8221; (Launch: 15. Dezember) geht das Unternehmen noch einen Schritt weiter, informierte die&hellip;<\/p>\n","protected":false},"author":2,"featured_media":9843,"comment_status":"closed","ping_status":"closed","sticky":false,"template":"","format":"standard","meta":{"footnotes":""},"categories":[3],"tags":[],"class_list":["post-9844","post","type-post","status-publish","format-standard","has-post-thumbnail","hentry","category-news","category-3","description-off"],"yoast_head":"<!-- This site is optimized with the Yoast SEO plugin v26.3 - https:\/\/yoast.com\/wordpress\/plugins\/seo\/ -->\n<title>Avaya wird zum Cloud-Anbieter - Temmel | Seywald - Corporate Communications<\/title>\n<meta name=\"robots\" content=\"index, follow, max-snippet:-1, max-image-preview:large, max-video-preview:-1\" \/>\n<link rel=\"canonical\" href=\"https:\/\/www.tsp.at\/en\/2020\/11\/12\/avaya-wird-zum-cloud-anbieter\/\" \/>\n<meta property=\"og:locale\" content=\"en_US\" \/>\n<meta property=\"og:type\" content=\"article\" \/>\n<meta property=\"og:title\" content=\"Avaya wird zum Cloud-Anbieter - Temmel | Seywald - Corporate Communications\" \/>\n<meta property=\"og:description\" content=\"Cloud-Office-L\u00f6sung ab 15. Dezember auch f\u00fcr Kleinstunternehmen 12.11.2020 Z\u00fcrich\/Wien \u2013 Die Corona-Krise hat die Transformation des Telekommunikationsanbieters Avaya http:\/\/avaya.com\/dezum Software- und Service-Unternehmen beschleunigt. Weit mehr als 80 Prozent der Ums\u00e4tze entfallen bereits auf UCaaS-L\u00f6sungen. Mit der bevorstehenden Einf\u00fchrung des neuen &#8220;Avaya Cloud Office&#8221; (Launch: 15. Dezember) geht das Unternehmen noch einen Schritt weiter, informierte die&hellip;\" \/>\n<meta property=\"og:url\" content=\"https:\/\/www.tsp.at\/en\/2020\/11\/12\/avaya-wird-zum-cloud-anbieter\/\" \/>\n<meta property=\"og:site_name\" content=\"Temmel | Seywald - Corporate Communications\" \/>\n<meta property=\"article:publisher\" content=\"https:\/\/www.facebook.com\/TemmelSeywald\" \/>\n<meta property=\"article:published_time\" content=\"2020-11-12T08:55:00+00:00\" \/>\n<meta property=\"article:modified_time\" content=\"2025-10-21T12:52:27+00:00\" \/>\n<meta property=\"og:image\" content=\"https:\/\/www.tsp.at\/wp-content\/uploads\/2025\/10\/Rania-Odermatt-im-ACO-scaled.jpg\" \/>\n\t<meta property=\"og:image:width\" content=\"2560\" \/>\n\t<meta property=\"og:image:height\" content=\"1311\" \/>\n\t<meta property=\"og:image:type\" content=\"image\/jpeg\" \/>\n<meta name=\"author\" content=\"TSP Redaktion\" \/>\n<meta name=\"twitter:card\" content=\"summary_large_image\" \/>\n<meta name=\"twitter:label1\" content=\"Written by\" \/>\n\t<meta name=\"twitter:data1\" content=\"TSP Redaktion\" \/>\n\t<meta name=\"twitter:label2\" content=\"Est. reading time\" \/>\n\t<meta name=\"twitter:data2\" content=\"3 minutes\" \/>\n<script type=\"application\/ld+json\" class=\"yoast-schema-graph\">{\"@context\":\"https:\/\/schema.org\",\"@graph\":[{\"@type\":\"Article\",\"@id\":\"https:\/\/www.tsp.at\/en\/2020\/11\/12\/avaya-wird-zum-cloud-anbieter\/#article\",\"isPartOf\":{\"@id\":\"https:\/\/www.tsp.at\/en\/2020\/11\/12\/avaya-wird-zum-cloud-anbieter\/\"},\"author\":{\"name\":\"TSP Redaktion\",\"@id\":\"https:\/\/www.tsp.at\/en\/#\/schema\/person\/1ba5600c29da17b902b0925cea567f8a\"},\"headline\":\"Avaya wird zum Cloud-Anbieter\",\"datePublished\":\"2020-11-12T08:55:00+00:00\",\"dateModified\":\"2025-10-21T12:52:27+00:00\",\"mainEntityOfPage\":{\"@id\":\"https:\/\/www.tsp.at\/en\/2020\/11\/12\/avaya-wird-zum-cloud-anbieter\/\"},\"wordCount\":458,\"publisher\":{\"@id\":\"https:\/\/www.tsp.at\/en\/#organization\"},\"image\":{\"@id\":\"https:\/\/www.tsp.at\/en\/2020\/11\/12\/avaya-wird-zum-cloud-anbieter\/#primaryimage\"},\"thumbnailUrl\":\"https:\/\/www.tsp.at\/wp-content\/uploads\/2025\/10\/Rania-Odermatt-im-ACO-scaled.jpg\",\"articleSection\":[\"News\"],\"inLanguage\":\"en-US\"},{\"@type\":\"WebPage\",\"@id\":\"https:\/\/www.tsp.at\/en\/2020\/11\/12\/avaya-wird-zum-cloud-anbieter\/\",\"url\":\"https:\/\/www.tsp.at\/en\/2020\/11\/12\/avaya-wird-zum-cloud-anbieter\/\",\"name\":\"Avaya wird zum Cloud-Anbieter - Temmel | Seywald - Corporate Communications\",\"isPartOf\":{\"@id\":\"https:\/\/www.tsp.at\/en\/#website\"},\"primaryImageOfPage\":{\"@id\":\"https:\/\/www.tsp.at\/en\/2020\/11\/12\/avaya-wird-zum-cloud-anbieter\/#primaryimage\"},\"image\":{\"@id\":\"https:\/\/www.tsp.at\/en\/2020\/11\/12\/avaya-wird-zum-cloud-anbieter\/#primaryimage\"},\"thumbnailUrl\":\"https:\/\/www.tsp.at\/wp-content\/uploads\/2025\/10\/Rania-Odermatt-im-ACO-scaled.jpg\",\"datePublished\":\"2020-11-12T08:55:00+00:00\",\"dateModified\":\"2025-10-21T12:52:27+00:00\",\"breadcrumb\":{\"@id\":\"https:\/\/www.tsp.at\/en\/2020\/11\/12\/avaya-wird-zum-cloud-anbieter\/#breadcrumb\"},\"inLanguage\":\"en-US\",\"potentialAction\":[{\"@type\":\"ReadAction\",\"target\":[\"https:\/\/www.tsp.at\/en\/2020\/11\/12\/avaya-wird-zum-cloud-anbieter\/\"]}]},{\"@type\":\"ImageObject\",\"inLanguage\":\"en-US\",\"@id\":\"https:\/\/www.tsp.at\/en\/2020\/11\/12\/avaya-wird-zum-cloud-anbieter\/#primaryimage\",\"url\":\"https:\/\/www.tsp.at\/wp-content\/uploads\/2025\/10\/Rania-Odermatt-im-ACO-scaled.jpg\",\"contentUrl\":\"https:\/\/www.tsp.at\/wp-content\/uploads\/2025\/10\/Rania-Odermatt-im-ACO-scaled.jpg\",\"width\":2560,\"height\":1311},{\"@type\":\"BreadcrumbList\",\"@id\":\"https:\/\/www.tsp.at\/en\/2020\/11\/12\/avaya-wird-zum-cloud-anbieter\/#breadcrumb\",\"itemListElement\":[{\"@type\":\"ListItem\",\"position\":1,\"name\":\"Startseite\",\"item\":\"https:\/\/www.tsp.at\/en\/\"},{\"@type\":\"ListItem\",\"position\":2,\"name\":\"Avaya wird zum Cloud-Anbieter\"}]},{\"@type\":\"WebSite\",\"@id\":\"https:\/\/www.tsp.at\/en\/#website\",\"url\":\"https:\/\/www.tsp.at\/en\/\",\"name\":\"Temmel | Seywald - Corporate Communications\",\"description\":\"Kommunikation ist Beziehungsarbeit\",\"publisher\":{\"@id\":\"https:\/\/www.tsp.at\/en\/#organization\"},\"potentialAction\":[{\"@type\":\"SearchAction\",\"target\":{\"@type\":\"EntryPoint\",\"urlTemplate\":\"https:\/\/www.tsp.at\/en\/?s={search_term_string}\"},\"query-input\":{\"@type\":\"PropertyValueSpecification\",\"valueRequired\":true,\"valueName\":\"search_term_string\"}}],\"inLanguage\":\"en-US\"},{\"@type\":\"Organization\",\"@id\":\"https:\/\/www.tsp.at\/en\/#organization\",\"name\":\"Temmel, Seywald & Partner Communications GesmbH\",\"alternateName\":\"TSP\",\"url\":\"https:\/\/www.tsp.at\/en\/\",\"logo\":{\"@type\":\"ImageObject\",\"inLanguage\":\"en-US\",\"@id\":\"https:\/\/www.tsp.at\/en\/#\/schema\/logo\/image\/\",\"url\":\"https:\/\/www.tsp.at\/wp-content\/uploads\/2025\/10\/favicontsp.png\",\"contentUrl\":\"https:\/\/www.tsp.at\/wp-content\/uploads\/2025\/10\/favicontsp.png\",\"width\":125,\"height\":125,\"caption\":\"Temmel, Seywald & Partner Communications GesmbH\"},\"image\":{\"@id\":\"https:\/\/www.tsp.at\/en\/#\/schema\/logo\/image\/\"},\"sameAs\":[\"https:\/\/www.facebook.com\/TemmelSeywald\"]},{\"@type\":\"Person\",\"@id\":\"https:\/\/www.tsp.at\/en\/#\/schema\/person\/1ba5600c29da17b902b0925cea567f8a\",\"name\":\"TSP Redaktion\"}]}<\/script>\n<!-- \/ Yoast SEO plugin. -->","yoast_head_json":{"title":"Avaya wird zum Cloud-Anbieter - Temmel | Seywald - Corporate Communications","robots":{"index":"index","follow":"follow","max-snippet":"max-snippet:-1","max-image-preview":"max-image-preview:large","max-video-preview":"max-video-preview:-1"},"canonical":"https:\/\/www.tsp.at\/en\/2020\/11\/12\/avaya-wird-zum-cloud-anbieter\/","og_locale":"en_US","og_type":"article","og_title":"Avaya wird zum Cloud-Anbieter - Temmel | Seywald - Corporate Communications","og_description":"Cloud-Office-L\u00f6sung ab 15. Dezember auch f\u00fcr Kleinstunternehmen 12.11.2020 Z\u00fcrich\/Wien \u2013 Die Corona-Krise hat die Transformation des Telekommunikationsanbieters Avaya http:\/\/avaya.com\/dezum Software- und Service-Unternehmen beschleunigt. Weit mehr als 80 Prozent der Ums\u00e4tze entfallen bereits auf UCaaS-L\u00f6sungen. Mit der bevorstehenden Einf\u00fchrung des neuen &#8220;Avaya Cloud Office&#8221; (Launch: 15. Dezember) geht das Unternehmen noch einen Schritt weiter, informierte die&hellip;","og_url":"https:\/\/www.tsp.at\/en\/2020\/11\/12\/avaya-wird-zum-cloud-anbieter\/","og_site_name":"Temmel | Seywald - Corporate Communications","article_publisher":"https:\/\/www.facebook.com\/TemmelSeywald","article_published_time":"2020-11-12T08:55:00+00:00","article_modified_time":"2025-10-21T12:52:27+00:00","og_image":[{"width":2560,"height":1311,"url":"https:\/\/www.tsp.at\/wp-content\/uploads\/2025\/10\/Rania-Odermatt-im-ACO-scaled.jpg","type":"image\/jpeg"}],"author":"TSP Redaktion","twitter_card":"summary_large_image","twitter_misc":{"Written by":"TSP Redaktion","Est. reading time":"3 minutes"},"schema":{"@context":"https:\/\/schema.org","@graph":[{"@type":"Article","@id":"https:\/\/www.tsp.at\/en\/2020\/11\/12\/avaya-wird-zum-cloud-anbieter\/#article","isPartOf":{"@id":"https:\/\/www.tsp.at\/en\/2020\/11\/12\/avaya-wird-zum-cloud-anbieter\/"},"author":{"name":"TSP Redaktion","@id":"https:\/\/www.tsp.at\/en\/#\/schema\/person\/1ba5600c29da17b902b0925cea567f8a"},"headline":"Avaya wird zum Cloud-Anbieter","datePublished":"2020-11-12T08:55:00+00:00","dateModified":"2025-10-21T12:52:27+00:00","mainEntityOfPage":{"@id":"https:\/\/www.tsp.at\/en\/2020\/11\/12\/avaya-wird-zum-cloud-anbieter\/"},"wordCount":458,"publisher":{"@id":"https:\/\/www.tsp.at\/en\/#organization"},"image":{"@id":"https:\/\/www.tsp.at\/en\/2020\/11\/12\/avaya-wird-zum-cloud-anbieter\/#primaryimage"},"thumbnailUrl":"https:\/\/www.tsp.at\/wp-content\/uploads\/2025\/10\/Rania-Odermatt-im-ACO-scaled.jpg","articleSection":["News"],"inLanguage":"en-US"},{"@type":"WebPage","@id":"https:\/\/www.tsp.at\/en\/2020\/11\/12\/avaya-wird-zum-cloud-anbieter\/","url":"https:\/\/www.tsp.at\/en\/2020\/11\/12\/avaya-wird-zum-cloud-anbieter\/","name":"Avaya wird zum Cloud-Anbieter - Temmel | Seywald - Corporate Communications","isPartOf":{"@id":"https:\/\/www.tsp.at\/en\/#website"},"primaryImageOfPage":{"@id":"https:\/\/www.tsp.at\/en\/2020\/11\/12\/avaya-wird-zum-cloud-anbieter\/#primaryimage"},"image":{"@id":"https:\/\/www.tsp.at\/en\/2020\/11\/12\/avaya-wird-zum-cloud-anbieter\/#primaryimage"},"thumbnailUrl":"https:\/\/www.tsp.at\/wp-content\/uploads\/2025\/10\/Rania-Odermatt-im-ACO-scaled.jpg","datePublished":"2020-11-12T08:55:00+00:00","dateModified":"2025-10-21T12:52:27+00:00","breadcrumb":{"@id":"https:\/\/www.tsp.at\/en\/2020\/11\/12\/avaya-wird-zum-cloud-anbieter\/#breadcrumb"},"inLanguage":"en-US","potentialAction":[{"@type":"ReadAction","target":["https:\/\/www.tsp.at\/en\/2020\/11\/12\/avaya-wird-zum-cloud-anbieter\/"]}]},{"@type":"ImageObject","inLanguage":"en-US","@id":"https:\/\/www.tsp.at\/en\/2020\/11\/12\/avaya-wird-zum-cloud-anbieter\/#primaryimage","url":"https:\/\/www.tsp.at\/wp-content\/uploads\/2025\/10\/Rania-Odermatt-im-ACO-scaled.jpg","contentUrl":"https:\/\/www.tsp.at\/wp-content\/uploads\/2025\/10\/Rania-Odermatt-im-ACO-scaled.jpg","width":2560,"height":1311},{"@type":"BreadcrumbList","@id":"https:\/\/www.tsp.at\/en\/2020\/11\/12\/avaya-wird-zum-cloud-anbieter\/#breadcrumb","itemListElement":[{"@type":"ListItem","position":1,"name":"Startseite","item":"https:\/\/www.tsp.at\/en\/"},{"@type":"ListItem","position":2,"name":"Avaya wird zum Cloud-Anbieter"}]},{"@type":"WebSite","@id":"https:\/\/www.tsp.at\/en\/#website","url":"https:\/\/www.tsp.at\/en\/","name":"Temmel | Seywald - Corporate Communications","description":"Kommunikation ist Beziehungsarbeit","publisher":{"@id":"https:\/\/www.tsp.at\/en\/#organization"},"potentialAction":[{"@type":"SearchAction","target":{"@type":"EntryPoint","urlTemplate":"https:\/\/www.tsp.at\/en\/?s={search_term_string}"},"query-input":{"@type":"PropertyValueSpecification","valueRequired":true,"valueName":"search_term_string"}}],"inLanguage":"en-US"},{"@type":"Organization","@id":"https:\/\/www.tsp.at\/en\/#organization","name":"Temmel, Seywald & Partner Communications GesmbH","alternateName":"TSP","url":"https:\/\/www.tsp.at\/en\/","logo":{"@type":"ImageObject","inLanguage":"en-US","@id":"https:\/\/www.tsp.at\/en\/#\/schema\/logo\/image\/","url":"https:\/\/www.tsp.at\/wp-content\/uploads\/2025\/10\/favicontsp.png","contentUrl":"https:\/\/www.tsp.at\/wp-content\/uploads\/2025\/10\/favicontsp.png","width":125,"height":125,"caption":"Temmel, Seywald & Partner Communications GesmbH"},"image":{"@id":"https:\/\/www.tsp.at\/en\/#\/schema\/logo\/image\/"},"sameAs":["https:\/\/www.facebook.com\/TemmelSeywald"]},{"@type":"Person","@id":"https:\/\/www.tsp.at\/en\/#\/schema\/person\/1ba5600c29da17b902b0925cea567f8a","name":"TSP Redaktion"}]}},"_links":{"self":[{"href":"https:\/\/www.tsp.at\/en\/wp-json\/wp\/v2\/posts\/9844","targetHints":{"allow":["GET"]}}],"collection":[{"href":"https:\/\/www.tsp.at\/en\/wp-json\/wp\/v2\/posts"}],"about":[{"href":"https:\/\/www.tsp.at\/en\/wp-json\/wp\/v2\/types\/post"}],"author":[{"embeddable":true,"href":"https:\/\/www.tsp.at\/en\/wp-json\/wp\/v2\/users\/2"}],"replies":[{"embeddable":true,"href":"https:\/\/www.tsp.at\/en\/wp-json\/wp\/v2\/comments?post=9844"}],"version-history":[{"count":1,"href":"https:\/\/www.tsp.at\/en\/wp-json\/wp\/v2\/posts\/9844\/revisions"}],"predecessor-version":[{"id":11331,"href":"https:\/\/www.tsp.at\/en\/wp-json\/wp\/v2\/posts\/9844\/revisions\/11331"}],"wp:featuredmedia":[{"embeddable":true,"href":"https:\/\/www.tsp.at\/en\/wp-json\/wp\/v2\/media\/9843"}],"wp:attachment":[{"href":"https:\/\/www.tsp.at\/en\/wp-json\/wp\/v2\/media?parent=9844"}],"wp:term":[{"taxonomy":"category","embeddable":true,"href":"https:\/\/www.tsp.at\/en\/wp-json\/wp\/v2\/categories?post=9844"},{"taxonomy":"post_tag","embeddable":true,"href":"https:\/\/www.tsp.at\/en\/wp-json\/wp\/v2\/tags?post=9844"}],"curies":[{"name":"wp","href":"https:\/\/api.w.org\/{rel}","templated":true}]}}