{"id":9854,"date":"2020-10-19T09:51:00","date_gmt":"2020-10-19T07:51:00","guid":{"rendered":"https:\/\/staging.tsp.at\/2020\/10\/19\/seyran-ates-eroeffnet-toleranzgespraeche-2021\/"},"modified":"2025-10-21T14:52:28","modified_gmt":"2025-10-21T12:52:28","slug":"seyran-ates-eroeffnet-toleranzgespraeche-2021","status":"publish","type":"post","link":"https:\/\/www.tsp.at\/en\/2020\/10\/19\/seyran-ates-eroeffnet-toleranzgespraeche-2021\/","title":{"rendered":"Seyran Ate\u015f er\u00f6ffnet Toleranzgespr\u00e4che 2021"},"content":{"rendered":"<article class=\"item\">\n<h2><strong> Frauenrechtlerin pocht auf Gleichbehandlung und s\u00e4kul\u00e4ren Islam <\/strong><\/h2>\n<p>19.10.2020<\/p>\n<\/p>\n<\/p>\n<\/p>\n<\/p>\n<\/p>\n<p>Wien\/Berlin \u2013 <strong>Die bekannte t\u00fcrkisch-deutsche Rechtsanw\u00e4ltin und Frauenrechtlerin Seyran Ate\u015f wird die Europ\u00e4ischen Toleranzgespr\u00e4che 2021 im K\u00e4rntner Bergdorf Fresach er\u00f6ffnen. Ate\u015f ist Initiatorin und Mitbegr\u00fcnderin der liberalen Ibn-Rushd-Goethe-Moschee in Berlin, die sich um eine zeitgem\u00e4\u00dfe und geschlechtergerechte Auslegung des Koran bem\u00fcht. F\u00fcr ihre interkulturelle Arbeit erhielt sie zahlreiche internationale Auszeichnungen, aber auch Morddrohungen. <\/strong> <a href=\"http:\/\/www.fresach.org\" target=\"_blank\">http:\/\/www.fresach.org<\/a> <\/p>\n<p>Seyran Ate\u015f war Mitglied der Deutschen Islamkonferenz und beriet den Integrationsgipfel der Bundesregierung in Berlin. Wegen st\u00e4ndiger Anfeindungen ihrer islamkritischen Ansichten gab sie im Jahr 2006 vor\u00fcbergehend ihre Anwaltszulassung zur\u00fcck und zog sich 2009 ganz aus der \u00d6ffentlichkeit zur\u00fcck. Drei Jahre sp\u00e4ter nahm sie ihre Anwaltst\u00e4tigkeit wieder auf und vertritt seither vor allem hilfesuchende Frauen. Ab 2016 wirkte sie an der Gr\u00fcndung der ersten Moschee mit, in der Frauen und M\u00e4nner gemeinsam beten d\u00fcrfen und lie\u00df sich selbst zur Imamin ausbilden. Ihr Buch &#8220;Selam, Frau Imamin&#8221; wurde ein Bestseller.\n<\/p>\n<p>In Fresach wird die streitbare Rechtsanw\u00e4ltin \u00fcber ihre Positionen zu Europa und dem Umgang mit ethnischen Minderheiten, aber auch politischen Extremen und Nationalismen sprechen. Seyran Ate\u015f geht dabei nicht um eine Verurteilung von relig\u00f6sen oder nationalen Traditionen, sondern um Aufkl\u00e4rung und Gleichberechtigung, vor allem aber um ein Ende der Diskriminierung und Unterdr\u00fcckung von Frauen. Ihr integrations- und sozialpolitisches Engagement ersch\u00f6pft sich nicht allein in Toleranz und Akzeptanz gegen\u00fcber Andersdenkenden, sie fordert auch ein aktives Eintreten gegen falsche Werte und \u00fcberholte Vorstellungen.\n<\/p>\n<p><strong> \u00dcber die Europ\u00e4ischen Toleranzgespr\u00e4che<br \/><\/strong> <br \/>Die Europ\u00e4ischen Toleranzgespr\u00e4che in Fresach sind ein Ort f\u00fcr den Gedanken- und Wissensaustausch \u00fcber gesellschaftliche, kulturelle und politische Fragen der Zeit. Das historische Forum ist zugleich ein Platz von hoher symbolischer Bedeutung, da er den Zusammenhalt und die Handlungsf\u00e4higkeit Europas \u00fcber politische, ethnische, sprachliche und religi\u00f6se Grenzen hinaus versinnbildlichen und auch st\u00e4rken soll. Die 7. Europ\u00e4ischen Toleranzgespr\u00e4che finden vom 19. bis 22. Mai 2021 in Villach und Fresach statt. Seyran Ate\u015f wird das Europaforum am 20. Mai um 9.30 Uhr er\u00f6ffnen.<\/p>\n<\/article>\n","protected":false},"excerpt":{"rendered":"<p>Frauenrechtlerin pocht auf Gleichbehandlung und s\u00e4kul\u00e4ren Islam 19.10.2020 Wien\/Berlin \u2013 Die bekannte t\u00fcrkisch-deutsche Rechtsanw\u00e4ltin und Frauenrechtlerin Seyran Ate\u015f wird die Europ\u00e4ischen Toleranzgespr\u00e4che 2021 im K\u00e4rntner Bergdorf Fresach er\u00f6ffnen. Ate\u015f ist Initiatorin und Mitbegr\u00fcnderin der liberalen Ibn-Rushd-Goethe-Moschee in Berlin, die sich um eine zeitgem\u00e4\u00dfe und geschlechtergerechte Auslegung des Koran bem\u00fcht. F\u00fcr ihre interkulturelle Arbeit erhielt sie&hellip;<\/p>\n","protected":false},"author":2,"featured_media":9853,"comment_status":"closed","ping_status":"closed","sticky":false,"template":"","format":"standard","meta":{"footnotes":""},"categories":[3],"tags":[],"class_list":["post-9854","post","type-post","status-publish","format-standard","has-post-thumbnail","hentry","category-news","category-3","description-off"],"yoast_head":"<!-- This site is optimized with the Yoast SEO plugin v26.3 - https:\/\/yoast.com\/wordpress\/plugins\/seo\/ -->\n<title>Seyran Ate\u015f er\u00f6ffnet Toleranzgespr\u00e4che 2021 - Temmel | Seywald - Corporate Communications<\/title>\n<meta name=\"robots\" content=\"index, follow, max-snippet:-1, max-image-preview:large, max-video-preview:-1\" \/>\n<link rel=\"canonical\" href=\"https:\/\/www.tsp.at\/en\/2020\/10\/19\/seyran-ates-eroeffnet-toleranzgespraeche-2021\/\" \/>\n<meta property=\"og:locale\" content=\"en_US\" \/>\n<meta property=\"og:type\" content=\"article\" \/>\n<meta property=\"og:title\" content=\"Seyran Ate\u015f er\u00f6ffnet Toleranzgespr\u00e4che 2021 - Temmel | Seywald - Corporate Communications\" \/>\n<meta property=\"og:description\" content=\"Frauenrechtlerin pocht auf Gleichbehandlung und s\u00e4kul\u00e4ren Islam 19.10.2020 Wien\/Berlin \u2013 Die bekannte t\u00fcrkisch-deutsche Rechtsanw\u00e4ltin und Frauenrechtlerin Seyran Ate\u015f wird die Europ\u00e4ischen Toleranzgespr\u00e4che 2021 im K\u00e4rntner Bergdorf Fresach er\u00f6ffnen. Ate\u015f ist Initiatorin und Mitbegr\u00fcnderin der liberalen Ibn-Rushd-Goethe-Moschee in Berlin, die sich um eine zeitgem\u00e4\u00dfe und geschlechtergerechte Auslegung des Koran bem\u00fcht. F\u00fcr ihre interkulturelle Arbeit erhielt sie&hellip;\" \/>\n<meta property=\"og:url\" content=\"https:\/\/www.tsp.at\/en\/2020\/10\/19\/seyran-ates-eroeffnet-toleranzgespraeche-2021\/\" \/>\n<meta property=\"og:site_name\" content=\"Temmel | Seywald - Corporate Communications\" \/>\n<meta property=\"article:publisher\" content=\"https:\/\/www.facebook.com\/TemmelSeywald\" \/>\n<meta property=\"article:published_time\" content=\"2020-10-19T07:51:00+00:00\" \/>\n<meta property=\"article:modified_time\" content=\"2025-10-21T12:52:28+00:00\" \/>\n<meta property=\"og:image\" content=\"https:\/\/www.tsp.at\/wp-content\/uploads\/2025\/10\/crops_SzSUyHqK.jpg\" \/>\n\t<meta property=\"og:image:width\" content=\"940\" \/>\n\t<meta property=\"og:image:height\" content=\"376\" \/>\n\t<meta property=\"og:image:type\" content=\"image\/jpeg\" \/>\n<meta name=\"author\" content=\"TSP Redaktion\" \/>\n<meta name=\"twitter:card\" content=\"summary_large_image\" \/>\n<meta name=\"twitter:label1\" content=\"Written by\" \/>\n\t<meta name=\"twitter:data1\" content=\"TSP Redaktion\" \/>\n\t<meta name=\"twitter:label2\" content=\"Est. reading time\" \/>\n\t<meta name=\"twitter:data2\" content=\"2 minutes\" \/>\n<script type=\"application\/ld+json\" class=\"yoast-schema-graph\">{\"@context\":\"https:\/\/schema.org\",\"@graph\":[{\"@type\":\"Article\",\"@id\":\"https:\/\/www.tsp.at\/en\/2020\/10\/19\/seyran-ates-eroeffnet-toleranzgespraeche-2021\/#article\",\"isPartOf\":{\"@id\":\"https:\/\/www.tsp.at\/en\/2020\/10\/19\/seyran-ates-eroeffnet-toleranzgespraeche-2021\/\"},\"author\":{\"name\":\"TSP Redaktion\",\"@id\":\"https:\/\/www.tsp.at\/en\/#\/schema\/person\/1ba5600c29da17b902b0925cea567f8a\"},\"headline\":\"Seyran Ate\u015f er\u00f6ffnet Toleranzgespr\u00e4che 2021\",\"datePublished\":\"2020-10-19T07:51:00+00:00\",\"dateModified\":\"2025-10-21T12:52:28+00:00\",\"mainEntityOfPage\":{\"@id\":\"https:\/\/www.tsp.at\/en\/2020\/10\/19\/seyran-ates-eroeffnet-toleranzgespraeche-2021\/\"},\"wordCount\":353,\"publisher\":{\"@id\":\"https:\/\/www.tsp.at\/en\/#organization\"},\"image\":{\"@id\":\"https:\/\/www.tsp.at\/en\/2020\/10\/19\/seyran-ates-eroeffnet-toleranzgespraeche-2021\/#primaryimage\"},\"thumbnailUrl\":\"https:\/\/www.tsp.at\/wp-content\/uploads\/2025\/10\/crops_SzSUyHqK.jpg\",\"articleSection\":[\"News\"],\"inLanguage\":\"en-US\"},{\"@type\":\"WebPage\",\"@id\":\"https:\/\/www.tsp.at\/en\/2020\/10\/19\/seyran-ates-eroeffnet-toleranzgespraeche-2021\/\",\"url\":\"https:\/\/www.tsp.at\/en\/2020\/10\/19\/seyran-ates-eroeffnet-toleranzgespraeche-2021\/\",\"name\":\"Seyran Ate\u015f er\u00f6ffnet Toleranzgespr\u00e4che 2021 - Temmel | Seywald - Corporate Communications\",\"isPartOf\":{\"@id\":\"https:\/\/www.tsp.at\/en\/#website\"},\"primaryImageOfPage\":{\"@id\":\"https:\/\/www.tsp.at\/en\/2020\/10\/19\/seyran-ates-eroeffnet-toleranzgespraeche-2021\/#primaryimage\"},\"image\":{\"@id\":\"https:\/\/www.tsp.at\/en\/2020\/10\/19\/seyran-ates-eroeffnet-toleranzgespraeche-2021\/#primaryimage\"},\"thumbnailUrl\":\"https:\/\/www.tsp.at\/wp-content\/uploads\/2025\/10\/crops_SzSUyHqK.jpg\",\"datePublished\":\"2020-10-19T07:51:00+00:00\",\"dateModified\":\"2025-10-21T12:52:28+00:00\",\"breadcrumb\":{\"@id\":\"https:\/\/www.tsp.at\/en\/2020\/10\/19\/seyran-ates-eroeffnet-toleranzgespraeche-2021\/#breadcrumb\"},\"inLanguage\":\"en-US\",\"potentialAction\":[{\"@type\":\"ReadAction\",\"target\":[\"https:\/\/www.tsp.at\/en\/2020\/10\/19\/seyran-ates-eroeffnet-toleranzgespraeche-2021\/\"]}]},{\"@type\":\"ImageObject\",\"inLanguage\":\"en-US\",\"@id\":\"https:\/\/www.tsp.at\/en\/2020\/10\/19\/seyran-ates-eroeffnet-toleranzgespraeche-2021\/#primaryimage\",\"url\":\"https:\/\/www.tsp.at\/wp-content\/uploads\/2025\/10\/crops_SzSUyHqK.jpg\",\"contentUrl\":\"https:\/\/www.tsp.at\/wp-content\/uploads\/2025\/10\/crops_SzSUyHqK.jpg\",\"width\":940,\"height\":376},{\"@type\":\"BreadcrumbList\",\"@id\":\"https:\/\/www.tsp.at\/en\/2020\/10\/19\/seyran-ates-eroeffnet-toleranzgespraeche-2021\/#breadcrumb\",\"itemListElement\":[{\"@type\":\"ListItem\",\"position\":1,\"name\":\"Startseite\",\"item\":\"https:\/\/www.tsp.at\/en\/\"},{\"@type\":\"ListItem\",\"position\":2,\"name\":\"Seyran Ate\u015f er\u00f6ffnet Toleranzgespr\u00e4che 2021\"}]},{\"@type\":\"WebSite\",\"@id\":\"https:\/\/www.tsp.at\/en\/#website\",\"url\":\"https:\/\/www.tsp.at\/en\/\",\"name\":\"Temmel | Seywald - Corporate Communications\",\"description\":\"Kommunikation ist Beziehungsarbeit\",\"publisher\":{\"@id\":\"https:\/\/www.tsp.at\/en\/#organization\"},\"potentialAction\":[{\"@type\":\"SearchAction\",\"target\":{\"@type\":\"EntryPoint\",\"urlTemplate\":\"https:\/\/www.tsp.at\/en\/?s={search_term_string}\"},\"query-input\":{\"@type\":\"PropertyValueSpecification\",\"valueRequired\":true,\"valueName\":\"search_term_string\"}}],\"inLanguage\":\"en-US\"},{\"@type\":\"Organization\",\"@id\":\"https:\/\/www.tsp.at\/en\/#organization\",\"name\":\"Temmel, Seywald & Partner Communications GesmbH\",\"alternateName\":\"TSP\",\"url\":\"https:\/\/www.tsp.at\/en\/\",\"logo\":{\"@type\":\"ImageObject\",\"inLanguage\":\"en-US\",\"@id\":\"https:\/\/www.tsp.at\/en\/#\/schema\/logo\/image\/\",\"url\":\"https:\/\/www.tsp.at\/wp-content\/uploads\/2025\/10\/favicontsp.png\",\"contentUrl\":\"https:\/\/www.tsp.at\/wp-content\/uploads\/2025\/10\/favicontsp.png\",\"width\":125,\"height\":125,\"caption\":\"Temmel, Seywald & Partner Communications GesmbH\"},\"image\":{\"@id\":\"https:\/\/www.tsp.at\/en\/#\/schema\/logo\/image\/\"},\"sameAs\":[\"https:\/\/www.facebook.com\/TemmelSeywald\"]},{\"@type\":\"Person\",\"@id\":\"https:\/\/www.tsp.at\/en\/#\/schema\/person\/1ba5600c29da17b902b0925cea567f8a\",\"name\":\"TSP Redaktion\"}]}<\/script>\n<!-- \/ Yoast SEO plugin. -->","yoast_head_json":{"title":"Seyran Ate\u015f er\u00f6ffnet Toleranzgespr\u00e4che 2021 - Temmel | Seywald - Corporate Communications","robots":{"index":"index","follow":"follow","max-snippet":"max-snippet:-1","max-image-preview":"max-image-preview:large","max-video-preview":"max-video-preview:-1"},"canonical":"https:\/\/www.tsp.at\/en\/2020\/10\/19\/seyran-ates-eroeffnet-toleranzgespraeche-2021\/","og_locale":"en_US","og_type":"article","og_title":"Seyran Ate\u015f er\u00f6ffnet Toleranzgespr\u00e4che 2021 - Temmel | Seywald - Corporate Communications","og_description":"Frauenrechtlerin pocht auf Gleichbehandlung und s\u00e4kul\u00e4ren Islam 19.10.2020 Wien\/Berlin \u2013 Die bekannte t\u00fcrkisch-deutsche Rechtsanw\u00e4ltin und Frauenrechtlerin Seyran Ate\u015f wird die Europ\u00e4ischen Toleranzgespr\u00e4che 2021 im K\u00e4rntner Bergdorf Fresach er\u00f6ffnen. Ate\u015f ist Initiatorin und Mitbegr\u00fcnderin der liberalen Ibn-Rushd-Goethe-Moschee in Berlin, die sich um eine zeitgem\u00e4\u00dfe und geschlechtergerechte Auslegung des Koran bem\u00fcht. F\u00fcr ihre interkulturelle Arbeit erhielt sie&hellip;","og_url":"https:\/\/www.tsp.at\/en\/2020\/10\/19\/seyran-ates-eroeffnet-toleranzgespraeche-2021\/","og_site_name":"Temmel | Seywald - Corporate Communications","article_publisher":"https:\/\/www.facebook.com\/TemmelSeywald","article_published_time":"2020-10-19T07:51:00+00:00","article_modified_time":"2025-10-21T12:52:28+00:00","og_image":[{"width":940,"height":376,"url":"https:\/\/www.tsp.at\/wp-content\/uploads\/2025\/10\/crops_SzSUyHqK.jpg","type":"image\/jpeg"}],"author":"TSP Redaktion","twitter_card":"summary_large_image","twitter_misc":{"Written by":"TSP Redaktion","Est. reading time":"2 minutes"},"schema":{"@context":"https:\/\/schema.org","@graph":[{"@type":"Article","@id":"https:\/\/www.tsp.at\/en\/2020\/10\/19\/seyran-ates-eroeffnet-toleranzgespraeche-2021\/#article","isPartOf":{"@id":"https:\/\/www.tsp.at\/en\/2020\/10\/19\/seyran-ates-eroeffnet-toleranzgespraeche-2021\/"},"author":{"name":"TSP Redaktion","@id":"https:\/\/www.tsp.at\/en\/#\/schema\/person\/1ba5600c29da17b902b0925cea567f8a"},"headline":"Seyran Ate\u015f er\u00f6ffnet Toleranzgespr\u00e4che 2021","datePublished":"2020-10-19T07:51:00+00:00","dateModified":"2025-10-21T12:52:28+00:00","mainEntityOfPage":{"@id":"https:\/\/www.tsp.at\/en\/2020\/10\/19\/seyran-ates-eroeffnet-toleranzgespraeche-2021\/"},"wordCount":353,"publisher":{"@id":"https:\/\/www.tsp.at\/en\/#organization"},"image":{"@id":"https:\/\/www.tsp.at\/en\/2020\/10\/19\/seyran-ates-eroeffnet-toleranzgespraeche-2021\/#primaryimage"},"thumbnailUrl":"https:\/\/www.tsp.at\/wp-content\/uploads\/2025\/10\/crops_SzSUyHqK.jpg","articleSection":["News"],"inLanguage":"en-US"},{"@type":"WebPage","@id":"https:\/\/www.tsp.at\/en\/2020\/10\/19\/seyran-ates-eroeffnet-toleranzgespraeche-2021\/","url":"https:\/\/www.tsp.at\/en\/2020\/10\/19\/seyran-ates-eroeffnet-toleranzgespraeche-2021\/","name":"Seyran Ate\u015f er\u00f6ffnet Toleranzgespr\u00e4che 2021 - Temmel | Seywald - Corporate Communications","isPartOf":{"@id":"https:\/\/www.tsp.at\/en\/#website"},"primaryImageOfPage":{"@id":"https:\/\/www.tsp.at\/en\/2020\/10\/19\/seyran-ates-eroeffnet-toleranzgespraeche-2021\/#primaryimage"},"image":{"@id":"https:\/\/www.tsp.at\/en\/2020\/10\/19\/seyran-ates-eroeffnet-toleranzgespraeche-2021\/#primaryimage"},"thumbnailUrl":"https:\/\/www.tsp.at\/wp-content\/uploads\/2025\/10\/crops_SzSUyHqK.jpg","datePublished":"2020-10-19T07:51:00+00:00","dateModified":"2025-10-21T12:52:28+00:00","breadcrumb":{"@id":"https:\/\/www.tsp.at\/en\/2020\/10\/19\/seyran-ates-eroeffnet-toleranzgespraeche-2021\/#breadcrumb"},"inLanguage":"en-US","potentialAction":[{"@type":"ReadAction","target":["https:\/\/www.tsp.at\/en\/2020\/10\/19\/seyran-ates-eroeffnet-toleranzgespraeche-2021\/"]}]},{"@type":"ImageObject","inLanguage":"en-US","@id":"https:\/\/www.tsp.at\/en\/2020\/10\/19\/seyran-ates-eroeffnet-toleranzgespraeche-2021\/#primaryimage","url":"https:\/\/www.tsp.at\/wp-content\/uploads\/2025\/10\/crops_SzSUyHqK.jpg","contentUrl":"https:\/\/www.tsp.at\/wp-content\/uploads\/2025\/10\/crops_SzSUyHqK.jpg","width":940,"height":376},{"@type":"BreadcrumbList","@id":"https:\/\/www.tsp.at\/en\/2020\/10\/19\/seyran-ates-eroeffnet-toleranzgespraeche-2021\/#breadcrumb","itemListElement":[{"@type":"ListItem","position":1,"name":"Startseite","item":"https:\/\/www.tsp.at\/en\/"},{"@type":"ListItem","position":2,"name":"Seyran Ate\u015f er\u00f6ffnet Toleranzgespr\u00e4che 2021"}]},{"@type":"WebSite","@id":"https:\/\/www.tsp.at\/en\/#website","url":"https:\/\/www.tsp.at\/en\/","name":"Temmel | Seywald - Corporate Communications","description":"Kommunikation ist Beziehungsarbeit","publisher":{"@id":"https:\/\/www.tsp.at\/en\/#organization"},"potentialAction":[{"@type":"SearchAction","target":{"@type":"EntryPoint","urlTemplate":"https:\/\/www.tsp.at\/en\/?s={search_term_string}"},"query-input":{"@type":"PropertyValueSpecification","valueRequired":true,"valueName":"search_term_string"}}],"inLanguage":"en-US"},{"@type":"Organization","@id":"https:\/\/www.tsp.at\/en\/#organization","name":"Temmel, Seywald & Partner Communications GesmbH","alternateName":"TSP","url":"https:\/\/www.tsp.at\/en\/","logo":{"@type":"ImageObject","inLanguage":"en-US","@id":"https:\/\/www.tsp.at\/en\/#\/schema\/logo\/image\/","url":"https:\/\/www.tsp.at\/wp-content\/uploads\/2025\/10\/favicontsp.png","contentUrl":"https:\/\/www.tsp.at\/wp-content\/uploads\/2025\/10\/favicontsp.png","width":125,"height":125,"caption":"Temmel, Seywald & Partner Communications GesmbH"},"image":{"@id":"https:\/\/www.tsp.at\/en\/#\/schema\/logo\/image\/"},"sameAs":["https:\/\/www.facebook.com\/TemmelSeywald"]},{"@type":"Person","@id":"https:\/\/www.tsp.at\/en\/#\/schema\/person\/1ba5600c29da17b902b0925cea567f8a","name":"TSP Redaktion"}]}},"_links":{"self":[{"href":"https:\/\/www.tsp.at\/en\/wp-json\/wp\/v2\/posts\/9854","targetHints":{"allow":["GET"]}}],"collection":[{"href":"https:\/\/www.tsp.at\/en\/wp-json\/wp\/v2\/posts"}],"about":[{"href":"https:\/\/www.tsp.at\/en\/wp-json\/wp\/v2\/types\/post"}],"author":[{"embeddable":true,"href":"https:\/\/www.tsp.at\/en\/wp-json\/wp\/v2\/users\/2"}],"replies":[{"embeddable":true,"href":"https:\/\/www.tsp.at\/en\/wp-json\/wp\/v2\/comments?post=9854"}],"version-history":[{"count":1,"href":"https:\/\/www.tsp.at\/en\/wp-json\/wp\/v2\/posts\/9854\/revisions"}],"predecessor-version":[{"id":11336,"href":"https:\/\/www.tsp.at\/en\/wp-json\/wp\/v2\/posts\/9854\/revisions\/11336"}],"wp:featuredmedia":[{"embeddable":true,"href":"https:\/\/www.tsp.at\/en\/wp-json\/wp\/v2\/media\/9853"}],"wp:attachment":[{"href":"https:\/\/www.tsp.at\/en\/wp-json\/wp\/v2\/media?parent=9854"}],"wp:term":[{"taxonomy":"category","embeddable":true,"href":"https:\/\/www.tsp.at\/en\/wp-json\/wp\/v2\/categories?post=9854"},{"taxonomy":"post_tag","embeddable":true,"href":"https:\/\/www.tsp.at\/en\/wp-json\/wp\/v2\/tags?post=9854"}],"curies":[{"name":"wp","href":"https:\/\/api.w.org\/{rel}","templated":true}]}}