{"id":9864,"date":"2020-09-24T14:00:00","date_gmt":"2020-09-24T12:00:00","guid":{"rendered":"https:\/\/staging.tsp.at\/2020\/09\/24\/priya-sonn-erweitert-managementteam-der-emakina-group\/"},"modified":"2025-10-21T14:52:29","modified_gmt":"2025-10-21T12:52:29","slug":"priya-sonn-erweitert-managementteam-der-emakina-group","status":"publish","type":"post","link":"https:\/\/www.tsp.at\/en\/2020\/09\/24\/priya-sonn-erweitert-managementteam-der-emakina-group\/","title":{"rendered":"Priya Sonn erweitert Managementteam der Emakina Group"},"content":{"rendered":"<article class=\"item\">\n<h2><strong>Marketingexpertin wird Director of Global Strategic Alliances<\/strong><\/h2>\n<p>24.09.2020<\/p>\n<\/p>\n<\/p>\n<\/p>\n<\/p>\n<\/p>\n<p>Br\u00fcssel \u2013 <strong>Die Emakina Group (Euronext Growth ALEMK, <\/strong><strong>ISIN: BE0003843605), eine b\u00f6rsennotierte Agenturgruppe f\u00fcr digitale Services mit Sitz in Br\u00fcssel, holt die britische Marketingspezialistin Priya Sonn ins Managementteam. Die in internationalen Medien als \u201eWoman to watch in Business\u201c bezeichnete Expertin wird die strategischen Technologie-Partnerschaften der Gruppe weiter ausbauen, vor allem in den Bereichen Omnichannel- und Unified Commerce-L\u00f6sungen sowie Plattformen f\u00fcr Content Management, Marketing und Kundenbindung.<\/strong> <\/p>\n<p><a href=\"http:\/\/www.emakina.group\" target=\"_blank\">www.emakina.group<\/a><\/p>\n<p> Sonns Ernennung zur Direktorin f\u00fcr globale strategische Allianzen folgt dem raschen Wachstum der Emakina Group als digitaler Servicepartner gro\u00dfer internationaler Organisationen und der st\u00e4ndig wachsenden Partnerschaften mit ihren wichtigsten Technologiepartnern. Heute vereint die Full-Service-Agenturgruppe \u00fcber 1.000 Besch\u00e4ftigte in 20 B\u00fcros in 16 L\u00e4ndern und arbeitet grenz\u00fcberschreitend an gesch\u00e4ftskritischen Projekten f\u00fcr Kunden in mehr als 50 L\u00e4ndern.<\/p>\n<p> Bevor Priya Sonn das Managementteam bei Emakina erweiterte, sammelte sie wertvolle internationale Erfahrung in Positionen im Marketing- und Partnership-Management bei verschiedenen IT- und Service-Unternehmen. In ihrer bisherigen Karriere in den unterschiedlichen Welten von Start-ups, Agenturen und Systemintegratoren zeichnete sie sich durch den erfolgreichen Aufbau von l\u00e4nder\u00fcbergreifenden Technologiepartnerschaften aus. Heute gilt Sonn im gesamten Technologiesektor als eine der j\u00fcngsten f\u00fchrenden internationalen Expertinnen f\u00fcr Partnership-Marketing.<\/p>\n<p> F\u00fcr die Emakina Group wird Sonn \u2013 von London aus \u2013\u00a0ihre Verbindungen zu f\u00fchrenden Technologieunternehmen weiterentwickeln. Ihr Fokus wird darauf liegen, die Zusammenarbeit zu intensivieren, um das Business auszubauen und hoch-innovative Projekte f\u00fcr anspruchsvolle globale Kunden zu liefern. Emakina arbeitet dabei mit den branchenweit besten Technologiel\u00f6sungen wie Salesforce, Adobe, SAP, Fluent Commerce und Commercial Tools.<\/p>\n<p> \u201eIch freue mich sehr, Teil dieses Teams zu werden\u201c, so Priya Sonn \u00fcber ihre neue Funktion. \u201eEmakina setzt neue Ma\u00dfst\u00e4be, um mit erstklassiger Technologie umfassende Customer Experiences zu schaffen. Es ist f\u00fcr mich sehr spannend, mit hochtalentierten Experten Partnerschaften auszubauen und zu bereichern.\u201c<\/p>\n<p> Karim Chouikri, CEO der Emakina Group ist ebenfalls begeistert: \u201eWir hei\u00dfen Priya herzlich im Team willkommen. Ihr Fachwissen, ihre agile Durchsetzungskraft und ihre positive Einstellung passen zu unserer Mission, ein innovativer internationaler Marktf\u00fchrer in der Welt der digitalen Agenturen zu sein. Priya kommt zum richtigen Zeitpunkt, um uns dabei zu helfen, unsere strategischen Allianzen auf ein noch h\u00f6heres Niveau zu bringen. Covid-19 bietet uns dabei neue M\u00f6glichkeiten, unsere Kunden mit den passenden L\u00f6sungen f\u00fcr die st\u00e4ndig neuen Herausforderungen in Omnichannel, Commerce und Business zu unterst\u00fctzen.\u201c\n<\/p>\n<p><strong>\u00dcBER DIE EMAKINA GROUP <\/strong> <\/p>\n<p>Die Emakina Group (ALEMK) ist eine f\u00fchrende unabh\u00e4ngige digitale Agenturgruppe mit globaler Reichweite. \u00dcber 1.000 Technologie- und Marketingexperten in 16 L\u00e4ndern arbeiten gemeinsam mit ihren Kunden an der Steigerung ihres Gesch\u00e4fts- und Markenwerts. Zusammen gewinnen sie die notwendigen User-Insights, um wirksame Strategien und Kreationen zu entwickeln. Dazu geh\u00f6ren hochmoderne Applications, Websites, E-Commerce-Projekte, Content und Kampagnen. Die Emakina Group ist an der Euronext Growth Brussels (ISIN BE0003843605) notiert und erzielte 2019 einen Umsatz von EUR 96,6 Mio. <a href=\"http:\/\/www.emakina.group\" target=\"_blank\">http:\/\/www.emakina.group<\/a><\/p>\n<\/article>\n","protected":false},"excerpt":{"rendered":"<p>Marketingexpertin wird Director of Global Strategic Alliances 24.09.2020 Br\u00fcssel \u2013 Die Emakina Group (Euronext Growth ALEMK, ISIN: BE0003843605), eine b\u00f6rsennotierte Agenturgruppe f\u00fcr digitale Services mit Sitz in Br\u00fcssel, holt die britische Marketingspezialistin Priya Sonn ins Managementteam. Die in internationalen Medien als \u201eWoman to watch in Business\u201c bezeichnete Expertin wird die strategischen Technologie-Partnerschaften der Gruppe weiter&hellip;<\/p>\n","protected":false},"author":2,"featured_media":9863,"comment_status":"closed","ping_status":"closed","sticky":false,"template":"","format":"standard","meta":{"footnotes":""},"categories":[3],"tags":[],"class_list":["post-9864","post","type-post","status-publish","format-standard","has-post-thumbnail","hentry","category-news","category-3","description-off"],"yoast_head":"<!-- This site is optimized with the Yoast SEO plugin v26.3 - https:\/\/yoast.com\/wordpress\/plugins\/seo\/ -->\n<title>Priya Sonn erweitert Managementteam der Emakina Group - Temmel | Seywald - Corporate Communications<\/title>\n<meta name=\"robots\" content=\"index, follow, max-snippet:-1, max-image-preview:large, max-video-preview:-1\" \/>\n<link rel=\"canonical\" href=\"https:\/\/www.tsp.at\/en\/2020\/09\/24\/priya-sonn-erweitert-managementteam-der-emakina-group\/\" \/>\n<meta property=\"og:locale\" content=\"en_US\" \/>\n<meta property=\"og:type\" content=\"article\" \/>\n<meta property=\"og:title\" content=\"Priya Sonn erweitert Managementteam der Emakina Group - Temmel | Seywald - Corporate Communications\" \/>\n<meta property=\"og:description\" content=\"Marketingexpertin wird Director of Global Strategic Alliances 24.09.2020 Br\u00fcssel \u2013 Die Emakina Group (Euronext Growth ALEMK, ISIN: BE0003843605), eine b\u00f6rsennotierte Agenturgruppe f\u00fcr digitale Services mit Sitz in Br\u00fcssel, holt die britische Marketingspezialistin Priya Sonn ins Managementteam. Die in internationalen Medien als \u201eWoman to watch in Business\u201c bezeichnete Expertin wird die strategischen Technologie-Partnerschaften der Gruppe weiter&hellip;\" \/>\n<meta property=\"og:url\" content=\"https:\/\/www.tsp.at\/en\/2020\/09\/24\/priya-sonn-erweitert-managementteam-der-emakina-group\/\" \/>\n<meta property=\"og:site_name\" content=\"Temmel | Seywald - Corporate Communications\" \/>\n<meta property=\"article:publisher\" content=\"https:\/\/www.facebook.com\/TemmelSeywald\" \/>\n<meta property=\"article:published_time\" content=\"2020-09-24T12:00:00+00:00\" \/>\n<meta property=\"article:modified_time\" content=\"2025-10-21T12:52:29+00:00\" \/>\n<meta property=\"og:image\" content=\"https:\/\/www.tsp.at\/wp-content\/uploads\/2025\/10\/Priya-Sonn.jpg\" \/>\n\t<meta property=\"og:image:width\" content=\"1400\" \/>\n\t<meta property=\"og:image:height\" content=\"1000\" \/>\n\t<meta property=\"og:image:type\" content=\"image\/jpeg\" \/>\n<meta name=\"author\" content=\"TSP Redaktion\" \/>\n<meta name=\"twitter:card\" content=\"summary_large_image\" \/>\n<meta name=\"twitter:label1\" content=\"Written by\" \/>\n\t<meta name=\"twitter:data1\" content=\"TSP Redaktion\" \/>\n\t<meta name=\"twitter:label2\" content=\"Est. reading time\" \/>\n\t<meta name=\"twitter:data2\" content=\"3 minutes\" \/>\n<script type=\"application\/ld+json\" class=\"yoast-schema-graph\">{\"@context\":\"https:\/\/schema.org\",\"@graph\":[{\"@type\":\"Article\",\"@id\":\"https:\/\/www.tsp.at\/en\/2020\/09\/24\/priya-sonn-erweitert-managementteam-der-emakina-group\/#article\",\"isPartOf\":{\"@id\":\"https:\/\/www.tsp.at\/en\/2020\/09\/24\/priya-sonn-erweitert-managementteam-der-emakina-group\/\"},\"author\":{\"name\":\"TSP Redaktion\",\"@id\":\"https:\/\/www.tsp.at\/en\/#\/schema\/person\/1ba5600c29da17b902b0925cea567f8a\"},\"headline\":\"Priya Sonn erweitert Managementteam der Emakina Group\",\"datePublished\":\"2020-09-24T12:00:00+00:00\",\"dateModified\":\"2025-10-21T12:52:29+00:00\",\"mainEntityOfPage\":{\"@id\":\"https:\/\/www.tsp.at\/en\/2020\/09\/24\/priya-sonn-erweitert-managementteam-der-emakina-group\/\"},\"wordCount\":499,\"publisher\":{\"@id\":\"https:\/\/www.tsp.at\/en\/#organization\"},\"image\":{\"@id\":\"https:\/\/www.tsp.at\/en\/2020\/09\/24\/priya-sonn-erweitert-managementteam-der-emakina-group\/#primaryimage\"},\"thumbnailUrl\":\"https:\/\/www.tsp.at\/wp-content\/uploads\/2025\/10\/Priya-Sonn.jpg\",\"articleSection\":[\"News\"],\"inLanguage\":\"en-US\"},{\"@type\":\"WebPage\",\"@id\":\"https:\/\/www.tsp.at\/en\/2020\/09\/24\/priya-sonn-erweitert-managementteam-der-emakina-group\/\",\"url\":\"https:\/\/www.tsp.at\/en\/2020\/09\/24\/priya-sonn-erweitert-managementteam-der-emakina-group\/\",\"name\":\"Priya Sonn erweitert Managementteam der Emakina Group - Temmel | Seywald - Corporate Communications\",\"isPartOf\":{\"@id\":\"https:\/\/www.tsp.at\/en\/#website\"},\"primaryImageOfPage\":{\"@id\":\"https:\/\/www.tsp.at\/en\/2020\/09\/24\/priya-sonn-erweitert-managementteam-der-emakina-group\/#primaryimage\"},\"image\":{\"@id\":\"https:\/\/www.tsp.at\/en\/2020\/09\/24\/priya-sonn-erweitert-managementteam-der-emakina-group\/#primaryimage\"},\"thumbnailUrl\":\"https:\/\/www.tsp.at\/wp-content\/uploads\/2025\/10\/Priya-Sonn.jpg\",\"datePublished\":\"2020-09-24T12:00:00+00:00\",\"dateModified\":\"2025-10-21T12:52:29+00:00\",\"breadcrumb\":{\"@id\":\"https:\/\/www.tsp.at\/en\/2020\/09\/24\/priya-sonn-erweitert-managementteam-der-emakina-group\/#breadcrumb\"},\"inLanguage\":\"en-US\",\"potentialAction\":[{\"@type\":\"ReadAction\",\"target\":[\"https:\/\/www.tsp.at\/en\/2020\/09\/24\/priya-sonn-erweitert-managementteam-der-emakina-group\/\"]}]},{\"@type\":\"ImageObject\",\"inLanguage\":\"en-US\",\"@id\":\"https:\/\/www.tsp.at\/en\/2020\/09\/24\/priya-sonn-erweitert-managementteam-der-emakina-group\/#primaryimage\",\"url\":\"https:\/\/www.tsp.at\/wp-content\/uploads\/2025\/10\/Priya-Sonn.jpg\",\"contentUrl\":\"https:\/\/www.tsp.at\/wp-content\/uploads\/2025\/10\/Priya-Sonn.jpg\",\"width\":1400,\"height\":1000},{\"@type\":\"BreadcrumbList\",\"@id\":\"https:\/\/www.tsp.at\/en\/2020\/09\/24\/priya-sonn-erweitert-managementteam-der-emakina-group\/#breadcrumb\",\"itemListElement\":[{\"@type\":\"ListItem\",\"position\":1,\"name\":\"Startseite\",\"item\":\"https:\/\/www.tsp.at\/en\/\"},{\"@type\":\"ListItem\",\"position\":2,\"name\":\"Priya Sonn erweitert Managementteam der Emakina Group\"}]},{\"@type\":\"WebSite\",\"@id\":\"https:\/\/www.tsp.at\/en\/#website\",\"url\":\"https:\/\/www.tsp.at\/en\/\",\"name\":\"Temmel | Seywald - Corporate Communications\",\"description\":\"Kommunikation ist Beziehungsarbeit\",\"publisher\":{\"@id\":\"https:\/\/www.tsp.at\/en\/#organization\"},\"potentialAction\":[{\"@type\":\"SearchAction\",\"target\":{\"@type\":\"EntryPoint\",\"urlTemplate\":\"https:\/\/www.tsp.at\/en\/?s={search_term_string}\"},\"query-input\":{\"@type\":\"PropertyValueSpecification\",\"valueRequired\":true,\"valueName\":\"search_term_string\"}}],\"inLanguage\":\"en-US\"},{\"@type\":\"Organization\",\"@id\":\"https:\/\/www.tsp.at\/en\/#organization\",\"name\":\"Temmel, Seywald & Partner Communications GesmbH\",\"alternateName\":\"TSP\",\"url\":\"https:\/\/www.tsp.at\/en\/\",\"logo\":{\"@type\":\"ImageObject\",\"inLanguage\":\"en-US\",\"@id\":\"https:\/\/www.tsp.at\/en\/#\/schema\/logo\/image\/\",\"url\":\"https:\/\/www.tsp.at\/wp-content\/uploads\/2025\/10\/favicontsp.png\",\"contentUrl\":\"https:\/\/www.tsp.at\/wp-content\/uploads\/2025\/10\/favicontsp.png\",\"width\":125,\"height\":125,\"caption\":\"Temmel, Seywald & Partner Communications GesmbH\"},\"image\":{\"@id\":\"https:\/\/www.tsp.at\/en\/#\/schema\/logo\/image\/\"},\"sameAs\":[\"https:\/\/www.facebook.com\/TemmelSeywald\"]},{\"@type\":\"Person\",\"@id\":\"https:\/\/www.tsp.at\/en\/#\/schema\/person\/1ba5600c29da17b902b0925cea567f8a\",\"name\":\"TSP Redaktion\"}]}<\/script>\n<!-- \/ Yoast SEO plugin. -->","yoast_head_json":{"title":"Priya Sonn erweitert Managementteam der Emakina Group - Temmel | Seywald - Corporate Communications","robots":{"index":"index","follow":"follow","max-snippet":"max-snippet:-1","max-image-preview":"max-image-preview:large","max-video-preview":"max-video-preview:-1"},"canonical":"https:\/\/www.tsp.at\/en\/2020\/09\/24\/priya-sonn-erweitert-managementteam-der-emakina-group\/","og_locale":"en_US","og_type":"article","og_title":"Priya Sonn erweitert Managementteam der Emakina Group - Temmel | Seywald - Corporate Communications","og_description":"Marketingexpertin wird Director of Global Strategic Alliances 24.09.2020 Br\u00fcssel \u2013 Die Emakina Group (Euronext Growth ALEMK, ISIN: BE0003843605), eine b\u00f6rsennotierte Agenturgruppe f\u00fcr digitale Services mit Sitz in Br\u00fcssel, holt die britische Marketingspezialistin Priya Sonn ins Managementteam. Die in internationalen Medien als \u201eWoman to watch in Business\u201c bezeichnete Expertin wird die strategischen Technologie-Partnerschaften der Gruppe weiter&hellip;","og_url":"https:\/\/www.tsp.at\/en\/2020\/09\/24\/priya-sonn-erweitert-managementteam-der-emakina-group\/","og_site_name":"Temmel | Seywald - Corporate Communications","article_publisher":"https:\/\/www.facebook.com\/TemmelSeywald","article_published_time":"2020-09-24T12:00:00+00:00","article_modified_time":"2025-10-21T12:52:29+00:00","og_image":[{"width":1400,"height":1000,"url":"https:\/\/www.tsp.at\/wp-content\/uploads\/2025\/10\/Priya-Sonn.jpg","type":"image\/jpeg"}],"author":"TSP Redaktion","twitter_card":"summary_large_image","twitter_misc":{"Written by":"TSP Redaktion","Est. reading time":"3 minutes"},"schema":{"@context":"https:\/\/schema.org","@graph":[{"@type":"Article","@id":"https:\/\/www.tsp.at\/en\/2020\/09\/24\/priya-sonn-erweitert-managementteam-der-emakina-group\/#article","isPartOf":{"@id":"https:\/\/www.tsp.at\/en\/2020\/09\/24\/priya-sonn-erweitert-managementteam-der-emakina-group\/"},"author":{"name":"TSP Redaktion","@id":"https:\/\/www.tsp.at\/en\/#\/schema\/person\/1ba5600c29da17b902b0925cea567f8a"},"headline":"Priya Sonn erweitert Managementteam der Emakina Group","datePublished":"2020-09-24T12:00:00+00:00","dateModified":"2025-10-21T12:52:29+00:00","mainEntityOfPage":{"@id":"https:\/\/www.tsp.at\/en\/2020\/09\/24\/priya-sonn-erweitert-managementteam-der-emakina-group\/"},"wordCount":499,"publisher":{"@id":"https:\/\/www.tsp.at\/en\/#organization"},"image":{"@id":"https:\/\/www.tsp.at\/en\/2020\/09\/24\/priya-sonn-erweitert-managementteam-der-emakina-group\/#primaryimage"},"thumbnailUrl":"https:\/\/www.tsp.at\/wp-content\/uploads\/2025\/10\/Priya-Sonn.jpg","articleSection":["News"],"inLanguage":"en-US"},{"@type":"WebPage","@id":"https:\/\/www.tsp.at\/en\/2020\/09\/24\/priya-sonn-erweitert-managementteam-der-emakina-group\/","url":"https:\/\/www.tsp.at\/en\/2020\/09\/24\/priya-sonn-erweitert-managementteam-der-emakina-group\/","name":"Priya Sonn erweitert Managementteam der Emakina Group - Temmel | Seywald - Corporate Communications","isPartOf":{"@id":"https:\/\/www.tsp.at\/en\/#website"},"primaryImageOfPage":{"@id":"https:\/\/www.tsp.at\/en\/2020\/09\/24\/priya-sonn-erweitert-managementteam-der-emakina-group\/#primaryimage"},"image":{"@id":"https:\/\/www.tsp.at\/en\/2020\/09\/24\/priya-sonn-erweitert-managementteam-der-emakina-group\/#primaryimage"},"thumbnailUrl":"https:\/\/www.tsp.at\/wp-content\/uploads\/2025\/10\/Priya-Sonn.jpg","datePublished":"2020-09-24T12:00:00+00:00","dateModified":"2025-10-21T12:52:29+00:00","breadcrumb":{"@id":"https:\/\/www.tsp.at\/en\/2020\/09\/24\/priya-sonn-erweitert-managementteam-der-emakina-group\/#breadcrumb"},"inLanguage":"en-US","potentialAction":[{"@type":"ReadAction","target":["https:\/\/www.tsp.at\/en\/2020\/09\/24\/priya-sonn-erweitert-managementteam-der-emakina-group\/"]}]},{"@type":"ImageObject","inLanguage":"en-US","@id":"https:\/\/www.tsp.at\/en\/2020\/09\/24\/priya-sonn-erweitert-managementteam-der-emakina-group\/#primaryimage","url":"https:\/\/www.tsp.at\/wp-content\/uploads\/2025\/10\/Priya-Sonn.jpg","contentUrl":"https:\/\/www.tsp.at\/wp-content\/uploads\/2025\/10\/Priya-Sonn.jpg","width":1400,"height":1000},{"@type":"BreadcrumbList","@id":"https:\/\/www.tsp.at\/en\/2020\/09\/24\/priya-sonn-erweitert-managementteam-der-emakina-group\/#breadcrumb","itemListElement":[{"@type":"ListItem","position":1,"name":"Startseite","item":"https:\/\/www.tsp.at\/en\/"},{"@type":"ListItem","position":2,"name":"Priya Sonn erweitert Managementteam der Emakina Group"}]},{"@type":"WebSite","@id":"https:\/\/www.tsp.at\/en\/#website","url":"https:\/\/www.tsp.at\/en\/","name":"Temmel | Seywald - Corporate Communications","description":"Kommunikation ist Beziehungsarbeit","publisher":{"@id":"https:\/\/www.tsp.at\/en\/#organization"},"potentialAction":[{"@type":"SearchAction","target":{"@type":"EntryPoint","urlTemplate":"https:\/\/www.tsp.at\/en\/?s={search_term_string}"},"query-input":{"@type":"PropertyValueSpecification","valueRequired":true,"valueName":"search_term_string"}}],"inLanguage":"en-US"},{"@type":"Organization","@id":"https:\/\/www.tsp.at\/en\/#organization","name":"Temmel, Seywald & Partner Communications GesmbH","alternateName":"TSP","url":"https:\/\/www.tsp.at\/en\/","logo":{"@type":"ImageObject","inLanguage":"en-US","@id":"https:\/\/www.tsp.at\/en\/#\/schema\/logo\/image\/","url":"https:\/\/www.tsp.at\/wp-content\/uploads\/2025\/10\/favicontsp.png","contentUrl":"https:\/\/www.tsp.at\/wp-content\/uploads\/2025\/10\/favicontsp.png","width":125,"height":125,"caption":"Temmel, Seywald & Partner Communications GesmbH"},"image":{"@id":"https:\/\/www.tsp.at\/en\/#\/schema\/logo\/image\/"},"sameAs":["https:\/\/www.facebook.com\/TemmelSeywald"]},{"@type":"Person","@id":"https:\/\/www.tsp.at\/en\/#\/schema\/person\/1ba5600c29da17b902b0925cea567f8a","name":"TSP Redaktion"}]}},"_links":{"self":[{"href":"https:\/\/www.tsp.at\/en\/wp-json\/wp\/v2\/posts\/9864","targetHints":{"allow":["GET"]}}],"collection":[{"href":"https:\/\/www.tsp.at\/en\/wp-json\/wp\/v2\/posts"}],"about":[{"href":"https:\/\/www.tsp.at\/en\/wp-json\/wp\/v2\/types\/post"}],"author":[{"embeddable":true,"href":"https:\/\/www.tsp.at\/en\/wp-json\/wp\/v2\/users\/2"}],"replies":[{"embeddable":true,"href":"https:\/\/www.tsp.at\/en\/wp-json\/wp\/v2\/comments?post=9864"}],"version-history":[{"count":1,"href":"https:\/\/www.tsp.at\/en\/wp-json\/wp\/v2\/posts\/9864\/revisions"}],"predecessor-version":[{"id":11341,"href":"https:\/\/www.tsp.at\/en\/wp-json\/wp\/v2\/posts\/9864\/revisions\/11341"}],"wp:featuredmedia":[{"embeddable":true,"href":"https:\/\/www.tsp.at\/en\/wp-json\/wp\/v2\/media\/9863"}],"wp:attachment":[{"href":"https:\/\/www.tsp.at\/en\/wp-json\/wp\/v2\/media?parent=9864"}],"wp:term":[{"taxonomy":"category","embeddable":true,"href":"https:\/\/www.tsp.at\/en\/wp-json\/wp\/v2\/categories?post=9864"},{"taxonomy":"post_tag","embeddable":true,"href":"https:\/\/www.tsp.at\/en\/wp-json\/wp\/v2\/tags?post=9864"}],"curies":[{"name":"wp","href":"https:\/\/api.w.org\/{rel}","templated":true}]}}