{"id":9866,"date":"2020-09-18T08:52:00","date_gmt":"2020-09-18T06:52:00","guid":{"rendered":"https:\/\/staging.tsp.at\/2020\/09\/18\/aichelin-behauptet-sich-in-schwierigem-umfeld\/"},"modified":"2025-10-21T14:52:29","modified_gmt":"2025-10-21T12:52:29","slug":"aichelin-behauptet-sich-in-schwierigem-umfeld","status":"publish","type":"post","link":"https:\/\/www.tsp.at\/en\/2020\/09\/18\/aichelin-behauptet-sich-in-schwierigem-umfeld\/","title":{"rendered":"AICHELIN behauptet sich in schwierigem Umfeld"},"content":{"rendered":"<article class=\"item\">\n<h2><strong>Gro\u00dfe Kundenauftr\u00e4ge in Fertigstellung &#8211; Technologisch und geografisch breit gestreut<\/strong><\/h2>\n<p>18.09.2020<\/p>\n<\/p>\n<\/p>\n<\/p>\n<\/p>\n<\/p>\n<p style=\"box-sizing: border-box; margin: 0px 0px 10px; caret-color: #333333; color: #333333; font-family: Georgia; font-size: 16.100000381469727px; font-style: normal; font-variant-caps: normal; font-weight: normal; letter-spacing: normal; orphans: auto; text-align: start; text-indent: 0px; text-transform: none; white-space: normal; widows: auto; word-spacing: 0px; -webkit-text-size-adjust: auto; -webkit-text-stroke-width: 0px; text-decoration: none;\">M\u00f6dling \u2013 <strong style=\"box-sizing: border-box; font-weight: bold;\">Trotz Corona und schw\u00e4chelndem Wirtschaftsumfeld hat der Industrieofenbauer AICHELIN in M\u00f6dling seine Fertigungshallen wieder in Vollbetrieb. Insgesamt f\u00fcnf gro\u00dfe Kundenauftr\u00e4ge werden aktuell fertiggestellt. &#8220;Im h\u00e4rter werdenden Marktumfeld kann sich AICHELIN mit kundenspezifisch ausgef\u00fchrten Sonderprojekten gut behaupten&#8221;, erl\u00e4utert AICHELIN-Gesch\u00e4ftsf\u00fchrer Dr. Thomas Dopler. &#8220;Dementsprechend geografisch und technologisch breit gestreut sind auch die Abnehmer dieser Anlagen.&#8221;<\/strong><\/p>\n<p style=\"box-sizing: border-box; margin: 0px 0px 10px; caret-color: #333333; color: #333333; font-family: Georgia; font-size: 16.100000381469727px; font-style: normal; font-variant-caps: normal; font-weight: normal; letter-spacing: normal; orphans: auto; text-align: start; text-indent: 0px; text-transform: none; white-space: normal; widows: auto; word-spacing: 0px; -webkit-text-size-adjust: auto; -webkit-text-stroke-width: 0px; text-decoration: none;\">Dopler zufolge waren die vergangenen Monate f\u00fcr das Unternehmen schwierig und es mussten alle Instrumente genutzt werden, um die Auftragsr\u00fcckst\u00e4nde in Europa wieder wettzumachen. &#8220;Aber mit einem motivierten Team ist es uns gelungen, auch in diesem schwierigen Umfeld die jetzt realisierten Anlagen zu akquirieren, zu konstruieren und fertigzustellen. Daf\u00fcr ist jedem Einzelnen und jeder Einzelnen im Team zu danken.&#8221;<span class=\"Apple-converted-space\">\u00a0<\/span><\/p>\n<p style=\"box-sizing: border-box; margin: 0px 0px 10px; caret-color: #333333; color: #333333; font-family: Georgia; font-size: 16.100000381469727px; font-style: normal; font-variant-caps: normal; font-weight: normal; letter-spacing: normal; orphans: auto; text-align: start; text-indent: 0px; text-transform: none; white-space: normal; widows: auto; word-spacing: 0px; -webkit-text-size-adjust: auto; -webkit-text-stroke-width: 0px; text-decoration: none;\">Eine der in den n\u00e4chsten Wochen fertiggestellten &#8220;heatXpress&#8221;-W\u00e4rmebehandlungsanlagen zum Pressh\u00e4rten wird in M\u00f6dling zusammengebaut, getestet und dann in die USA verschifft. Die \u00fcbrigen Anlagen &#8211; SAFED-Drahtgliederband\u00f6fen und ein Durchsto\u00dfofen &#8211; werden bei europ\u00e4ischen Kunden installiert. Zwei gehen an gro\u00dfe Unternehmen im Bereich der Befestigungstechnik, eine Anlage wird Z\u00fcndeinrichtungen f\u00fcr die Airbag-Ausl\u00f6sung in PKWs im laufenden Betrieb l\u00f6ten. Sind dies eher kleine, leichte Bauteile, so gibt es auch zwei wirkliche Schwergewichte im Auftragsbestand. In der einen Anlage werden k\u00fcnftig gro\u00dfe W\u00e4lzlager f\u00fcr Windkraftr\u00e4der w\u00e4rmebehandelt, in der zweiten kommen Sicherheits-Karosseriebauteile f\u00fcr PKWs zur thermischen Behandlung. Diese Bauteile k\u00f6nnen so leichter und trotzdem crash-sicherer ausgef\u00fchrt werden.<\/p>\n<p style=\"box-sizing: border-box; margin: 0px 0px 10px; caret-color: #333333; color: #333333; font-family: Georgia; font-size: 16.100000381469727px; font-style: normal; font-variant-caps: normal; font-weight: normal; letter-spacing: normal; orphans: auto; text-align: start; text-indent: 0px; text-transform: none; white-space: normal; widows: auto; word-spacing: 0px; -webkit-text-size-adjust: auto; -webkit-text-stroke-width: 0px; text-decoration: none;\"><strong style=\"box-sizing: border-box; font-weight: bold;\">\u00dcber die AICHELIN Ges.m.b.H.<\/strong><br style=\"box-sizing: border-box;\"\/>Die AICHELIN Ges.m.b.H. mit Sitz in M\u00f6dling bei Wien ist einer der europ\u00e4ischen Technologief\u00fchrer f\u00fcr atmosph\u00e4rische Industrieofenanlagen und Systeme zur W\u00e4rmebehandlung von metallischen Bauteilen. Das \u00f6sterreichische Unternehmen mit seinen 100 Mitarbeitern ist neben der Herstellung der Industrie\u00f6fen auf Regelungs- und Automatisierungssysteme, Industrie-4.0-L\u00f6sungen und Service fokussiert. Die Anlagen werden vor allem in der Verbindungs- und Befestigungstechnik-Industrie, der W\u00e4lzlagerindustrie, der Industrie f\u00fcr Pr\u00e4zisionskleinteile, der Elektrobauteileindustrie, in Lohnh\u00e4rtereien, sowie der Automobil- und Automobilzulieferindustrie eingesetzt.<span class=\"Apple-converted-space\">\u00a0<\/span><span style=\"box-sizing: border-box; background-color: transparent; color: #337ab7; text-decoration: none;\"><a href=\"https:\/\/www.aichelin.at\/\" rel=\"nofollow\" target=\"_blank\">https:\/\/www.aichelin.at<\/a><\/span><\/p>\n<p style=\"box-sizing: border-box; margin: 0px 0px 10px; caret-color: #333333; color: #333333; font-family: Georgia; font-size: 16.100000381469727px; font-style: normal; font-variant-caps: normal; font-weight: normal; letter-spacing: normal; orphans: auto; text-align: start; text-indent: 0px; text-transform: none; white-space: normal; widows: auto; word-spacing: 0px; -webkit-text-size-adjust: auto; -webkit-text-stroke-width: 0px; text-decoration: none;\"><strong style=\"box-sizing: border-box; font-weight: bold;\">\u00dcber die AICHELIN Group<\/strong><br style=\"box-sizing: border-box;\"\/>Die zur Berndorf AG geh\u00f6rende AICHELIN Group mit Sitz in M\u00f6dling bei Wien ist einer der weltweit f\u00fchrenden Anbieter von W\u00e4rmebehandlungsl\u00f6sungen. Dazu geh\u00f6ren Industrie\u00f6fen, Induktionsh\u00e4rteanlagen, Industriebeheizungssysteme, Regelungs- und Automatisierungssysteme, Industrie-4.0-L\u00f6sungen sowie Servicedienstleistungen. Die Wurzeln des Unternehmens gehen ins Jahr 1868 zur\u00fcck. Neben der Traditionsmarke AICHELIN geh\u00f6ren AFC-Holcroft, EMA Indutec, SAFED, BOSIO und NOXMAT zur Gruppe, die mit \u00fcber 1.000 Mitarbeitern zu den Top-3-Unternehmen f\u00fcr W\u00e4rmebehandlung weltweit z\u00e4hlt. In Europa ist AICHELIN mit Tochtergesellschaften in \u00d6sterreich, Deutschland, Slowenien, Frankreich und der Schweiz vertreten, die weltweite Pr\u00e4senz umfasst Tochtergesellschaften und Niederlassungen in China, Indien, Russland und den USA, sowie ein Vertriebsnetz in weiteren 22 L\u00e4ndern.<span class=\"Apple-converted-space\">\u00a0<\/span><span style=\"box-sizing: border-box; background-color: transparent; color: #337ab7; text-decoration: none;\"><a href=\"https:\/\/www.aichelin.com\/\" rel=\"nofollow\" target=\"_blank\">https:\/\/www.aichelin.com<\/a><\/span><\/p>\n<\/article>\n","protected":false},"excerpt":{"rendered":"<p>Gro\u00dfe Kundenauftr\u00e4ge in Fertigstellung &#8211; Technologisch und geografisch breit gestreut 18.09.2020 M\u00f6dling \u2013 Trotz Corona und schw\u00e4chelndem Wirtschaftsumfeld hat der Industrieofenbauer AICHELIN in M\u00f6dling seine Fertigungshallen wieder in Vollbetrieb. Insgesamt f\u00fcnf gro\u00dfe Kundenauftr\u00e4ge werden aktuell fertiggestellt. &#8220;Im h\u00e4rter werdenden Marktumfeld kann sich AICHELIN mit kundenspezifisch ausgef\u00fchrten Sonderprojekten gut behaupten&#8221;, erl\u00e4utert AICHELIN-Gesch\u00e4ftsf\u00fchrer Dr. Thomas Dopler. &#8220;Dementsprechend&hellip;<\/p>\n","protected":false},"author":2,"featured_media":9865,"comment_status":"closed","ping_status":"closed","sticky":false,"template":"","format":"standard","meta":{"footnotes":""},"categories":[3],"tags":[],"class_list":["post-9866","post","type-post","status-publish","format-standard","has-post-thumbnail","hentry","category-news","category-3","description-off"],"yoast_head":"<!-- This site is optimized with the Yoast SEO plugin v26.3 - https:\/\/yoast.com\/wordpress\/plugins\/seo\/ -->\n<title>AICHELIN behauptet sich in schwierigem Umfeld - Temmel | Seywald - Corporate Communications<\/title>\n<meta name=\"robots\" content=\"index, follow, max-snippet:-1, max-image-preview:large, max-video-preview:-1\" \/>\n<link rel=\"canonical\" href=\"https:\/\/www.tsp.at\/en\/2020\/09\/18\/aichelin-behauptet-sich-in-schwierigem-umfeld\/\" \/>\n<meta property=\"og:locale\" content=\"en_US\" \/>\n<meta property=\"og:type\" content=\"article\" \/>\n<meta property=\"og:title\" content=\"AICHELIN behauptet sich in schwierigem Umfeld - Temmel | Seywald - Corporate Communications\" \/>\n<meta property=\"og:description\" content=\"Gro\u00dfe Kundenauftr\u00e4ge in Fertigstellung &#8211; Technologisch und geografisch breit gestreut 18.09.2020 M\u00f6dling \u2013 Trotz Corona und schw\u00e4chelndem Wirtschaftsumfeld hat der Industrieofenbauer AICHELIN in M\u00f6dling seine Fertigungshallen wieder in Vollbetrieb. Insgesamt f\u00fcnf gro\u00dfe Kundenauftr\u00e4ge werden aktuell fertiggestellt. &#8220;Im h\u00e4rter werdenden Marktumfeld kann sich AICHELIN mit kundenspezifisch ausgef\u00fchrten Sonderprojekten gut behaupten&#8221;, erl\u00e4utert AICHELIN-Gesch\u00e4ftsf\u00fchrer Dr. Thomas Dopler. &#8220;Dementsprechend&hellip;\" \/>\n<meta property=\"og:url\" content=\"https:\/\/www.tsp.at\/en\/2020\/09\/18\/aichelin-behauptet-sich-in-schwierigem-umfeld\/\" \/>\n<meta property=\"og:site_name\" content=\"Temmel | Seywald - Corporate Communications\" \/>\n<meta property=\"article:publisher\" content=\"https:\/\/www.facebook.com\/TemmelSeywald\" \/>\n<meta property=\"article:published_time\" content=\"2020-09-18T06:52:00+00:00\" \/>\n<meta property=\"article:modified_time\" content=\"2025-10-21T12:52:29+00:00\" \/>\n<meta property=\"og:image\" content=\"https:\/\/www.tsp.at\/wp-content\/uploads\/2025\/10\/photo2_02.jpg\" \/>\n\t<meta property=\"og:image:width\" content=\"2100\" \/>\n\t<meta property=\"og:image:height\" content=\"1401\" \/>\n\t<meta property=\"og:image:type\" content=\"image\/jpeg\" \/>\n<meta name=\"author\" content=\"TSP Redaktion\" \/>\n<meta name=\"twitter:card\" content=\"summary_large_image\" \/>\n<meta name=\"twitter:label1\" content=\"Written by\" \/>\n\t<meta name=\"twitter:data1\" content=\"TSP Redaktion\" \/>\n\t<meta name=\"twitter:label2\" content=\"Est. reading time\" \/>\n\t<meta name=\"twitter:data2\" content=\"3 minutes\" \/>\n<script type=\"application\/ld+json\" class=\"yoast-schema-graph\">{\"@context\":\"https:\/\/schema.org\",\"@graph\":[{\"@type\":\"Article\",\"@id\":\"https:\/\/www.tsp.at\/en\/2020\/09\/18\/aichelin-behauptet-sich-in-schwierigem-umfeld\/#article\",\"isPartOf\":{\"@id\":\"https:\/\/www.tsp.at\/en\/2020\/09\/18\/aichelin-behauptet-sich-in-schwierigem-umfeld\/\"},\"author\":{\"name\":\"TSP Redaktion\",\"@id\":\"https:\/\/www.tsp.at\/en\/#\/schema\/person\/1ba5600c29da17b902b0925cea567f8a\"},\"headline\":\"AICHELIN behauptet sich in schwierigem Umfeld\",\"datePublished\":\"2020-09-18T06:52:00+00:00\",\"dateModified\":\"2025-10-21T12:52:29+00:00\",\"mainEntityOfPage\":{\"@id\":\"https:\/\/www.tsp.at\/en\/2020\/09\/18\/aichelin-behauptet-sich-in-schwierigem-umfeld\/\"},\"wordCount\":494,\"publisher\":{\"@id\":\"https:\/\/www.tsp.at\/en\/#organization\"},\"image\":{\"@id\":\"https:\/\/www.tsp.at\/en\/2020\/09\/18\/aichelin-behauptet-sich-in-schwierigem-umfeld\/#primaryimage\"},\"thumbnailUrl\":\"https:\/\/www.tsp.at\/wp-content\/uploads\/2025\/10\/photo2_02.jpg\",\"articleSection\":[\"News\"],\"inLanguage\":\"en-US\"},{\"@type\":\"WebPage\",\"@id\":\"https:\/\/www.tsp.at\/en\/2020\/09\/18\/aichelin-behauptet-sich-in-schwierigem-umfeld\/\",\"url\":\"https:\/\/www.tsp.at\/en\/2020\/09\/18\/aichelin-behauptet-sich-in-schwierigem-umfeld\/\",\"name\":\"AICHELIN behauptet sich in schwierigem Umfeld - Temmel | Seywald - Corporate Communications\",\"isPartOf\":{\"@id\":\"https:\/\/www.tsp.at\/en\/#website\"},\"primaryImageOfPage\":{\"@id\":\"https:\/\/www.tsp.at\/en\/2020\/09\/18\/aichelin-behauptet-sich-in-schwierigem-umfeld\/#primaryimage\"},\"image\":{\"@id\":\"https:\/\/www.tsp.at\/en\/2020\/09\/18\/aichelin-behauptet-sich-in-schwierigem-umfeld\/#primaryimage\"},\"thumbnailUrl\":\"https:\/\/www.tsp.at\/wp-content\/uploads\/2025\/10\/photo2_02.jpg\",\"datePublished\":\"2020-09-18T06:52:00+00:00\",\"dateModified\":\"2025-10-21T12:52:29+00:00\",\"breadcrumb\":{\"@id\":\"https:\/\/www.tsp.at\/en\/2020\/09\/18\/aichelin-behauptet-sich-in-schwierigem-umfeld\/#breadcrumb\"},\"inLanguage\":\"en-US\",\"potentialAction\":[{\"@type\":\"ReadAction\",\"target\":[\"https:\/\/www.tsp.at\/en\/2020\/09\/18\/aichelin-behauptet-sich-in-schwierigem-umfeld\/\"]}]},{\"@type\":\"ImageObject\",\"inLanguage\":\"en-US\",\"@id\":\"https:\/\/www.tsp.at\/en\/2020\/09\/18\/aichelin-behauptet-sich-in-schwierigem-umfeld\/#primaryimage\",\"url\":\"https:\/\/www.tsp.at\/wp-content\/uploads\/2025\/10\/photo2_02.jpg\",\"contentUrl\":\"https:\/\/www.tsp.at\/wp-content\/uploads\/2025\/10\/photo2_02.jpg\",\"width\":2100,\"height\":1401,\"caption\":\"Fertigunghalle wieder in Vollbetrieb\"},{\"@type\":\"BreadcrumbList\",\"@id\":\"https:\/\/www.tsp.at\/en\/2020\/09\/18\/aichelin-behauptet-sich-in-schwierigem-umfeld\/#breadcrumb\",\"itemListElement\":[{\"@type\":\"ListItem\",\"position\":1,\"name\":\"Startseite\",\"item\":\"https:\/\/www.tsp.at\/en\/\"},{\"@type\":\"ListItem\",\"position\":2,\"name\":\"AICHELIN behauptet sich in schwierigem Umfeld\"}]},{\"@type\":\"WebSite\",\"@id\":\"https:\/\/www.tsp.at\/en\/#website\",\"url\":\"https:\/\/www.tsp.at\/en\/\",\"name\":\"Temmel | Seywald - Corporate Communications\",\"description\":\"Kommunikation ist Beziehungsarbeit\",\"publisher\":{\"@id\":\"https:\/\/www.tsp.at\/en\/#organization\"},\"potentialAction\":[{\"@type\":\"SearchAction\",\"target\":{\"@type\":\"EntryPoint\",\"urlTemplate\":\"https:\/\/www.tsp.at\/en\/?s={search_term_string}\"},\"query-input\":{\"@type\":\"PropertyValueSpecification\",\"valueRequired\":true,\"valueName\":\"search_term_string\"}}],\"inLanguage\":\"en-US\"},{\"@type\":\"Organization\",\"@id\":\"https:\/\/www.tsp.at\/en\/#organization\",\"name\":\"Temmel, Seywald & Partner Communications GesmbH\",\"alternateName\":\"TSP\",\"url\":\"https:\/\/www.tsp.at\/en\/\",\"logo\":{\"@type\":\"ImageObject\",\"inLanguage\":\"en-US\",\"@id\":\"https:\/\/www.tsp.at\/en\/#\/schema\/logo\/image\/\",\"url\":\"https:\/\/www.tsp.at\/wp-content\/uploads\/2025\/10\/favicontsp.png\",\"contentUrl\":\"https:\/\/www.tsp.at\/wp-content\/uploads\/2025\/10\/favicontsp.png\",\"width\":125,\"height\":125,\"caption\":\"Temmel, Seywald & Partner Communications GesmbH\"},\"image\":{\"@id\":\"https:\/\/www.tsp.at\/en\/#\/schema\/logo\/image\/\"},\"sameAs\":[\"https:\/\/www.facebook.com\/TemmelSeywald\"]},{\"@type\":\"Person\",\"@id\":\"https:\/\/www.tsp.at\/en\/#\/schema\/person\/1ba5600c29da17b902b0925cea567f8a\",\"name\":\"TSP Redaktion\"}]}<\/script>\n<!-- \/ Yoast SEO plugin. -->","yoast_head_json":{"title":"AICHELIN behauptet sich in schwierigem Umfeld - Temmel | Seywald - Corporate Communications","robots":{"index":"index","follow":"follow","max-snippet":"max-snippet:-1","max-image-preview":"max-image-preview:large","max-video-preview":"max-video-preview:-1"},"canonical":"https:\/\/www.tsp.at\/en\/2020\/09\/18\/aichelin-behauptet-sich-in-schwierigem-umfeld\/","og_locale":"en_US","og_type":"article","og_title":"AICHELIN behauptet sich in schwierigem Umfeld - Temmel | Seywald - Corporate Communications","og_description":"Gro\u00dfe Kundenauftr\u00e4ge in Fertigstellung &#8211; Technologisch und geografisch breit gestreut 18.09.2020 M\u00f6dling \u2013 Trotz Corona und schw\u00e4chelndem Wirtschaftsumfeld hat der Industrieofenbauer AICHELIN in M\u00f6dling seine Fertigungshallen wieder in Vollbetrieb. Insgesamt f\u00fcnf gro\u00dfe Kundenauftr\u00e4ge werden aktuell fertiggestellt. &#8220;Im h\u00e4rter werdenden Marktumfeld kann sich AICHELIN mit kundenspezifisch ausgef\u00fchrten Sonderprojekten gut behaupten&#8221;, erl\u00e4utert AICHELIN-Gesch\u00e4ftsf\u00fchrer Dr. Thomas Dopler. &#8220;Dementsprechend&hellip;","og_url":"https:\/\/www.tsp.at\/en\/2020\/09\/18\/aichelin-behauptet-sich-in-schwierigem-umfeld\/","og_site_name":"Temmel | Seywald - Corporate Communications","article_publisher":"https:\/\/www.facebook.com\/TemmelSeywald","article_published_time":"2020-09-18T06:52:00+00:00","article_modified_time":"2025-10-21T12:52:29+00:00","og_image":[{"width":2100,"height":1401,"url":"https:\/\/www.tsp.at\/wp-content\/uploads\/2025\/10\/photo2_02.jpg","type":"image\/jpeg"}],"author":"TSP Redaktion","twitter_card":"summary_large_image","twitter_misc":{"Written by":"TSP Redaktion","Est. reading time":"3 minutes"},"schema":{"@context":"https:\/\/schema.org","@graph":[{"@type":"Article","@id":"https:\/\/www.tsp.at\/en\/2020\/09\/18\/aichelin-behauptet-sich-in-schwierigem-umfeld\/#article","isPartOf":{"@id":"https:\/\/www.tsp.at\/en\/2020\/09\/18\/aichelin-behauptet-sich-in-schwierigem-umfeld\/"},"author":{"name":"TSP Redaktion","@id":"https:\/\/www.tsp.at\/en\/#\/schema\/person\/1ba5600c29da17b902b0925cea567f8a"},"headline":"AICHELIN behauptet sich in schwierigem Umfeld","datePublished":"2020-09-18T06:52:00+00:00","dateModified":"2025-10-21T12:52:29+00:00","mainEntityOfPage":{"@id":"https:\/\/www.tsp.at\/en\/2020\/09\/18\/aichelin-behauptet-sich-in-schwierigem-umfeld\/"},"wordCount":494,"publisher":{"@id":"https:\/\/www.tsp.at\/en\/#organization"},"image":{"@id":"https:\/\/www.tsp.at\/en\/2020\/09\/18\/aichelin-behauptet-sich-in-schwierigem-umfeld\/#primaryimage"},"thumbnailUrl":"https:\/\/www.tsp.at\/wp-content\/uploads\/2025\/10\/photo2_02.jpg","articleSection":["News"],"inLanguage":"en-US"},{"@type":"WebPage","@id":"https:\/\/www.tsp.at\/en\/2020\/09\/18\/aichelin-behauptet-sich-in-schwierigem-umfeld\/","url":"https:\/\/www.tsp.at\/en\/2020\/09\/18\/aichelin-behauptet-sich-in-schwierigem-umfeld\/","name":"AICHELIN behauptet sich in schwierigem Umfeld - Temmel | Seywald - Corporate Communications","isPartOf":{"@id":"https:\/\/www.tsp.at\/en\/#website"},"primaryImageOfPage":{"@id":"https:\/\/www.tsp.at\/en\/2020\/09\/18\/aichelin-behauptet-sich-in-schwierigem-umfeld\/#primaryimage"},"image":{"@id":"https:\/\/www.tsp.at\/en\/2020\/09\/18\/aichelin-behauptet-sich-in-schwierigem-umfeld\/#primaryimage"},"thumbnailUrl":"https:\/\/www.tsp.at\/wp-content\/uploads\/2025\/10\/photo2_02.jpg","datePublished":"2020-09-18T06:52:00+00:00","dateModified":"2025-10-21T12:52:29+00:00","breadcrumb":{"@id":"https:\/\/www.tsp.at\/en\/2020\/09\/18\/aichelin-behauptet-sich-in-schwierigem-umfeld\/#breadcrumb"},"inLanguage":"en-US","potentialAction":[{"@type":"ReadAction","target":["https:\/\/www.tsp.at\/en\/2020\/09\/18\/aichelin-behauptet-sich-in-schwierigem-umfeld\/"]}]},{"@type":"ImageObject","inLanguage":"en-US","@id":"https:\/\/www.tsp.at\/en\/2020\/09\/18\/aichelin-behauptet-sich-in-schwierigem-umfeld\/#primaryimage","url":"https:\/\/www.tsp.at\/wp-content\/uploads\/2025\/10\/photo2_02.jpg","contentUrl":"https:\/\/www.tsp.at\/wp-content\/uploads\/2025\/10\/photo2_02.jpg","width":2100,"height":1401,"caption":"Fertigunghalle wieder in Vollbetrieb"},{"@type":"BreadcrumbList","@id":"https:\/\/www.tsp.at\/en\/2020\/09\/18\/aichelin-behauptet-sich-in-schwierigem-umfeld\/#breadcrumb","itemListElement":[{"@type":"ListItem","position":1,"name":"Startseite","item":"https:\/\/www.tsp.at\/en\/"},{"@type":"ListItem","position":2,"name":"AICHELIN behauptet sich in schwierigem Umfeld"}]},{"@type":"WebSite","@id":"https:\/\/www.tsp.at\/en\/#website","url":"https:\/\/www.tsp.at\/en\/","name":"Temmel | Seywald - Corporate Communications","description":"Kommunikation ist Beziehungsarbeit","publisher":{"@id":"https:\/\/www.tsp.at\/en\/#organization"},"potentialAction":[{"@type":"SearchAction","target":{"@type":"EntryPoint","urlTemplate":"https:\/\/www.tsp.at\/en\/?s={search_term_string}"},"query-input":{"@type":"PropertyValueSpecification","valueRequired":true,"valueName":"search_term_string"}}],"inLanguage":"en-US"},{"@type":"Organization","@id":"https:\/\/www.tsp.at\/en\/#organization","name":"Temmel, Seywald & Partner Communications GesmbH","alternateName":"TSP","url":"https:\/\/www.tsp.at\/en\/","logo":{"@type":"ImageObject","inLanguage":"en-US","@id":"https:\/\/www.tsp.at\/en\/#\/schema\/logo\/image\/","url":"https:\/\/www.tsp.at\/wp-content\/uploads\/2025\/10\/favicontsp.png","contentUrl":"https:\/\/www.tsp.at\/wp-content\/uploads\/2025\/10\/favicontsp.png","width":125,"height":125,"caption":"Temmel, Seywald & Partner Communications GesmbH"},"image":{"@id":"https:\/\/www.tsp.at\/en\/#\/schema\/logo\/image\/"},"sameAs":["https:\/\/www.facebook.com\/TemmelSeywald"]},{"@type":"Person","@id":"https:\/\/www.tsp.at\/en\/#\/schema\/person\/1ba5600c29da17b902b0925cea567f8a","name":"TSP Redaktion"}]}},"_links":{"self":[{"href":"https:\/\/www.tsp.at\/en\/wp-json\/wp\/v2\/posts\/9866","targetHints":{"allow":["GET"]}}],"collection":[{"href":"https:\/\/www.tsp.at\/en\/wp-json\/wp\/v2\/posts"}],"about":[{"href":"https:\/\/www.tsp.at\/en\/wp-json\/wp\/v2\/types\/post"}],"author":[{"embeddable":true,"href":"https:\/\/www.tsp.at\/en\/wp-json\/wp\/v2\/users\/2"}],"replies":[{"embeddable":true,"href":"https:\/\/www.tsp.at\/en\/wp-json\/wp\/v2\/comments?post=9866"}],"version-history":[{"count":1,"href":"https:\/\/www.tsp.at\/en\/wp-json\/wp\/v2\/posts\/9866\/revisions"}],"predecessor-version":[{"id":11342,"href":"https:\/\/www.tsp.at\/en\/wp-json\/wp\/v2\/posts\/9866\/revisions\/11342"}],"wp:featuredmedia":[{"embeddable":true,"href":"https:\/\/www.tsp.at\/en\/wp-json\/wp\/v2\/media\/9865"}],"wp:attachment":[{"href":"https:\/\/www.tsp.at\/en\/wp-json\/wp\/v2\/media?parent=9866"}],"wp:term":[{"taxonomy":"category","embeddable":true,"href":"https:\/\/www.tsp.at\/en\/wp-json\/wp\/v2\/categories?post=9866"},{"taxonomy":"post_tag","embeddable":true,"href":"https:\/\/www.tsp.at\/en\/wp-json\/wp\/v2\/tags?post=9866"}],"curies":[{"name":"wp","href":"https:\/\/api.w.org\/{rel}","templated":true}]}}