{"id":9874,"date":"2020-06-01T17:01:00","date_gmt":"2020-06-01T15:01:00","guid":{"rendered":"https:\/\/staging.tsp.at\/2020\/06\/01\/toleranzgespraeche-2020-betreten-neuland\/"},"modified":"2025-10-21T14:52:29","modified_gmt":"2025-10-21T12:52:29","slug":"toleranzgespraeche-2020-betreten-neuland","status":"publish","type":"post","link":"https:\/\/www.tsp.at\/en\/2020\/06\/01\/toleranzgespraeche-2020-betreten-neuland\/","title":{"rendered":"Toleranzgespr\u00e4che 2020 betreten Neuland"},"content":{"rendered":"<article class=\"item\">\n<h2><strong>Dialogforum Fresach wird international &#8211; K\u00e4rnten-Werbung \u00fcber Grenzen<\/strong><\/h2>\n<p>01.06.2020<\/p>\n<\/p>\n<\/p>\n<\/p>\n<\/p>\n<\/p>\n<p>Fresach\/Villach\/Wien \u2013 <strong>Neuland und Experiment zugleich &#8211; die 6. Europ\u00e4ischen Toleranzgespr\u00e4che 2020 in K\u00e4rnten waren ein Meilenstein f\u00fcr Organisation, Mitwirkende und Publikum. Das dreit\u00e4gige Dialogforum wurde von weit \u00fcber 3.000 Besuchern im Netz frequentiert, nachdem das Museum vor Ort nur eingeschr\u00e4nkt zug\u00e4nglich war. Alle Sessions und Podiumsrunden sind auf Youtube und auf der Webseite abrufbar.<\/strong> <a href=\"http:\/\/www.fresach.org\" rel=\"nofollow\" target=\"_blank\">http:\/\/www.<span class=\"hl\">fresach<\/span>.org<\/a> <\/p>\n<p>F\u00fcr die Organisation war die Veranstaltung 2020 eine echte Herausforderung, da sie multimedial und disloziert \u00fcber ein komplexes Streaming-Projekt realisiert wurde, mit Au\u00dfenstudios und Zuspielungen aus Wien, Bonn, Berlin und Br\u00fcssel. &#8220;Wir alle haben gewusst, dass es ein Experiment wird und gezittert, ob es auch funktioniert&#8221;, so Denk.Raum.<span class=\"hl\">Fresach<\/span>-Obmann Superintendent Manfred Sauer. &#8220;Umso gr\u00f6\u00dfer war die Erleichterung, dass die Internet-Leitungen weitgehend stabil blieben.&#8221;\n<\/p>\n<p><strong> Historische Dimension<\/strong> <\/p>\n<p>Die Toleranzgespr\u00e4che 2020 haben gezeigt, dass Kommunikation und Dialog \u00fcber gesellschaftliche Fragen nicht nur \u00fcber die Landesgrenzen hinaus, sondern auch \u00fcber Physical Distance und Internet-Leitungen m\u00f6glich ist. Dass die Themenstellung &#8220;Exodus &#8211; Auszug aus dem Vertrauten&#8221; dabei punktgenau zur aktuellen Lockdown-Erfahrung passte, war nur ein Detail am Rande. Sauer: &#8220;Wir haben die Gespr\u00e4che \u00fcber f\u00fcnf gro\u00dfe internationale Plattformen \u00fcbertragen und damit Geschichte geschrieben &#8211; ein vergleichbares Projekt in \u00d6sterreich ist uns nicht bekannt.&#8221;\n<\/p>\n<p>Ein zus\u00e4tzliches Erschwernis war die abgelegene \u00d6rtlichkeit des zentralen Studios im idyllischen Bergdorf <span class=\"hl\">Fresach<\/span>. Anders als in Villach, Wien oder Bonn fehlt hier die Leitungsinfrastruktur und muss daher mit mobilen Funkstrecken gearbeitet werden, die bei Sturm und Wetter nat\u00fcrlich beeintr\u00e4chtigt sind. Andererseits konnte mit Video-Einspielern von den Veranstaltungsorten, beeindruckenden Landschaftsbildern und motivierender Musikuntermalung K\u00e4rnten und die Tourismus-Region Villach sehr sch\u00f6n ins Bild gesetzt werden.\n<\/p>\n<p><strong> Politische Perspektiven<\/strong> <\/p>\n<p>Die Organisation sieht die Gespr\u00e4che 2020 als Meilenstein f\u00fcr die Zukunft der Europ\u00e4ischen Toleranzgespr\u00e4che in <span class=\"hl\">Fresach<\/span>. Superintendent Sauer: &#8220;Uns geht es darum zu zeigen, dass die l\u00e4ndlichen Regionen in der politischen Willensbildung und Entwicklungsarbeit nicht vergessen werden d\u00fcrfen und dass auch von Kraftorten wie <span class=\"hl\">Fresach<\/span> aus Impulse gesetzt und Politik gemacht werden kann. Wir hoffen daher auch, dass diese Gesamtleistung dazu f\u00fchren wird, regionale wie kulturelle F\u00f6rderungen f\u00fcr die Regionen deutlich zu erh\u00f6hen.&#8221;\n<\/p>\n<p>Die Toleranzgespr\u00e4che 2020 wurden im Rahmen des Programms f\u00fcr l\u00e4ndliche Entwicklung aus Mitteln von Bund, Land K\u00e4rnten und der Europ\u00e4ischen Union gef\u00f6rdert. Zus\u00e4tzlich haben die Stadt Villach, das Bundeskanzleramt und das Au\u00dfenministerium dazu beigetragen, dass die Gespr\u00e4che auf dem anspruchsvollen Niveau realisiert werden konnten. Die Veranstalter sind auch mit Unternehmen und anderen Institutionen im Gespr\u00e4ch, um das Toleranz-Netzwerk weiter auszubauen.\n<\/p>\n<p><strong> \u00dcber das Europ\u00e4ische Toleranzzentrum <\/strong> <br \/> Das Europ\u00e4ische Toleranzzentrum im Museumsviertel von <span class=\"hl\">Fresach<\/span> ist eine Idee des Denk.Raum.<span class=\"hl\">Fresach<\/span> und hat sich aus vielen Einzelaktivit\u00e4ten heraus entwickelt. Ziel ist es, einen Ort f\u00fcr den Gedanken- und Wissensaustausch \u00fcber gesellschaftliche, kulturelle und politische Fragen zu schaffen. Der Ort ist zugleich ein Platz von hoher symbolischer Bedeutung, da er den Zusammenhalt und die Handlungsf\u00e4higkeit Europas \u00fcber politische, ethnische, sprachliche und religi\u00f6se Grenzen hinaus versinnbildlichen und auch st\u00e4rken soll. Die 7. Toleranzgespr\u00e4che werden vom 19. bis 22. Mai 2021 wiederum in Villach und <span class=\"hl\">Fresach<\/span> stattfinden.\n<\/p>\n<p><strong>Alle 5 Foto-Alben von den Toleranzgespr\u00e4chen:<\/strong><br \/> <a href=\"http:\/\/www.fotodienst.at\" rel=\"nofollow\" target=\"_blank\">http:\/\/www.fotodienst.at<\/a> <\/p>\n<p><strong> Nachlese zu allen 13 Sessions #ETG20<\/strong> <\/p>\n<p><strong> Jugendforum I &#8211; Wie und wo politisches Engagement beginnt<\/strong> <br \/> <a href=\"https:\/\/www.youtube.com\/watch?v=Mp0HPVBx9zk\" rel=\"nofollow\" target=\"_blank\">https:\/\/www.youtube.com\/watch?v=Mp0HPVBx9zk<\/a> <\/p>\n<p><strong> Jugendforum II &#8211; Warum der Horizont nie endet<\/strong> <br \/> <a href=\"https:\/\/www.youtube.com\/watch?v=wAvZnpWRz64\" rel=\"nofollow\" target=\"_blank\">https:\/\/www.youtube.com\/watch?v=wAvZnpWRz64<\/a> <\/p>\n<p><strong> Tourismusforum I &#8211; \u00dcber die Utopie des Reisens<\/strong> <br \/> <a href=\"https:\/\/www.youtube.com\/watch?v=24uA74QFfrU\" rel=\"nofollow\" target=\"_blank\">https:\/\/www.youtube.com\/watch?v=24uA74QFfrU<\/a> <\/p>\n<p><strong> Tourismusforum II &#8211; \u00dcber die Natur des Menschen<\/strong> <br \/> <a href=\"https:\/\/www.youtube.com\/watch?v=xO2zcAdVY3M\" rel=\"nofollow\" target=\"_blank\">https:\/\/www.youtube.com\/watch?v=xO2zcAdVY3M<\/a> <\/p>\n<p><strong> Er\u00f6ffnung <span class=\"hl\">Fresach<\/span> &#8211; Aufbruch und Neuland<\/strong> <br \/> <a href=\"https:\/\/www.youtube.com\/watch?v=4M4UteYXrc0\" rel=\"nofollow\" target=\"_blank\">https:\/\/www.youtube.com\/watch?v=4M4UteYXrc0<\/a> <\/p>\n<p><strong> Toleranzforum I &#8211; Aufbruch: Wohin und Wozu?<\/strong> <br \/> <a href=\"https:\/\/www.youtube.com\/watch?v=NbEV_Sg-vRA\" rel=\"nofollow\" target=\"_blank\">https:\/\/www.youtube.com\/watch?v=NbEV_Sg-vRA<\/a> <\/p>\n<p><strong> Toleranzforum II &#8211; Demokratie im Aufbruch<\/strong> <br \/> <a href=\"https:\/\/www.youtube.com\/watch?v=-FL9ua6w3hc\" rel=\"nofollow\" target=\"_blank\">https:\/\/www.youtube.com\/watch?v=-FL9ua6w3hc<\/a> <\/p>\n<p><strong> PEN-Forum &#8211; Festival der Toleranz I<\/strong> <br \/> <a href=\"https:\/\/www.youtube.com\/watch?v=GaOUmG3eFQU\" rel=\"nofollow\" target=\"_blank\">https:\/\/www.youtube.com\/watch?v=GaOUmG3eFQU<\/a> <\/p>\n<p><strong> Exodus I &#8211; Das Ende der Wirtschaft wie wir sie kennen<\/strong> <br \/> <a href=\"https:\/\/www.youtube.com\/watch?v=QZ6VmLbC5ZU\" rel=\"nofollow\" target=\"_blank\">https:\/\/www.youtube.com\/watch?v=QZ6VmLbC5ZU<\/a> <\/p>\n<p><strong> Wirtschaftsforum I &#8211; Einmal Zukunft und zur\u00fcck<\/strong> <br \/> <a href=\"https:\/\/www.youtube.com\/watch?v=uiznQ2I6g70\" rel=\"nofollow\" target=\"_blank\">https:\/\/www.youtube.com\/watch?v=uiznQ2I6g70<\/a> <\/p>\n<p><strong> Exodus II &#8211; Was kostet der Wohlstand<\/strong> <br \/> <a href=\"https:\/\/www.youtube.com\/watch?v=M8ShFeg_Ezk\" rel=\"nofollow\" target=\"_blank\">https:\/\/www.youtube.com\/watch?v=M8ShFeg_Ezk<\/a> <\/p>\n<p><strong> Wirtschaftsforum II &#8211; Blackout: Warum Manager scheitern<\/strong> <br \/> <a href=\"https:\/\/www.youtube.com\/watch?v=WIFS3SQtCAA\" rel=\"nofollow\" target=\"_blank\">https:\/\/www.youtube.com\/watch?v=WIFS3SQtCAA<\/a> <\/p>\n<p><strong> Poetry Slam &#8211; Festival der Toleranz II<\/strong> <br \/> <a href=\"https:\/\/www.youtube.com\/watch?v=YGGv14FohAk\" rel=\"nofollow\" target=\"_blank\">https:\/\/www.youtube.com\/watch?v=YGGv14FohAk<\/a> <\/p>\n<p><strong> Weitere Informationen:<\/strong> Dr. Wilfried Seywald<br \/> <a href=\"javascript:linkTo_UnCryptMailto('nbjmup+qsfttfAgsftbdi\/psh');\">presse@<span class=\"hl\">fresach<\/span>.org<\/a> &#8211; <a href=\"http:\/\/www.fresach.org\" rel=\"nofollow\" target=\"_blank\">http:\/\/www.<span class=\"hl\">fresach<\/span>.org<\/a><\/p>\n<\/article>\n","protected":false},"excerpt":{"rendered":"<p>Dialogforum Fresach wird international &#8211; K\u00e4rnten-Werbung \u00fcber Grenzen 01.06.2020 Fresach\/Villach\/Wien \u2013 Neuland und Experiment zugleich &#8211; die 6. Europ\u00e4ischen Toleranzgespr\u00e4che 2020 in K\u00e4rnten waren ein Meilenstein f\u00fcr Organisation, Mitwirkende und Publikum. Das dreit\u00e4gige Dialogforum wurde von weit \u00fcber 3.000 Besuchern im Netz frequentiert, nachdem das Museum vor Ort nur eingeschr\u00e4nkt zug\u00e4nglich war. Alle Sessions und&hellip;<\/p>\n","protected":false},"author":2,"featured_media":9873,"comment_status":"closed","ping_status":"closed","sticky":false,"template":"","format":"standard","meta":{"footnotes":""},"categories":[3],"tags":[],"class_list":["post-9874","post","type-post","status-publish","format-standard","has-post-thumbnail","hentry","category-news","category-3","description-off"],"yoast_head":"<!-- This site is optimized with the Yoast SEO plugin v26.3 - https:\/\/yoast.com\/wordpress\/plugins\/seo\/ -->\n<title>Toleranzgespr\u00e4che 2020 betreten Neuland - Temmel | Seywald - Corporate Communications<\/title>\n<meta name=\"robots\" content=\"index, follow, max-snippet:-1, max-image-preview:large, max-video-preview:-1\" \/>\n<link rel=\"canonical\" href=\"https:\/\/www.tsp.at\/en\/2020\/06\/01\/toleranzgespraeche-2020-betreten-neuland\/\" \/>\n<meta property=\"og:locale\" content=\"en_US\" \/>\n<meta property=\"og:type\" content=\"article\" \/>\n<meta property=\"og:title\" content=\"Toleranzgespr\u00e4che 2020 betreten Neuland - Temmel | Seywald - Corporate Communications\" \/>\n<meta property=\"og:description\" content=\"Dialogforum Fresach wird international &#8211; K\u00e4rnten-Werbung \u00fcber Grenzen 01.06.2020 Fresach\/Villach\/Wien \u2013 Neuland und Experiment zugleich &#8211; die 6. Europ\u00e4ischen Toleranzgespr\u00e4che 2020 in K\u00e4rnten waren ein Meilenstein f\u00fcr Organisation, Mitwirkende und Publikum. Das dreit\u00e4gige Dialogforum wurde von weit \u00fcber 3.000 Besuchern im Netz frequentiert, nachdem das Museum vor Ort nur eingeschr\u00e4nkt zug\u00e4nglich war. Alle Sessions und&hellip;\" \/>\n<meta property=\"og:url\" content=\"https:\/\/www.tsp.at\/en\/2020\/06\/01\/toleranzgespraeche-2020-betreten-neuland\/\" \/>\n<meta property=\"og:site_name\" content=\"Temmel | Seywald - Corporate Communications\" \/>\n<meta property=\"article:publisher\" content=\"https:\/\/www.facebook.com\/TemmelSeywald\" \/>\n<meta property=\"article:published_time\" content=\"2020-06-01T15:01:00+00:00\" \/>\n<meta property=\"article:modified_time\" content=\"2025-10-21T12:52:29+00:00\" \/>\n<meta property=\"og:image\" content=\"https:\/\/www.tsp.at\/wp-content\/uploads\/2025\/10\/photo3_02.jpg\" \/>\n\t<meta property=\"og:image:width\" content=\"2100\" \/>\n\t<meta property=\"og:image:height\" content=\"1400\" \/>\n\t<meta property=\"og:image:type\" content=\"image\/jpeg\" \/>\n<meta name=\"author\" content=\"TSP Redaktion\" \/>\n<meta name=\"twitter:card\" content=\"summary_large_image\" \/>\n<meta name=\"twitter:label1\" content=\"Written by\" \/>\n\t<meta name=\"twitter:data1\" content=\"TSP Redaktion\" \/>\n\t<meta name=\"twitter:label2\" content=\"Est. reading time\" \/>\n\t<meta name=\"twitter:data2\" content=\"4 minutes\" \/>\n<script type=\"application\/ld+json\" class=\"yoast-schema-graph\">{\"@context\":\"https:\/\/schema.org\",\"@graph\":[{\"@type\":\"Article\",\"@id\":\"https:\/\/www.tsp.at\/en\/2020\/06\/01\/toleranzgespraeche-2020-betreten-neuland\/#article\",\"isPartOf\":{\"@id\":\"https:\/\/www.tsp.at\/en\/2020\/06\/01\/toleranzgespraeche-2020-betreten-neuland\/\"},\"author\":{\"name\":\"TSP Redaktion\",\"@id\":\"https:\/\/www.tsp.at\/en\/#\/schema\/person\/1ba5600c29da17b902b0925cea567f8a\"},\"headline\":\"Toleranzgespr\u00e4che 2020 betreten Neuland\",\"datePublished\":\"2020-06-01T15:01:00+00:00\",\"dateModified\":\"2025-10-21T12:52:29+00:00\",\"mainEntityOfPage\":{\"@id\":\"https:\/\/www.tsp.at\/en\/2020\/06\/01\/toleranzgespraeche-2020-betreten-neuland\/\"},\"wordCount\":777,\"publisher\":{\"@id\":\"https:\/\/www.tsp.at\/en\/#organization\"},\"image\":{\"@id\":\"https:\/\/www.tsp.at\/en\/2020\/06\/01\/toleranzgespraeche-2020-betreten-neuland\/#primaryimage\"},\"thumbnailUrl\":\"https:\/\/www.tsp.at\/wp-content\/uploads\/2025\/10\/photo3_02.jpg\",\"articleSection\":[\"News\"],\"inLanguage\":\"en-US\"},{\"@type\":\"WebPage\",\"@id\":\"https:\/\/www.tsp.at\/en\/2020\/06\/01\/toleranzgespraeche-2020-betreten-neuland\/\",\"url\":\"https:\/\/www.tsp.at\/en\/2020\/06\/01\/toleranzgespraeche-2020-betreten-neuland\/\",\"name\":\"Toleranzgespr\u00e4che 2020 betreten Neuland - Temmel | Seywald - Corporate Communications\",\"isPartOf\":{\"@id\":\"https:\/\/www.tsp.at\/en\/#website\"},\"primaryImageOfPage\":{\"@id\":\"https:\/\/www.tsp.at\/en\/2020\/06\/01\/toleranzgespraeche-2020-betreten-neuland\/#primaryimage\"},\"image\":{\"@id\":\"https:\/\/www.tsp.at\/en\/2020\/06\/01\/toleranzgespraeche-2020-betreten-neuland\/#primaryimage\"},\"thumbnailUrl\":\"https:\/\/www.tsp.at\/wp-content\/uploads\/2025\/10\/photo3_02.jpg\",\"datePublished\":\"2020-06-01T15:01:00+00:00\",\"dateModified\":\"2025-10-21T12:52:29+00:00\",\"breadcrumb\":{\"@id\":\"https:\/\/www.tsp.at\/en\/2020\/06\/01\/toleranzgespraeche-2020-betreten-neuland\/#breadcrumb\"},\"inLanguage\":\"en-US\",\"potentialAction\":[{\"@type\":\"ReadAction\",\"target\":[\"https:\/\/www.tsp.at\/en\/2020\/06\/01\/toleranzgespraeche-2020-betreten-neuland\/\"]}]},{\"@type\":\"ImageObject\",\"inLanguage\":\"en-US\",\"@id\":\"https:\/\/www.tsp.at\/en\/2020\/06\/01\/toleranzgespraeche-2020-betreten-neuland\/#primaryimage\",\"url\":\"https:\/\/www.tsp.at\/wp-content\/uploads\/2025\/10\/photo3_02.jpg\",\"contentUrl\":\"https:\/\/www.tsp.at\/wp-content\/uploads\/2025\/10\/photo3_02.jpg\",\"width\":2100,\"height\":1400,\"caption\":\"Toleranz und Geduld waren bei der Online-Abwicklung der Gespr\u00e4che erforderlich. Im Bild: Der Koordinator und Kurator der Europ\u00e4ischen Toleranzgespr\u00e4che 2020, Dr. Wilfried Seywald\"},{\"@type\":\"BreadcrumbList\",\"@id\":\"https:\/\/www.tsp.at\/en\/2020\/06\/01\/toleranzgespraeche-2020-betreten-neuland\/#breadcrumb\",\"itemListElement\":[{\"@type\":\"ListItem\",\"position\":1,\"name\":\"Startseite\",\"item\":\"https:\/\/www.tsp.at\/en\/\"},{\"@type\":\"ListItem\",\"position\":2,\"name\":\"Toleranzgespr\u00e4che 2020 betreten Neuland\"}]},{\"@type\":\"WebSite\",\"@id\":\"https:\/\/www.tsp.at\/en\/#website\",\"url\":\"https:\/\/www.tsp.at\/en\/\",\"name\":\"Temmel | Seywald - Corporate Communications\",\"description\":\"Kommunikation ist Beziehungsarbeit\",\"publisher\":{\"@id\":\"https:\/\/www.tsp.at\/en\/#organization\"},\"potentialAction\":[{\"@type\":\"SearchAction\",\"target\":{\"@type\":\"EntryPoint\",\"urlTemplate\":\"https:\/\/www.tsp.at\/en\/?s={search_term_string}\"},\"query-input\":{\"@type\":\"PropertyValueSpecification\",\"valueRequired\":true,\"valueName\":\"search_term_string\"}}],\"inLanguage\":\"en-US\"},{\"@type\":\"Organization\",\"@id\":\"https:\/\/www.tsp.at\/en\/#organization\",\"name\":\"Temmel, Seywald & Partner Communications GesmbH\",\"alternateName\":\"TSP\",\"url\":\"https:\/\/www.tsp.at\/en\/\",\"logo\":{\"@type\":\"ImageObject\",\"inLanguage\":\"en-US\",\"@id\":\"https:\/\/www.tsp.at\/en\/#\/schema\/logo\/image\/\",\"url\":\"https:\/\/www.tsp.at\/wp-content\/uploads\/2025\/10\/favicontsp.png\",\"contentUrl\":\"https:\/\/www.tsp.at\/wp-content\/uploads\/2025\/10\/favicontsp.png\",\"width\":125,\"height\":125,\"caption\":\"Temmel, Seywald & Partner Communications GesmbH\"},\"image\":{\"@id\":\"https:\/\/www.tsp.at\/en\/#\/schema\/logo\/image\/\"},\"sameAs\":[\"https:\/\/www.facebook.com\/TemmelSeywald\"]},{\"@type\":\"Person\",\"@id\":\"https:\/\/www.tsp.at\/en\/#\/schema\/person\/1ba5600c29da17b902b0925cea567f8a\",\"name\":\"TSP Redaktion\"}]}<\/script>\n<!-- \/ Yoast SEO plugin. -->","yoast_head_json":{"title":"Toleranzgespr\u00e4che 2020 betreten Neuland - Temmel | Seywald - Corporate Communications","robots":{"index":"index","follow":"follow","max-snippet":"max-snippet:-1","max-image-preview":"max-image-preview:large","max-video-preview":"max-video-preview:-1"},"canonical":"https:\/\/www.tsp.at\/en\/2020\/06\/01\/toleranzgespraeche-2020-betreten-neuland\/","og_locale":"en_US","og_type":"article","og_title":"Toleranzgespr\u00e4che 2020 betreten Neuland - Temmel | Seywald - Corporate Communications","og_description":"Dialogforum Fresach wird international &#8211; K\u00e4rnten-Werbung \u00fcber Grenzen 01.06.2020 Fresach\/Villach\/Wien \u2013 Neuland und Experiment zugleich &#8211; die 6. Europ\u00e4ischen Toleranzgespr\u00e4che 2020 in K\u00e4rnten waren ein Meilenstein f\u00fcr Organisation, Mitwirkende und Publikum. Das dreit\u00e4gige Dialogforum wurde von weit \u00fcber 3.000 Besuchern im Netz frequentiert, nachdem das Museum vor Ort nur eingeschr\u00e4nkt zug\u00e4nglich war. Alle Sessions und&hellip;","og_url":"https:\/\/www.tsp.at\/en\/2020\/06\/01\/toleranzgespraeche-2020-betreten-neuland\/","og_site_name":"Temmel | Seywald - Corporate Communications","article_publisher":"https:\/\/www.facebook.com\/TemmelSeywald","article_published_time":"2020-06-01T15:01:00+00:00","article_modified_time":"2025-10-21T12:52:29+00:00","og_image":[{"width":2100,"height":1400,"url":"https:\/\/www.tsp.at\/wp-content\/uploads\/2025\/10\/photo3_02.jpg","type":"image\/jpeg"}],"author":"TSP Redaktion","twitter_card":"summary_large_image","twitter_misc":{"Written by":"TSP Redaktion","Est. reading time":"4 minutes"},"schema":{"@context":"https:\/\/schema.org","@graph":[{"@type":"Article","@id":"https:\/\/www.tsp.at\/en\/2020\/06\/01\/toleranzgespraeche-2020-betreten-neuland\/#article","isPartOf":{"@id":"https:\/\/www.tsp.at\/en\/2020\/06\/01\/toleranzgespraeche-2020-betreten-neuland\/"},"author":{"name":"TSP Redaktion","@id":"https:\/\/www.tsp.at\/en\/#\/schema\/person\/1ba5600c29da17b902b0925cea567f8a"},"headline":"Toleranzgespr\u00e4che 2020 betreten Neuland","datePublished":"2020-06-01T15:01:00+00:00","dateModified":"2025-10-21T12:52:29+00:00","mainEntityOfPage":{"@id":"https:\/\/www.tsp.at\/en\/2020\/06\/01\/toleranzgespraeche-2020-betreten-neuland\/"},"wordCount":777,"publisher":{"@id":"https:\/\/www.tsp.at\/en\/#organization"},"image":{"@id":"https:\/\/www.tsp.at\/en\/2020\/06\/01\/toleranzgespraeche-2020-betreten-neuland\/#primaryimage"},"thumbnailUrl":"https:\/\/www.tsp.at\/wp-content\/uploads\/2025\/10\/photo3_02.jpg","articleSection":["News"],"inLanguage":"en-US"},{"@type":"WebPage","@id":"https:\/\/www.tsp.at\/en\/2020\/06\/01\/toleranzgespraeche-2020-betreten-neuland\/","url":"https:\/\/www.tsp.at\/en\/2020\/06\/01\/toleranzgespraeche-2020-betreten-neuland\/","name":"Toleranzgespr\u00e4che 2020 betreten Neuland - Temmel | Seywald - Corporate Communications","isPartOf":{"@id":"https:\/\/www.tsp.at\/en\/#website"},"primaryImageOfPage":{"@id":"https:\/\/www.tsp.at\/en\/2020\/06\/01\/toleranzgespraeche-2020-betreten-neuland\/#primaryimage"},"image":{"@id":"https:\/\/www.tsp.at\/en\/2020\/06\/01\/toleranzgespraeche-2020-betreten-neuland\/#primaryimage"},"thumbnailUrl":"https:\/\/www.tsp.at\/wp-content\/uploads\/2025\/10\/photo3_02.jpg","datePublished":"2020-06-01T15:01:00+00:00","dateModified":"2025-10-21T12:52:29+00:00","breadcrumb":{"@id":"https:\/\/www.tsp.at\/en\/2020\/06\/01\/toleranzgespraeche-2020-betreten-neuland\/#breadcrumb"},"inLanguage":"en-US","potentialAction":[{"@type":"ReadAction","target":["https:\/\/www.tsp.at\/en\/2020\/06\/01\/toleranzgespraeche-2020-betreten-neuland\/"]}]},{"@type":"ImageObject","inLanguage":"en-US","@id":"https:\/\/www.tsp.at\/en\/2020\/06\/01\/toleranzgespraeche-2020-betreten-neuland\/#primaryimage","url":"https:\/\/www.tsp.at\/wp-content\/uploads\/2025\/10\/photo3_02.jpg","contentUrl":"https:\/\/www.tsp.at\/wp-content\/uploads\/2025\/10\/photo3_02.jpg","width":2100,"height":1400,"caption":"Toleranz und Geduld waren bei der Online-Abwicklung der Gespr\u00e4che erforderlich. Im Bild: Der Koordinator und Kurator der Europ\u00e4ischen Toleranzgespr\u00e4che 2020, Dr. Wilfried Seywald"},{"@type":"BreadcrumbList","@id":"https:\/\/www.tsp.at\/en\/2020\/06\/01\/toleranzgespraeche-2020-betreten-neuland\/#breadcrumb","itemListElement":[{"@type":"ListItem","position":1,"name":"Startseite","item":"https:\/\/www.tsp.at\/en\/"},{"@type":"ListItem","position":2,"name":"Toleranzgespr\u00e4che 2020 betreten Neuland"}]},{"@type":"WebSite","@id":"https:\/\/www.tsp.at\/en\/#website","url":"https:\/\/www.tsp.at\/en\/","name":"Temmel | Seywald - Corporate Communications","description":"Kommunikation ist Beziehungsarbeit","publisher":{"@id":"https:\/\/www.tsp.at\/en\/#organization"},"potentialAction":[{"@type":"SearchAction","target":{"@type":"EntryPoint","urlTemplate":"https:\/\/www.tsp.at\/en\/?s={search_term_string}"},"query-input":{"@type":"PropertyValueSpecification","valueRequired":true,"valueName":"search_term_string"}}],"inLanguage":"en-US"},{"@type":"Organization","@id":"https:\/\/www.tsp.at\/en\/#organization","name":"Temmel, Seywald & Partner Communications GesmbH","alternateName":"TSP","url":"https:\/\/www.tsp.at\/en\/","logo":{"@type":"ImageObject","inLanguage":"en-US","@id":"https:\/\/www.tsp.at\/en\/#\/schema\/logo\/image\/","url":"https:\/\/www.tsp.at\/wp-content\/uploads\/2025\/10\/favicontsp.png","contentUrl":"https:\/\/www.tsp.at\/wp-content\/uploads\/2025\/10\/favicontsp.png","width":125,"height":125,"caption":"Temmel, Seywald & Partner Communications GesmbH"},"image":{"@id":"https:\/\/www.tsp.at\/en\/#\/schema\/logo\/image\/"},"sameAs":["https:\/\/www.facebook.com\/TemmelSeywald"]},{"@type":"Person","@id":"https:\/\/www.tsp.at\/en\/#\/schema\/person\/1ba5600c29da17b902b0925cea567f8a","name":"TSP Redaktion"}]}},"_links":{"self":[{"href":"https:\/\/www.tsp.at\/en\/wp-json\/wp\/v2\/posts\/9874","targetHints":{"allow":["GET"]}}],"collection":[{"href":"https:\/\/www.tsp.at\/en\/wp-json\/wp\/v2\/posts"}],"about":[{"href":"https:\/\/www.tsp.at\/en\/wp-json\/wp\/v2\/types\/post"}],"author":[{"embeddable":true,"href":"https:\/\/www.tsp.at\/en\/wp-json\/wp\/v2\/users\/2"}],"replies":[{"embeddable":true,"href":"https:\/\/www.tsp.at\/en\/wp-json\/wp\/v2\/comments?post=9874"}],"version-history":[{"count":1,"href":"https:\/\/www.tsp.at\/en\/wp-json\/wp\/v2\/posts\/9874\/revisions"}],"predecessor-version":[{"id":11346,"href":"https:\/\/www.tsp.at\/en\/wp-json\/wp\/v2\/posts\/9874\/revisions\/11346"}],"wp:featuredmedia":[{"embeddable":true,"href":"https:\/\/www.tsp.at\/en\/wp-json\/wp\/v2\/media\/9873"}],"wp:attachment":[{"href":"https:\/\/www.tsp.at\/en\/wp-json\/wp\/v2\/media?parent=9874"}],"wp:term":[{"taxonomy":"category","embeddable":true,"href":"https:\/\/www.tsp.at\/en\/wp-json\/wp\/v2\/categories?post=9874"},{"taxonomy":"post_tag","embeddable":true,"href":"https:\/\/www.tsp.at\/en\/wp-json\/wp\/v2\/tags?post=9874"}],"curies":[{"name":"wp","href":"https:\/\/api.w.org\/{rel}","templated":true}]}}