{"id":9878,"date":"2020-05-28T16:51:00","date_gmt":"2020-05-28T14:51:00","guid":{"rendered":"https:\/\/staging.tsp.at\/2020\/05\/28\/corona-swoboda-warnt-vor-noch-mehr-ungleichheit\/"},"modified":"2025-10-21T14:52:30","modified_gmt":"2025-10-21T12:52:30","slug":"corona-swoboda-warnt-vor-noch-mehr-ungleichheit","status":"publish","type":"post","link":"https:\/\/www.tsp.at\/en\/2020\/05\/28\/corona-swoboda-warnt-vor-noch-mehr-ungleichheit\/","title":{"rendered":"Corona: Swoboda warnt vor noch mehr Ungleichheit"},"content":{"rendered":"<article class=\"item\">\n<h2><strong>Bek\u00e4mpfung von Klimawandel und Armut im eigenen Interesse<\/strong><\/h2>\n<p>28.05.2020<\/p>\n<\/p>\n<\/p>\n<\/p>\n<\/p>\n<\/p>\n<p> \u2013 <strong> Zum Auftakt der Europ\u00e4ischen Toleranzgespr\u00e4che im K\u00e4rntner Bergdorf <span class=\"hl\">Fresach<\/span> warnte der Pr\u00e4sident des Kuratoriums, der fr\u00fchere Europaabgeordneter Hannes Swoboda, am Donnerstag vor steigender Armut und zunehmender \u00f6kologischer Ungleichheit. Wer &#8220;ein wenig soziales Gewissen&#8221; zeigt, tut das im eigenen Interesse. Denn die Verringerung der Ungleichheit sei ein Beitrag zu einer friedlicheren Welt mit weniger erzwungener Mobilit\u00e4t. <\/strong> <a href=\"http:\/\/www.fresach.org\" rel=\"nofollow\" target=\"_blank\">http:\/\/www.<span class=\"hl\">fresach<\/span>.org<\/a> <\/p>\n<p><strong>Die Rede von Hannes Swoboda in Ausz\u00fcgen:<\/strong> <\/p>\n<p><strong> Steigende Armutsquote<\/strong> <\/p>\n<p>&#8220;Obwohl das Virus alle gleicherma\u00dfen bedroht, hat es mittelbar zu einem globalen Anwachsen von Ungleichheit und Armut gef\u00fchrt. Der Lockdown hat auf die verschiedenen Einkommensgruppen unterschiedliche Auswirkungen. Die \u00c4rmeren, vor allem diejenigen, die auf informelle Arbeit und M\u00e4rkte angewiesen sind, sind ungleich st\u00e4rker betroffen. Geht die Weltbank &#8216;nur&#8217; von einer Unterbrechung des bisher positiven Trends der Amutverringerung aus, so rechnet die UNO mit einer starken Steigerung der Armutsquote.\n<\/p>\n<p>\u00dcberdies w\u00fcrde ein l\u00e4ngerer Lockdown in einigen L\u00e4ndern mehr Tote bedeuten, als das Corona-Virus selbst mit sich bringen w\u00fcrde. Auch w\u00fcrde das Schlie\u00dfen von Schulen \u00fcber l\u00e4ngere Zeit (zum Beispiel vier Monate) das Lebenseinkommen der Betroffenen um bis zu 15 % reduzieren. Das gilt vor allem f\u00fcr jene Sch\u00fclerInnen, die Schwierigkeiten haben, am digitalen Lernen teilzunehmen.\n<\/p>\n<p>Mitte April waren in den \u00e4rmeren L\u00e4ndern 86 % der Jugendlichen zwischen 5 und 17 Jahren ohne Schulzugang. In den reicheren L\u00e4ndern waren es nur 20 %. Es wird also zus\u00e4tzlicher globaler Anstrengungen bed\u00fcrfen, um das Anwachsen der Ungleichheit und der Armutsrate zu bremsen und wieder einen Umkehrtrend in Gang zu setzen. Allerdings im Vergleich zu den allgemeinen Ma\u00dfnahmen der Konjunkturbelebung betragen die verteilungspolitischen Ma\u00dfnahmen nur einen geringen Prozentsatz. So betr\u00e4gt die Errichtung eines digitalen Zugangs f\u00fcr alle Sch\u00fclerInnen nur 1 % der Ausgaben f\u00fcr die allgemeine Wirtschaftsbelebung.\n<\/p>\n<p><strong> \u00d6kologische Ungleichheit<\/strong> <\/p>\n<p>Auch eine effiziente Klimapolitik darf die Herausforderungen der Ungleichheit nicht vergessen und leugnen. Das gilt sowohl innerstaatlich, f\u00fcr die Gruppe der reichen L\u00e4nder an sich, als auch global gesehen. Die Reichen belasten durch ihren Konsum und ihre Lebensf\u00fchrung die Umwelt st\u00e4rker und sind im Allgemeinen durch die Umweltsch\u00e4den weniger betroffen. Besonders krass ist das, wenn wir die Dinge global im zeitlichen Ablauf betrachten. Die Pro-Kopf Emissionen von CO2 der USA sind etwa so hoch wie die von 580 Menschen aus Burundi, von 51 Menschen aus Mozambique und 35 Bangladeshis. F\u00fcr Europa sind die vergleichbaren Werte zwar nur halb so gro\u00df, aber noch immer deutlich h\u00f6her als in \u00e4rmeren L\u00e4ndern. Obwohl China inzwischen der gr\u00f6\u00dfte CO2-Emittent geworden ist, ist sein Pro-Kopf-Aussto\u00df nur halb so gro\u00df wie der der USA.\n<\/p>\n<p>Gravierender werden die Unterschiede in zeitlicher Betrachtung. Seri\u00f6se Berechnungen ergeben, dass die entwickelten Industriel\u00e4nder wie die USA, Europa, Japan, Australien f\u00fcr 77 Prozent der Emissionen \u00fcber den Zeitraum von 1751 bis 2006 verantwortlich waren. Ein Bericht der US National Academy of Science zeigt, dass zwischen 1961 und 2000 die Emissionen der armen L\u00e4nder Sch\u00e4den von 740 Milliarden Dollar in den reichen L\u00e4ndern verursachet haben. Aber umgekehrt haben die reichen L\u00e4nder Sch\u00e4den von 2,3 Billionen (= 2.300 Milliarden) Dollar in den armen L\u00e4ndern bewirkt.\n<\/p>\n<p>Der Reichtum in Europa, den USA etc. und der dadurch verursachte Klimawandel hat damit deutlich zur Ungleichheit beigetragen. Leider haben die immer wieder versprochenen &#8216;Kompensationsma\u00dfnahmen&#8217; der Wohlhabenden bisher nicht das zugesagte Ausma\u00df erreicht. Und besonders von den USA sind diesbez\u00fcglich keine neuen Initiativen zu erwarten &#8211; solange Donald Trump Pr\u00e4sident ist. Er hat eher die Absicht internationale Verpflichtungen abzubauen.\n<\/p>\n<p>Damit kommen auf die Klimapolitik in Europa besondere Aufgaben zu. Jeglicher Green Deal muss die globale Entwicklung im Auge haben und neben Ma\u00dfnahmen im unmittelbaren eigenen Interesse auch ein Wiedergutmachungselement enthalten. Dabei ist zu ber\u00fccksichtigen, dass die Sch\u00e4digung der Umwelt und die Ausbeutung der Ressourcen in den \u00e4rmeren L\u00e4ndern durch den Konsum der Reichen ja weitergeht. Das betrifft auch manche &#8216;\u00d6kologisierung&#8217; in den wohlhabenden Regionen, wie den Umstieg auf die Elektromobilit\u00e4t. Die f\u00fcr die Batterien n\u00f6tigen seltenen Metalle werden weder menschen- noch umweltfreundlich gewonnen. Und noch immer wird Schrott und anderer Abfall in \u00e4rmere Regionen insbesondere nach Afrika exportiert.\n<\/p>\n<p>Es gen\u00fcgt also nicht, unser Leben in Europa etc. umweltfreundlicher und klimagerechter zu gestalten. Wir m\u00fcssen da schon global denken und handeln. Das bedeutet keine Geringsch\u00e4tzung von nationalen oder europ\u00e4ischen Aktionspl\u00e4nen und Ma\u00dfnahmen. Aber sie sollten immer die globale Dimension ber\u00fccksichtigen und die Lebensbedingungen in den \u00e4rmeren L\u00e4ndern verbessern helfen. Dabei sollten wir uns \u00fcberlegen, was eine \u00dcbernahme des &#8216;westlichen&#8217; Konsumverhaltens durch die armen L\u00e4nder f\u00fcr unsere Umwelt und die Entwicklung des Klimas bedeuten w\u00fcrde: eine Katastrophe.\n<\/p>\n<p>Klar ist, dass es bewusster und \u00fcberlegter politischer Entscheidungen bedarf, um dem Klimawandel entgegen zu treten. Nichts ergibt sich von selbst. Das sieht man am Beispiel des stark gesunkenen \u00d6lpreises. Einige arme L\u00e4nder k\u00f6nnen davon profitieren. Andere &#8211; auch arme L\u00e4nder, wie Nigeria &#8211; leiden darunter, wenn pl\u00f6tzlich wesentliche Einnahmen wegfallen. Insgesamt bewirkt also der niedrige \u00d6lpreis keine Verringerung der Ungleichheit. \u00d6kologisch k\u00f6nnte er sogar von Nachteil sein, so wie auch der niedrige Preis f\u00fcr Kohle. Daraus k\u00f6nnten Anreize f\u00fcr die Fortsetzung des klimasch\u00e4dlichen Handelns resultieren.\n<\/p>\n<p>Einerseits k\u00f6nnte der niedrige Benzinpreis dazu f\u00fchren, wieder st\u00e4rker das Auto zu ben\u00fctzen. Die Verbreitung des Virus k\u00f6nnte da als zus\u00e4tzliches Argument ins Treffen gef\u00fchrt werden, die \u00f6ffentlichen Verkehrsmittel zu vermeiden. Und der niedrige Kohlepreis verleitet zum Bau weiterer Kohlekraftwerke, was leider auch in Regionen geschieht, die durch ausreichend Sonnenergie gesegnet sind.\n<\/p>\n<p><strong> Die Chance des Virus n\u00fctzen<\/strong> <\/p>\n<p>Es bedarf also der klaren politischen Entscheidung, einen anderen niedrigen Preis als Investitionsanreiz zu verwenden: die niedrigen Zinsen f\u00fcr Kredite. Wie man gerade angesichts der gegenw\u00e4rtigen hohen Kreditaufnahmen durch viele Staaten sieht, ist genug Geld vorhanden und auch zu vern\u00fcnftigen Konditionen verf\u00fcgbar. Man sollte diese g\u00fcnstigen Konditionen ben\u00fctzen, um vern\u00fcnftige und nachhaltige Investitionen zu t\u00e4tigen. Wenn Staaten und PolitikerInnen, die bislang die &#8216;schwarze Null&#8217; f\u00fcr ihre Budgets anstrebten, sich f\u00fcr die \u00dcberwindung der aktuellen Krise hoch verschulden, so sollte das f\u00fcr die Bek\u00e4mpfung des Klimawandels erst recht m\u00f6glich sein. Da kann ich nur den j\u00fcngsten Leitartikel des Economist mit dem Titel &#8216;Seize the moment&#8217; unterst\u00fctzen, der sinngem\u00e4\u00df meinte, dass das Corona-Virus durch die Emissionsunterbrechung nicht als solches klimafreundlich ist, aber die Staaten die Chance des Virus n\u00fctzen sollten.\n<\/p>\n<p>Es wird nicht leicht sein, die Menschen zu \u00fcberzeugen, dass auch f\u00fcr die weniger akuten Herausforderungen Ma\u00dfnahmen gesetzt werden m\u00fcssen. Manches mag dabei als Opfer erscheinen, manches auch wirklich ein Opfer abverlangen. Jedenfalls m\u00fcssen viele Gewohnheiten \u00fcber Bord geworfen werden. Das macht man nicht gerne, au\u00dfer man ist von der Notwendigkeit \u00fcberzeugt und\/oder man erwartet sich ein besseres Leben. Die Ergebnisse der Klimapolitik sollten daher grunds\u00e4tzlich als &#8211; notwendige &#8211; Verbesserungen empfunden werden k\u00f6nnen. Ob es um Investitionen in das \u00f6ffentliche Verkehrssystem, um die Erhaltung der W\u00e4lder, der Artenvielfalt und vor allem der eigenen Gesundheit oder auch um die Lebensbedingungen in der europ\u00e4ischen und au\u00dfereurop\u00e4ischen Nachbarschaft geht. Politik sollte die Vorteile darstellen und nicht nationale gegen europ\u00e4ische und europ\u00e4ische gegen globale Interessen ausspielen.\n<\/p>\n<p><strong> Aus der Geschichte lernen<\/strong> <\/p>\n<p>Allerdings kann man auch aus der Geschichte lernen. So hat Jared Diamond in seinem monomentalen Werk &#8216;Collapse&#8217; nachgewiesen, dass in vielen F\u00e4llen Umweltkatastrophen und politischer Niedergang miteinander verbunden waren. \u00dcberv\u00f6lkerung &#8211; im Verh\u00e4ltnis zu den Ressourcen &#8211; und Klimaver\u00e4nderungen f\u00fchren zu Auswanderungsdruck und K\u00e4mpfen um Land und andere Ressourcen. Das wird dann oft von Terroristen ausgen\u00fctzt und f\u00fchrt zu Konflikten bis in weit entlegene Regionen. Wie oben erw\u00e4hnt, sollte die Klimapolitik auch unmittelbar zu einem besseren Leben f\u00fchren. Sie kann aber auch Unterst\u00fctzung durch die Abwehr von gegenw\u00e4rtigen und zuk\u00fcnftigen Gefahren bekommen.\n<\/p>\n<p>Das Virus hat die wechselseitige globale Abh\u00e4ngigkeit aufgezeigt. Nicht alles muss so bleiben. Aber es ist eine Illusion zu glauben, wir k\u00f6nnten Klimapolitik nur national betreiben. Sie muss europ\u00e4isch und global eingebettet werden. Das gibt ihr auch mehr \u00dcberzeugungskraft.\n<\/p>\n<p>Die Schriftstellerin Margaret Atwood meinte: &#8216;So if we fail, we all fail together and we fail big, on a scale unimaginable in the past.&#8217; Einzelne wohl\u00fcberlegte Ma\u00dfnahmen der &#8216;Deglobalisierung&#8217; d\u00fcrfen jedenfalls nicht zu einer Schw\u00e4chung der globalen Zusammenarbeit f\u00fchren &#8211; im Gegenteil. Dennoch muss jedes Land selbstverst\u00e4ndlich seinen eigenen Beitrag leisten. Und ein wenig soziales Gewissen darf man ja angesichts der immensen globalen Ungleichheit auch zeigen. Das ist sogar im eigenen Interesse. Die Verringerung der Ungleichheit bewirkt einen Beitrag zu einer friedlicheren Welt mit weniger erzwungener Mobilit\u00e4t.&#8221;<\/p>\n<\/article>\n","protected":false},"excerpt":{"rendered":"<p>Bek\u00e4mpfung von Klimawandel und Armut im eigenen Interesse 28.05.2020 \u2013 Zum Auftakt der Europ\u00e4ischen Toleranzgespr\u00e4che im K\u00e4rntner Bergdorf Fresach warnte der Pr\u00e4sident des Kuratoriums, der fr\u00fchere Europaabgeordneter Hannes Swoboda, am Donnerstag vor steigender Armut und zunehmender \u00f6kologischer Ungleichheit. Wer &#8220;ein wenig soziales Gewissen&#8221; zeigt, tut das im eigenen Interesse. Denn die Verringerung der Ungleichheit sei&hellip;<\/p>\n","protected":false},"author":2,"featured_media":9877,"comment_status":"closed","ping_status":"closed","sticky":false,"template":"","format":"standard","meta":{"footnotes":""},"categories":[3],"tags":[],"class_list":["post-9878","post","type-post","status-publish","format-standard","has-post-thumbnail","hentry","category-news","category-3","description-off"],"yoast_head":"<!-- This site is optimized with the Yoast SEO plugin v26.3 - https:\/\/yoast.com\/wordpress\/plugins\/seo\/ -->\n<title>Corona: Swoboda warnt vor noch mehr Ungleichheit - Temmel | Seywald - Corporate Communications<\/title>\n<meta name=\"robots\" content=\"index, follow, max-snippet:-1, max-image-preview:large, max-video-preview:-1\" \/>\n<link rel=\"canonical\" href=\"https:\/\/www.tsp.at\/en\/2020\/05\/28\/corona-swoboda-warnt-vor-noch-mehr-ungleichheit\/\" \/>\n<meta property=\"og:locale\" content=\"en_US\" \/>\n<meta property=\"og:type\" content=\"article\" \/>\n<meta property=\"og:title\" content=\"Corona: Swoboda warnt vor noch mehr Ungleichheit - Temmel | Seywald - Corporate Communications\" \/>\n<meta property=\"og:description\" content=\"Bek\u00e4mpfung von Klimawandel und Armut im eigenen Interesse 28.05.2020 \u2013 Zum Auftakt der Europ\u00e4ischen Toleranzgespr\u00e4che im K\u00e4rntner Bergdorf Fresach warnte der Pr\u00e4sident des Kuratoriums, der fr\u00fchere Europaabgeordneter Hannes Swoboda, am Donnerstag vor steigender Armut und zunehmender \u00f6kologischer Ungleichheit. Wer &#8220;ein wenig soziales Gewissen&#8221; zeigt, tut das im eigenen Interesse. Denn die Verringerung der Ungleichheit sei&hellip;\" \/>\n<meta property=\"og:url\" content=\"https:\/\/www.tsp.at\/en\/2020\/05\/28\/corona-swoboda-warnt-vor-noch-mehr-ungleichheit\/\" \/>\n<meta property=\"og:site_name\" content=\"Temmel | Seywald - Corporate Communications\" \/>\n<meta property=\"article:publisher\" content=\"https:\/\/www.facebook.com\/TemmelSeywald\" \/>\n<meta property=\"article:published_time\" content=\"2020-05-28T14:51:00+00:00\" \/>\n<meta property=\"article:modified_time\" content=\"2025-10-21T12:52:30+00:00\" \/>\n<meta property=\"og:image\" content=\"https:\/\/www.tsp.at\/wp-content\/uploads\/2025\/10\/photo1_06.jpg\" \/>\n\t<meta property=\"og:image:width\" content=\"2100\" \/>\n\t<meta property=\"og:image:height\" content=\"1575\" \/>\n\t<meta property=\"og:image:type\" content=\"image\/jpeg\" \/>\n<meta name=\"author\" content=\"TSP Redaktion\" \/>\n<meta name=\"twitter:card\" content=\"summary_large_image\" \/>\n<meta name=\"twitter:label1\" content=\"Written by\" \/>\n\t<meta name=\"twitter:data1\" content=\"TSP Redaktion\" \/>\n\t<meta name=\"twitter:label2\" content=\"Est. reading time\" \/>\n\t<meta name=\"twitter:data2\" content=\"8 minutes\" \/>\n<script type=\"application\/ld+json\" class=\"yoast-schema-graph\">{\"@context\":\"https:\/\/schema.org\",\"@graph\":[{\"@type\":\"Article\",\"@id\":\"https:\/\/www.tsp.at\/en\/2020\/05\/28\/corona-swoboda-warnt-vor-noch-mehr-ungleichheit\/#article\",\"isPartOf\":{\"@id\":\"https:\/\/www.tsp.at\/en\/2020\/05\/28\/corona-swoboda-warnt-vor-noch-mehr-ungleichheit\/\"},\"author\":{\"name\":\"TSP Redaktion\",\"@id\":\"https:\/\/www.tsp.at\/en\/#\/schema\/person\/1ba5600c29da17b902b0925cea567f8a\"},\"headline\":\"Corona: Swoboda warnt vor noch mehr Ungleichheit\",\"datePublished\":\"2020-05-28T14:51:00+00:00\",\"dateModified\":\"2025-10-21T12:52:30+00:00\",\"mainEntityOfPage\":{\"@id\":\"https:\/\/www.tsp.at\/en\/2020\/05\/28\/corona-swoboda-warnt-vor-noch-mehr-ungleichheit\/\"},\"wordCount\":1478,\"publisher\":{\"@id\":\"https:\/\/www.tsp.at\/en\/#organization\"},\"image\":{\"@id\":\"https:\/\/www.tsp.at\/en\/2020\/05\/28\/corona-swoboda-warnt-vor-noch-mehr-ungleichheit\/#primaryimage\"},\"thumbnailUrl\":\"https:\/\/www.tsp.at\/wp-content\/uploads\/2025\/10\/photo1_06.jpg\",\"articleSection\":[\"News\"],\"inLanguage\":\"en-US\"},{\"@type\":\"WebPage\",\"@id\":\"https:\/\/www.tsp.at\/en\/2020\/05\/28\/corona-swoboda-warnt-vor-noch-mehr-ungleichheit\/\",\"url\":\"https:\/\/www.tsp.at\/en\/2020\/05\/28\/corona-swoboda-warnt-vor-noch-mehr-ungleichheit\/\",\"name\":\"Corona: Swoboda warnt vor noch mehr Ungleichheit - Temmel | Seywald - Corporate Communications\",\"isPartOf\":{\"@id\":\"https:\/\/www.tsp.at\/en\/#website\"},\"primaryImageOfPage\":{\"@id\":\"https:\/\/www.tsp.at\/en\/2020\/05\/28\/corona-swoboda-warnt-vor-noch-mehr-ungleichheit\/#primaryimage\"},\"image\":{\"@id\":\"https:\/\/www.tsp.at\/en\/2020\/05\/28\/corona-swoboda-warnt-vor-noch-mehr-ungleichheit\/#primaryimage\"},\"thumbnailUrl\":\"https:\/\/www.tsp.at\/wp-content\/uploads\/2025\/10\/photo1_06.jpg\",\"datePublished\":\"2020-05-28T14:51:00+00:00\",\"dateModified\":\"2025-10-21T12:52:30+00:00\",\"breadcrumb\":{\"@id\":\"https:\/\/www.tsp.at\/en\/2020\/05\/28\/corona-swoboda-warnt-vor-noch-mehr-ungleichheit\/#breadcrumb\"},\"inLanguage\":\"en-US\",\"potentialAction\":[{\"@type\":\"ReadAction\",\"target\":[\"https:\/\/www.tsp.at\/en\/2020\/05\/28\/corona-swoboda-warnt-vor-noch-mehr-ungleichheit\/\"]}]},{\"@type\":\"ImageObject\",\"inLanguage\":\"en-US\",\"@id\":\"https:\/\/www.tsp.at\/en\/2020\/05\/28\/corona-swoboda-warnt-vor-noch-mehr-ungleichheit\/#primaryimage\",\"url\":\"https:\/\/www.tsp.at\/wp-content\/uploads\/2025\/10\/photo1_06.jpg\",\"contentUrl\":\"https:\/\/www.tsp.at\/wp-content\/uploads\/2025\/10\/photo1_06.jpg\",\"width\":2100,\"height\":1575,\"caption\":\"Der Pr\u00e4sident des Kuratoriums der Europ\u00e4ischen Toleranzgespr\u00e4che 2017, der ehemalige Europaparlamentarier Hannes Swoboda, begleitete den B\u00fcrgerdialog in Fresach.\"},{\"@type\":\"BreadcrumbList\",\"@id\":\"https:\/\/www.tsp.at\/en\/2020\/05\/28\/corona-swoboda-warnt-vor-noch-mehr-ungleichheit\/#breadcrumb\",\"itemListElement\":[{\"@type\":\"ListItem\",\"position\":1,\"name\":\"Startseite\",\"item\":\"https:\/\/www.tsp.at\/en\/\"},{\"@type\":\"ListItem\",\"position\":2,\"name\":\"Corona: Swoboda warnt vor noch mehr Ungleichheit\"}]},{\"@type\":\"WebSite\",\"@id\":\"https:\/\/www.tsp.at\/en\/#website\",\"url\":\"https:\/\/www.tsp.at\/en\/\",\"name\":\"Temmel | Seywald - Corporate Communications\",\"description\":\"Kommunikation ist Beziehungsarbeit\",\"publisher\":{\"@id\":\"https:\/\/www.tsp.at\/en\/#organization\"},\"potentialAction\":[{\"@type\":\"SearchAction\",\"target\":{\"@type\":\"EntryPoint\",\"urlTemplate\":\"https:\/\/www.tsp.at\/en\/?s={search_term_string}\"},\"query-input\":{\"@type\":\"PropertyValueSpecification\",\"valueRequired\":true,\"valueName\":\"search_term_string\"}}],\"inLanguage\":\"en-US\"},{\"@type\":\"Organization\",\"@id\":\"https:\/\/www.tsp.at\/en\/#organization\",\"name\":\"Temmel, Seywald & Partner Communications GesmbH\",\"alternateName\":\"TSP\",\"url\":\"https:\/\/www.tsp.at\/en\/\",\"logo\":{\"@type\":\"ImageObject\",\"inLanguage\":\"en-US\",\"@id\":\"https:\/\/www.tsp.at\/en\/#\/schema\/logo\/image\/\",\"url\":\"https:\/\/www.tsp.at\/wp-content\/uploads\/2025\/10\/favicontsp.png\",\"contentUrl\":\"https:\/\/www.tsp.at\/wp-content\/uploads\/2025\/10\/favicontsp.png\",\"width\":125,\"height\":125,\"caption\":\"Temmel, Seywald & Partner Communications GesmbH\"},\"image\":{\"@id\":\"https:\/\/www.tsp.at\/en\/#\/schema\/logo\/image\/\"},\"sameAs\":[\"https:\/\/www.facebook.com\/TemmelSeywald\"]},{\"@type\":\"Person\",\"@id\":\"https:\/\/www.tsp.at\/en\/#\/schema\/person\/1ba5600c29da17b902b0925cea567f8a\",\"name\":\"TSP Redaktion\"}]}<\/script>\n<!-- \/ Yoast SEO plugin. -->","yoast_head_json":{"title":"Corona: Swoboda warnt vor noch mehr Ungleichheit - Temmel | Seywald - Corporate Communications","robots":{"index":"index","follow":"follow","max-snippet":"max-snippet:-1","max-image-preview":"max-image-preview:large","max-video-preview":"max-video-preview:-1"},"canonical":"https:\/\/www.tsp.at\/en\/2020\/05\/28\/corona-swoboda-warnt-vor-noch-mehr-ungleichheit\/","og_locale":"en_US","og_type":"article","og_title":"Corona: Swoboda warnt vor noch mehr Ungleichheit - Temmel | Seywald - Corporate Communications","og_description":"Bek\u00e4mpfung von Klimawandel und Armut im eigenen Interesse 28.05.2020 \u2013 Zum Auftakt der Europ\u00e4ischen Toleranzgespr\u00e4che im K\u00e4rntner Bergdorf Fresach warnte der Pr\u00e4sident des Kuratoriums, der fr\u00fchere Europaabgeordneter Hannes Swoboda, am Donnerstag vor steigender Armut und zunehmender \u00f6kologischer Ungleichheit. Wer &#8220;ein wenig soziales Gewissen&#8221; zeigt, tut das im eigenen Interesse. Denn die Verringerung der Ungleichheit sei&hellip;","og_url":"https:\/\/www.tsp.at\/en\/2020\/05\/28\/corona-swoboda-warnt-vor-noch-mehr-ungleichheit\/","og_site_name":"Temmel | Seywald - Corporate Communications","article_publisher":"https:\/\/www.facebook.com\/TemmelSeywald","article_published_time":"2020-05-28T14:51:00+00:00","article_modified_time":"2025-10-21T12:52:30+00:00","og_image":[{"width":2100,"height":1575,"url":"https:\/\/www.tsp.at\/wp-content\/uploads\/2025\/10\/photo1_06.jpg","type":"image\/jpeg"}],"author":"TSP Redaktion","twitter_card":"summary_large_image","twitter_misc":{"Written by":"TSP Redaktion","Est. reading time":"8 minutes"},"schema":{"@context":"https:\/\/schema.org","@graph":[{"@type":"Article","@id":"https:\/\/www.tsp.at\/en\/2020\/05\/28\/corona-swoboda-warnt-vor-noch-mehr-ungleichheit\/#article","isPartOf":{"@id":"https:\/\/www.tsp.at\/en\/2020\/05\/28\/corona-swoboda-warnt-vor-noch-mehr-ungleichheit\/"},"author":{"name":"TSP Redaktion","@id":"https:\/\/www.tsp.at\/en\/#\/schema\/person\/1ba5600c29da17b902b0925cea567f8a"},"headline":"Corona: Swoboda warnt vor noch mehr Ungleichheit","datePublished":"2020-05-28T14:51:00+00:00","dateModified":"2025-10-21T12:52:30+00:00","mainEntityOfPage":{"@id":"https:\/\/www.tsp.at\/en\/2020\/05\/28\/corona-swoboda-warnt-vor-noch-mehr-ungleichheit\/"},"wordCount":1478,"publisher":{"@id":"https:\/\/www.tsp.at\/en\/#organization"},"image":{"@id":"https:\/\/www.tsp.at\/en\/2020\/05\/28\/corona-swoboda-warnt-vor-noch-mehr-ungleichheit\/#primaryimage"},"thumbnailUrl":"https:\/\/www.tsp.at\/wp-content\/uploads\/2025\/10\/photo1_06.jpg","articleSection":["News"],"inLanguage":"en-US"},{"@type":"WebPage","@id":"https:\/\/www.tsp.at\/en\/2020\/05\/28\/corona-swoboda-warnt-vor-noch-mehr-ungleichheit\/","url":"https:\/\/www.tsp.at\/en\/2020\/05\/28\/corona-swoboda-warnt-vor-noch-mehr-ungleichheit\/","name":"Corona: Swoboda warnt vor noch mehr Ungleichheit - Temmel | Seywald - Corporate Communications","isPartOf":{"@id":"https:\/\/www.tsp.at\/en\/#website"},"primaryImageOfPage":{"@id":"https:\/\/www.tsp.at\/en\/2020\/05\/28\/corona-swoboda-warnt-vor-noch-mehr-ungleichheit\/#primaryimage"},"image":{"@id":"https:\/\/www.tsp.at\/en\/2020\/05\/28\/corona-swoboda-warnt-vor-noch-mehr-ungleichheit\/#primaryimage"},"thumbnailUrl":"https:\/\/www.tsp.at\/wp-content\/uploads\/2025\/10\/photo1_06.jpg","datePublished":"2020-05-28T14:51:00+00:00","dateModified":"2025-10-21T12:52:30+00:00","breadcrumb":{"@id":"https:\/\/www.tsp.at\/en\/2020\/05\/28\/corona-swoboda-warnt-vor-noch-mehr-ungleichheit\/#breadcrumb"},"inLanguage":"en-US","potentialAction":[{"@type":"ReadAction","target":["https:\/\/www.tsp.at\/en\/2020\/05\/28\/corona-swoboda-warnt-vor-noch-mehr-ungleichheit\/"]}]},{"@type":"ImageObject","inLanguage":"en-US","@id":"https:\/\/www.tsp.at\/en\/2020\/05\/28\/corona-swoboda-warnt-vor-noch-mehr-ungleichheit\/#primaryimage","url":"https:\/\/www.tsp.at\/wp-content\/uploads\/2025\/10\/photo1_06.jpg","contentUrl":"https:\/\/www.tsp.at\/wp-content\/uploads\/2025\/10\/photo1_06.jpg","width":2100,"height":1575,"caption":"Der Pr\u00e4sident des Kuratoriums der Europ\u00e4ischen Toleranzgespr\u00e4che 2017, der ehemalige Europaparlamentarier Hannes Swoboda, begleitete den B\u00fcrgerdialog in Fresach."},{"@type":"BreadcrumbList","@id":"https:\/\/www.tsp.at\/en\/2020\/05\/28\/corona-swoboda-warnt-vor-noch-mehr-ungleichheit\/#breadcrumb","itemListElement":[{"@type":"ListItem","position":1,"name":"Startseite","item":"https:\/\/www.tsp.at\/en\/"},{"@type":"ListItem","position":2,"name":"Corona: Swoboda warnt vor noch mehr Ungleichheit"}]},{"@type":"WebSite","@id":"https:\/\/www.tsp.at\/en\/#website","url":"https:\/\/www.tsp.at\/en\/","name":"Temmel | Seywald - Corporate Communications","description":"Kommunikation ist Beziehungsarbeit","publisher":{"@id":"https:\/\/www.tsp.at\/en\/#organization"},"potentialAction":[{"@type":"SearchAction","target":{"@type":"EntryPoint","urlTemplate":"https:\/\/www.tsp.at\/en\/?s={search_term_string}"},"query-input":{"@type":"PropertyValueSpecification","valueRequired":true,"valueName":"search_term_string"}}],"inLanguage":"en-US"},{"@type":"Organization","@id":"https:\/\/www.tsp.at\/en\/#organization","name":"Temmel, Seywald & Partner Communications GesmbH","alternateName":"TSP","url":"https:\/\/www.tsp.at\/en\/","logo":{"@type":"ImageObject","inLanguage":"en-US","@id":"https:\/\/www.tsp.at\/en\/#\/schema\/logo\/image\/","url":"https:\/\/www.tsp.at\/wp-content\/uploads\/2025\/10\/favicontsp.png","contentUrl":"https:\/\/www.tsp.at\/wp-content\/uploads\/2025\/10\/favicontsp.png","width":125,"height":125,"caption":"Temmel, Seywald & Partner Communications GesmbH"},"image":{"@id":"https:\/\/www.tsp.at\/en\/#\/schema\/logo\/image\/"},"sameAs":["https:\/\/www.facebook.com\/TemmelSeywald"]},{"@type":"Person","@id":"https:\/\/www.tsp.at\/en\/#\/schema\/person\/1ba5600c29da17b902b0925cea567f8a","name":"TSP Redaktion"}]}},"_links":{"self":[{"href":"https:\/\/www.tsp.at\/en\/wp-json\/wp\/v2\/posts\/9878","targetHints":{"allow":["GET"]}}],"collection":[{"href":"https:\/\/www.tsp.at\/en\/wp-json\/wp\/v2\/posts"}],"about":[{"href":"https:\/\/www.tsp.at\/en\/wp-json\/wp\/v2\/types\/post"}],"author":[{"embeddable":true,"href":"https:\/\/www.tsp.at\/en\/wp-json\/wp\/v2\/users\/2"}],"replies":[{"embeddable":true,"href":"https:\/\/www.tsp.at\/en\/wp-json\/wp\/v2\/comments?post=9878"}],"version-history":[{"count":1,"href":"https:\/\/www.tsp.at\/en\/wp-json\/wp\/v2\/posts\/9878\/revisions"}],"predecessor-version":[{"id":11348,"href":"https:\/\/www.tsp.at\/en\/wp-json\/wp\/v2\/posts\/9878\/revisions\/11348"}],"wp:featuredmedia":[{"embeddable":true,"href":"https:\/\/www.tsp.at\/en\/wp-json\/wp\/v2\/media\/9877"}],"wp:attachment":[{"href":"https:\/\/www.tsp.at\/en\/wp-json\/wp\/v2\/media?parent=9878"}],"wp:term":[{"taxonomy":"category","embeddable":true,"href":"https:\/\/www.tsp.at\/en\/wp-json\/wp\/v2\/categories?post=9878"},{"taxonomy":"post_tag","embeddable":true,"href":"https:\/\/www.tsp.at\/en\/wp-json\/wp\/v2\/tags?post=9878"}],"curies":[{"name":"wp","href":"https:\/\/api.w.org\/{rel}","templated":true}]}}