{"id":9894,"date":"2020-04-15T17:44:00","date_gmt":"2020-04-15T15:44:00","guid":{"rendered":"https:\/\/staging.tsp.at\/2020\/04\/15\/toleranzgespraeche-2020-am-bildschirm\/"},"modified":"2025-10-21T14:52:30","modified_gmt":"2025-10-21T12:52:30","slug":"toleranzgespraeche-2020-am-bildschirm","status":"publish","type":"post","link":"https:\/\/www.tsp.at\/en\/2020\/04\/15\/toleranzgespraeche-2020-am-bildschirm\/","title":{"rendered":"Toleranzgespr\u00e4che 2020 am Bildschirm"},"content":{"rendered":"<article class=\"item\">\n<h2><strong>Coronavirus zwingt zum Ausweichen auf Videokonferenzen und Chats <\/strong><\/h2>\n<p>15.04.2020<\/p>\n<\/p>\n<\/p>\n<\/p>\n<\/p>\n<\/p>\n<p>Villach \u2013 <strong>Die Europ\u00e4ischen Toleranzgespr\u00e4che 2020 finden in diesem Jahr online statt, das gesamte Programm wird wie geplant vom 27. bis 29. Mai &#8211; aber virtuell &#8211; durchgef\u00fchrt. &#8220;Diese Entscheidung hat das Kuratorium der Toleranzgespr\u00e4che am Mittwoch nach Ostern bei einer Videositzung getroffen&#8221;, teilte der K\u00e4rntner Superintendent und Obmann des Veranstalters Denk.Raum.Fresach, Manfred Sauer, mit.<\/strong> <a href=\"http:\/\/www.fresach.org\" target=\"_blank\">http:\/\/www.fresach.org<\/a> <\/p>\n<p>&#8220;Die Toleranzgespr\u00e4che 2020 werden ein Mix an Videokonferenzen mit begleitenden Chats, Filmeinspielungen aus Fresach und Live-Einstiegen vor Ort&#8221;, verr\u00e4t Sauer, der von einem gewagten Experiment spricht. &#8220;Fresach betritt mit den ersten Online-Gespr\u00e4chen Neuland, das allerdings exakt zum Thema der heurigen Veranstaltung passt: &#8216;Exodus &#8211; Auszug aus dem Vertrauten&#8217;. Wir alle sind schon sehr gespannt, ob uns das interessierte Publikum auch in den virtuellen Raum folgt.&#8221;\n<\/p>\n<p><strong>#ETG20 &#8211; Talk am Schirm<\/strong> <\/p>\n<p>Die Europ\u00e4ischen Toleranzgespr\u00e4che bestehen aus einem Jugendforum und einem Tourismusforum in Villach (27. Mai) sowie einem Toleranzforum (28. Mai) und einem Wirtschaftsforum (29. Mai) im Bergdorf Fresach sowie einem abschlie\u00dfenden Poetry Slam Freitag abend vor Pfingsten. Timing und Programmpunkte sollen beibehalten werden, die Organisatoren wollen nun auch Moderator\/innen und Referent\/innen daf\u00fcr gewinnen, online mitzumachen. Die Vorbereitungen daf\u00fcr laufen.\n<\/p>\n<p>Unter dem Hashtag #ETG20 sollen die Gespr\u00e4che auf der Konferenzwebseite mitverfolgt werden k\u00f6nnen, aber auch \u00fcber die gro\u00dfen Social Media Netzwerke von Twitter, Facebook und Youtube gestreamt werden. F\u00fcr das Publikum besteht zudem die M\u00f6glichkeit, \u00fcber die Chatr\u00e4ume Fragen zu stellen, die dann in die Live-Diskussion eingebracht werden. &#8220;Die Er\u00f6ffnung wird jedenfalls vor Ort stattfinden, wenn auch leider ohne Publikum, Kaffee und K\u00e4rntner Jause&#8221;, sagt Sauer.\n<\/p>\n<p><strong>Fresach als Symbol f\u00fcr Neustart<\/strong> <\/p>\n<p>Fresach werde mit den Toleranzgespr\u00e4chen 2020 einen weiteren Meilenstein setzen, versichert Superintendent Sauer. &#8220;Wenn die Welt auf den Kopf gestellt wird und nichts mehr so ist wie es war, wird der Exodus aus dem gewohnten Leben und Arbeiten zur Normalit\u00e4t, der Auszug aus dem Vertrauten zur Realit\u00e4t. Was wir zum Zeitpunkt der Konferenzplanung \u00fcberhaupt nicht voraussehen konnten, ist nun eingetreten. Wir diskutieren daher schon jetzt \u00fcber die Folgen und den Neustart.&#8221;\n<\/p>\n<p><strong>\u00dcber die Europ\u00e4ischen Toleranzgespr\u00e4che <\/strong> <br \/>Die Europ\u00e4ischen Toleranzgespr\u00e4che finden seit 2015 allj\u00e4hrlich zu Pfingsten statt und behandeln gesellschaftliche Entwicklungen und politische Bildung rund um die Fragen Migration und Toleranz, Demokratie und Menschenrechte sowie Zivilgesellschaft und Religion. Die Gespr\u00e4che haben ihren Ursprung in den Fresacher Schriftstellertagungen, die in den 1970er und 1980er Jahren &#8211; bis zur Wende in Osteuropa &#8211; stattfanden. <a href=\"http:\/\/www.fresach.org\" target=\"_blank\">http:\/\/www.fresach.org<\/a><\/p>\n<\/article>\n","protected":false},"excerpt":{"rendered":"<p>Coronavirus zwingt zum Ausweichen auf Videokonferenzen und Chats 15.04.2020 Villach \u2013 Die Europ\u00e4ischen Toleranzgespr\u00e4che 2020 finden in diesem Jahr online statt, das gesamte Programm wird wie geplant vom 27. bis 29. Mai &#8211; aber virtuell &#8211; durchgef\u00fchrt. &#8220;Diese Entscheidung hat das Kuratorium der Toleranzgespr\u00e4che am Mittwoch nach Ostern bei einer Videositzung getroffen&#8221;, teilte der K\u00e4rntner&hellip;<\/p>\n","protected":false},"author":2,"featured_media":9893,"comment_status":"closed","ping_status":"closed","sticky":false,"template":"","format":"standard","meta":{"footnotes":""},"categories":[3],"tags":[],"class_list":["post-9894","post","type-post","status-publish","format-standard","has-post-thumbnail","hentry","category-news","category-3","description-off"],"yoast_head":"<!-- This site is optimized with the Yoast SEO plugin v26.3 - https:\/\/yoast.com\/wordpress\/plugins\/seo\/ -->\n<title>Toleranzgespr\u00e4che 2020 am Bildschirm - Temmel | Seywald - Corporate Communications<\/title>\n<meta name=\"robots\" content=\"index, follow, max-snippet:-1, max-image-preview:large, max-video-preview:-1\" \/>\n<link rel=\"canonical\" href=\"https:\/\/www.tsp.at\/en\/2020\/04\/15\/toleranzgespraeche-2020-am-bildschirm\/\" \/>\n<meta property=\"og:locale\" content=\"en_US\" \/>\n<meta property=\"og:type\" content=\"article\" \/>\n<meta property=\"og:title\" content=\"Toleranzgespr\u00e4che 2020 am Bildschirm - Temmel | Seywald - Corporate Communications\" \/>\n<meta property=\"og:description\" content=\"Coronavirus zwingt zum Ausweichen auf Videokonferenzen und Chats 15.04.2020 Villach \u2013 Die Europ\u00e4ischen Toleranzgespr\u00e4che 2020 finden in diesem Jahr online statt, das gesamte Programm wird wie geplant vom 27. bis 29. Mai &#8211; aber virtuell &#8211; durchgef\u00fchrt. &#8220;Diese Entscheidung hat das Kuratorium der Toleranzgespr\u00e4che am Mittwoch nach Ostern bei einer Videositzung getroffen&#8221;, teilte der K\u00e4rntner&hellip;\" \/>\n<meta property=\"og:url\" content=\"https:\/\/www.tsp.at\/en\/2020\/04\/15\/toleranzgespraeche-2020-am-bildschirm\/\" \/>\n<meta property=\"og:site_name\" content=\"Temmel | Seywald - Corporate Communications\" \/>\n<meta property=\"article:publisher\" content=\"https:\/\/www.facebook.com\/TemmelSeywald\" \/>\n<meta property=\"article:published_time\" content=\"2020-04-15T15:44:00+00:00\" \/>\n<meta property=\"article:modified_time\" content=\"2025-10-21T12:52:30+00:00\" \/>\n<meta property=\"og:image\" content=\"https:\/\/www.tsp.at\/wp-content\/uploads\/2025\/10\/ETG-Vorstand.jpg\" \/>\n\t<meta property=\"og:image:width\" content=\"1280\" \/>\n\t<meta property=\"og:image:height\" content=\"728\" \/>\n\t<meta property=\"og:image:type\" content=\"image\/jpeg\" \/>\n<meta name=\"author\" content=\"TSP Redaktion\" \/>\n<meta name=\"twitter:card\" content=\"summary_large_image\" \/>\n<meta name=\"twitter:label1\" content=\"Written by\" \/>\n\t<meta name=\"twitter:data1\" content=\"TSP Redaktion\" \/>\n\t<meta name=\"twitter:label2\" content=\"Est. reading time\" \/>\n\t<meta name=\"twitter:data2\" content=\"3 minutes\" \/>\n<script type=\"application\/ld+json\" class=\"yoast-schema-graph\">{\"@context\":\"https:\/\/schema.org\",\"@graph\":[{\"@type\":\"Article\",\"@id\":\"https:\/\/www.tsp.at\/en\/2020\/04\/15\/toleranzgespraeche-2020-am-bildschirm\/#article\",\"isPartOf\":{\"@id\":\"https:\/\/www.tsp.at\/en\/2020\/04\/15\/toleranzgespraeche-2020-am-bildschirm\/\"},\"author\":{\"name\":\"TSP Redaktion\",\"@id\":\"https:\/\/www.tsp.at\/en\/#\/schema\/person\/1ba5600c29da17b902b0925cea567f8a\"},\"headline\":\"Toleranzgespr\u00e4che 2020 am Bildschirm\",\"datePublished\":\"2020-04-15T15:44:00+00:00\",\"dateModified\":\"2025-10-21T12:52:30+00:00\",\"mainEntityOfPage\":{\"@id\":\"https:\/\/www.tsp.at\/en\/2020\/04\/15\/toleranzgespraeche-2020-am-bildschirm\/\"},\"wordCount\":429,\"publisher\":{\"@id\":\"https:\/\/www.tsp.at\/en\/#organization\"},\"image\":{\"@id\":\"https:\/\/www.tsp.at\/en\/2020\/04\/15\/toleranzgespraeche-2020-am-bildschirm\/#primaryimage\"},\"thumbnailUrl\":\"https:\/\/www.tsp.at\/wp-content\/uploads\/2025\/10\/ETG-Vorstand.jpg\",\"articleSection\":[\"News\"],\"inLanguage\":\"en-US\"},{\"@type\":\"WebPage\",\"@id\":\"https:\/\/www.tsp.at\/en\/2020\/04\/15\/toleranzgespraeche-2020-am-bildschirm\/\",\"url\":\"https:\/\/www.tsp.at\/en\/2020\/04\/15\/toleranzgespraeche-2020-am-bildschirm\/\",\"name\":\"Toleranzgespr\u00e4che 2020 am Bildschirm - Temmel | Seywald - Corporate Communications\",\"isPartOf\":{\"@id\":\"https:\/\/www.tsp.at\/en\/#website\"},\"primaryImageOfPage\":{\"@id\":\"https:\/\/www.tsp.at\/en\/2020\/04\/15\/toleranzgespraeche-2020-am-bildschirm\/#primaryimage\"},\"image\":{\"@id\":\"https:\/\/www.tsp.at\/en\/2020\/04\/15\/toleranzgespraeche-2020-am-bildschirm\/#primaryimage\"},\"thumbnailUrl\":\"https:\/\/www.tsp.at\/wp-content\/uploads\/2025\/10\/ETG-Vorstand.jpg\",\"datePublished\":\"2020-04-15T15:44:00+00:00\",\"dateModified\":\"2025-10-21T12:52:30+00:00\",\"breadcrumb\":{\"@id\":\"https:\/\/www.tsp.at\/en\/2020\/04\/15\/toleranzgespraeche-2020-am-bildschirm\/#breadcrumb\"},\"inLanguage\":\"en-US\",\"potentialAction\":[{\"@type\":\"ReadAction\",\"target\":[\"https:\/\/www.tsp.at\/en\/2020\/04\/15\/toleranzgespraeche-2020-am-bildschirm\/\"]}]},{\"@type\":\"ImageObject\",\"inLanguage\":\"en-US\",\"@id\":\"https:\/\/www.tsp.at\/en\/2020\/04\/15\/toleranzgespraeche-2020-am-bildschirm\/#primaryimage\",\"url\":\"https:\/\/www.tsp.at\/wp-content\/uploads\/2025\/10\/ETG-Vorstand.jpg\",\"contentUrl\":\"https:\/\/www.tsp.at\/wp-content\/uploads\/2025\/10\/ETG-Vorstand.jpg\",\"width\":1280,\"height\":728},{\"@type\":\"BreadcrumbList\",\"@id\":\"https:\/\/www.tsp.at\/en\/2020\/04\/15\/toleranzgespraeche-2020-am-bildschirm\/#breadcrumb\",\"itemListElement\":[{\"@type\":\"ListItem\",\"position\":1,\"name\":\"Startseite\",\"item\":\"https:\/\/www.tsp.at\/en\/\"},{\"@type\":\"ListItem\",\"position\":2,\"name\":\"Toleranzgespr\u00e4che 2020 am Bildschirm\"}]},{\"@type\":\"WebSite\",\"@id\":\"https:\/\/www.tsp.at\/en\/#website\",\"url\":\"https:\/\/www.tsp.at\/en\/\",\"name\":\"Temmel | Seywald - Corporate Communications\",\"description\":\"Kommunikation ist Beziehungsarbeit\",\"publisher\":{\"@id\":\"https:\/\/www.tsp.at\/en\/#organization\"},\"potentialAction\":[{\"@type\":\"SearchAction\",\"target\":{\"@type\":\"EntryPoint\",\"urlTemplate\":\"https:\/\/www.tsp.at\/en\/?s={search_term_string}\"},\"query-input\":{\"@type\":\"PropertyValueSpecification\",\"valueRequired\":true,\"valueName\":\"search_term_string\"}}],\"inLanguage\":\"en-US\"},{\"@type\":\"Organization\",\"@id\":\"https:\/\/www.tsp.at\/en\/#organization\",\"name\":\"Temmel, Seywald & Partner Communications GesmbH\",\"alternateName\":\"TSP\",\"url\":\"https:\/\/www.tsp.at\/en\/\",\"logo\":{\"@type\":\"ImageObject\",\"inLanguage\":\"en-US\",\"@id\":\"https:\/\/www.tsp.at\/en\/#\/schema\/logo\/image\/\",\"url\":\"https:\/\/www.tsp.at\/wp-content\/uploads\/2025\/10\/favicontsp.png\",\"contentUrl\":\"https:\/\/www.tsp.at\/wp-content\/uploads\/2025\/10\/favicontsp.png\",\"width\":125,\"height\":125,\"caption\":\"Temmel, Seywald & Partner Communications GesmbH\"},\"image\":{\"@id\":\"https:\/\/www.tsp.at\/en\/#\/schema\/logo\/image\/\"},\"sameAs\":[\"https:\/\/www.facebook.com\/TemmelSeywald\"]},{\"@type\":\"Person\",\"@id\":\"https:\/\/www.tsp.at\/en\/#\/schema\/person\/1ba5600c29da17b902b0925cea567f8a\",\"name\":\"TSP Redaktion\"}]}<\/script>\n<!-- \/ Yoast SEO plugin. -->","yoast_head_json":{"title":"Toleranzgespr\u00e4che 2020 am Bildschirm - Temmel | Seywald - Corporate Communications","robots":{"index":"index","follow":"follow","max-snippet":"max-snippet:-1","max-image-preview":"max-image-preview:large","max-video-preview":"max-video-preview:-1"},"canonical":"https:\/\/www.tsp.at\/en\/2020\/04\/15\/toleranzgespraeche-2020-am-bildschirm\/","og_locale":"en_US","og_type":"article","og_title":"Toleranzgespr\u00e4che 2020 am Bildschirm - Temmel | Seywald - Corporate Communications","og_description":"Coronavirus zwingt zum Ausweichen auf Videokonferenzen und Chats 15.04.2020 Villach \u2013 Die Europ\u00e4ischen Toleranzgespr\u00e4che 2020 finden in diesem Jahr online statt, das gesamte Programm wird wie geplant vom 27. bis 29. Mai &#8211; aber virtuell &#8211; durchgef\u00fchrt. &#8220;Diese Entscheidung hat das Kuratorium der Toleranzgespr\u00e4che am Mittwoch nach Ostern bei einer Videositzung getroffen&#8221;, teilte der K\u00e4rntner&hellip;","og_url":"https:\/\/www.tsp.at\/en\/2020\/04\/15\/toleranzgespraeche-2020-am-bildschirm\/","og_site_name":"Temmel | Seywald - Corporate Communications","article_publisher":"https:\/\/www.facebook.com\/TemmelSeywald","article_published_time":"2020-04-15T15:44:00+00:00","article_modified_time":"2025-10-21T12:52:30+00:00","og_image":[{"width":1280,"height":728,"url":"https:\/\/www.tsp.at\/wp-content\/uploads\/2025\/10\/ETG-Vorstand.jpg","type":"image\/jpeg"}],"author":"TSP Redaktion","twitter_card":"summary_large_image","twitter_misc":{"Written by":"TSP Redaktion","Est. reading time":"3 minutes"},"schema":{"@context":"https:\/\/schema.org","@graph":[{"@type":"Article","@id":"https:\/\/www.tsp.at\/en\/2020\/04\/15\/toleranzgespraeche-2020-am-bildschirm\/#article","isPartOf":{"@id":"https:\/\/www.tsp.at\/en\/2020\/04\/15\/toleranzgespraeche-2020-am-bildschirm\/"},"author":{"name":"TSP Redaktion","@id":"https:\/\/www.tsp.at\/en\/#\/schema\/person\/1ba5600c29da17b902b0925cea567f8a"},"headline":"Toleranzgespr\u00e4che 2020 am Bildschirm","datePublished":"2020-04-15T15:44:00+00:00","dateModified":"2025-10-21T12:52:30+00:00","mainEntityOfPage":{"@id":"https:\/\/www.tsp.at\/en\/2020\/04\/15\/toleranzgespraeche-2020-am-bildschirm\/"},"wordCount":429,"publisher":{"@id":"https:\/\/www.tsp.at\/en\/#organization"},"image":{"@id":"https:\/\/www.tsp.at\/en\/2020\/04\/15\/toleranzgespraeche-2020-am-bildschirm\/#primaryimage"},"thumbnailUrl":"https:\/\/www.tsp.at\/wp-content\/uploads\/2025\/10\/ETG-Vorstand.jpg","articleSection":["News"],"inLanguage":"en-US"},{"@type":"WebPage","@id":"https:\/\/www.tsp.at\/en\/2020\/04\/15\/toleranzgespraeche-2020-am-bildschirm\/","url":"https:\/\/www.tsp.at\/en\/2020\/04\/15\/toleranzgespraeche-2020-am-bildschirm\/","name":"Toleranzgespr\u00e4che 2020 am Bildschirm - Temmel | Seywald - Corporate Communications","isPartOf":{"@id":"https:\/\/www.tsp.at\/en\/#website"},"primaryImageOfPage":{"@id":"https:\/\/www.tsp.at\/en\/2020\/04\/15\/toleranzgespraeche-2020-am-bildschirm\/#primaryimage"},"image":{"@id":"https:\/\/www.tsp.at\/en\/2020\/04\/15\/toleranzgespraeche-2020-am-bildschirm\/#primaryimage"},"thumbnailUrl":"https:\/\/www.tsp.at\/wp-content\/uploads\/2025\/10\/ETG-Vorstand.jpg","datePublished":"2020-04-15T15:44:00+00:00","dateModified":"2025-10-21T12:52:30+00:00","breadcrumb":{"@id":"https:\/\/www.tsp.at\/en\/2020\/04\/15\/toleranzgespraeche-2020-am-bildschirm\/#breadcrumb"},"inLanguage":"en-US","potentialAction":[{"@type":"ReadAction","target":["https:\/\/www.tsp.at\/en\/2020\/04\/15\/toleranzgespraeche-2020-am-bildschirm\/"]}]},{"@type":"ImageObject","inLanguage":"en-US","@id":"https:\/\/www.tsp.at\/en\/2020\/04\/15\/toleranzgespraeche-2020-am-bildschirm\/#primaryimage","url":"https:\/\/www.tsp.at\/wp-content\/uploads\/2025\/10\/ETG-Vorstand.jpg","contentUrl":"https:\/\/www.tsp.at\/wp-content\/uploads\/2025\/10\/ETG-Vorstand.jpg","width":1280,"height":728},{"@type":"BreadcrumbList","@id":"https:\/\/www.tsp.at\/en\/2020\/04\/15\/toleranzgespraeche-2020-am-bildschirm\/#breadcrumb","itemListElement":[{"@type":"ListItem","position":1,"name":"Startseite","item":"https:\/\/www.tsp.at\/en\/"},{"@type":"ListItem","position":2,"name":"Toleranzgespr\u00e4che 2020 am Bildschirm"}]},{"@type":"WebSite","@id":"https:\/\/www.tsp.at\/en\/#website","url":"https:\/\/www.tsp.at\/en\/","name":"Temmel | Seywald - Corporate Communications","description":"Kommunikation ist Beziehungsarbeit","publisher":{"@id":"https:\/\/www.tsp.at\/en\/#organization"},"potentialAction":[{"@type":"SearchAction","target":{"@type":"EntryPoint","urlTemplate":"https:\/\/www.tsp.at\/en\/?s={search_term_string}"},"query-input":{"@type":"PropertyValueSpecification","valueRequired":true,"valueName":"search_term_string"}}],"inLanguage":"en-US"},{"@type":"Organization","@id":"https:\/\/www.tsp.at\/en\/#organization","name":"Temmel, Seywald & Partner Communications GesmbH","alternateName":"TSP","url":"https:\/\/www.tsp.at\/en\/","logo":{"@type":"ImageObject","inLanguage":"en-US","@id":"https:\/\/www.tsp.at\/en\/#\/schema\/logo\/image\/","url":"https:\/\/www.tsp.at\/wp-content\/uploads\/2025\/10\/favicontsp.png","contentUrl":"https:\/\/www.tsp.at\/wp-content\/uploads\/2025\/10\/favicontsp.png","width":125,"height":125,"caption":"Temmel, Seywald & Partner Communications GesmbH"},"image":{"@id":"https:\/\/www.tsp.at\/en\/#\/schema\/logo\/image\/"},"sameAs":["https:\/\/www.facebook.com\/TemmelSeywald"]},{"@type":"Person","@id":"https:\/\/www.tsp.at\/en\/#\/schema\/person\/1ba5600c29da17b902b0925cea567f8a","name":"TSP Redaktion"}]}},"_links":{"self":[{"href":"https:\/\/www.tsp.at\/en\/wp-json\/wp\/v2\/posts\/9894","targetHints":{"allow":["GET"]}}],"collection":[{"href":"https:\/\/www.tsp.at\/en\/wp-json\/wp\/v2\/posts"}],"about":[{"href":"https:\/\/www.tsp.at\/en\/wp-json\/wp\/v2\/types\/post"}],"author":[{"embeddable":true,"href":"https:\/\/www.tsp.at\/en\/wp-json\/wp\/v2\/users\/2"}],"replies":[{"embeddable":true,"href":"https:\/\/www.tsp.at\/en\/wp-json\/wp\/v2\/comments?post=9894"}],"version-history":[{"count":1,"href":"https:\/\/www.tsp.at\/en\/wp-json\/wp\/v2\/posts\/9894\/revisions"}],"predecessor-version":[{"id":11356,"href":"https:\/\/www.tsp.at\/en\/wp-json\/wp\/v2\/posts\/9894\/revisions\/11356"}],"wp:featuredmedia":[{"embeddable":true,"href":"https:\/\/www.tsp.at\/en\/wp-json\/wp\/v2\/media\/9893"}],"wp:attachment":[{"href":"https:\/\/www.tsp.at\/en\/wp-json\/wp\/v2\/media?parent=9894"}],"wp:term":[{"taxonomy":"category","embeddable":true,"href":"https:\/\/www.tsp.at\/en\/wp-json\/wp\/v2\/categories?post=9894"},{"taxonomy":"post_tag","embeddable":true,"href":"https:\/\/www.tsp.at\/en\/wp-json\/wp\/v2\/tags?post=9894"}],"curies":[{"name":"wp","href":"https:\/\/api.w.org\/{rel}","templated":true}]}}