{"id":9896,"date":"2020-04-02T15:56:00","date_gmt":"2020-04-02T13:56:00","guid":{"rendered":"https:\/\/staging.tsp.at\/2020\/04\/02\/kommunikation-in-krisenzeiten\/"},"modified":"2025-10-21T14:52:31","modified_gmt":"2025-10-21T12:52:31","slug":"kommunikation-in-krisenzeiten","status":"publish","type":"post","link":"https:\/\/www.tsp.at\/en\/2020\/04\/02\/kommunikation-in-krisenzeiten\/","title":{"rendered":"Kommunikation in Krisenzeiten"},"content":{"rendered":"<article class=\"item\">\n<h2><strong>Einigeln oder zum Angriff \u00fcbergehen?<\/strong><\/h2>\n<p>02.04.2020<\/p>\n<\/p>\n<\/p>\n<\/p>\n<\/p>\n<\/p>\n<p>Wien \u2013 <strong>Jeder kennt diese angeborenen Reflexe \u2013\u00a0sind Leib und Leben bedroht, stellt man sich tot oder igelt sich ein. In Kriegszeiten \u00fcberleben gerade jene, die eben nicht den Helden spielen wollen und vielmehr perfekte Strategien entwickeln, den H\u00e4schern zu entwischen. Aber was, wenn der Feind als Virus erscheint?<\/strong> <\/p>\n<p>Kommunikation ist immer auch Ausdruck einer inneren Befindlichkeit und Haltung. Extrovertierte Menschen tendieren dazu, alles und jedes mit ihren Mitmenschen zu teilen, um im Lichte der \u00d6ffentlichkeit zu strahlen und sei es auch noch so peinlich, pr\u00e4potent oder entwaffnend. Angst- und schambefreit teilen sie \u2013 immer von neuem \u2013 ihre Ein- und Aussichten, nichts ist ihnen lieber als mit Konterfei und Kommentar zur Lage der Nation \u201eadabei\u201c in Erscheinung zu treten.\n<\/p>\n<p>Davon leben nicht zuletzt auch wir PR-Berater\/innen.\n<\/p>\n<p>In guten Zeiten sind das die Gewinnertypen, die besser als andere wissen, wie man sich gut verkauft. Davon gibt es \u2013 wenn die Sonne scheint \u2013 so viele, dass Medien und Journalisten ihrer unversch\u00e4mten Aufdringlichkeit kaum habhaft werden. Dieselben Leute sind bei Regenwetter oft erstaunlich kleinlaut, wenn sie erkennen, dass eben jetzt gerade Jubelmeldungen keine Relevanz mehr haben. Das ist die Stunde derer, die ihr Handwerk richtig verstehen \u2013\u00a0denn PR ist mehr als nur ein Gesch\u00e4ft.\n<\/p>\n<p><strong>Kommunikation ist Beziehungsarbeit<\/strong> <\/p>\n<p>Gerade in Zeiten einer Krise stellt sich heraus, wer und was wichtig ist. Der R\u00fcckzug in die eigenen vier W\u00e4nde zeigt einmal mehr und deutlich, dass man Freunde braucht, und \u2013 unter Ber\u00fccksichtigung der ver\u00e4nderten Situation \u2013 nur z\u00e4hlt, was der Pflege guter Beziehungen dient oder schlichtweg Relevanz f\u00fcr das Zusammenleben hat. Egal wie man es dreht und wendet, eine wesentliche Erkenntnis sollte sein, dass Kommunikation nicht aufh\u00f6rt, wenn alle L\u00e4den schlie\u00dfen. Schon der gute Palo Alto Emigrant Paul Watzlawick sagte: \u201eMan kann nicht nicht kommunizieren.\u201c\n<\/p>\n<p>Doch auch wenn die so arbeitsteilige und globalisierte Welt von heute bis in alle Winkel vernetzt ist, hei\u00dft das noch lange nicht, dass die Kommunikation in ihr funktioniert. Schmerzlich bewusst wird das auf allen Ebenen, egal nun ob es um die fehlende Koordination und Solidarit\u00e4t zwischen den EU-Staaten bei der Verteilung der Lasten geht oder um die br\u00f6ckelnde Pflege und Nachschau in Altersheimen, in denen Menschen unbemerkt von den Kameras der \u00d6ffentlichkeit allein gelassen sterben. Gute Kommunikation ist Beziehungsarbeit, bis hinein ins Sterbezimmer.\n<\/p>\n<p><strong>Kommunikation als Lebenselixier <\/strong> <\/p>\n<p>Wer miteinander spricht und guten Willens ist, wird gemeinsame L\u00f6sungen und damit Auswege aus jeder noch so schwierigen Situation finden. Wer die Kan\u00e4le nach au\u00dfen offen h\u00e4lt und sozial wie wirtschaftlich kooperativ agiert, rettet Leben ebenso wie das \u00dcberleben von Organisationen. Nichts w\u00e4re also schlimmer als sich einzuigeln oder totzustellen. Die Kontaktnahme, Transparenz und Verf\u00fcgbarkeit f\u00fcr Kunden und Lieferanten, Investoren und Partner ist so wichtig wie die \u2013 derzeit phasenweise unterbrochene \u2013Sauerstoffzufuhr f\u00fcr den Organismus. Aber wie geht das?\n<\/p>\n<p><strong>Protokollieren der Ereignisse<\/strong> <\/p>\n<p>In der Ruhe liegt die Kraft. Strategische Performance ist immer eine Kombination von besonnener Planung und guter Kommunikation. Bei allem Geschrei und Durcheinander der betroffenen \u00d6ffentlichkeit ist jetzt darauf zu achten, dass man sich NICHT von negativen Emotionen anstecken l\u00e4sst. Besser einmal zur\u00fccklehnen und durchatmen, sich sammeln und einen \u00dcberblick \u00fcber die aktuelle Lage f\u00fcr sich und seine Organisation verschaffen. Schon hier zeigt sich, wie abh\u00e4ngig man dabei von zuverl\u00e4ssigen Personen ist \u2013 egal ob Mitarbeiter, Gesch\u00e4ftspartner oder Kunden.\n<\/p>\n<p>Jetzt schl\u00e4gt die Stunde der \u201eBuchhalter\u201c: Denn nur wer gut dokumentiert, kann sp\u00e4ter glaubw\u00fcrdig argumentieren. Dies kann eine einfache Excelliste mit Datum, Uhrzeit und Bemerkungsfeld sein, in der jeder Kontakt, jedes Ereignis und m\u00f6gliche Sch\u00e4den notiert werden. Egal ob man das selbst macht oder delegiert, das Protokoll der Ereignisse ist ein zentrales Element, mit dem man jederzeit die Informationslage zu einem bestimmten Zeitpunkt nachvollziehen kann. Und das k\u00f6nnte noch sehr n\u00fctzlich sein f\u00fcr m\u00f6gliche sp\u00e4tere juristische Auseinandersetzungen.\n<\/p>\n<p>Das gilt auch f\u00fcr die laufende Berichterstattung in den Medien, die in das \u201eTagebuch der Krise\u201c Eingang finden sollte. Der aktuelle Informationsstand der medialen \u00d6ffentlichkeit beeinflusst schlie\u00dflich auch den Informationstand in der eigenen Organisation. Medien Monitoring hilft dabei, sich ein besseres Bild \u00fcber die jeweilige Situation zu machen und zu erfahren, welche Informationen f\u00fcr die eigenen Ziele wirklich wichtig sind. Aber Achtung: Falsche Ger\u00fcchte und Fake News k\u00f6nnen da einen Strich durch die Rechnung machen. Wer mit falschen Fakten operiert, wird schnell unglaubw\u00fcrdig.\n<\/p>\n<p><strong>Auf die Sprache achten<\/strong> <\/p>\n<p>Es hei\u00dft zwar, Angriff sei die beste Verteidigung. In der \u00f6ffentlichen Debatte, zumal in Politik und Wirtschaft, kann diese Strategie allerdings schnell nach hinten losgehen. Denn hier z\u00e4hlt die Einsicht und Demut vor h\u00f6herer Gewalt, die Gunst der Massen, die Sympathie und Glaubw\u00fcrdigkeit. Hier geht es darum, W\u00e4hlerstimmen, Kundeninteresse und positive Produktbewertungen zu gewinnen. Und jede bulldozerhaft vorgetragene Spekulation, jeder sichtbare Schwenk um 180 Grad und jede Schuldzuweisung kann da nur den eigenen Umfaller beschleunigen.\n<\/p>\n<p>Egal aber ob nach innen oder au\u00dfen, kluge Wortwahl und bed\u00e4chtige Sprache, nicht Aktionismus und Schuldzuweisungen sind in der Krise entscheidend f\u00fcr Kompetenz und Glaubw\u00fcrdigkeit im Auftritt. In der Netflix-Serie \u201eThe Crown\u201c konnte man dar\u00fcber staunen, wie gewissenhaft sich ein selbst so abgebr\u00fchter PR-Profi wie Premier Winston Churchill auf seine \u00f6ffentlichen Auftritte vorbereitet hat \u2013 um jede einzelne Formulierung ringend, bewusst alle m\u00f6glichen Folgen absch\u00e4tzend.\n<\/p>\n<p>Wer sich daf\u00fcr Zeit nimmt und die Regeln beachtet, wird am Ende belohnt \u2013 selbst in so schwierigen Zeiten wie der Corona-Krise.\n<\/p>\n<p><em>Dr. Wilfried Seywald ist Journalist, Medien- und PR-Berater in Wien mit viel Erfahrung in Krisenkommunikation. Seit 2015 organisiert er die Europ\u00e4ischen Toleranzgespr\u00e4che <br \/> im K\u00e4rntner Bergdorf Fresach. <\/em><\/p>\n<\/article>\n","protected":false},"excerpt":{"rendered":"<p>Einigeln oder zum Angriff \u00fcbergehen? 02.04.2020 Wien \u2013 Jeder kennt diese angeborenen Reflexe \u2013\u00a0sind Leib und Leben bedroht, stellt man sich tot oder igelt sich ein. In Kriegszeiten \u00fcberleben gerade jene, die eben nicht den Helden spielen wollen und vielmehr perfekte Strategien entwickeln, den H\u00e4schern zu entwischen. Aber was, wenn der Feind als Virus erscheint?&hellip;<\/p>\n","protected":false},"author":2,"featured_media":9895,"comment_status":"closed","ping_status":"closed","sticky":false,"template":"","format":"standard","meta":{"footnotes":""},"categories":[3],"tags":[],"class_list":["post-9896","post","type-post","status-publish","format-standard","has-post-thumbnail","hentry","category-news","category-3","description-off"],"yoast_head":"<!-- This site is optimized with the Yoast SEO plugin v26.3 - https:\/\/yoast.com\/wordpress\/plugins\/seo\/ -->\n<title>Kommunikation in Krisenzeiten - Temmel | Seywald - Corporate Communications<\/title>\n<meta name=\"robots\" content=\"index, follow, max-snippet:-1, max-image-preview:large, max-video-preview:-1\" \/>\n<link rel=\"canonical\" href=\"https:\/\/www.tsp.at\/en\/2020\/04\/02\/kommunikation-in-krisenzeiten\/\" \/>\n<meta property=\"og:locale\" content=\"en_US\" \/>\n<meta property=\"og:type\" content=\"article\" \/>\n<meta property=\"og:title\" content=\"Kommunikation in Krisenzeiten - Temmel | Seywald - Corporate Communications\" \/>\n<meta property=\"og:description\" content=\"Einigeln oder zum Angriff \u00fcbergehen? 02.04.2020 Wien \u2013 Jeder kennt diese angeborenen Reflexe \u2013\u00a0sind Leib und Leben bedroht, stellt man sich tot oder igelt sich ein. In Kriegszeiten \u00fcberleben gerade jene, die eben nicht den Helden spielen wollen und vielmehr perfekte Strategien entwickeln, den H\u00e4schern zu entwischen. Aber was, wenn der Feind als Virus erscheint?&hellip;\" \/>\n<meta property=\"og:url\" content=\"https:\/\/www.tsp.at\/en\/2020\/04\/02\/kommunikation-in-krisenzeiten\/\" \/>\n<meta property=\"og:site_name\" content=\"Temmel | Seywald - Corporate Communications\" \/>\n<meta property=\"article:publisher\" content=\"https:\/\/www.facebook.com\/TemmelSeywald\" \/>\n<meta property=\"article:published_time\" content=\"2020-04-02T13:56:00+00:00\" \/>\n<meta property=\"article:modified_time\" content=\"2025-10-21T12:52:31+00:00\" \/>\n<meta property=\"og:image\" content=\"https:\/\/www.tsp.at\/wp-content\/uploads\/2025\/10\/TuS-141-scaled.jpg\" \/>\n\t<meta property=\"og:image:width\" content=\"2560\" \/>\n\t<meta property=\"og:image:height\" content=\"1709\" \/>\n\t<meta property=\"og:image:type\" content=\"image\/jpeg\" \/>\n<meta name=\"author\" content=\"TSP Redaktion\" \/>\n<meta name=\"twitter:card\" content=\"summary_large_image\" \/>\n<meta name=\"twitter:label1\" content=\"Written by\" \/>\n\t<meta name=\"twitter:data1\" content=\"TSP Redaktion\" \/>\n\t<meta name=\"twitter:label2\" content=\"Est. reading time\" \/>\n\t<meta name=\"twitter:data2\" content=\"6 minutes\" \/>\n<script type=\"application\/ld+json\" class=\"yoast-schema-graph\">{\"@context\":\"https:\/\/schema.org\",\"@graph\":[{\"@type\":\"Article\",\"@id\":\"https:\/\/www.tsp.at\/en\/2020\/04\/02\/kommunikation-in-krisenzeiten\/#article\",\"isPartOf\":{\"@id\":\"https:\/\/www.tsp.at\/en\/2020\/04\/02\/kommunikation-in-krisenzeiten\/\"},\"author\":{\"name\":\"TSP Redaktion\",\"@id\":\"https:\/\/www.tsp.at\/en\/#\/schema\/person\/1ba5600c29da17b902b0925cea567f8a\"},\"headline\":\"Kommunikation in Krisenzeiten\",\"datePublished\":\"2020-04-02T13:56:00+00:00\",\"dateModified\":\"2025-10-21T12:52:31+00:00\",\"mainEntityOfPage\":{\"@id\":\"https:\/\/www.tsp.at\/en\/2020\/04\/02\/kommunikation-in-krisenzeiten\/\"},\"wordCount\":950,\"publisher\":{\"@id\":\"https:\/\/www.tsp.at\/en\/#organization\"},\"image\":{\"@id\":\"https:\/\/www.tsp.at\/en\/2020\/04\/02\/kommunikation-in-krisenzeiten\/#primaryimage\"},\"thumbnailUrl\":\"https:\/\/www.tsp.at\/wp-content\/uploads\/2025\/10\/TuS-141-scaled.jpg\",\"articleSection\":[\"News\"],\"inLanguage\":\"en-US\"},{\"@type\":\"WebPage\",\"@id\":\"https:\/\/www.tsp.at\/en\/2020\/04\/02\/kommunikation-in-krisenzeiten\/\",\"url\":\"https:\/\/www.tsp.at\/en\/2020\/04\/02\/kommunikation-in-krisenzeiten\/\",\"name\":\"Kommunikation in Krisenzeiten - Temmel | Seywald - Corporate Communications\",\"isPartOf\":{\"@id\":\"https:\/\/www.tsp.at\/en\/#website\"},\"primaryImageOfPage\":{\"@id\":\"https:\/\/www.tsp.at\/en\/2020\/04\/02\/kommunikation-in-krisenzeiten\/#primaryimage\"},\"image\":{\"@id\":\"https:\/\/www.tsp.at\/en\/2020\/04\/02\/kommunikation-in-krisenzeiten\/#primaryimage\"},\"thumbnailUrl\":\"https:\/\/www.tsp.at\/wp-content\/uploads\/2025\/10\/TuS-141-scaled.jpg\",\"datePublished\":\"2020-04-02T13:56:00+00:00\",\"dateModified\":\"2025-10-21T12:52:31+00:00\",\"breadcrumb\":{\"@id\":\"https:\/\/www.tsp.at\/en\/2020\/04\/02\/kommunikation-in-krisenzeiten\/#breadcrumb\"},\"inLanguage\":\"en-US\",\"potentialAction\":[{\"@type\":\"ReadAction\",\"target\":[\"https:\/\/www.tsp.at\/en\/2020\/04\/02\/kommunikation-in-krisenzeiten\/\"]}]},{\"@type\":\"ImageObject\",\"inLanguage\":\"en-US\",\"@id\":\"https:\/\/www.tsp.at\/en\/2020\/04\/02\/kommunikation-in-krisenzeiten\/#primaryimage\",\"url\":\"https:\/\/www.tsp.at\/wp-content\/uploads\/2025\/10\/TuS-141-scaled.jpg\",\"contentUrl\":\"https:\/\/www.tsp.at\/wp-content\/uploads\/2025\/10\/TuS-141-scaled.jpg\",\"width\":2560,\"height\":1709},{\"@type\":\"BreadcrumbList\",\"@id\":\"https:\/\/www.tsp.at\/en\/2020\/04\/02\/kommunikation-in-krisenzeiten\/#breadcrumb\",\"itemListElement\":[{\"@type\":\"ListItem\",\"position\":1,\"name\":\"Startseite\",\"item\":\"https:\/\/www.tsp.at\/en\/\"},{\"@type\":\"ListItem\",\"position\":2,\"name\":\"Kommunikation in Krisenzeiten\"}]},{\"@type\":\"WebSite\",\"@id\":\"https:\/\/www.tsp.at\/en\/#website\",\"url\":\"https:\/\/www.tsp.at\/en\/\",\"name\":\"Temmel | Seywald - Corporate Communications\",\"description\":\"Kommunikation ist Beziehungsarbeit\",\"publisher\":{\"@id\":\"https:\/\/www.tsp.at\/en\/#organization\"},\"potentialAction\":[{\"@type\":\"SearchAction\",\"target\":{\"@type\":\"EntryPoint\",\"urlTemplate\":\"https:\/\/www.tsp.at\/en\/?s={search_term_string}\"},\"query-input\":{\"@type\":\"PropertyValueSpecification\",\"valueRequired\":true,\"valueName\":\"search_term_string\"}}],\"inLanguage\":\"en-US\"},{\"@type\":\"Organization\",\"@id\":\"https:\/\/www.tsp.at\/en\/#organization\",\"name\":\"Temmel, Seywald & Partner Communications GesmbH\",\"alternateName\":\"TSP\",\"url\":\"https:\/\/www.tsp.at\/en\/\",\"logo\":{\"@type\":\"ImageObject\",\"inLanguage\":\"en-US\",\"@id\":\"https:\/\/www.tsp.at\/en\/#\/schema\/logo\/image\/\",\"url\":\"https:\/\/www.tsp.at\/wp-content\/uploads\/2025\/10\/favicontsp.png\",\"contentUrl\":\"https:\/\/www.tsp.at\/wp-content\/uploads\/2025\/10\/favicontsp.png\",\"width\":125,\"height\":125,\"caption\":\"Temmel, Seywald & Partner Communications GesmbH\"},\"image\":{\"@id\":\"https:\/\/www.tsp.at\/en\/#\/schema\/logo\/image\/\"},\"sameAs\":[\"https:\/\/www.facebook.com\/TemmelSeywald\"]},{\"@type\":\"Person\",\"@id\":\"https:\/\/www.tsp.at\/en\/#\/schema\/person\/1ba5600c29da17b902b0925cea567f8a\",\"name\":\"TSP Redaktion\"}]}<\/script>\n<!-- \/ Yoast SEO plugin. -->","yoast_head_json":{"title":"Kommunikation in Krisenzeiten - Temmel | Seywald - Corporate Communications","robots":{"index":"index","follow":"follow","max-snippet":"max-snippet:-1","max-image-preview":"max-image-preview:large","max-video-preview":"max-video-preview:-1"},"canonical":"https:\/\/www.tsp.at\/en\/2020\/04\/02\/kommunikation-in-krisenzeiten\/","og_locale":"en_US","og_type":"article","og_title":"Kommunikation in Krisenzeiten - Temmel | Seywald - Corporate Communications","og_description":"Einigeln oder zum Angriff \u00fcbergehen? 02.04.2020 Wien \u2013 Jeder kennt diese angeborenen Reflexe \u2013\u00a0sind Leib und Leben bedroht, stellt man sich tot oder igelt sich ein. In Kriegszeiten \u00fcberleben gerade jene, die eben nicht den Helden spielen wollen und vielmehr perfekte Strategien entwickeln, den H\u00e4schern zu entwischen. Aber was, wenn der Feind als Virus erscheint?&hellip;","og_url":"https:\/\/www.tsp.at\/en\/2020\/04\/02\/kommunikation-in-krisenzeiten\/","og_site_name":"Temmel | Seywald - Corporate Communications","article_publisher":"https:\/\/www.facebook.com\/TemmelSeywald","article_published_time":"2020-04-02T13:56:00+00:00","article_modified_time":"2025-10-21T12:52:31+00:00","og_image":[{"width":2560,"height":1709,"url":"https:\/\/www.tsp.at\/wp-content\/uploads\/2025\/10\/TuS-141-scaled.jpg","type":"image\/jpeg"}],"author":"TSP Redaktion","twitter_card":"summary_large_image","twitter_misc":{"Written by":"TSP Redaktion","Est. reading time":"6 minutes"},"schema":{"@context":"https:\/\/schema.org","@graph":[{"@type":"Article","@id":"https:\/\/www.tsp.at\/en\/2020\/04\/02\/kommunikation-in-krisenzeiten\/#article","isPartOf":{"@id":"https:\/\/www.tsp.at\/en\/2020\/04\/02\/kommunikation-in-krisenzeiten\/"},"author":{"name":"TSP Redaktion","@id":"https:\/\/www.tsp.at\/en\/#\/schema\/person\/1ba5600c29da17b902b0925cea567f8a"},"headline":"Kommunikation in Krisenzeiten","datePublished":"2020-04-02T13:56:00+00:00","dateModified":"2025-10-21T12:52:31+00:00","mainEntityOfPage":{"@id":"https:\/\/www.tsp.at\/en\/2020\/04\/02\/kommunikation-in-krisenzeiten\/"},"wordCount":950,"publisher":{"@id":"https:\/\/www.tsp.at\/en\/#organization"},"image":{"@id":"https:\/\/www.tsp.at\/en\/2020\/04\/02\/kommunikation-in-krisenzeiten\/#primaryimage"},"thumbnailUrl":"https:\/\/www.tsp.at\/wp-content\/uploads\/2025\/10\/TuS-141-scaled.jpg","articleSection":["News"],"inLanguage":"en-US"},{"@type":"WebPage","@id":"https:\/\/www.tsp.at\/en\/2020\/04\/02\/kommunikation-in-krisenzeiten\/","url":"https:\/\/www.tsp.at\/en\/2020\/04\/02\/kommunikation-in-krisenzeiten\/","name":"Kommunikation in Krisenzeiten - Temmel | Seywald - Corporate Communications","isPartOf":{"@id":"https:\/\/www.tsp.at\/en\/#website"},"primaryImageOfPage":{"@id":"https:\/\/www.tsp.at\/en\/2020\/04\/02\/kommunikation-in-krisenzeiten\/#primaryimage"},"image":{"@id":"https:\/\/www.tsp.at\/en\/2020\/04\/02\/kommunikation-in-krisenzeiten\/#primaryimage"},"thumbnailUrl":"https:\/\/www.tsp.at\/wp-content\/uploads\/2025\/10\/TuS-141-scaled.jpg","datePublished":"2020-04-02T13:56:00+00:00","dateModified":"2025-10-21T12:52:31+00:00","breadcrumb":{"@id":"https:\/\/www.tsp.at\/en\/2020\/04\/02\/kommunikation-in-krisenzeiten\/#breadcrumb"},"inLanguage":"en-US","potentialAction":[{"@type":"ReadAction","target":["https:\/\/www.tsp.at\/en\/2020\/04\/02\/kommunikation-in-krisenzeiten\/"]}]},{"@type":"ImageObject","inLanguage":"en-US","@id":"https:\/\/www.tsp.at\/en\/2020\/04\/02\/kommunikation-in-krisenzeiten\/#primaryimage","url":"https:\/\/www.tsp.at\/wp-content\/uploads\/2025\/10\/TuS-141-scaled.jpg","contentUrl":"https:\/\/www.tsp.at\/wp-content\/uploads\/2025\/10\/TuS-141-scaled.jpg","width":2560,"height":1709},{"@type":"BreadcrumbList","@id":"https:\/\/www.tsp.at\/en\/2020\/04\/02\/kommunikation-in-krisenzeiten\/#breadcrumb","itemListElement":[{"@type":"ListItem","position":1,"name":"Startseite","item":"https:\/\/www.tsp.at\/en\/"},{"@type":"ListItem","position":2,"name":"Kommunikation in Krisenzeiten"}]},{"@type":"WebSite","@id":"https:\/\/www.tsp.at\/en\/#website","url":"https:\/\/www.tsp.at\/en\/","name":"Temmel | Seywald - Corporate Communications","description":"Kommunikation ist Beziehungsarbeit","publisher":{"@id":"https:\/\/www.tsp.at\/en\/#organization"},"potentialAction":[{"@type":"SearchAction","target":{"@type":"EntryPoint","urlTemplate":"https:\/\/www.tsp.at\/en\/?s={search_term_string}"},"query-input":{"@type":"PropertyValueSpecification","valueRequired":true,"valueName":"search_term_string"}}],"inLanguage":"en-US"},{"@type":"Organization","@id":"https:\/\/www.tsp.at\/en\/#organization","name":"Temmel, Seywald & Partner Communications GesmbH","alternateName":"TSP","url":"https:\/\/www.tsp.at\/en\/","logo":{"@type":"ImageObject","inLanguage":"en-US","@id":"https:\/\/www.tsp.at\/en\/#\/schema\/logo\/image\/","url":"https:\/\/www.tsp.at\/wp-content\/uploads\/2025\/10\/favicontsp.png","contentUrl":"https:\/\/www.tsp.at\/wp-content\/uploads\/2025\/10\/favicontsp.png","width":125,"height":125,"caption":"Temmel, Seywald & Partner Communications GesmbH"},"image":{"@id":"https:\/\/www.tsp.at\/en\/#\/schema\/logo\/image\/"},"sameAs":["https:\/\/www.facebook.com\/TemmelSeywald"]},{"@type":"Person","@id":"https:\/\/www.tsp.at\/en\/#\/schema\/person\/1ba5600c29da17b902b0925cea567f8a","name":"TSP Redaktion"}]}},"_links":{"self":[{"href":"https:\/\/www.tsp.at\/en\/wp-json\/wp\/v2\/posts\/9896","targetHints":{"allow":["GET"]}}],"collection":[{"href":"https:\/\/www.tsp.at\/en\/wp-json\/wp\/v2\/posts"}],"about":[{"href":"https:\/\/www.tsp.at\/en\/wp-json\/wp\/v2\/types\/post"}],"author":[{"embeddable":true,"href":"https:\/\/www.tsp.at\/en\/wp-json\/wp\/v2\/users\/2"}],"replies":[{"embeddable":true,"href":"https:\/\/www.tsp.at\/en\/wp-json\/wp\/v2\/comments?post=9896"}],"version-history":[{"count":1,"href":"https:\/\/www.tsp.at\/en\/wp-json\/wp\/v2\/posts\/9896\/revisions"}],"predecessor-version":[{"id":11357,"href":"https:\/\/www.tsp.at\/en\/wp-json\/wp\/v2\/posts\/9896\/revisions\/11357"}],"wp:featuredmedia":[{"embeddable":true,"href":"https:\/\/www.tsp.at\/en\/wp-json\/wp\/v2\/media\/9895"}],"wp:attachment":[{"href":"https:\/\/www.tsp.at\/en\/wp-json\/wp\/v2\/media?parent=9896"}],"wp:term":[{"taxonomy":"category","embeddable":true,"href":"https:\/\/www.tsp.at\/en\/wp-json\/wp\/v2\/categories?post=9896"},{"taxonomy":"post_tag","embeddable":true,"href":"https:\/\/www.tsp.at\/en\/wp-json\/wp\/v2\/tags?post=9896"}],"curies":[{"name":"wp","href":"https:\/\/api.w.org\/{rel}","templated":true}]}}