{"id":9909,"date":"2020-02-15T12:34:00","date_gmt":"2020-02-15T11:34:00","guid":{"rendered":"https:\/\/staging.tsp.at\/2020\/02\/15\/fresach-sucht-wege-aus-der-digitalen-sklaverei\/"},"modified":"2025-10-21T14:52:31","modified_gmt":"2025-10-21T12:52:31","slug":"fresach-sucht-wege-aus-der-digitalen-sklaverei","status":"publish","type":"post","link":"https:\/\/www.tsp.at\/en\/2020\/02\/15\/fresach-sucht-wege-aus-der-digitalen-sklaverei\/","title":{"rendered":"Fresach sucht Wege aus der digitalen Sklaverei"},"content":{"rendered":"<article class=\"item\">\n<h2><strong>Programm der Europ\u00e4ischen Toleranzgespr\u00e4che 2020 in Wien vorgestellt <\/strong><\/h2>\n<p>15.02.2020<\/p>\n<\/p>\n<\/p>\n<\/p>\n<\/p>\n<\/p>\n<p>Wien \u2013 <strong>Mit dem biblischen Exodus aus \u00c4gypten verkn\u00fcpften die Israeliten die Hoffnung auf ein besseres Leben in Frieden, Freiheit und Wohlstand. Auch die digitalisierte Gesellschaft sucht heute Auswege aus der profitgetriebenen Sklaverei &#8211; mit Umweltzerst\u00f6rung, Klimawandel und globalen Migrationsstr\u00f6men als Folgen. Welche Optionen Europa hat, das ergr\u00fcnden internationale Philosophen und Wissenschafter\/innen bei den 6. Europ\u00e4ischen Toleranzgespr\u00e4chen, die vom 27. bis 30. Mai im K\u00e4rntner Bergdorf Fresach stattfinden.<\/strong> <a href=\"http:\/\/www.fresach.org\" target=\"_blank\">http:\/\/www.fresach.org<\/a> <\/p>\n<p><strong>Erstmals Kuchl- &amp; Kamingespr\u00e4che<\/strong> <\/p>\n<p>&#8220;Exodus &#8211; Auszug aus dem Vertrauten&#8221; bzw. &#8220;Aufbruch in eine neue Freiheit&#8221; ist das Motto der Toleranzgespr\u00e4che 2020, und dass es in diesem Jahr wieder kontroversielle Gespr\u00e4che werden, daf\u00fcr sorgen \u00fcber 40 Autor\/innen, Wissenschafter\/innen, \u00d6konomen, Trendforscher, Dichter und Denker, die in der Woche vor Pfingsten in K\u00e4rnten erwartet werden. Das Programm besteht aus einem Jugendforum und einem internationalen Tourismusforum in Villach (27. Mai), dem Toleranzforum mit B\u00fcrgerdialog in Fresach (28. Mai) und dem Wirtschaftsforum (29. Mai) sowie erstmals Kuchl- und Kamingespr\u00e4chen, die zur Vertiefung von Gedanken und dem besseren Kennenlernen von Experten beitragen sollen.\n<\/p>\n<p>&#8220;Die Gespr\u00e4che im Forum und in den teilnehmenden H\u00e4usern sollen Mut machen, die Wanderungen zum Denken anregen. Wir werden uns mit der Frage auseinandersetzen, was Europa dazu beitragen kann, um die umweltbedingten und sozialen Herausforderungen der Zukunft zu bew\u00e4ltigen&#8221;, erkl\u00e4rte der Pr\u00e4sident des Kuratoriums der Europ\u00e4ischen Toleranzgespr\u00e4che, Hannes Swoboda, bei der Programmvorstellung am Donnerstag abend in der Oberbank Wien. Gemeinsam mit seinen Mitstreitern beschw\u00f6rte Swoboda die Kraft der Innovation und den Willen zur positiven Ver\u00e4nderung und Diversit\u00e4t, durch die gerade Europa in der Vergangenheit Gro\u00dfes bewirkt habe.\n<\/p>\n<p><strong>Chance f\u00fcr radikales Umdenken<\/strong> <\/p>\n<p>Laut Swoboda werden zwei ganz gro\u00dfe Themenkomplexe Politik und Gesellschaft, Europa und seine Mitgliedstaaten in den n\u00e4chsten Jahren besch\u00e4ftigen &#8211; Klimawandel und Migration. Beide bergen ausreichend Sprengstoff f\u00fcr neue Konflikte, aber auch unglaubliche Chancen f\u00fcr ein radikales Umdenken unserer auf Industrie und Wohlstand aufgebauten Gesellschaft. Da sind neue Ideen, Konzepte und politische Ans\u00e4tze gefragt. &#8220;Solche brauchen wir f\u00fcr die Neugestaltung Europas, aber auch f\u00fcr unsere Beziehungen zu jenen Nachbarn, die von Ausbeutung und Krieg betroffen sind&#8221;, sagte Swoboda.\n<\/p>\n<p>Das Motiv der Europ\u00e4ischen Toleranzgespr\u00e4che 2020 &#8211; der Exodus &#8211; sei dabei als Chance und Wahlm\u00f6glichkeit zu verstehen, gab der ehemalige Europaparlamentsabgeordnete und Listenf\u00fchrer der Sozialdemokraten zu bedenken. &#8220;Der Auszug aus \u00c4gypten war f\u00fcr Israeliten ja ein Absch\u00fctteln der Sklaverei und ein Aufbruch in eine neue Zukunft. Genau das ist f\u00fcr uns, f\u00fcr Europa, f\u00fcr die demokratische Welt ein st\u00e4ndiger Auftrag, denn nichts ist schlimmer als das Verharren und Erstarren in alten Konventionen.&#8221;\n<\/p>\n<p><strong>Ernst Ulrich von Weizs\u00e4cker er\u00f6ffnet<\/strong> <\/p>\n<p>F\u00fcr die #ETG20 haben die Organisatoren eine Reihe herausragender Pers\u00f6nlichkeiten gewonnen. Die Er\u00f6ffnungsrede h\u00e4lt der Umweltwissenschafter und Club of Rome Ehrenpr\u00e4sident Ernst Ulrich von Weizs\u00e4cker. Die Industrie wird durch Magna Europe Chef G\u00fcnther Apfalter vertreten sein, die Trendforschung und Managementberatung durch Patrick D. Cowden, Stefan Bergsmann und Herbert Unterk\u00f6fler. Die Tourismuswirtschaft wird von Reisephilosoph Klaus Kufeld und Evolutionsbiologin Elisabeth Oberzaucher Tips erhalten, die beinamputierte Extremsportlerin Christina Wechsel wird insbesondere Frauen und Jugend auf der Suche nach &#8220;Future without Limits&#8221; ansprechen.\n<\/p>\n<p>F\u00fcr die Politik- und Wirtschaftsforschung werden Kathrin Stainer-H\u00e4mmerle (FH K\u00e4rnten) und Margit Schratzenstaller-Altzinger (Ex-Wifo) in Fresach vertreten sein, f\u00fcr die Bankenszene BKS-Vorstandsvorsitzende Hertha Stockbauer, f\u00fcr die Regionalentwicklung Raumforscherin Gerlind Weber und der Agrarwirtschaftler Rainer Langosch von der Hochschule Neubrandenburg.\n<\/p>\n<p>Die Literaturszene wird durch zahlreiche Jungautor\/innen vertreten sein, die sich im Rahmen des Poetry Festivals (29.5.) vor dem Publikum messen werden. Mit dem PEN-Club Austria, Partner und Mitstreiter seit Beginn der Europ\u00e4ischen Toleranzgespr\u00e4che, kommen u.a. Jungverleger Albert C. Eibl, die Lateinamerika-Spezialistin Erna Pfeiffer, die Sozialanthropologin Ingrid Thurner, die Theaterautorinnen Sophie Reyer, Nathalie Rouanet und die Journalistinnen Henriette Schroeder und Clementine Skorpil zu Wort, au\u00dferdem der Psychotherapeut Wolfgang Martin Roth und der Autor Mario Keszner.\n<\/p>\n<p><strong>Erleuchtung vor Pfingsten<\/strong> <\/p>\n<p>Die Toleranzgespr\u00e4che finden in der Pfingstwoche statt. Der erste Tag (27.5.) wird dabei mit zwei Veranstaltungen erstmals in der Fachhochschule Villach (Europastra\u00dfe 4) bestritten. Das Jugendforum wird sich u.a. mit der neuen Umweltbewegung &#8220;Fridays for Future&#8221; befassen, das Tourismusforum mit der unwiderstehlichen &#8220;Utopie des Reisens&#8221; und der zerst\u00f6rerischen &#8220;Natur des Menschen&#8221;.\n<\/p>\n<p>Das Generalthema &#8220;Exodus &#8211; Auszug aus dem Vertrauen&#8221; wird am zweiten Tag (28.5.) mit Referaten, Diskussionen und Panels im Toleranzmuseum Fresach aufgearbeitet. Der B\u00fcrgerdialog auf dem Museumsplatz soll Erkenntnisse dazu liefern, wie man &#8220;Vom Verzicht zum Gewinn&#8221; kommt. Lesungen, ein Konzert und eine Sonderausstellung zu Mythos Exodus runden den zweiten Tag ab.\n<\/p>\n<p>Das Wirtschaftsforum am dritten Tag (29.5.) geht der Frage nach, wie wir Klima, Wandel und CO2-Handel bew\u00e4ltigen und wie sich die Autoindustrie neu erfindet. Nach einer Wanderung zu Mittag geht es am Nachmittag um gerechte Steuern, die Zukunft der Landwirtschaft und den Umgang mit Verlust und Niederlagen.\n<\/p>\n<p>Die 6. Europ\u00e4ischen Toleranzgespr\u00e4che 2020 werden von zahlreichen F\u00f6rderern, Organisationen und Institutionen unterst\u00fctzt, u.a. Stadt und Tourismusverband Villach, Land K\u00e4rnten, Au\u00dfenministerium, Bundeskanzleramt und Europ\u00e4ische Union. Zur Realisierung des Programms ist der Denk.Raum.Fresach auf Zuwendungen, Firmenpartnerschaften und Mitgliedschaften angewiesen. Vereins- und Spendenkonto: Raiffeisenbank Landskron: IBAN AT14 3938 1000 0006 2836.\n<\/p>\n<p><strong>Weitere Informationen:<\/strong> <a href=\"http:\/\/www.fresach.org\" target=\"_blank\">http:\/\/www.fresach.org<\/a> | Fotos: <a href=\"http:\/\/www.fotodienst.at\" target=\"_blank\">http:\/\/www.fotodienst.at<\/a> <\/p>\n<p><strong>Pressekontakt:<\/strong> Dr. Wilfried Seywald | E-Mail: presse@fresach.org | Tel.: 0699-18114006<\/p>\n<\/article>\n","protected":false},"excerpt":{"rendered":"<p>Programm der Europ\u00e4ischen Toleranzgespr\u00e4che 2020 in Wien vorgestellt 15.02.2020 Wien \u2013 Mit dem biblischen Exodus aus \u00c4gypten verkn\u00fcpften die Israeliten die Hoffnung auf ein besseres Leben in Frieden, Freiheit und Wohlstand. Auch die digitalisierte Gesellschaft sucht heute Auswege aus der profitgetriebenen Sklaverei &#8211; mit Umweltzerst\u00f6rung, Klimawandel und globalen Migrationsstr\u00f6men als Folgen. Welche Optionen Europa hat,&hellip;<\/p>\n","protected":false},"author":2,"featured_media":9908,"comment_status":"closed","ping_status":"closed","sticky":false,"template":"","format":"standard","meta":{"footnotes":""},"categories":[3],"tags":[],"class_list":["post-9909","post","type-post","status-publish","format-standard","has-post-thumbnail","hentry","category-news","category-3","description-off"],"yoast_head":"<!-- This site is optimized with the Yoast SEO plugin v26.3 - https:\/\/yoast.com\/wordpress\/plugins\/seo\/ -->\n<title>Fresach sucht Wege aus der digitalen Sklaverei - Temmel | Seywald - Corporate Communications<\/title>\n<meta name=\"robots\" content=\"index, follow, max-snippet:-1, max-image-preview:large, max-video-preview:-1\" \/>\n<link rel=\"canonical\" href=\"https:\/\/www.tsp.at\/en\/2020\/02\/15\/fresach-sucht-wege-aus-der-digitalen-sklaverei\/\" \/>\n<meta property=\"og:locale\" content=\"en_US\" \/>\n<meta property=\"og:type\" content=\"article\" \/>\n<meta property=\"og:title\" content=\"Fresach sucht Wege aus der digitalen Sklaverei - Temmel | Seywald - Corporate Communications\" \/>\n<meta property=\"og:description\" content=\"Programm der Europ\u00e4ischen Toleranzgespr\u00e4che 2020 in Wien vorgestellt 15.02.2020 Wien \u2013 Mit dem biblischen Exodus aus \u00c4gypten verkn\u00fcpften die Israeliten die Hoffnung auf ein besseres Leben in Frieden, Freiheit und Wohlstand. Auch die digitalisierte Gesellschaft sucht heute Auswege aus der profitgetriebenen Sklaverei &#8211; mit Umweltzerst\u00f6rung, Klimawandel und globalen Migrationsstr\u00f6men als Folgen. Welche Optionen Europa hat,&hellip;\" \/>\n<meta property=\"og:url\" content=\"https:\/\/www.tsp.at\/en\/2020\/02\/15\/fresach-sucht-wege-aus-der-digitalen-sklaverei\/\" \/>\n<meta property=\"og:site_name\" content=\"Temmel | Seywald - Corporate Communications\" \/>\n<meta property=\"article:publisher\" content=\"https:\/\/www.facebook.com\/TemmelSeywald\" \/>\n<meta property=\"article:published_time\" content=\"2020-02-15T11:34:00+00:00\" \/>\n<meta property=\"article:modified_time\" content=\"2025-10-21T12:52:31+00:00\" \/>\n<meta property=\"og:image\" content=\"https:\/\/www.tsp.at\/wp-content\/uploads\/2025\/10\/N08A9057-scaled.jpg\" \/>\n\t<meta property=\"og:image:width\" content=\"2560\" \/>\n\t<meta property=\"og:image:height\" content=\"1707\" \/>\n\t<meta property=\"og:image:type\" content=\"image\/jpeg\" \/>\n<meta name=\"author\" content=\"TSP Redaktion\" \/>\n<meta name=\"twitter:card\" content=\"summary_large_image\" \/>\n<meta name=\"twitter:label1\" content=\"Written by\" \/>\n\t<meta name=\"twitter:data1\" content=\"TSP Redaktion\" \/>\n\t<meta name=\"twitter:label2\" content=\"Est. reading time\" \/>\n\t<meta name=\"twitter:data2\" content=\"5 minutes\" \/>\n<script type=\"application\/ld+json\" class=\"yoast-schema-graph\">{\"@context\":\"https:\/\/schema.org\",\"@graph\":[{\"@type\":\"Article\",\"@id\":\"https:\/\/www.tsp.at\/en\/2020\/02\/15\/fresach-sucht-wege-aus-der-digitalen-sklaverei\/#article\",\"isPartOf\":{\"@id\":\"https:\/\/www.tsp.at\/en\/2020\/02\/15\/fresach-sucht-wege-aus-der-digitalen-sklaverei\/\"},\"author\":{\"name\":\"TSP Redaktion\",\"@id\":\"https:\/\/www.tsp.at\/en\/#\/schema\/person\/1ba5600c29da17b902b0925cea567f8a\"},\"headline\":\"Fresach sucht Wege aus der digitalen Sklaverei\",\"datePublished\":\"2020-02-15T11:34:00+00:00\",\"dateModified\":\"2025-10-21T12:52:31+00:00\",\"mainEntityOfPage\":{\"@id\":\"https:\/\/www.tsp.at\/en\/2020\/02\/15\/fresach-sucht-wege-aus-der-digitalen-sklaverei\/\"},\"wordCount\":912,\"publisher\":{\"@id\":\"https:\/\/www.tsp.at\/en\/#organization\"},\"image\":{\"@id\":\"https:\/\/www.tsp.at\/en\/2020\/02\/15\/fresach-sucht-wege-aus-der-digitalen-sklaverei\/#primaryimage\"},\"thumbnailUrl\":\"https:\/\/www.tsp.at\/wp-content\/uploads\/2025\/10\/N08A9057-scaled.jpg\",\"articleSection\":[\"News\"],\"inLanguage\":\"en-US\"},{\"@type\":\"WebPage\",\"@id\":\"https:\/\/www.tsp.at\/en\/2020\/02\/15\/fresach-sucht-wege-aus-der-digitalen-sklaverei\/\",\"url\":\"https:\/\/www.tsp.at\/en\/2020\/02\/15\/fresach-sucht-wege-aus-der-digitalen-sklaverei\/\",\"name\":\"Fresach sucht Wege aus der digitalen Sklaverei - Temmel | Seywald - Corporate Communications\",\"isPartOf\":{\"@id\":\"https:\/\/www.tsp.at\/en\/#website\"},\"primaryImageOfPage\":{\"@id\":\"https:\/\/www.tsp.at\/en\/2020\/02\/15\/fresach-sucht-wege-aus-der-digitalen-sklaverei\/#primaryimage\"},\"image\":{\"@id\":\"https:\/\/www.tsp.at\/en\/2020\/02\/15\/fresach-sucht-wege-aus-der-digitalen-sklaverei\/#primaryimage\"},\"thumbnailUrl\":\"https:\/\/www.tsp.at\/wp-content\/uploads\/2025\/10\/N08A9057-scaled.jpg\",\"datePublished\":\"2020-02-15T11:34:00+00:00\",\"dateModified\":\"2025-10-21T12:52:31+00:00\",\"breadcrumb\":{\"@id\":\"https:\/\/www.tsp.at\/en\/2020\/02\/15\/fresach-sucht-wege-aus-der-digitalen-sklaverei\/#breadcrumb\"},\"inLanguage\":\"en-US\",\"potentialAction\":[{\"@type\":\"ReadAction\",\"target\":[\"https:\/\/www.tsp.at\/en\/2020\/02\/15\/fresach-sucht-wege-aus-der-digitalen-sklaverei\/\"]}]},{\"@type\":\"ImageObject\",\"inLanguage\":\"en-US\",\"@id\":\"https:\/\/www.tsp.at\/en\/2020\/02\/15\/fresach-sucht-wege-aus-der-digitalen-sklaverei\/#primaryimage\",\"url\":\"https:\/\/www.tsp.at\/wp-content\/uploads\/2025\/10\/N08A9057-scaled.jpg\",\"contentUrl\":\"https:\/\/www.tsp.at\/wp-content\/uploads\/2025\/10\/N08A9057-scaled.jpg\",\"width\":2560,\"height\":1707,\"caption\":\"(c) www.fotodienst.at \/ Anna Rauchenberger \u2013 Wien, 13.02.2020 - Programmvorstellung: Europ\u00e4ische Toleranzgespr\u00e4che. FOTO: Dr. Hannes Swoboda, Pr\u00e4sident des Kuratoriums der Europ\u00e4ischen Toleranzgespr\u00e4che\"},{\"@type\":\"BreadcrumbList\",\"@id\":\"https:\/\/www.tsp.at\/en\/2020\/02\/15\/fresach-sucht-wege-aus-der-digitalen-sklaverei\/#breadcrumb\",\"itemListElement\":[{\"@type\":\"ListItem\",\"position\":1,\"name\":\"Startseite\",\"item\":\"https:\/\/www.tsp.at\/en\/\"},{\"@type\":\"ListItem\",\"position\":2,\"name\":\"Fresach sucht Wege aus der digitalen Sklaverei\"}]},{\"@type\":\"WebSite\",\"@id\":\"https:\/\/www.tsp.at\/en\/#website\",\"url\":\"https:\/\/www.tsp.at\/en\/\",\"name\":\"Temmel | Seywald - Corporate Communications\",\"description\":\"Kommunikation ist Beziehungsarbeit\",\"publisher\":{\"@id\":\"https:\/\/www.tsp.at\/en\/#organization\"},\"potentialAction\":[{\"@type\":\"SearchAction\",\"target\":{\"@type\":\"EntryPoint\",\"urlTemplate\":\"https:\/\/www.tsp.at\/en\/?s={search_term_string}\"},\"query-input\":{\"@type\":\"PropertyValueSpecification\",\"valueRequired\":true,\"valueName\":\"search_term_string\"}}],\"inLanguage\":\"en-US\"},{\"@type\":\"Organization\",\"@id\":\"https:\/\/www.tsp.at\/en\/#organization\",\"name\":\"Temmel, Seywald & Partner Communications GesmbH\",\"alternateName\":\"TSP\",\"url\":\"https:\/\/www.tsp.at\/en\/\",\"logo\":{\"@type\":\"ImageObject\",\"inLanguage\":\"en-US\",\"@id\":\"https:\/\/www.tsp.at\/en\/#\/schema\/logo\/image\/\",\"url\":\"https:\/\/www.tsp.at\/wp-content\/uploads\/2025\/10\/favicontsp.png\",\"contentUrl\":\"https:\/\/www.tsp.at\/wp-content\/uploads\/2025\/10\/favicontsp.png\",\"width\":125,\"height\":125,\"caption\":\"Temmel, Seywald & Partner Communications GesmbH\"},\"image\":{\"@id\":\"https:\/\/www.tsp.at\/en\/#\/schema\/logo\/image\/\"},\"sameAs\":[\"https:\/\/www.facebook.com\/TemmelSeywald\"]},{\"@type\":\"Person\",\"@id\":\"https:\/\/www.tsp.at\/en\/#\/schema\/person\/1ba5600c29da17b902b0925cea567f8a\",\"name\":\"TSP Redaktion\"}]}<\/script>\n<!-- \/ Yoast SEO plugin. -->","yoast_head_json":{"title":"Fresach sucht Wege aus der digitalen Sklaverei - Temmel | Seywald - Corporate Communications","robots":{"index":"index","follow":"follow","max-snippet":"max-snippet:-1","max-image-preview":"max-image-preview:large","max-video-preview":"max-video-preview:-1"},"canonical":"https:\/\/www.tsp.at\/en\/2020\/02\/15\/fresach-sucht-wege-aus-der-digitalen-sklaverei\/","og_locale":"en_US","og_type":"article","og_title":"Fresach sucht Wege aus der digitalen Sklaverei - Temmel | Seywald - Corporate Communications","og_description":"Programm der Europ\u00e4ischen Toleranzgespr\u00e4che 2020 in Wien vorgestellt 15.02.2020 Wien \u2013 Mit dem biblischen Exodus aus \u00c4gypten verkn\u00fcpften die Israeliten die Hoffnung auf ein besseres Leben in Frieden, Freiheit und Wohlstand. Auch die digitalisierte Gesellschaft sucht heute Auswege aus der profitgetriebenen Sklaverei &#8211; mit Umweltzerst\u00f6rung, Klimawandel und globalen Migrationsstr\u00f6men als Folgen. Welche Optionen Europa hat,&hellip;","og_url":"https:\/\/www.tsp.at\/en\/2020\/02\/15\/fresach-sucht-wege-aus-der-digitalen-sklaverei\/","og_site_name":"Temmel | Seywald - Corporate Communications","article_publisher":"https:\/\/www.facebook.com\/TemmelSeywald","article_published_time":"2020-02-15T11:34:00+00:00","article_modified_time":"2025-10-21T12:52:31+00:00","og_image":[{"width":2560,"height":1707,"url":"https:\/\/www.tsp.at\/wp-content\/uploads\/2025\/10\/N08A9057-scaled.jpg","type":"image\/jpeg"}],"author":"TSP Redaktion","twitter_card":"summary_large_image","twitter_misc":{"Written by":"TSP Redaktion","Est. reading time":"5 minutes"},"schema":{"@context":"https:\/\/schema.org","@graph":[{"@type":"Article","@id":"https:\/\/www.tsp.at\/en\/2020\/02\/15\/fresach-sucht-wege-aus-der-digitalen-sklaverei\/#article","isPartOf":{"@id":"https:\/\/www.tsp.at\/en\/2020\/02\/15\/fresach-sucht-wege-aus-der-digitalen-sklaverei\/"},"author":{"name":"TSP Redaktion","@id":"https:\/\/www.tsp.at\/en\/#\/schema\/person\/1ba5600c29da17b902b0925cea567f8a"},"headline":"Fresach sucht Wege aus der digitalen Sklaverei","datePublished":"2020-02-15T11:34:00+00:00","dateModified":"2025-10-21T12:52:31+00:00","mainEntityOfPage":{"@id":"https:\/\/www.tsp.at\/en\/2020\/02\/15\/fresach-sucht-wege-aus-der-digitalen-sklaverei\/"},"wordCount":912,"publisher":{"@id":"https:\/\/www.tsp.at\/en\/#organization"},"image":{"@id":"https:\/\/www.tsp.at\/en\/2020\/02\/15\/fresach-sucht-wege-aus-der-digitalen-sklaverei\/#primaryimage"},"thumbnailUrl":"https:\/\/www.tsp.at\/wp-content\/uploads\/2025\/10\/N08A9057-scaled.jpg","articleSection":["News"],"inLanguage":"en-US"},{"@type":"WebPage","@id":"https:\/\/www.tsp.at\/en\/2020\/02\/15\/fresach-sucht-wege-aus-der-digitalen-sklaverei\/","url":"https:\/\/www.tsp.at\/en\/2020\/02\/15\/fresach-sucht-wege-aus-der-digitalen-sklaverei\/","name":"Fresach sucht Wege aus der digitalen Sklaverei - Temmel | Seywald - Corporate Communications","isPartOf":{"@id":"https:\/\/www.tsp.at\/en\/#website"},"primaryImageOfPage":{"@id":"https:\/\/www.tsp.at\/en\/2020\/02\/15\/fresach-sucht-wege-aus-der-digitalen-sklaverei\/#primaryimage"},"image":{"@id":"https:\/\/www.tsp.at\/en\/2020\/02\/15\/fresach-sucht-wege-aus-der-digitalen-sklaverei\/#primaryimage"},"thumbnailUrl":"https:\/\/www.tsp.at\/wp-content\/uploads\/2025\/10\/N08A9057-scaled.jpg","datePublished":"2020-02-15T11:34:00+00:00","dateModified":"2025-10-21T12:52:31+00:00","breadcrumb":{"@id":"https:\/\/www.tsp.at\/en\/2020\/02\/15\/fresach-sucht-wege-aus-der-digitalen-sklaverei\/#breadcrumb"},"inLanguage":"en-US","potentialAction":[{"@type":"ReadAction","target":["https:\/\/www.tsp.at\/en\/2020\/02\/15\/fresach-sucht-wege-aus-der-digitalen-sklaverei\/"]}]},{"@type":"ImageObject","inLanguage":"en-US","@id":"https:\/\/www.tsp.at\/en\/2020\/02\/15\/fresach-sucht-wege-aus-der-digitalen-sklaverei\/#primaryimage","url":"https:\/\/www.tsp.at\/wp-content\/uploads\/2025\/10\/N08A9057-scaled.jpg","contentUrl":"https:\/\/www.tsp.at\/wp-content\/uploads\/2025\/10\/N08A9057-scaled.jpg","width":2560,"height":1707,"caption":"(c) www.fotodienst.at \/ Anna Rauchenberger \u2013 Wien, 13.02.2020 - Programmvorstellung: Europ\u00e4ische Toleranzgespr\u00e4che. FOTO: Dr. Hannes Swoboda, Pr\u00e4sident des Kuratoriums der Europ\u00e4ischen Toleranzgespr\u00e4che"},{"@type":"BreadcrumbList","@id":"https:\/\/www.tsp.at\/en\/2020\/02\/15\/fresach-sucht-wege-aus-der-digitalen-sklaverei\/#breadcrumb","itemListElement":[{"@type":"ListItem","position":1,"name":"Startseite","item":"https:\/\/www.tsp.at\/en\/"},{"@type":"ListItem","position":2,"name":"Fresach sucht Wege aus der digitalen Sklaverei"}]},{"@type":"WebSite","@id":"https:\/\/www.tsp.at\/en\/#website","url":"https:\/\/www.tsp.at\/en\/","name":"Temmel | Seywald - Corporate Communications","description":"Kommunikation ist Beziehungsarbeit","publisher":{"@id":"https:\/\/www.tsp.at\/en\/#organization"},"potentialAction":[{"@type":"SearchAction","target":{"@type":"EntryPoint","urlTemplate":"https:\/\/www.tsp.at\/en\/?s={search_term_string}"},"query-input":{"@type":"PropertyValueSpecification","valueRequired":true,"valueName":"search_term_string"}}],"inLanguage":"en-US"},{"@type":"Organization","@id":"https:\/\/www.tsp.at\/en\/#organization","name":"Temmel, Seywald & Partner Communications GesmbH","alternateName":"TSP","url":"https:\/\/www.tsp.at\/en\/","logo":{"@type":"ImageObject","inLanguage":"en-US","@id":"https:\/\/www.tsp.at\/en\/#\/schema\/logo\/image\/","url":"https:\/\/www.tsp.at\/wp-content\/uploads\/2025\/10\/favicontsp.png","contentUrl":"https:\/\/www.tsp.at\/wp-content\/uploads\/2025\/10\/favicontsp.png","width":125,"height":125,"caption":"Temmel, Seywald & Partner Communications GesmbH"},"image":{"@id":"https:\/\/www.tsp.at\/en\/#\/schema\/logo\/image\/"},"sameAs":["https:\/\/www.facebook.com\/TemmelSeywald"]},{"@type":"Person","@id":"https:\/\/www.tsp.at\/en\/#\/schema\/person\/1ba5600c29da17b902b0925cea567f8a","name":"TSP Redaktion"}]}},"_links":{"self":[{"href":"https:\/\/www.tsp.at\/en\/wp-json\/wp\/v2\/posts\/9909","targetHints":{"allow":["GET"]}}],"collection":[{"href":"https:\/\/www.tsp.at\/en\/wp-json\/wp\/v2\/posts"}],"about":[{"href":"https:\/\/www.tsp.at\/en\/wp-json\/wp\/v2\/types\/post"}],"author":[{"embeddable":true,"href":"https:\/\/www.tsp.at\/en\/wp-json\/wp\/v2\/users\/2"}],"replies":[{"embeddable":true,"href":"https:\/\/www.tsp.at\/en\/wp-json\/wp\/v2\/comments?post=9909"}],"version-history":[{"count":1,"href":"https:\/\/www.tsp.at\/en\/wp-json\/wp\/v2\/posts\/9909\/revisions"}],"predecessor-version":[{"id":11364,"href":"https:\/\/www.tsp.at\/en\/wp-json\/wp\/v2\/posts\/9909\/revisions\/11364"}],"wp:featuredmedia":[{"embeddable":true,"href":"https:\/\/www.tsp.at\/en\/wp-json\/wp\/v2\/media\/9908"}],"wp:attachment":[{"href":"https:\/\/www.tsp.at\/en\/wp-json\/wp\/v2\/media?parent=9909"}],"wp:term":[{"taxonomy":"category","embeddable":true,"href":"https:\/\/www.tsp.at\/en\/wp-json\/wp\/v2\/categories?post=9909"},{"taxonomy":"post_tag","embeddable":true,"href":"https:\/\/www.tsp.at\/en\/wp-json\/wp\/v2\/tags?post=9909"}],"curies":[{"name":"wp","href":"https:\/\/api.w.org\/{rel}","templated":true}]}}