{"id":9921,"date":"2019-11-22T16:30:00","date_gmt":"2019-11-22T15:30:00","guid":{"rendered":"https:\/\/staging.tsp.at\/2019\/11\/22\/100-jahre-viktor-kaplan-im-video\/"},"modified":"2025-10-21T14:52:32","modified_gmt":"2025-10-21T12:52:32","slug":"100-jahre-viktor-kaplan-im-video","status":"publish","type":"post","link":"https:\/\/www.tsp.at\/en\/2019\/11\/22\/100-jahre-viktor-kaplan-im-video\/","title":{"rendered":"100 Jahre Viktor Kaplan im Video"},"content":{"rendered":"<article class=\"item\">\n<h2><strong>Symposium zur Bedeutung der Kaplanturbine f\u00fcr die Stromwirtschaft<\/strong><\/h2>\n<p>22.11.2019<\/p>\n<\/p>\n<\/p>\n<\/p>\n<\/p>\n<\/p>\n<p>Wien \u2013 <strong>Im Wiener Palais Hansen Kempinski feierte die Viktor Kaplan Gesellschaft den 100. Jahrestag der Inbetriebnahme der ersten Kaplanturbine im nieder\u00f6sterreichischen Velm. \u00dcber 120 Teilnehmer\/innen aus Wissenschaft und Forschung, Anlagenbau und Energieerzeugung sowie der Enkelgeneration kamen, um die bahnbrechende Erfindung des genialen Maschinenbauingenieurs aus M\u00fcrzzuschlag in der Steiermark zu feiern. Sie sei unver\u00e4ndert aktuell, betonte der Grazer TU-Professor Helmut Jaberg.<\/strong> <a href=\"https:\/\/youtu.be\/yw26V214Zdw\" rel=\"nofollow\" target=\"_blank\">https:\/\/youtu.be\/yw26V214Zdw<\/a> <\/p>\n<p>Er\u00f6ffnet wurde die Veranstaltung mit einer Laudatio des Pr\u00e4sidenten und emeritierten Universit\u00e4tsprofessors G\u00fcnther Heigerth, der Vizepr\u00e4sidentin des \u00d6sterreichischen Patentamts, Andrea Scheichl, und der Vertreterin des Bundesministeriums f\u00fcr Nachhaltigkeit und Tourismus, Kathrin Renz. Sie alle betonten in ihren Beitr\u00e4gen die Bedeutung der Erfindung f\u00fcr die umweltfreundliche Energieerzeugung weltweit, aber auch als Vorbild f\u00fcr Generationen von Erfindern und Patentinhabern.\n<\/p>\n<p>Die folgenden Fachbeitr\u00e4ge behandelten die Meilensteine und H\u00fcrden auf dem Weg zur Erfindung und zur weltweiten Durchsetzung der Kaplanturbine in Gro\u00dfkraftwerken, die zur Industrialisierung und zum Wohlstand ganzer Regionen beigetragen haben. Dabei wurden ganz neue Aspekte zutage gef\u00f6rdert. Markus Schneeberger, Cheftechniker der Andritz Hydro GmbH, schw\u00e4rmte so etwa davon, dass die Kaplanturbine nicht nur der umweltfreundlichen Energiegewinnung diene, sondern auch das Risiko f\u00fcr wandernde Flussfische minimieren kann.\n<\/p>\n<p><strong>Turbinenkonzept unver\u00e4ndert aktuell &#8211; Bahnbrechende Innovationen brauchen Ausdauer<\/strong> <\/p>\n<p>Viktor Kaplan, der Erfinder der Kaplanturbine, gilt als Vater der Stromgewinnung aus Wasserkraft und Vorbild f\u00fcr Generationen von Maschinenbauern und Ingenieuren. Das Symposium zum 100. Jahrestag der weltweit ersten Kaplanturbine am 7. November 2019 ging der Frage nach, welche Schl\u00fcsselfaktoren es heute f\u00fcr bahnbrechende Innovationen braucht. Im Video kommen Oliver Greiner von <span class=\"hl\">Horv\u00e1th<\/span> &amp; Partners, Kaplan-Enkelin Univ.-Prof. Gerlind Weber, Andritz-CTO Markus Schneeberger dazu auf den Punkt.\n<\/p>\n<p>Erfindungen wie die Kaplanturbine haben die Entwicklung der Wirtschaft und Gesellschaft ma\u00dfgeblich beeinflusst und vor allem Wohlstand gebracht. Heute spricht man von Innovation, Disruption, Automatisierung und Digitalisierung &#8211; doch das Ergebnis ist dasselbe &#8211; und bringt fundamentale Ver\u00e4nderungen. Was wir von Viktor Kaplan lernen k\u00f6nnen, beantworteten Univ.-Prof. Heigerth, Andrea Scheichl vom \u00d6sterreichischen Patentamt, Brigitte Pfisterer vom IniTS Universit\u00e4res Gr\u00fcnderservice Wien, Walter Wagner vom Erfinderverband (OPEV) und der Erfinder Alfred Edlinger.\n<\/p>\n<p><strong>Fazit:<\/strong> Kreativit\u00e4t und Erfindungsgeist, Geduld, Ausdauer sowie Durchsetzungsf\u00e4higkeit sind die Basis f\u00fcr bahnbrechende Innovationen. Waren es in fr\u00fcheren Jahrhunderten einzelne Pers\u00f6nlichkeiten mit Weitblick, so sind es heute oft interdisziplin\u00e4re Forscherteams und Entwicklungskooperationen, die in Industrie- und Technologienischen agieren. Entscheidend f\u00fcr den Erfolg sei ein Klima der Inspiration und Motivation, so das Res\u00fcm\u00e9e der Organisatoren von der Viktor Kaplan Gesellschaft. <a href=\"https:\/\/www.viktorkaplanmuerz.at\" rel=\"nofollow\" target=\"_blank\">https:\/\/www.viktorkaplanmuerz.at<\/a> und E-Mail: <a href=\"javascript:linkTo_UnCryptMailto('nbjmup+pggjdfAwjlupslbqmbonvfsa\/bu');\">office(at)viktorkaplanmuerz.at<\/a> <\/p>\n<p><strong>Redaktionelle Berichterstattung:<\/strong> <\/p>\n<p><strong>Innovationen: Viktor Kaplan als Vorbild f\u00fcr T\u00fcftler<\/strong><br \/> <a href=\"http:\/\/pressetext.com\/news\/20191108022\" rel=\"nofollow\" target=\"_blank\">http:\/\/pressetext.com\/news\/20191108022<\/a> <\/p>\n<p><strong>Kaplanturbine: Schl\u00fcssel zu sauberer Energie<\/strong><br \/> <a href=\"http:\/\/pressetext.com\/news\/20191111015\" rel=\"nofollow\" target=\"_blank\">http:\/\/pressetext.com\/news\/20191111015<\/a> <\/p>\n<p><strong>Fotodienst zum Symposium:<\/strong> <\/p>\n<p><strong>Viktor-Kaplan-Jubil\u00e4um 2019<\/strong><br \/> <a href=\"https:\/\/fotodienst.pressetext.com\/album\/3727\" rel=\"nofollow\" target=\"_blank\">https:\/\/fotodienst.pressetext.com\/album\/3727<\/a> <\/p>\n<p><strong>Videos zum Viktor Kaplan Jubil\u00e4um<\/p>\n<p><\/strong>Beitrag zum Symposium: <a href=\"https:\/\/youtu.be\/yw26V214Zdw\" rel=\"nofollow\" target=\"_blank\">https:\/\/youtu.be\/yw26V214Zdw<\/a><strong><br \/><\/strong>Statement von Univ.-Prof. DI Dr. Helmuth Jaberg: https:\/\/www.youtube.com\/watch?v=UeyBKZ0zZig<strong><br \/><\/strong> <\/p>\n<p><strong>Organisation:<\/strong><br \/> Temmel, Seywald &amp; Partner<br \/> Tel.: +43\/699\/18114006<br \/> E-Mail: <a href=\"javascript:linkTo_UnCryptMailto('nbjmup+tfzxbmeAutq\/bu');\">seywald(at)tsp.at<\/a><br \/> Web: <a href=\"http:\/\/www.tsp.at\" rel=\"nofollow\" target=\"_blank\">http:\/\/www.tsp.at<\/a><\/p>\n<\/article>\n","protected":false},"excerpt":{"rendered":"<p>Symposium zur Bedeutung der Kaplanturbine f\u00fcr die Stromwirtschaft 22.11.2019 Wien \u2013 Im Wiener Palais Hansen Kempinski feierte die Viktor Kaplan Gesellschaft den 100. Jahrestag der Inbetriebnahme der ersten Kaplanturbine im nieder\u00f6sterreichischen Velm. \u00dcber 120 Teilnehmer\/innen aus Wissenschaft und Forschung, Anlagenbau und Energieerzeugung sowie der Enkelgeneration kamen, um die bahnbrechende Erfindung des genialen Maschinenbauingenieurs aus M\u00fcrzzuschlag&hellip;<\/p>\n","protected":false},"author":2,"featured_media":9920,"comment_status":"closed","ping_status":"closed","sticky":false,"template":"","format":"standard","meta":{"footnotes":""},"categories":[3],"tags":[],"class_list":["post-9921","post","type-post","status-publish","format-standard","has-post-thumbnail","hentry","category-news","category-3","description-off"],"yoast_head":"<!-- This site is optimized with the Yoast SEO plugin v26.3 - https:\/\/yoast.com\/wordpress\/plugins\/seo\/ -->\n<title>100 Jahre Viktor Kaplan im Video - Temmel | Seywald - Corporate Communications<\/title>\n<meta name=\"robots\" content=\"index, follow, max-snippet:-1, max-image-preview:large, max-video-preview:-1\" \/>\n<link rel=\"canonical\" href=\"https:\/\/www.tsp.at\/en\/2019\/11\/22\/100-jahre-viktor-kaplan-im-video\/\" \/>\n<meta property=\"og:locale\" content=\"en_US\" \/>\n<meta property=\"og:type\" content=\"article\" \/>\n<meta property=\"og:title\" content=\"100 Jahre Viktor Kaplan im Video - Temmel | Seywald - Corporate Communications\" \/>\n<meta property=\"og:description\" content=\"Symposium zur Bedeutung der Kaplanturbine f\u00fcr die Stromwirtschaft 22.11.2019 Wien \u2013 Im Wiener Palais Hansen Kempinski feierte die Viktor Kaplan Gesellschaft den 100. Jahrestag der Inbetriebnahme der ersten Kaplanturbine im nieder\u00f6sterreichischen Velm. \u00dcber 120 Teilnehmer\/innen aus Wissenschaft und Forschung, Anlagenbau und Energieerzeugung sowie der Enkelgeneration kamen, um die bahnbrechende Erfindung des genialen Maschinenbauingenieurs aus M\u00fcrzzuschlag&hellip;\" \/>\n<meta property=\"og:url\" content=\"https:\/\/www.tsp.at\/en\/2019\/11\/22\/100-jahre-viktor-kaplan-im-video\/\" \/>\n<meta property=\"og:site_name\" content=\"Temmel | Seywald - Corporate Communications\" \/>\n<meta property=\"article:publisher\" content=\"https:\/\/www.facebook.com\/TemmelSeywald\" \/>\n<meta property=\"article:published_time\" content=\"2019-11-22T15:30:00+00:00\" \/>\n<meta property=\"article:modified_time\" content=\"2025-10-21T12:52:32+00:00\" \/>\n<meta property=\"og:image\" content=\"https:\/\/www.tsp.at\/wp-content\/uploads\/2025\/10\/MGL9050-2-3_01-scaled.jpg\" \/>\n\t<meta property=\"og:image:width\" content=\"2560\" \/>\n\t<meta property=\"og:image:height\" content=\"1707\" \/>\n\t<meta property=\"og:image:type\" content=\"image\/jpeg\" \/>\n<meta name=\"author\" content=\"TSP Redaktion\" \/>\n<meta name=\"twitter:card\" content=\"summary_large_image\" \/>\n<meta name=\"twitter:label1\" content=\"Written by\" \/>\n\t<meta name=\"twitter:data1\" content=\"TSP Redaktion\" \/>\n\t<meta name=\"twitter:label2\" content=\"Est. reading time\" \/>\n\t<meta name=\"twitter:data2\" content=\"3 minutes\" \/>\n<script type=\"application\/ld+json\" class=\"yoast-schema-graph\">{\"@context\":\"https:\/\/schema.org\",\"@graph\":[{\"@type\":\"Article\",\"@id\":\"https:\/\/www.tsp.at\/en\/2019\/11\/22\/100-jahre-viktor-kaplan-im-video\/#article\",\"isPartOf\":{\"@id\":\"https:\/\/www.tsp.at\/en\/2019\/11\/22\/100-jahre-viktor-kaplan-im-video\/\"},\"author\":{\"name\":\"TSP Redaktion\",\"@id\":\"https:\/\/www.tsp.at\/en\/#\/schema\/person\/1ba5600c29da17b902b0925cea567f8a\"},\"headline\":\"100 Jahre Viktor Kaplan im Video\",\"datePublished\":\"2019-11-22T15:30:00+00:00\",\"dateModified\":\"2025-10-21T12:52:32+00:00\",\"mainEntityOfPage\":{\"@id\":\"https:\/\/www.tsp.at\/en\/2019\/11\/22\/100-jahre-viktor-kaplan-im-video\/\"},\"wordCount\":534,\"publisher\":{\"@id\":\"https:\/\/www.tsp.at\/en\/#organization\"},\"image\":{\"@id\":\"https:\/\/www.tsp.at\/en\/2019\/11\/22\/100-jahre-viktor-kaplan-im-video\/#primaryimage\"},\"thumbnailUrl\":\"https:\/\/www.tsp.at\/wp-content\/uploads\/2025\/10\/MGL9050-2-3_01-scaled.jpg\",\"articleSection\":[\"News\"],\"inLanguage\":\"en-US\"},{\"@type\":\"WebPage\",\"@id\":\"https:\/\/www.tsp.at\/en\/2019\/11\/22\/100-jahre-viktor-kaplan-im-video\/\",\"url\":\"https:\/\/www.tsp.at\/en\/2019\/11\/22\/100-jahre-viktor-kaplan-im-video\/\",\"name\":\"100 Jahre Viktor Kaplan im Video - Temmel | Seywald - Corporate Communications\",\"isPartOf\":{\"@id\":\"https:\/\/www.tsp.at\/en\/#website\"},\"primaryImageOfPage\":{\"@id\":\"https:\/\/www.tsp.at\/en\/2019\/11\/22\/100-jahre-viktor-kaplan-im-video\/#primaryimage\"},\"image\":{\"@id\":\"https:\/\/www.tsp.at\/en\/2019\/11\/22\/100-jahre-viktor-kaplan-im-video\/#primaryimage\"},\"thumbnailUrl\":\"https:\/\/www.tsp.at\/wp-content\/uploads\/2025\/10\/MGL9050-2-3_01-scaled.jpg\",\"datePublished\":\"2019-11-22T15:30:00+00:00\",\"dateModified\":\"2025-10-21T12:52:32+00:00\",\"breadcrumb\":{\"@id\":\"https:\/\/www.tsp.at\/en\/2019\/11\/22\/100-jahre-viktor-kaplan-im-video\/#breadcrumb\"},\"inLanguage\":\"en-US\",\"potentialAction\":[{\"@type\":\"ReadAction\",\"target\":[\"https:\/\/www.tsp.at\/en\/2019\/11\/22\/100-jahre-viktor-kaplan-im-video\/\"]}]},{\"@type\":\"ImageObject\",\"inLanguage\":\"en-US\",\"@id\":\"https:\/\/www.tsp.at\/en\/2019\/11\/22\/100-jahre-viktor-kaplan-im-video\/#primaryimage\",\"url\":\"https:\/\/www.tsp.at\/wp-content\/uploads\/2025\/10\/MGL9050-2-3_01-scaled.jpg\",\"contentUrl\":\"https:\/\/www.tsp.at\/wp-content\/uploads\/2025\/10\/MGL9050-2-3_01-scaled.jpg\",\"width\":2560,\"height\":1707},{\"@type\":\"BreadcrumbList\",\"@id\":\"https:\/\/www.tsp.at\/en\/2019\/11\/22\/100-jahre-viktor-kaplan-im-video\/#breadcrumb\",\"itemListElement\":[{\"@type\":\"ListItem\",\"position\":1,\"name\":\"Startseite\",\"item\":\"https:\/\/www.tsp.at\/en\/\"},{\"@type\":\"ListItem\",\"position\":2,\"name\":\"100 Jahre Viktor Kaplan im Video\"}]},{\"@type\":\"WebSite\",\"@id\":\"https:\/\/www.tsp.at\/en\/#website\",\"url\":\"https:\/\/www.tsp.at\/en\/\",\"name\":\"Temmel | Seywald - Corporate Communications\",\"description\":\"Kommunikation ist Beziehungsarbeit\",\"publisher\":{\"@id\":\"https:\/\/www.tsp.at\/en\/#organization\"},\"potentialAction\":[{\"@type\":\"SearchAction\",\"target\":{\"@type\":\"EntryPoint\",\"urlTemplate\":\"https:\/\/www.tsp.at\/en\/?s={search_term_string}\"},\"query-input\":{\"@type\":\"PropertyValueSpecification\",\"valueRequired\":true,\"valueName\":\"search_term_string\"}}],\"inLanguage\":\"en-US\"},{\"@type\":\"Organization\",\"@id\":\"https:\/\/www.tsp.at\/en\/#organization\",\"name\":\"Temmel, Seywald & Partner Communications GesmbH\",\"alternateName\":\"TSP\",\"url\":\"https:\/\/www.tsp.at\/en\/\",\"logo\":{\"@type\":\"ImageObject\",\"inLanguage\":\"en-US\",\"@id\":\"https:\/\/www.tsp.at\/en\/#\/schema\/logo\/image\/\",\"url\":\"https:\/\/www.tsp.at\/wp-content\/uploads\/2025\/10\/favicontsp.png\",\"contentUrl\":\"https:\/\/www.tsp.at\/wp-content\/uploads\/2025\/10\/favicontsp.png\",\"width\":125,\"height\":125,\"caption\":\"Temmel, Seywald & Partner Communications GesmbH\"},\"image\":{\"@id\":\"https:\/\/www.tsp.at\/en\/#\/schema\/logo\/image\/\"},\"sameAs\":[\"https:\/\/www.facebook.com\/TemmelSeywald\"]},{\"@type\":\"Person\",\"@id\":\"https:\/\/www.tsp.at\/en\/#\/schema\/person\/1ba5600c29da17b902b0925cea567f8a\",\"name\":\"TSP Redaktion\"}]}<\/script>\n<!-- \/ Yoast SEO plugin. -->","yoast_head_json":{"title":"100 Jahre Viktor Kaplan im Video - Temmel | Seywald - Corporate Communications","robots":{"index":"index","follow":"follow","max-snippet":"max-snippet:-1","max-image-preview":"max-image-preview:large","max-video-preview":"max-video-preview:-1"},"canonical":"https:\/\/www.tsp.at\/en\/2019\/11\/22\/100-jahre-viktor-kaplan-im-video\/","og_locale":"en_US","og_type":"article","og_title":"100 Jahre Viktor Kaplan im Video - Temmel | Seywald - Corporate Communications","og_description":"Symposium zur Bedeutung der Kaplanturbine f\u00fcr die Stromwirtschaft 22.11.2019 Wien \u2013 Im Wiener Palais Hansen Kempinski feierte die Viktor Kaplan Gesellschaft den 100. Jahrestag der Inbetriebnahme der ersten Kaplanturbine im nieder\u00f6sterreichischen Velm. \u00dcber 120 Teilnehmer\/innen aus Wissenschaft und Forschung, Anlagenbau und Energieerzeugung sowie der Enkelgeneration kamen, um die bahnbrechende Erfindung des genialen Maschinenbauingenieurs aus M\u00fcrzzuschlag&hellip;","og_url":"https:\/\/www.tsp.at\/en\/2019\/11\/22\/100-jahre-viktor-kaplan-im-video\/","og_site_name":"Temmel | Seywald - Corporate Communications","article_publisher":"https:\/\/www.facebook.com\/TemmelSeywald","article_published_time":"2019-11-22T15:30:00+00:00","article_modified_time":"2025-10-21T12:52:32+00:00","og_image":[{"width":2560,"height":1707,"url":"https:\/\/www.tsp.at\/wp-content\/uploads\/2025\/10\/MGL9050-2-3_01-scaled.jpg","type":"image\/jpeg"}],"author":"TSP Redaktion","twitter_card":"summary_large_image","twitter_misc":{"Written by":"TSP Redaktion","Est. reading time":"3 minutes"},"schema":{"@context":"https:\/\/schema.org","@graph":[{"@type":"Article","@id":"https:\/\/www.tsp.at\/en\/2019\/11\/22\/100-jahre-viktor-kaplan-im-video\/#article","isPartOf":{"@id":"https:\/\/www.tsp.at\/en\/2019\/11\/22\/100-jahre-viktor-kaplan-im-video\/"},"author":{"name":"TSP Redaktion","@id":"https:\/\/www.tsp.at\/en\/#\/schema\/person\/1ba5600c29da17b902b0925cea567f8a"},"headline":"100 Jahre Viktor Kaplan im Video","datePublished":"2019-11-22T15:30:00+00:00","dateModified":"2025-10-21T12:52:32+00:00","mainEntityOfPage":{"@id":"https:\/\/www.tsp.at\/en\/2019\/11\/22\/100-jahre-viktor-kaplan-im-video\/"},"wordCount":534,"publisher":{"@id":"https:\/\/www.tsp.at\/en\/#organization"},"image":{"@id":"https:\/\/www.tsp.at\/en\/2019\/11\/22\/100-jahre-viktor-kaplan-im-video\/#primaryimage"},"thumbnailUrl":"https:\/\/www.tsp.at\/wp-content\/uploads\/2025\/10\/MGL9050-2-3_01-scaled.jpg","articleSection":["News"],"inLanguage":"en-US"},{"@type":"WebPage","@id":"https:\/\/www.tsp.at\/en\/2019\/11\/22\/100-jahre-viktor-kaplan-im-video\/","url":"https:\/\/www.tsp.at\/en\/2019\/11\/22\/100-jahre-viktor-kaplan-im-video\/","name":"100 Jahre Viktor Kaplan im Video - Temmel | Seywald - Corporate Communications","isPartOf":{"@id":"https:\/\/www.tsp.at\/en\/#website"},"primaryImageOfPage":{"@id":"https:\/\/www.tsp.at\/en\/2019\/11\/22\/100-jahre-viktor-kaplan-im-video\/#primaryimage"},"image":{"@id":"https:\/\/www.tsp.at\/en\/2019\/11\/22\/100-jahre-viktor-kaplan-im-video\/#primaryimage"},"thumbnailUrl":"https:\/\/www.tsp.at\/wp-content\/uploads\/2025\/10\/MGL9050-2-3_01-scaled.jpg","datePublished":"2019-11-22T15:30:00+00:00","dateModified":"2025-10-21T12:52:32+00:00","breadcrumb":{"@id":"https:\/\/www.tsp.at\/en\/2019\/11\/22\/100-jahre-viktor-kaplan-im-video\/#breadcrumb"},"inLanguage":"en-US","potentialAction":[{"@type":"ReadAction","target":["https:\/\/www.tsp.at\/en\/2019\/11\/22\/100-jahre-viktor-kaplan-im-video\/"]}]},{"@type":"ImageObject","inLanguage":"en-US","@id":"https:\/\/www.tsp.at\/en\/2019\/11\/22\/100-jahre-viktor-kaplan-im-video\/#primaryimage","url":"https:\/\/www.tsp.at\/wp-content\/uploads\/2025\/10\/MGL9050-2-3_01-scaled.jpg","contentUrl":"https:\/\/www.tsp.at\/wp-content\/uploads\/2025\/10\/MGL9050-2-3_01-scaled.jpg","width":2560,"height":1707},{"@type":"BreadcrumbList","@id":"https:\/\/www.tsp.at\/en\/2019\/11\/22\/100-jahre-viktor-kaplan-im-video\/#breadcrumb","itemListElement":[{"@type":"ListItem","position":1,"name":"Startseite","item":"https:\/\/www.tsp.at\/en\/"},{"@type":"ListItem","position":2,"name":"100 Jahre Viktor Kaplan im Video"}]},{"@type":"WebSite","@id":"https:\/\/www.tsp.at\/en\/#website","url":"https:\/\/www.tsp.at\/en\/","name":"Temmel | Seywald - Corporate Communications","description":"Kommunikation ist Beziehungsarbeit","publisher":{"@id":"https:\/\/www.tsp.at\/en\/#organization"},"potentialAction":[{"@type":"SearchAction","target":{"@type":"EntryPoint","urlTemplate":"https:\/\/www.tsp.at\/en\/?s={search_term_string}"},"query-input":{"@type":"PropertyValueSpecification","valueRequired":true,"valueName":"search_term_string"}}],"inLanguage":"en-US"},{"@type":"Organization","@id":"https:\/\/www.tsp.at\/en\/#organization","name":"Temmel, Seywald & Partner Communications GesmbH","alternateName":"TSP","url":"https:\/\/www.tsp.at\/en\/","logo":{"@type":"ImageObject","inLanguage":"en-US","@id":"https:\/\/www.tsp.at\/en\/#\/schema\/logo\/image\/","url":"https:\/\/www.tsp.at\/wp-content\/uploads\/2025\/10\/favicontsp.png","contentUrl":"https:\/\/www.tsp.at\/wp-content\/uploads\/2025\/10\/favicontsp.png","width":125,"height":125,"caption":"Temmel, Seywald & Partner Communications GesmbH"},"image":{"@id":"https:\/\/www.tsp.at\/en\/#\/schema\/logo\/image\/"},"sameAs":["https:\/\/www.facebook.com\/TemmelSeywald"]},{"@type":"Person","@id":"https:\/\/www.tsp.at\/en\/#\/schema\/person\/1ba5600c29da17b902b0925cea567f8a","name":"TSP Redaktion"}]}},"_links":{"self":[{"href":"https:\/\/www.tsp.at\/en\/wp-json\/wp\/v2\/posts\/9921","targetHints":{"allow":["GET"]}}],"collection":[{"href":"https:\/\/www.tsp.at\/en\/wp-json\/wp\/v2\/posts"}],"about":[{"href":"https:\/\/www.tsp.at\/en\/wp-json\/wp\/v2\/types\/post"}],"author":[{"embeddable":true,"href":"https:\/\/www.tsp.at\/en\/wp-json\/wp\/v2\/users\/2"}],"replies":[{"embeddable":true,"href":"https:\/\/www.tsp.at\/en\/wp-json\/wp\/v2\/comments?post=9921"}],"version-history":[{"count":1,"href":"https:\/\/www.tsp.at\/en\/wp-json\/wp\/v2\/posts\/9921\/revisions"}],"predecessor-version":[{"id":11370,"href":"https:\/\/www.tsp.at\/en\/wp-json\/wp\/v2\/posts\/9921\/revisions\/11370"}],"wp:featuredmedia":[{"embeddable":true,"href":"https:\/\/www.tsp.at\/en\/wp-json\/wp\/v2\/media\/9920"}],"wp:attachment":[{"href":"https:\/\/www.tsp.at\/en\/wp-json\/wp\/v2\/media?parent=9921"}],"wp:term":[{"taxonomy":"category","embeddable":true,"href":"https:\/\/www.tsp.at\/en\/wp-json\/wp\/v2\/categories?post=9921"},{"taxonomy":"post_tag","embeddable":true,"href":"https:\/\/www.tsp.at\/en\/wp-json\/wp\/v2\/tags?post=9921"}],"curies":[{"name":"wp","href":"https:\/\/api.w.org\/{rel}","templated":true}]}}