{"id":9933,"date":"2019-09-19T12:44:00","date_gmt":"2019-09-19T10:44:00","guid":{"rendered":"https:\/\/staging.tsp.at\/2019\/09\/19\/viktor-kaplan-jubilaeum-am-7-november-in-wien\/"},"modified":"2025-10-21T14:57:27","modified_gmt":"2025-10-21T12:57:27","slug":"viktor-kaplan-jubilaeum-am-7-november-in-wien","status":"publish","type":"post","link":"https:\/\/www.tsp.at\/en\/2019\/09\/19\/viktor-kaplan-jubilaeum-am-7-november-in-wien\/","title":{"rendered":"Viktor Kaplan Jubil\u00e4um am 7. November in Wien"},"content":{"rendered":"<article class=\"item\">\n<h2><strong>Einladung zum Symposium &#8220;Schl\u00fcsselfaktoren f\u00fcr bahnbrechende Innovationen heute&#8221;<\/strong><\/h2>\n<p>19.09.2019<\/p>\n<\/p>\n<\/p>\n<\/p>\n<\/p>\n<\/p>\n<p>Wien \u2013 <strong> Unter dem Motto &#8220;Technik, Turbo &amp; Turbinen &#8211; Schl\u00fcsselfaktoren f\u00fcr bahnbrechende Innovationen heute&#8221; l\u00e4dt die Viktor Kaplan Gesellschaft am 7. November 2019 zu einem Symposium ins Palais Hansen Kempinski in Wien. Anl\u00e4sslich des 100. Jahrestags der weltweit ersten Kaplan-Turbine diskutieren Top-Experten \u00fcber die Frage, ob \u00d6sterreichs vielbeschworener Ruf als &#8220;Land der Erfinder&#8221; noch gilt. <\/strong> <\/p>\n<p><strong> Titel:<\/strong> Technik, Turbo und Turbinen &#8211; Was wir von Viktor Kapan lernen k\u00f6nnen. Schl\u00fcsselfaktoren f\u00fcr bahnbrechende Innovationen heute.<br \/> <strong> Termin:<\/strong> Donnerstag, 7. November 2019 &#8211; 17.00 bis 21.00 Uhr<br \/> <strong> Ort:<\/strong> Palais Hansen Kempinski Wien\n<\/p>\n<p>Die Veranstaltung wird von der Viktor Kaplan Gesellschaft in Kooperation mit dem Travel Industry Club Austria, der Managementberatung Horv\u00e1th &amp; Partners, dem Industriekonzern Andritz und weiteren Partnern organisiert, f\u00fcr angemeldete G\u00e4ste und Besucher ist der Zutritt frei. Anmeldungen unter office@travelindustryclub.at\n<\/p>\n<p><strong> Hintergrund:<\/strong> <\/p>\n<p>Bahnbrechende Innovationen kommen von T\u00fcftlern und Querdenkern, zumeist aus Nischenbereichen, Universit\u00e4ten und aus dem Mittelstand. Sie sind gezwungen, ihre Chance durch Erfindergeist, Kreativit\u00e4t und Engagement zu nutzen. Der Erfinder der Kaplanturbine, Viktor Kaplan, k\u00e4mpfte jahrelang um seine Patente. Seine Erfindung wurde schlie\u00dflich Wegbereiter f\u00fcr Industrialisierung und Wohlstand nach dem zweiten Weltkrieg. Zwei Drittel aller weltweit laufenden Wasserturbinen und \u00fcber zehn Prozent der weltweiten Stromerzeugung basieren heute auf Kaplans Patenten.\n<\/p>\n<p>Welche Talente und welche Eigenschaften brauchen gro\u00dfe Geister, um ihre Innovationen durchzusetzen? Welche Hindernisse gilt es zu \u00fcberwinden? Sind Einzelerfindungen heute &#8211; in unserer durchorganisierten, arbeitsteiligen und digitalisierten Welt &#8211; noch realistisch? Die viktor kaplan muerz gmbh und der Travel Industry Club Austria, \u00d6sterreichs Think Tank der Reiseindustrie, begeben sich auf Spurensuche, um Learnings &amp; Lehren aus der gro\u00dfartigen Erfindung Kaplans zu ziehen und \u00d6sterreichs Ruf als &#8220;Land der Erfinder&#8221; zu diskutieren.\n<\/p>\n<p><strong> Programm<\/strong> <\/p>\n<p><strong>17.00 Uhr: Er\u00f6ffnung und Begr\u00fc\u00dfung<\/strong> <\/p>\n<p>Univ.-Prof. Dipl.-Ing. Dr. G\u00fcnther Heigert, Pr\u00e4sident der Viktor Kaplan Gesellschaft<br \/>Mag. Mariana Karepova, Pr\u00e4sidentin des \u00d6sterreichischen Patentamtes\n<\/p>\n<p>17.10- 17.40 Uhr: Viktor Kaplan und seine bahnbrechenden Erfindungen<br \/>Univ.-Prof. Dipl.-Ing. Dr. Helmut Jaberg, TU Graz\n<\/p>\n<p>17.40 &#8211; 18.00 Uhr: Die Aktualit\u00e4t der Kaplan-Turbine aus Sicht des Turbinenherstellers<br \/>Dipl.-Ing. Markus Schneeberger, CTO Andritz Hydro GmbH\n<\/p>\n<p>18.00 &#8211; 18.20 Uhr: Am Beispiel Kaplan: Wie sich das Neue seinen Weg bahnt<br \/>Univ.-Prof. Dipl.-Ing. Dr. Gerlind Weber, Enkelin von Viktor Kaplan\n<\/p>\n<p><strong>18.20 &#8211; 19.30 Uhr: Empfang und Networking<\/strong> <br \/>Get-together von Partnern, Fachreferenten und G\u00e4sten bei Drinks &amp; Snacks\n<\/p>\n<p><strong>19.30 Uhr: Innovationsturbos im Digitalzeitalter<\/strong> <br \/>Schl\u00fcsselfaktoren f\u00fcr bahnbrechene Innovationen heute, Impulsreferat von <br \/>Dr. Oliver Greiner, Strategieberater bei Horv\u00e1th &amp; Partners\n<\/p>\n<p><strong>19.50 &#8211; 21.00 Uhr: Round Table &#8220;Technik, Turbo und Turbinen&#8221;<\/strong> <br \/>Was wir von Viktor Kaplan lernen k\u00f6nnen &#8211; Erfindungswesen im Wandel\n<\/p>\n<p><strong>Moderation:<\/strong> Harald Hafner, Travel Industry Club\n<\/p>\n<p><strong>Am Podium: <\/strong> <br \/>Dipl.-Ing. Brigitte Pfisterer, IniTS Universit\u00e4res Gr\u00fcnderservice Wien<br \/>Ing. Walter Wagner, Pr\u00e4sident des \u00d6sterr. Patentinhaber- und Erfinderverbandes (OPEV)<br \/>Dipl.-Ing. Alfred Edlinger, M.I.T. Metallurgy &amp; Inorganic Technology<br \/>Dr. Oliver Greiner, Horv\u00e1th &amp; Partners Managementberatung\n<\/p>\n<p><strong>Anmeldungen:<\/strong> office@travelindustryclub.at<br \/>oder Tel. 0699-18114006\n<\/p>\n<p><strong>Veranstaltungsort: <\/strong> <br \/>Palais Hansen Kempinski, Raum &#8220;Hansen&#8221; &#8211; Schottenring 24, 1010 Wien\n<\/p>\n<p>Eintritt f\u00fcr angemeldete G\u00e4ste frei.\n<\/p>\n<p><strong>Veranstalter<\/strong> <br \/>Viktor-Kaplan-Jubil\u00e4um 2019<br \/>Temmel, Seywald &amp; Partner<br \/>E-Mail: temmel@seywald.at<br \/>Tel. 0699-18114006<\/p>\n<\/article>\n","protected":false},"excerpt":{"rendered":"<p>Einladung zum Symposium &#8220;Schl\u00fcsselfaktoren f\u00fcr bahnbrechende Innovationen heute&#8221; 19.09.2019 Wien \u2013 Unter dem Motto &#8220;Technik, Turbo &amp; Turbinen &#8211; Schl\u00fcsselfaktoren f\u00fcr bahnbrechende Innovationen heute&#8221; l\u00e4dt die Viktor Kaplan Gesellschaft am 7. November 2019 zu einem Symposium ins Palais Hansen Kempinski in Wien. Anl\u00e4sslich des 100. Jahrestags der weltweit ersten Kaplan-Turbine diskutieren Top-Experten \u00fcber die Frage,&hellip;<\/p>\n","protected":false},"author":2,"featured_media":9932,"comment_status":"closed","ping_status":"closed","sticky":false,"template":"","format":"standard","meta":{"footnotes":""},"categories":[3],"tags":[],"class_list":["post-9933","post","type-post","status-publish","format-standard","has-post-thumbnail","hentry","category-news","category-3","description-off"],"yoast_head":"<!-- This site is optimized with the Yoast SEO plugin v26.3 - https:\/\/yoast.com\/wordpress\/plugins\/seo\/ -->\n<title>Viktor Kaplan Jubil\u00e4um am 7. November in Wien - Temmel | Seywald - Corporate Communications<\/title>\n<meta name=\"robots\" content=\"index, follow, max-snippet:-1, max-image-preview:large, max-video-preview:-1\" \/>\n<link rel=\"canonical\" href=\"https:\/\/www.tsp.at\/en\/2019\/09\/19\/viktor-kaplan-jubilaeum-am-7-november-in-wien\/\" \/>\n<meta property=\"og:locale\" content=\"en_US\" \/>\n<meta property=\"og:type\" content=\"article\" \/>\n<meta property=\"og:title\" content=\"Viktor Kaplan Jubil\u00e4um am 7. November in Wien - Temmel | Seywald - Corporate Communications\" \/>\n<meta property=\"og:description\" content=\"Einladung zum Symposium &#8220;Schl\u00fcsselfaktoren f\u00fcr bahnbrechende Innovationen heute&#8221; 19.09.2019 Wien \u2013 Unter dem Motto &#8220;Technik, Turbo &amp; Turbinen &#8211; Schl\u00fcsselfaktoren f\u00fcr bahnbrechende Innovationen heute&#8221; l\u00e4dt die Viktor Kaplan Gesellschaft am 7. November 2019 zu einem Symposium ins Palais Hansen Kempinski in Wien. Anl\u00e4sslich des 100. Jahrestags der weltweit ersten Kaplan-Turbine diskutieren Top-Experten \u00fcber die Frage,&hellip;\" \/>\n<meta property=\"og:url\" content=\"https:\/\/www.tsp.at\/en\/2019\/09\/19\/viktor-kaplan-jubilaeum-am-7-november-in-wien\/\" \/>\n<meta property=\"og:site_name\" content=\"Temmel | Seywald - Corporate Communications\" \/>\n<meta property=\"article:publisher\" content=\"https:\/\/www.facebook.com\/TemmelSeywald\" \/>\n<meta property=\"article:published_time\" content=\"2019-09-19T10:44:00+00:00\" \/>\n<meta property=\"article:modified_time\" content=\"2025-10-21T12:57:27+00:00\" \/>\n<meta property=\"og:image\" content=\"https:\/\/www.tsp.at\/wp-content\/uploads\/2025\/10\/Viktor_Kaplan-1024x737.jpg\" \/>\n\t<meta property=\"og:image:width\" content=\"1024\" \/>\n\t<meta property=\"og:image:height\" content=\"737\" \/>\n\t<meta property=\"og:image:type\" content=\"image\/jpeg\" \/>\n<meta name=\"author\" content=\"TSP Redaktion\" \/>\n<meta name=\"twitter:card\" content=\"summary_large_image\" \/>\n<meta name=\"twitter:label1\" content=\"Written by\" \/>\n\t<meta name=\"twitter:data1\" content=\"TSP Redaktion\" \/>\n\t<meta name=\"twitter:label2\" content=\"Est. reading time\" \/>\n\t<meta name=\"twitter:data2\" content=\"3 minutes\" \/>\n<script type=\"application\/ld+json\" class=\"yoast-schema-graph\">{\"@context\":\"https:\/\/schema.org\",\"@graph\":[{\"@type\":\"Article\",\"@id\":\"https:\/\/www.tsp.at\/en\/2019\/09\/19\/viktor-kaplan-jubilaeum-am-7-november-in-wien\/#article\",\"isPartOf\":{\"@id\":\"https:\/\/www.tsp.at\/en\/2019\/09\/19\/viktor-kaplan-jubilaeum-am-7-november-in-wien\/\"},\"author\":{\"name\":\"TSP Redaktion\",\"@id\":\"https:\/\/www.tsp.at\/en\/#\/schema\/person\/1ba5600c29da17b902b0925cea567f8a\"},\"headline\":\"Viktor Kaplan Jubil\u00e4um am 7. November in Wien\",\"datePublished\":\"2019-09-19T10:44:00+00:00\",\"dateModified\":\"2025-10-21T12:57:27+00:00\",\"mainEntityOfPage\":{\"@id\":\"https:\/\/www.tsp.at\/en\/2019\/09\/19\/viktor-kaplan-jubilaeum-am-7-november-in-wien\/\"},\"wordCount\":522,\"publisher\":{\"@id\":\"https:\/\/www.tsp.at\/en\/#organization\"},\"image\":{\"@id\":\"https:\/\/www.tsp.at\/en\/2019\/09\/19\/viktor-kaplan-jubilaeum-am-7-november-in-wien\/#primaryimage\"},\"thumbnailUrl\":\"https:\/\/www.tsp.at\/wp-content\/uploads\/2025\/10\/Viktor_Kaplan-scaled.jpg\",\"articleSection\":[\"News\"],\"inLanguage\":\"en-US\"},{\"@type\":\"WebPage\",\"@id\":\"https:\/\/www.tsp.at\/en\/2019\/09\/19\/viktor-kaplan-jubilaeum-am-7-november-in-wien\/\",\"url\":\"https:\/\/www.tsp.at\/en\/2019\/09\/19\/viktor-kaplan-jubilaeum-am-7-november-in-wien\/\",\"name\":\"Viktor Kaplan Jubil\u00e4um am 7. November in Wien - Temmel | Seywald - Corporate Communications\",\"isPartOf\":{\"@id\":\"https:\/\/www.tsp.at\/en\/#website\"},\"primaryImageOfPage\":{\"@id\":\"https:\/\/www.tsp.at\/en\/2019\/09\/19\/viktor-kaplan-jubilaeum-am-7-november-in-wien\/#primaryimage\"},\"image\":{\"@id\":\"https:\/\/www.tsp.at\/en\/2019\/09\/19\/viktor-kaplan-jubilaeum-am-7-november-in-wien\/#primaryimage\"},\"thumbnailUrl\":\"https:\/\/www.tsp.at\/wp-content\/uploads\/2025\/10\/Viktor_Kaplan-scaled.jpg\",\"datePublished\":\"2019-09-19T10:44:00+00:00\",\"dateModified\":\"2025-10-21T12:57:27+00:00\",\"breadcrumb\":{\"@id\":\"https:\/\/www.tsp.at\/en\/2019\/09\/19\/viktor-kaplan-jubilaeum-am-7-november-in-wien\/#breadcrumb\"},\"inLanguage\":\"en-US\",\"potentialAction\":[{\"@type\":\"ReadAction\",\"target\":[\"https:\/\/www.tsp.at\/en\/2019\/09\/19\/viktor-kaplan-jubilaeum-am-7-november-in-wien\/\"]}]},{\"@type\":\"ImageObject\",\"inLanguage\":\"en-US\",\"@id\":\"https:\/\/www.tsp.at\/en\/2019\/09\/19\/viktor-kaplan-jubilaeum-am-7-november-in-wien\/#primaryimage\",\"url\":\"https:\/\/www.tsp.at\/wp-content\/uploads\/2025\/10\/Viktor_Kaplan-scaled.jpg\",\"contentUrl\":\"https:\/\/www.tsp.at\/wp-content\/uploads\/2025\/10\/Viktor_Kaplan-scaled.jpg\",\"width\":2560,\"height\":1843},{\"@type\":\"BreadcrumbList\",\"@id\":\"https:\/\/www.tsp.at\/en\/2019\/09\/19\/viktor-kaplan-jubilaeum-am-7-november-in-wien\/#breadcrumb\",\"itemListElement\":[{\"@type\":\"ListItem\",\"position\":1,\"name\":\"Startseite\",\"item\":\"https:\/\/www.tsp.at\/en\/\"},{\"@type\":\"ListItem\",\"position\":2,\"name\":\"Viktor Kaplan Jubil\u00e4um am 7. November in Wien\"}]},{\"@type\":\"WebSite\",\"@id\":\"https:\/\/www.tsp.at\/en\/#website\",\"url\":\"https:\/\/www.tsp.at\/en\/\",\"name\":\"Temmel | Seywald - Corporate Communications\",\"description\":\"Kommunikation ist Beziehungsarbeit\",\"publisher\":{\"@id\":\"https:\/\/www.tsp.at\/en\/#organization\"},\"potentialAction\":[{\"@type\":\"SearchAction\",\"target\":{\"@type\":\"EntryPoint\",\"urlTemplate\":\"https:\/\/www.tsp.at\/en\/?s={search_term_string}\"},\"query-input\":{\"@type\":\"PropertyValueSpecification\",\"valueRequired\":true,\"valueName\":\"search_term_string\"}}],\"inLanguage\":\"en-US\"},{\"@type\":\"Organization\",\"@id\":\"https:\/\/www.tsp.at\/en\/#organization\",\"name\":\"Temmel, Seywald & Partner Communications GesmbH\",\"alternateName\":\"TSP\",\"url\":\"https:\/\/www.tsp.at\/en\/\",\"logo\":{\"@type\":\"ImageObject\",\"inLanguage\":\"en-US\",\"@id\":\"https:\/\/www.tsp.at\/en\/#\/schema\/logo\/image\/\",\"url\":\"https:\/\/www.tsp.at\/wp-content\/uploads\/2025\/10\/favicontsp.png\",\"contentUrl\":\"https:\/\/www.tsp.at\/wp-content\/uploads\/2025\/10\/favicontsp.png\",\"width\":125,\"height\":125,\"caption\":\"Temmel, Seywald & Partner Communications GesmbH\"},\"image\":{\"@id\":\"https:\/\/www.tsp.at\/en\/#\/schema\/logo\/image\/\"},\"sameAs\":[\"https:\/\/www.facebook.com\/TemmelSeywald\"]},{\"@type\":\"Person\",\"@id\":\"https:\/\/www.tsp.at\/en\/#\/schema\/person\/1ba5600c29da17b902b0925cea567f8a\",\"name\":\"TSP Redaktion\"}]}<\/script>\n<!-- \/ Yoast SEO plugin. -->","yoast_head_json":{"title":"Viktor Kaplan Jubil\u00e4um am 7. November in Wien - Temmel | Seywald - Corporate Communications","robots":{"index":"index","follow":"follow","max-snippet":"max-snippet:-1","max-image-preview":"max-image-preview:large","max-video-preview":"max-video-preview:-1"},"canonical":"https:\/\/www.tsp.at\/en\/2019\/09\/19\/viktor-kaplan-jubilaeum-am-7-november-in-wien\/","og_locale":"en_US","og_type":"article","og_title":"Viktor Kaplan Jubil\u00e4um am 7. November in Wien - Temmel | Seywald - Corporate Communications","og_description":"Einladung zum Symposium &#8220;Schl\u00fcsselfaktoren f\u00fcr bahnbrechende Innovationen heute&#8221; 19.09.2019 Wien \u2013 Unter dem Motto &#8220;Technik, Turbo &amp; Turbinen &#8211; Schl\u00fcsselfaktoren f\u00fcr bahnbrechende Innovationen heute&#8221; l\u00e4dt die Viktor Kaplan Gesellschaft am 7. November 2019 zu einem Symposium ins Palais Hansen Kempinski in Wien. Anl\u00e4sslich des 100. Jahrestags der weltweit ersten Kaplan-Turbine diskutieren Top-Experten \u00fcber die Frage,&hellip;","og_url":"https:\/\/www.tsp.at\/en\/2019\/09\/19\/viktor-kaplan-jubilaeum-am-7-november-in-wien\/","og_site_name":"Temmel | Seywald - Corporate Communications","article_publisher":"https:\/\/www.facebook.com\/TemmelSeywald","article_published_time":"2019-09-19T10:44:00+00:00","article_modified_time":"2025-10-21T12:57:27+00:00","og_image":[{"width":1024,"height":737,"url":"https:\/\/www.tsp.at\/wp-content\/uploads\/2025\/10\/Viktor_Kaplan-1024x737.jpg","type":"image\/jpeg"}],"author":"TSP Redaktion","twitter_card":"summary_large_image","twitter_misc":{"Written by":"TSP Redaktion","Est. reading time":"3 minutes"},"schema":{"@context":"https:\/\/schema.org","@graph":[{"@type":"Article","@id":"https:\/\/www.tsp.at\/en\/2019\/09\/19\/viktor-kaplan-jubilaeum-am-7-november-in-wien\/#article","isPartOf":{"@id":"https:\/\/www.tsp.at\/en\/2019\/09\/19\/viktor-kaplan-jubilaeum-am-7-november-in-wien\/"},"author":{"name":"TSP Redaktion","@id":"https:\/\/www.tsp.at\/en\/#\/schema\/person\/1ba5600c29da17b902b0925cea567f8a"},"headline":"Viktor Kaplan Jubil\u00e4um am 7. November in Wien","datePublished":"2019-09-19T10:44:00+00:00","dateModified":"2025-10-21T12:57:27+00:00","mainEntityOfPage":{"@id":"https:\/\/www.tsp.at\/en\/2019\/09\/19\/viktor-kaplan-jubilaeum-am-7-november-in-wien\/"},"wordCount":522,"publisher":{"@id":"https:\/\/www.tsp.at\/en\/#organization"},"image":{"@id":"https:\/\/www.tsp.at\/en\/2019\/09\/19\/viktor-kaplan-jubilaeum-am-7-november-in-wien\/#primaryimage"},"thumbnailUrl":"https:\/\/www.tsp.at\/wp-content\/uploads\/2025\/10\/Viktor_Kaplan-scaled.jpg","articleSection":["News"],"inLanguage":"en-US"},{"@type":"WebPage","@id":"https:\/\/www.tsp.at\/en\/2019\/09\/19\/viktor-kaplan-jubilaeum-am-7-november-in-wien\/","url":"https:\/\/www.tsp.at\/en\/2019\/09\/19\/viktor-kaplan-jubilaeum-am-7-november-in-wien\/","name":"Viktor Kaplan Jubil\u00e4um am 7. November in Wien - Temmel | Seywald - Corporate Communications","isPartOf":{"@id":"https:\/\/www.tsp.at\/en\/#website"},"primaryImageOfPage":{"@id":"https:\/\/www.tsp.at\/en\/2019\/09\/19\/viktor-kaplan-jubilaeum-am-7-november-in-wien\/#primaryimage"},"image":{"@id":"https:\/\/www.tsp.at\/en\/2019\/09\/19\/viktor-kaplan-jubilaeum-am-7-november-in-wien\/#primaryimage"},"thumbnailUrl":"https:\/\/www.tsp.at\/wp-content\/uploads\/2025\/10\/Viktor_Kaplan-scaled.jpg","datePublished":"2019-09-19T10:44:00+00:00","dateModified":"2025-10-21T12:57:27+00:00","breadcrumb":{"@id":"https:\/\/www.tsp.at\/en\/2019\/09\/19\/viktor-kaplan-jubilaeum-am-7-november-in-wien\/#breadcrumb"},"inLanguage":"en-US","potentialAction":[{"@type":"ReadAction","target":["https:\/\/www.tsp.at\/en\/2019\/09\/19\/viktor-kaplan-jubilaeum-am-7-november-in-wien\/"]}]},{"@type":"ImageObject","inLanguage":"en-US","@id":"https:\/\/www.tsp.at\/en\/2019\/09\/19\/viktor-kaplan-jubilaeum-am-7-november-in-wien\/#primaryimage","url":"https:\/\/www.tsp.at\/wp-content\/uploads\/2025\/10\/Viktor_Kaplan-scaled.jpg","contentUrl":"https:\/\/www.tsp.at\/wp-content\/uploads\/2025\/10\/Viktor_Kaplan-scaled.jpg","width":2560,"height":1843},{"@type":"BreadcrumbList","@id":"https:\/\/www.tsp.at\/en\/2019\/09\/19\/viktor-kaplan-jubilaeum-am-7-november-in-wien\/#breadcrumb","itemListElement":[{"@type":"ListItem","position":1,"name":"Startseite","item":"https:\/\/www.tsp.at\/en\/"},{"@type":"ListItem","position":2,"name":"Viktor Kaplan Jubil\u00e4um am 7. November in Wien"}]},{"@type":"WebSite","@id":"https:\/\/www.tsp.at\/en\/#website","url":"https:\/\/www.tsp.at\/en\/","name":"Temmel | Seywald - Corporate Communications","description":"Kommunikation ist Beziehungsarbeit","publisher":{"@id":"https:\/\/www.tsp.at\/en\/#organization"},"potentialAction":[{"@type":"SearchAction","target":{"@type":"EntryPoint","urlTemplate":"https:\/\/www.tsp.at\/en\/?s={search_term_string}"},"query-input":{"@type":"PropertyValueSpecification","valueRequired":true,"valueName":"search_term_string"}}],"inLanguage":"en-US"},{"@type":"Organization","@id":"https:\/\/www.tsp.at\/en\/#organization","name":"Temmel, Seywald & Partner Communications GesmbH","alternateName":"TSP","url":"https:\/\/www.tsp.at\/en\/","logo":{"@type":"ImageObject","inLanguage":"en-US","@id":"https:\/\/www.tsp.at\/en\/#\/schema\/logo\/image\/","url":"https:\/\/www.tsp.at\/wp-content\/uploads\/2025\/10\/favicontsp.png","contentUrl":"https:\/\/www.tsp.at\/wp-content\/uploads\/2025\/10\/favicontsp.png","width":125,"height":125,"caption":"Temmel, Seywald & Partner Communications GesmbH"},"image":{"@id":"https:\/\/www.tsp.at\/en\/#\/schema\/logo\/image\/"},"sameAs":["https:\/\/www.facebook.com\/TemmelSeywald"]},{"@type":"Person","@id":"https:\/\/www.tsp.at\/en\/#\/schema\/person\/1ba5600c29da17b902b0925cea567f8a","name":"TSP Redaktion"}]}},"_links":{"self":[{"href":"https:\/\/www.tsp.at\/en\/wp-json\/wp\/v2\/posts\/9933","targetHints":{"allow":["GET"]}}],"collection":[{"href":"https:\/\/www.tsp.at\/en\/wp-json\/wp\/v2\/posts"}],"about":[{"href":"https:\/\/www.tsp.at\/en\/wp-json\/wp\/v2\/types\/post"}],"author":[{"embeddable":true,"href":"https:\/\/www.tsp.at\/en\/wp-json\/wp\/v2\/users\/2"}],"replies":[{"embeddable":true,"href":"https:\/\/www.tsp.at\/en\/wp-json\/wp\/v2\/comments?post=9933"}],"version-history":[{"count":1,"href":"https:\/\/www.tsp.at\/en\/wp-json\/wp\/v2\/posts\/9933\/revisions"}],"predecessor-version":[{"id":11376,"href":"https:\/\/www.tsp.at\/en\/wp-json\/wp\/v2\/posts\/9933\/revisions\/11376"}],"wp:featuredmedia":[{"embeddable":true,"href":"https:\/\/www.tsp.at\/en\/wp-json\/wp\/v2\/media\/9932"}],"wp:attachment":[{"href":"https:\/\/www.tsp.at\/en\/wp-json\/wp\/v2\/media?parent=9933"}],"wp:term":[{"taxonomy":"category","embeddable":true,"href":"https:\/\/www.tsp.at\/en\/wp-json\/wp\/v2\/categories?post=9933"},{"taxonomy":"post_tag","embeddable":true,"href":"https:\/\/www.tsp.at\/en\/wp-json\/wp\/v2\/tags?post=9933"}],"curies":[{"name":"wp","href":"https:\/\/api.w.org\/{rel}","templated":true}]}}