{"id":9947,"date":"2019-08-19T09:40:00","date_gmt":"2019-08-19T07:40:00","guid":{"rendered":"https:\/\/staging.tsp.at\/2019\/08\/19\/neue-managing-consultants-fuer-cnt-innsbruck\/"},"modified":"2025-10-21T14:57:28","modified_gmt":"2025-10-21T12:57:28","slug":"neue-managing-consultants-fuer-cnt-innsbruck","status":"publish","type":"post","link":"https:\/\/www.tsp.at\/en\/2019\/08\/19\/neue-managing-consultants-fuer-cnt-innsbruck\/","title":{"rendered":"Neue Managing Consultants f\u00fcr CNT Innsbruck"},"content":{"rendered":"<article class=\"item\">\n<h2><strong>Organisationsausbau mit J\u00fcrgen Fr\u00fch, Johann Maierl und Christian Ulf<\/strong><\/h2>\n<p>19.08.2019<\/p>\n<\/p>\n<\/p>\n<\/p>\n<\/p>\n<\/p>\n<p>Innsbruck \u2013 <strong>Das SAP-Beratungshaus <span class=\"hl\">CNT<\/span> Management Consulting AG baut seinen Standort Innsbruck weiter aus. Mit J\u00fcrgen Fr\u00fch (52), Johann Maierl (34) und Christian Ulf (39) werden gleich drei erfahrene Berater zu neuen Managing Consultants bestellt. Sie f\u00fchren k\u00fcnftig eigene Teams und k\u00f6nnen durch die neue Organisationsstruktur in Tirol noch flexibler und effektiver agieren. <\/strong> <a href=\"http:\/\/www.cnt-online.com\" rel=\"nofollow\" target=\"_blank\">http:\/\/www.<span class=\"hl\">cnt<\/span>-online.com<\/a> <\/p>\n<p>Der Tiroler Logistikspezialist J\u00fcrgen Fr\u00fch kam nach Stationen bei Swarovski Wattens, Tyrolit und dem Liftbauer Leitner 2012 zu <span class=\"hl\">CNT<\/span> und hat seither zahlreiche west\u00f6sterreichische Industrieunternehmen in internationalen Projekten im SAP-Logistik Umfeld begleitet, darunter Firmen wie Blum, Handl Tyrol, Th\u00f6ni, Leitner und Tyrolit. Daneben hat er sein Know-how in den Bereichen Vertrieb, Materialwirtschaft, Lagerverwaltung und Transportabwicklung im Rahmen zahlreicher Trainings bei der SAP konsequent ausgebaut.\n<\/p>\n<p>Der Salzburger Wirtschaftsinformatiker Johann Maierl absolvierte sein BWL- und Informatikstudium am Management Center Innsbruck und verbrachte ein Auslandssemester am College of Charleston in den USA, wo er sich mit Artificial Intelligence und Data Mining befasste. Maierl war danach in zahlreichen internationalen SAP-Projekten t\u00e4tig. Nach einem Zwischenstopp bei Siemens, einer mehrj\u00e4hrigen Beraterkarriere bei IMG \/ S&amp;T Austria sowie Capgemini Deutschland kam er 2015 zu <span class=\"hl\">CNT<\/span>, wo er direkt die Projektleitung gro\u00dfer Projekte \u00fcbernahm, u.a. bei der FIXIT-Gruppe, bei Koch Media und der Pfeifer Gruppe.\n<\/p>\n<p>Der geb\u00fcrtige Innsbrucker Christian Ulf absolvierte sein Studium der Informationswirtschaft an der FH Salzburg und begann seine berufliche Karriere bei einem Tiroler Software-Beratungshaus. 2008 wechselte er zu <span class=\"hl\">CNT<\/span> und stieg damit in die &#8211; nach eigenen Angaben &#8211; spannende SAP-Welt ein &#8211; mit Traineeprogramm und verschiedenen ABAP-Kursen. Seither ist er als Technical Consultant in der ABAP-Programmierung und in der Datenmigration f\u00fcr viele erfolgreiche Projekte t\u00e4tig. Seine Erfahrungen sammelte er vor allem im Pharma- und Maschinenbau-Umfeld.\n<\/p>\n<p><strong> \u00dcber <span class=\"hl\">CNT<\/span> Management Consulting <\/strong> <br \/> Die SAP-Beratungsgesellschaft <span class=\"hl\">CNT<\/span> Management Consulting AG wurde 1999 in Wien gegr\u00fcndet und betreut derzeit mit rund 250 Berater\/innen an den Standorten Wien, Innsbruck, Linz, M\u00fcnchen und Mainz sowie Bozen und Hasselt (Belgien) Unternehmen in allen Bereichen der SAP-Integration. Das Unternehmen hat 2018 \u00fcber 51 Mio. Euro Umsatz erwirtschaftet und peilt in den n\u00e4chsten Jahren weiteres Umsatz- und Mitarbeiterwachstum an. <a href=\"http:\/\/www.cnt-online.com\" rel=\"nofollow\" target=\"_blank\">http:\/\/www.<span class=\"hl\">cnt<\/span>-online.com<\/a><\/p>\n<\/article>\n","protected":false},"excerpt":{"rendered":"<p>Organisationsausbau mit J\u00fcrgen Fr\u00fch, Johann Maierl und Christian Ulf 19.08.2019 Innsbruck \u2013 Das SAP-Beratungshaus CNT Management Consulting AG baut seinen Standort Innsbruck weiter aus. Mit J\u00fcrgen Fr\u00fch (52), Johann Maierl (34) und Christian Ulf (39) werden gleich drei erfahrene Berater zu neuen Managing Consultants bestellt. Sie f\u00fchren k\u00fcnftig eigene Teams und k\u00f6nnen durch die neue&hellip;<\/p>\n","protected":false},"author":2,"featured_media":9946,"comment_status":"closed","ping_status":"closed","sticky":false,"template":"","format":"standard","meta":{"footnotes":""},"categories":[3],"tags":[],"class_list":["post-9947","post","type-post","status-publish","format-standard","has-post-thumbnail","hentry","category-news","category-3","description-off"],"yoast_head":"<!-- This site is optimized with the Yoast SEO plugin v26.3 - https:\/\/yoast.com\/wordpress\/plugins\/seo\/ -->\n<title>Neue Managing Consultants f\u00fcr CNT Innsbruck - Temmel | Seywald - Corporate Communications<\/title>\n<meta name=\"robots\" content=\"index, follow, max-snippet:-1, max-image-preview:large, max-video-preview:-1\" \/>\n<link rel=\"canonical\" href=\"https:\/\/www.tsp.at\/en\/2019\/08\/19\/neue-managing-consultants-fuer-cnt-innsbruck\/\" \/>\n<meta property=\"og:locale\" content=\"en_US\" \/>\n<meta property=\"og:type\" content=\"article\" \/>\n<meta property=\"og:title\" content=\"Neue Managing Consultants f\u00fcr CNT Innsbruck - Temmel | Seywald - Corporate Communications\" \/>\n<meta property=\"og:description\" content=\"Organisationsausbau mit J\u00fcrgen Fr\u00fch, Johann Maierl und Christian Ulf 19.08.2019 Innsbruck \u2013 Das SAP-Beratungshaus CNT Management Consulting AG baut seinen Standort Innsbruck weiter aus. Mit J\u00fcrgen Fr\u00fch (52), Johann Maierl (34) und Christian Ulf (39) werden gleich drei erfahrene Berater zu neuen Managing Consultants bestellt. Sie f\u00fchren k\u00fcnftig eigene Teams und k\u00f6nnen durch die neue&hellip;\" \/>\n<meta property=\"og:url\" content=\"https:\/\/www.tsp.at\/en\/2019\/08\/19\/neue-managing-consultants-fuer-cnt-innsbruck\/\" \/>\n<meta property=\"og:site_name\" content=\"Temmel | Seywald - Corporate Communications\" \/>\n<meta property=\"article:publisher\" content=\"https:\/\/www.facebook.com\/TemmelSeywald\" \/>\n<meta property=\"article:published_time\" content=\"2019-08-19T07:40:00+00:00\" \/>\n<meta property=\"article:modified_time\" content=\"2025-10-21T12:57:28+00:00\" \/>\n<meta property=\"og:image\" content=\"https:\/\/www.tsp.at\/wp-content\/uploads\/2025\/10\/Maierl.jpg\" \/>\n\t<meta property=\"og:image:width\" content=\"756\" \/>\n\t<meta property=\"og:image:height\" content=\"867\" \/>\n\t<meta property=\"og:image:type\" content=\"image\/jpeg\" \/>\n<meta name=\"author\" content=\"TSP Redaktion\" \/>\n<meta name=\"twitter:card\" content=\"summary_large_image\" \/>\n<meta name=\"twitter:label1\" content=\"Written by\" \/>\n\t<meta name=\"twitter:data1\" content=\"TSP Redaktion\" \/>\n\t<meta name=\"twitter:label2\" content=\"Est. reading time\" \/>\n\t<meta name=\"twitter:data2\" content=\"3 minutes\" \/>\n<script type=\"application\/ld+json\" class=\"yoast-schema-graph\">{\"@context\":\"https:\/\/schema.org\",\"@graph\":[{\"@type\":\"Article\",\"@id\":\"https:\/\/www.tsp.at\/en\/2019\/08\/19\/neue-managing-consultants-fuer-cnt-innsbruck\/#article\",\"isPartOf\":{\"@id\":\"https:\/\/www.tsp.at\/en\/2019\/08\/19\/neue-managing-consultants-fuer-cnt-innsbruck\/\"},\"author\":{\"name\":\"TSP Redaktion\",\"@id\":\"https:\/\/www.tsp.at\/en\/#\/schema\/person\/1ba5600c29da17b902b0925cea567f8a\"},\"headline\":\"Neue Managing Consultants f\u00fcr CNT Innsbruck\",\"datePublished\":\"2019-08-19T07:40:00+00:00\",\"dateModified\":\"2025-10-21T12:57:28+00:00\",\"mainEntityOfPage\":{\"@id\":\"https:\/\/www.tsp.at\/en\/2019\/08\/19\/neue-managing-consultants-fuer-cnt-innsbruck\/\"},\"wordCount\":374,\"publisher\":{\"@id\":\"https:\/\/www.tsp.at\/en\/#organization\"},\"image\":{\"@id\":\"https:\/\/www.tsp.at\/en\/2019\/08\/19\/neue-managing-consultants-fuer-cnt-innsbruck\/#primaryimage\"},\"thumbnailUrl\":\"https:\/\/www.tsp.at\/wp-content\/uploads\/2025\/10\/Maierl.jpg\",\"articleSection\":[\"News\"],\"inLanguage\":\"en-US\"},{\"@type\":\"WebPage\",\"@id\":\"https:\/\/www.tsp.at\/en\/2019\/08\/19\/neue-managing-consultants-fuer-cnt-innsbruck\/\",\"url\":\"https:\/\/www.tsp.at\/en\/2019\/08\/19\/neue-managing-consultants-fuer-cnt-innsbruck\/\",\"name\":\"Neue Managing Consultants f\u00fcr CNT Innsbruck - Temmel | Seywald - Corporate Communications\",\"isPartOf\":{\"@id\":\"https:\/\/www.tsp.at\/en\/#website\"},\"primaryImageOfPage\":{\"@id\":\"https:\/\/www.tsp.at\/en\/2019\/08\/19\/neue-managing-consultants-fuer-cnt-innsbruck\/#primaryimage\"},\"image\":{\"@id\":\"https:\/\/www.tsp.at\/en\/2019\/08\/19\/neue-managing-consultants-fuer-cnt-innsbruck\/#primaryimage\"},\"thumbnailUrl\":\"https:\/\/www.tsp.at\/wp-content\/uploads\/2025\/10\/Maierl.jpg\",\"datePublished\":\"2019-08-19T07:40:00+00:00\",\"dateModified\":\"2025-10-21T12:57:28+00:00\",\"breadcrumb\":{\"@id\":\"https:\/\/www.tsp.at\/en\/2019\/08\/19\/neue-managing-consultants-fuer-cnt-innsbruck\/#breadcrumb\"},\"inLanguage\":\"en-US\",\"potentialAction\":[{\"@type\":\"ReadAction\",\"target\":[\"https:\/\/www.tsp.at\/en\/2019\/08\/19\/neue-managing-consultants-fuer-cnt-innsbruck\/\"]}]},{\"@type\":\"ImageObject\",\"inLanguage\":\"en-US\",\"@id\":\"https:\/\/www.tsp.at\/en\/2019\/08\/19\/neue-managing-consultants-fuer-cnt-innsbruck\/#primaryimage\",\"url\":\"https:\/\/www.tsp.at\/wp-content\/uploads\/2025\/10\/Maierl.jpg\",\"contentUrl\":\"https:\/\/www.tsp.at\/wp-content\/uploads\/2025\/10\/Maierl.jpg\",\"width\":756,\"height\":867},{\"@type\":\"BreadcrumbList\",\"@id\":\"https:\/\/www.tsp.at\/en\/2019\/08\/19\/neue-managing-consultants-fuer-cnt-innsbruck\/#breadcrumb\",\"itemListElement\":[{\"@type\":\"ListItem\",\"position\":1,\"name\":\"Startseite\",\"item\":\"https:\/\/www.tsp.at\/en\/\"},{\"@type\":\"ListItem\",\"position\":2,\"name\":\"Neue Managing Consultants f\u00fcr CNT Innsbruck\"}]},{\"@type\":\"WebSite\",\"@id\":\"https:\/\/www.tsp.at\/en\/#website\",\"url\":\"https:\/\/www.tsp.at\/en\/\",\"name\":\"Temmel | Seywald - Corporate Communications\",\"description\":\"Kommunikation ist Beziehungsarbeit\",\"publisher\":{\"@id\":\"https:\/\/www.tsp.at\/en\/#organization\"},\"potentialAction\":[{\"@type\":\"SearchAction\",\"target\":{\"@type\":\"EntryPoint\",\"urlTemplate\":\"https:\/\/www.tsp.at\/en\/?s={search_term_string}\"},\"query-input\":{\"@type\":\"PropertyValueSpecification\",\"valueRequired\":true,\"valueName\":\"search_term_string\"}}],\"inLanguage\":\"en-US\"},{\"@type\":\"Organization\",\"@id\":\"https:\/\/www.tsp.at\/en\/#organization\",\"name\":\"Temmel, Seywald & Partner Communications GesmbH\",\"alternateName\":\"TSP\",\"url\":\"https:\/\/www.tsp.at\/en\/\",\"logo\":{\"@type\":\"ImageObject\",\"inLanguage\":\"en-US\",\"@id\":\"https:\/\/www.tsp.at\/en\/#\/schema\/logo\/image\/\",\"url\":\"https:\/\/www.tsp.at\/wp-content\/uploads\/2025\/10\/favicontsp.png\",\"contentUrl\":\"https:\/\/www.tsp.at\/wp-content\/uploads\/2025\/10\/favicontsp.png\",\"width\":125,\"height\":125,\"caption\":\"Temmel, Seywald & Partner Communications GesmbH\"},\"image\":{\"@id\":\"https:\/\/www.tsp.at\/en\/#\/schema\/logo\/image\/\"},\"sameAs\":[\"https:\/\/www.facebook.com\/TemmelSeywald\"]},{\"@type\":\"Person\",\"@id\":\"https:\/\/www.tsp.at\/en\/#\/schema\/person\/1ba5600c29da17b902b0925cea567f8a\",\"name\":\"TSP Redaktion\"}]}<\/script>\n<!-- \/ Yoast SEO plugin. -->","yoast_head_json":{"title":"Neue Managing Consultants f\u00fcr CNT Innsbruck - Temmel | Seywald - Corporate Communications","robots":{"index":"index","follow":"follow","max-snippet":"max-snippet:-1","max-image-preview":"max-image-preview:large","max-video-preview":"max-video-preview:-1"},"canonical":"https:\/\/www.tsp.at\/en\/2019\/08\/19\/neue-managing-consultants-fuer-cnt-innsbruck\/","og_locale":"en_US","og_type":"article","og_title":"Neue Managing Consultants f\u00fcr CNT Innsbruck - Temmel | Seywald - Corporate Communications","og_description":"Organisationsausbau mit J\u00fcrgen Fr\u00fch, Johann Maierl und Christian Ulf 19.08.2019 Innsbruck \u2013 Das SAP-Beratungshaus CNT Management Consulting AG baut seinen Standort Innsbruck weiter aus. Mit J\u00fcrgen Fr\u00fch (52), Johann Maierl (34) und Christian Ulf (39) werden gleich drei erfahrene Berater zu neuen Managing Consultants bestellt. Sie f\u00fchren k\u00fcnftig eigene Teams und k\u00f6nnen durch die neue&hellip;","og_url":"https:\/\/www.tsp.at\/en\/2019\/08\/19\/neue-managing-consultants-fuer-cnt-innsbruck\/","og_site_name":"Temmel | Seywald - Corporate Communications","article_publisher":"https:\/\/www.facebook.com\/TemmelSeywald","article_published_time":"2019-08-19T07:40:00+00:00","article_modified_time":"2025-10-21T12:57:28+00:00","og_image":[{"width":756,"height":867,"url":"https:\/\/www.tsp.at\/wp-content\/uploads\/2025\/10\/Maierl.jpg","type":"image\/jpeg"}],"author":"TSP Redaktion","twitter_card":"summary_large_image","twitter_misc":{"Written by":"TSP Redaktion","Est. reading time":"3 minutes"},"schema":{"@context":"https:\/\/schema.org","@graph":[{"@type":"Article","@id":"https:\/\/www.tsp.at\/en\/2019\/08\/19\/neue-managing-consultants-fuer-cnt-innsbruck\/#article","isPartOf":{"@id":"https:\/\/www.tsp.at\/en\/2019\/08\/19\/neue-managing-consultants-fuer-cnt-innsbruck\/"},"author":{"name":"TSP Redaktion","@id":"https:\/\/www.tsp.at\/en\/#\/schema\/person\/1ba5600c29da17b902b0925cea567f8a"},"headline":"Neue Managing Consultants f\u00fcr CNT Innsbruck","datePublished":"2019-08-19T07:40:00+00:00","dateModified":"2025-10-21T12:57:28+00:00","mainEntityOfPage":{"@id":"https:\/\/www.tsp.at\/en\/2019\/08\/19\/neue-managing-consultants-fuer-cnt-innsbruck\/"},"wordCount":374,"publisher":{"@id":"https:\/\/www.tsp.at\/en\/#organization"},"image":{"@id":"https:\/\/www.tsp.at\/en\/2019\/08\/19\/neue-managing-consultants-fuer-cnt-innsbruck\/#primaryimage"},"thumbnailUrl":"https:\/\/www.tsp.at\/wp-content\/uploads\/2025\/10\/Maierl.jpg","articleSection":["News"],"inLanguage":"en-US"},{"@type":"WebPage","@id":"https:\/\/www.tsp.at\/en\/2019\/08\/19\/neue-managing-consultants-fuer-cnt-innsbruck\/","url":"https:\/\/www.tsp.at\/en\/2019\/08\/19\/neue-managing-consultants-fuer-cnt-innsbruck\/","name":"Neue Managing Consultants f\u00fcr CNT Innsbruck - Temmel | Seywald - Corporate Communications","isPartOf":{"@id":"https:\/\/www.tsp.at\/en\/#website"},"primaryImageOfPage":{"@id":"https:\/\/www.tsp.at\/en\/2019\/08\/19\/neue-managing-consultants-fuer-cnt-innsbruck\/#primaryimage"},"image":{"@id":"https:\/\/www.tsp.at\/en\/2019\/08\/19\/neue-managing-consultants-fuer-cnt-innsbruck\/#primaryimage"},"thumbnailUrl":"https:\/\/www.tsp.at\/wp-content\/uploads\/2025\/10\/Maierl.jpg","datePublished":"2019-08-19T07:40:00+00:00","dateModified":"2025-10-21T12:57:28+00:00","breadcrumb":{"@id":"https:\/\/www.tsp.at\/en\/2019\/08\/19\/neue-managing-consultants-fuer-cnt-innsbruck\/#breadcrumb"},"inLanguage":"en-US","potentialAction":[{"@type":"ReadAction","target":["https:\/\/www.tsp.at\/en\/2019\/08\/19\/neue-managing-consultants-fuer-cnt-innsbruck\/"]}]},{"@type":"ImageObject","inLanguage":"en-US","@id":"https:\/\/www.tsp.at\/en\/2019\/08\/19\/neue-managing-consultants-fuer-cnt-innsbruck\/#primaryimage","url":"https:\/\/www.tsp.at\/wp-content\/uploads\/2025\/10\/Maierl.jpg","contentUrl":"https:\/\/www.tsp.at\/wp-content\/uploads\/2025\/10\/Maierl.jpg","width":756,"height":867},{"@type":"BreadcrumbList","@id":"https:\/\/www.tsp.at\/en\/2019\/08\/19\/neue-managing-consultants-fuer-cnt-innsbruck\/#breadcrumb","itemListElement":[{"@type":"ListItem","position":1,"name":"Startseite","item":"https:\/\/www.tsp.at\/en\/"},{"@type":"ListItem","position":2,"name":"Neue Managing Consultants f\u00fcr CNT Innsbruck"}]},{"@type":"WebSite","@id":"https:\/\/www.tsp.at\/en\/#website","url":"https:\/\/www.tsp.at\/en\/","name":"Temmel | Seywald - Corporate Communications","description":"Kommunikation ist Beziehungsarbeit","publisher":{"@id":"https:\/\/www.tsp.at\/en\/#organization"},"potentialAction":[{"@type":"SearchAction","target":{"@type":"EntryPoint","urlTemplate":"https:\/\/www.tsp.at\/en\/?s={search_term_string}"},"query-input":{"@type":"PropertyValueSpecification","valueRequired":true,"valueName":"search_term_string"}}],"inLanguage":"en-US"},{"@type":"Organization","@id":"https:\/\/www.tsp.at\/en\/#organization","name":"Temmel, Seywald & Partner Communications GesmbH","alternateName":"TSP","url":"https:\/\/www.tsp.at\/en\/","logo":{"@type":"ImageObject","inLanguage":"en-US","@id":"https:\/\/www.tsp.at\/en\/#\/schema\/logo\/image\/","url":"https:\/\/www.tsp.at\/wp-content\/uploads\/2025\/10\/favicontsp.png","contentUrl":"https:\/\/www.tsp.at\/wp-content\/uploads\/2025\/10\/favicontsp.png","width":125,"height":125,"caption":"Temmel, Seywald & Partner Communications GesmbH"},"image":{"@id":"https:\/\/www.tsp.at\/en\/#\/schema\/logo\/image\/"},"sameAs":["https:\/\/www.facebook.com\/TemmelSeywald"]},{"@type":"Person","@id":"https:\/\/www.tsp.at\/en\/#\/schema\/person\/1ba5600c29da17b902b0925cea567f8a","name":"TSP Redaktion"}]}},"_links":{"self":[{"href":"https:\/\/www.tsp.at\/en\/wp-json\/wp\/v2\/posts\/9947","targetHints":{"allow":["GET"]}}],"collection":[{"href":"https:\/\/www.tsp.at\/en\/wp-json\/wp\/v2\/posts"}],"about":[{"href":"https:\/\/www.tsp.at\/en\/wp-json\/wp\/v2\/types\/post"}],"author":[{"embeddable":true,"href":"https:\/\/www.tsp.at\/en\/wp-json\/wp\/v2\/users\/2"}],"replies":[{"embeddable":true,"href":"https:\/\/www.tsp.at\/en\/wp-json\/wp\/v2\/comments?post=9947"}],"version-history":[{"count":1,"href":"https:\/\/www.tsp.at\/en\/wp-json\/wp\/v2\/posts\/9947\/revisions"}],"predecessor-version":[{"id":11383,"href":"https:\/\/www.tsp.at\/en\/wp-json\/wp\/v2\/posts\/9947\/revisions\/11383"}],"wp:featuredmedia":[{"embeddable":true,"href":"https:\/\/www.tsp.at\/en\/wp-json\/wp\/v2\/media\/9946"}],"wp:attachment":[{"href":"https:\/\/www.tsp.at\/en\/wp-json\/wp\/v2\/media?parent=9947"}],"wp:term":[{"taxonomy":"category","embeddable":true,"href":"https:\/\/www.tsp.at\/en\/wp-json\/wp\/v2\/categories?post=9947"},{"taxonomy":"post_tag","embeddable":true,"href":"https:\/\/www.tsp.at\/en\/wp-json\/wp\/v2\/tags?post=9947"}],"curies":[{"name":"wp","href":"https:\/\/api.w.org\/{rel}","templated":true}]}}