{"id":9953,"date":"2019-06-25T14:30:00","date_gmt":"2019-06-25T12:30:00","guid":{"rendered":"https:\/\/staging.tsp.at\/2019\/06\/25\/cnt-expandiert-in-den-beneluxraum\/"},"modified":"2025-10-21T14:57:29","modified_gmt":"2025-10-21T12:57:29","slug":"cnt-expandiert-in-den-beneluxraum","status":"publish","type":"post","link":"https:\/\/www.tsp.at\/en\/2019\/06\/25\/cnt-expandiert-in-den-beneluxraum\/","title":{"rendered":"CNT expandiert in den Beneluxraum"},"content":{"rendered":"<article class=\"item\">\n<h2><strong>Firmen\u00fcbernahme und Er\u00f6ffnung von Standort Hasselt in Belgien<\/strong><\/h2>\n<p>25.06.2019<\/p>\n<\/p>\n<\/p>\n<\/p>\n<\/p>\n<\/p>\n<p>Wien\/Hasselt \u2013 <strong>Die bisher ausschlie\u00dflich in der DACH-Region t\u00e4tige SAP-Beratung <span class=\"hl\">CNT<\/span> Management Consulting AG dehnt ihre Gesch\u00e4ftsaktivit\u00e4ten in den Benelux-Raum aus. Dazu wurde die Beraterfirma Advisum im belgischen Hasselt \u00fcbernommen. <span class=\"hl\">CNT<\/span> Belgien wird k\u00fcnftig von den Managing Directors Michael Tschernko und Advisum-Gr\u00fcnder Kurt Huysmans gef\u00fchrt und auf den Bereich Life Science (Pharmaceuticals, Medical Devices, Biotechnologie) fokussieren. <a href=\"http:\/\/www.cnt-online.com\" rel=\"nofollow\" target=\"_blank\">http:\/\/www.<span class=\"hl\">cnt<\/span>-online.com<\/a><\/strong> <\/p>\n<p>Das derzeit aus 10 MitarbeiterInnen bestehende Team ist durch seine Mehrsprachigkeit (Englisch, Deutsch, Franz\u00f6sisch und Fl\u00e4misch) in der gesamten Grenzregion einsetzbar &#8211; in den Niederlanden, Frankreich und Deutschland. Der Standort &#8220;Corda Campus&#8221; bietet laut Tschernko neben moderner Infrastruktur mit Start-up-Charakter ein hohes Potenzial gut ausgebildeter junger Talente wie auch gro\u00dfe Erfahrung mit bereits laufenden SAP-Projekten. F\u00fcr <span class=\"hl\">CNT<\/span> ist die Expansion ein Grund mehr, seine internen Prozesse und Strukturen auch sprachlich zu adaptieren.\n<\/p>\n<p>Die zwei Standortleiter Michael Tschernko und Kurt Huysmans bringen die n\u00f6tige Expertise und Erfahrung ein. Tschernko kam nach Projektmanagement-Engagements bei Anton Paar, Andritz und SAP 2011 zu <span class=\"hl\">CNT<\/span> und ist hier seither mit internationalen Projekten befasst &#8211; zuletzt hat er den Standort Mainz mit aufgebaut. Kurt Huysmans hat seine Laufbahn bei Robert Bosch begonnen und nach seiner T\u00e4tigkeit bei SAP sein eigenes Unternehmen gegr\u00fcndet, das nun in die <span class=\"hl\">CNT<\/span> eingebracht wurde. Seine Schwerpunkte liegen im Projekt- und Programm-Management sowie im Supply Chain- und Manufacturing Consulting.\n<\/p>\n<p><span class=\"hl\">CNT<\/span> Belgien will sich weiterhin auf den Bereich Life Science konzentrieren, aber auch in anderen Industriegebieten Fu\u00df fassen, die vertrieblichen Schwerpunkte liegen auf S\/4HANA, ARIBA und SuccessFactors. In den n\u00e4chsten f\u00fcnf Jahren soll der Standort auf 30 BeraterInnen wachsen. &#8220;Wir haben hier ein immenses Potenzial mit Produkten und Services f\u00fcr die bevorstehende Digitalisierungswelle&#8221;, sagt Michael Tschernko. &#8220;Wichtig dabei sind die N\u00e4he zum Kunden, dass wir seine Sprache sprechen und das gro\u00dfe Reservoir an talentierten BeraterInnen.&#8221;\n<\/p>\n<p>Mit \u00fcber 250 SAP-Consultants z\u00e4hlt <span class=\"hl\">CNT<\/span> zu den f\u00fchrenden Beratungsunternehmen \u00d6sterreichs. In den letzten Monaten hat <span class=\"hl\">CNT<\/span> weitere Standorte in Deutschland und S\u00fcdtirol (Italien) er\u00f6ffnet. Grund daf\u00fcr ist die anhaltend starke Nachfrage nach Beratern f\u00fcr die Umstellung von SAP R\/3 auf die neue Software-Generation SAP S\/4HANA. <span class=\"hl\">CNT<\/span> kann dabei auf Tools, Produkte und Methoden zur\u00fcckgreifen, die bereits erfolgreich f\u00fcr internationale SAP-Rollout-Projekte eingesetzt wurden.\n<\/p>\n<p><strong>\u00dcber <span class=\"hl\">CNT<\/span> Management Consulting<\/strong> <\/p>\n<p>Die SAP-Beratungsgesellschaft <span class=\"hl\">CNT<\/span> Management Consulting AG wurde 1999 in Wien gegr\u00fcndet und betreut derzeit mit rund 250 BeraterInnen an den Standorten Wien, Innsbruck, Linz, M\u00fcnchen und Mainz sowie Bozen und Hasselt Unternehmen in allen Bereichen der SAP-Integration. Das Unternehmen hat 2018 \u00fcber 50 Mio. Euro Umsatz erwirtschaftet und peilt in den n\u00e4chsten Jahren weiteres Umsatz- und Mitarbeiterwachstum an. <a href=\"http:\/\/www.cnt-online.com\" rel=\"nofollow\" target=\"_blank\">http:\/\/www.<span class=\"hl\">cnt<\/span>-online.com<\/a><\/p>\n<\/article>\n","protected":false},"excerpt":{"rendered":"<p>Firmen\u00fcbernahme und Er\u00f6ffnung von Standort Hasselt in Belgien 25.06.2019 Wien\/Hasselt \u2013 Die bisher ausschlie\u00dflich in der DACH-Region t\u00e4tige SAP-Beratung CNT Management Consulting AG dehnt ihre Gesch\u00e4ftsaktivit\u00e4ten in den Benelux-Raum aus. Dazu wurde die Beraterfirma Advisum im belgischen Hasselt \u00fcbernommen. CNT Belgien wird k\u00fcnftig von den Managing Directors Michael Tschernko und Advisum-Gr\u00fcnder Kurt Huysmans gef\u00fchrt und&hellip;<\/p>\n","protected":false},"author":2,"featured_media":9952,"comment_status":"closed","ping_status":"closed","sticky":false,"template":"","format":"standard","meta":{"footnotes":""},"categories":[3],"tags":[],"class_list":["post-9953","post","type-post","status-publish","format-standard","has-post-thumbnail","hentry","category-news","category-3","description-off"],"yoast_head":"<!-- This site is optimized with the Yoast SEO plugin v26.3 - https:\/\/yoast.com\/wordpress\/plugins\/seo\/ -->\n<title>CNT expandiert in den Beneluxraum - Temmel | Seywald - Corporate Communications<\/title>\n<meta name=\"robots\" content=\"index, follow, max-snippet:-1, max-image-preview:large, max-video-preview:-1\" \/>\n<link rel=\"canonical\" href=\"https:\/\/www.tsp.at\/en\/2019\/06\/25\/cnt-expandiert-in-den-beneluxraum\/\" \/>\n<meta property=\"og:locale\" content=\"en_US\" \/>\n<meta property=\"og:type\" content=\"article\" \/>\n<meta property=\"og:title\" content=\"CNT expandiert in den Beneluxraum - Temmel | Seywald - Corporate Communications\" \/>\n<meta property=\"og:description\" content=\"Firmen\u00fcbernahme und Er\u00f6ffnung von Standort Hasselt in Belgien 25.06.2019 Wien\/Hasselt \u2013 Die bisher ausschlie\u00dflich in der DACH-Region t\u00e4tige SAP-Beratung CNT Management Consulting AG dehnt ihre Gesch\u00e4ftsaktivit\u00e4ten in den Benelux-Raum aus. Dazu wurde die Beraterfirma Advisum im belgischen Hasselt \u00fcbernommen. CNT Belgien wird k\u00fcnftig von den Managing Directors Michael Tschernko und Advisum-Gr\u00fcnder Kurt Huysmans gef\u00fchrt und&hellip;\" \/>\n<meta property=\"og:url\" content=\"https:\/\/www.tsp.at\/en\/2019\/06\/25\/cnt-expandiert-in-den-beneluxraum\/\" \/>\n<meta property=\"og:site_name\" content=\"Temmel | Seywald - Corporate Communications\" \/>\n<meta property=\"article:publisher\" content=\"https:\/\/www.facebook.com\/TemmelSeywald\" \/>\n<meta property=\"article:published_time\" content=\"2019-06-25T12:30:00+00:00\" \/>\n<meta property=\"article:modified_time\" content=\"2025-10-21T12:57:29+00:00\" \/>\n<meta property=\"og:image\" content=\"https:\/\/www.tsp.at\/wp-content\/uploads\/2025\/10\/Team-Belgium.jpg\" \/>\n\t<meta property=\"og:image:width\" content=\"2378\" \/>\n\t<meta property=\"og:image:height\" content=\"1587\" \/>\n\t<meta property=\"og:image:type\" content=\"image\/jpeg\" \/>\n<meta name=\"author\" content=\"TSP Redaktion\" \/>\n<meta name=\"twitter:card\" content=\"summary_large_image\" \/>\n<meta name=\"twitter:label1\" content=\"Written by\" \/>\n\t<meta name=\"twitter:data1\" content=\"TSP Redaktion\" \/>\n\t<meta name=\"twitter:label2\" content=\"Est. reading time\" \/>\n\t<meta name=\"twitter:data2\" content=\"3 minutes\" \/>\n<script type=\"application\/ld+json\" class=\"yoast-schema-graph\">{\"@context\":\"https:\/\/schema.org\",\"@graph\":[{\"@type\":\"Article\",\"@id\":\"https:\/\/www.tsp.at\/en\/2019\/06\/25\/cnt-expandiert-in-den-beneluxraum\/#article\",\"isPartOf\":{\"@id\":\"https:\/\/www.tsp.at\/en\/2019\/06\/25\/cnt-expandiert-in-den-beneluxraum\/\"},\"author\":{\"name\":\"TSP Redaktion\",\"@id\":\"https:\/\/www.tsp.at\/en\/#\/schema\/person\/1ba5600c29da17b902b0925cea567f8a\"},\"headline\":\"CNT expandiert in den Beneluxraum\",\"datePublished\":\"2019-06-25T12:30:00+00:00\",\"dateModified\":\"2025-10-21T12:57:29+00:00\",\"mainEntityOfPage\":{\"@id\":\"https:\/\/www.tsp.at\/en\/2019\/06\/25\/cnt-expandiert-in-den-beneluxraum\/\"},\"wordCount\":460,\"publisher\":{\"@id\":\"https:\/\/www.tsp.at\/en\/#organization\"},\"image\":{\"@id\":\"https:\/\/www.tsp.at\/en\/2019\/06\/25\/cnt-expandiert-in-den-beneluxraum\/#primaryimage\"},\"thumbnailUrl\":\"https:\/\/www.tsp.at\/wp-content\/uploads\/2025\/10\/Team-Belgium.jpg\",\"articleSection\":[\"News\"],\"inLanguage\":\"en-US\"},{\"@type\":\"WebPage\",\"@id\":\"https:\/\/www.tsp.at\/en\/2019\/06\/25\/cnt-expandiert-in-den-beneluxraum\/\",\"url\":\"https:\/\/www.tsp.at\/en\/2019\/06\/25\/cnt-expandiert-in-den-beneluxraum\/\",\"name\":\"CNT expandiert in den Beneluxraum - Temmel | Seywald - Corporate Communications\",\"isPartOf\":{\"@id\":\"https:\/\/www.tsp.at\/en\/#website\"},\"primaryImageOfPage\":{\"@id\":\"https:\/\/www.tsp.at\/en\/2019\/06\/25\/cnt-expandiert-in-den-beneluxraum\/#primaryimage\"},\"image\":{\"@id\":\"https:\/\/www.tsp.at\/en\/2019\/06\/25\/cnt-expandiert-in-den-beneluxraum\/#primaryimage\"},\"thumbnailUrl\":\"https:\/\/www.tsp.at\/wp-content\/uploads\/2025\/10\/Team-Belgium.jpg\",\"datePublished\":\"2019-06-25T12:30:00+00:00\",\"dateModified\":\"2025-10-21T12:57:29+00:00\",\"breadcrumb\":{\"@id\":\"https:\/\/www.tsp.at\/en\/2019\/06\/25\/cnt-expandiert-in-den-beneluxraum\/#breadcrumb\"},\"inLanguage\":\"en-US\",\"potentialAction\":[{\"@type\":\"ReadAction\",\"target\":[\"https:\/\/www.tsp.at\/en\/2019\/06\/25\/cnt-expandiert-in-den-beneluxraum\/\"]}]},{\"@type\":\"ImageObject\",\"inLanguage\":\"en-US\",\"@id\":\"https:\/\/www.tsp.at\/en\/2019\/06\/25\/cnt-expandiert-in-den-beneluxraum\/#primaryimage\",\"url\":\"https:\/\/www.tsp.at\/wp-content\/uploads\/2025\/10\/Team-Belgium.jpg\",\"contentUrl\":\"https:\/\/www.tsp.at\/wp-content\/uploads\/2025\/10\/Team-Belgium.jpg\",\"width\":2378,\"height\":1587,\"caption\":\"cof\"},{\"@type\":\"BreadcrumbList\",\"@id\":\"https:\/\/www.tsp.at\/en\/2019\/06\/25\/cnt-expandiert-in-den-beneluxraum\/#breadcrumb\",\"itemListElement\":[{\"@type\":\"ListItem\",\"position\":1,\"name\":\"Startseite\",\"item\":\"https:\/\/www.tsp.at\/en\/\"},{\"@type\":\"ListItem\",\"position\":2,\"name\":\"CNT expandiert in den Beneluxraum\"}]},{\"@type\":\"WebSite\",\"@id\":\"https:\/\/www.tsp.at\/en\/#website\",\"url\":\"https:\/\/www.tsp.at\/en\/\",\"name\":\"Temmel | Seywald - Corporate Communications\",\"description\":\"Kommunikation ist Beziehungsarbeit\",\"publisher\":{\"@id\":\"https:\/\/www.tsp.at\/en\/#organization\"},\"potentialAction\":[{\"@type\":\"SearchAction\",\"target\":{\"@type\":\"EntryPoint\",\"urlTemplate\":\"https:\/\/www.tsp.at\/en\/?s={search_term_string}\"},\"query-input\":{\"@type\":\"PropertyValueSpecification\",\"valueRequired\":true,\"valueName\":\"search_term_string\"}}],\"inLanguage\":\"en-US\"},{\"@type\":\"Organization\",\"@id\":\"https:\/\/www.tsp.at\/en\/#organization\",\"name\":\"Temmel, Seywald & Partner Communications GesmbH\",\"alternateName\":\"TSP\",\"url\":\"https:\/\/www.tsp.at\/en\/\",\"logo\":{\"@type\":\"ImageObject\",\"inLanguage\":\"en-US\",\"@id\":\"https:\/\/www.tsp.at\/en\/#\/schema\/logo\/image\/\",\"url\":\"https:\/\/www.tsp.at\/wp-content\/uploads\/2025\/10\/favicontsp.png\",\"contentUrl\":\"https:\/\/www.tsp.at\/wp-content\/uploads\/2025\/10\/favicontsp.png\",\"width\":125,\"height\":125,\"caption\":\"Temmel, Seywald & Partner Communications GesmbH\"},\"image\":{\"@id\":\"https:\/\/www.tsp.at\/en\/#\/schema\/logo\/image\/\"},\"sameAs\":[\"https:\/\/www.facebook.com\/TemmelSeywald\"]},{\"@type\":\"Person\",\"@id\":\"https:\/\/www.tsp.at\/en\/#\/schema\/person\/1ba5600c29da17b902b0925cea567f8a\",\"name\":\"TSP Redaktion\"}]}<\/script>\n<!-- \/ Yoast SEO plugin. -->","yoast_head_json":{"title":"CNT expandiert in den Beneluxraum - Temmel | Seywald - Corporate Communications","robots":{"index":"index","follow":"follow","max-snippet":"max-snippet:-1","max-image-preview":"max-image-preview:large","max-video-preview":"max-video-preview:-1"},"canonical":"https:\/\/www.tsp.at\/en\/2019\/06\/25\/cnt-expandiert-in-den-beneluxraum\/","og_locale":"en_US","og_type":"article","og_title":"CNT expandiert in den Beneluxraum - Temmel | Seywald - Corporate Communications","og_description":"Firmen\u00fcbernahme und Er\u00f6ffnung von Standort Hasselt in Belgien 25.06.2019 Wien\/Hasselt \u2013 Die bisher ausschlie\u00dflich in der DACH-Region t\u00e4tige SAP-Beratung CNT Management Consulting AG dehnt ihre Gesch\u00e4ftsaktivit\u00e4ten in den Benelux-Raum aus. Dazu wurde die Beraterfirma Advisum im belgischen Hasselt \u00fcbernommen. CNT Belgien wird k\u00fcnftig von den Managing Directors Michael Tschernko und Advisum-Gr\u00fcnder Kurt Huysmans gef\u00fchrt und&hellip;","og_url":"https:\/\/www.tsp.at\/en\/2019\/06\/25\/cnt-expandiert-in-den-beneluxraum\/","og_site_name":"Temmel | Seywald - Corporate Communications","article_publisher":"https:\/\/www.facebook.com\/TemmelSeywald","article_published_time":"2019-06-25T12:30:00+00:00","article_modified_time":"2025-10-21T12:57:29+00:00","og_image":[{"width":2378,"height":1587,"url":"https:\/\/www.tsp.at\/wp-content\/uploads\/2025\/10\/Team-Belgium.jpg","type":"image\/jpeg"}],"author":"TSP Redaktion","twitter_card":"summary_large_image","twitter_misc":{"Written by":"TSP Redaktion","Est. reading time":"3 minutes"},"schema":{"@context":"https:\/\/schema.org","@graph":[{"@type":"Article","@id":"https:\/\/www.tsp.at\/en\/2019\/06\/25\/cnt-expandiert-in-den-beneluxraum\/#article","isPartOf":{"@id":"https:\/\/www.tsp.at\/en\/2019\/06\/25\/cnt-expandiert-in-den-beneluxraum\/"},"author":{"name":"TSP Redaktion","@id":"https:\/\/www.tsp.at\/en\/#\/schema\/person\/1ba5600c29da17b902b0925cea567f8a"},"headline":"CNT expandiert in den Beneluxraum","datePublished":"2019-06-25T12:30:00+00:00","dateModified":"2025-10-21T12:57:29+00:00","mainEntityOfPage":{"@id":"https:\/\/www.tsp.at\/en\/2019\/06\/25\/cnt-expandiert-in-den-beneluxraum\/"},"wordCount":460,"publisher":{"@id":"https:\/\/www.tsp.at\/en\/#organization"},"image":{"@id":"https:\/\/www.tsp.at\/en\/2019\/06\/25\/cnt-expandiert-in-den-beneluxraum\/#primaryimage"},"thumbnailUrl":"https:\/\/www.tsp.at\/wp-content\/uploads\/2025\/10\/Team-Belgium.jpg","articleSection":["News"],"inLanguage":"en-US"},{"@type":"WebPage","@id":"https:\/\/www.tsp.at\/en\/2019\/06\/25\/cnt-expandiert-in-den-beneluxraum\/","url":"https:\/\/www.tsp.at\/en\/2019\/06\/25\/cnt-expandiert-in-den-beneluxraum\/","name":"CNT expandiert in den Beneluxraum - Temmel | Seywald - Corporate Communications","isPartOf":{"@id":"https:\/\/www.tsp.at\/en\/#website"},"primaryImageOfPage":{"@id":"https:\/\/www.tsp.at\/en\/2019\/06\/25\/cnt-expandiert-in-den-beneluxraum\/#primaryimage"},"image":{"@id":"https:\/\/www.tsp.at\/en\/2019\/06\/25\/cnt-expandiert-in-den-beneluxraum\/#primaryimage"},"thumbnailUrl":"https:\/\/www.tsp.at\/wp-content\/uploads\/2025\/10\/Team-Belgium.jpg","datePublished":"2019-06-25T12:30:00+00:00","dateModified":"2025-10-21T12:57:29+00:00","breadcrumb":{"@id":"https:\/\/www.tsp.at\/en\/2019\/06\/25\/cnt-expandiert-in-den-beneluxraum\/#breadcrumb"},"inLanguage":"en-US","potentialAction":[{"@type":"ReadAction","target":["https:\/\/www.tsp.at\/en\/2019\/06\/25\/cnt-expandiert-in-den-beneluxraum\/"]}]},{"@type":"ImageObject","inLanguage":"en-US","@id":"https:\/\/www.tsp.at\/en\/2019\/06\/25\/cnt-expandiert-in-den-beneluxraum\/#primaryimage","url":"https:\/\/www.tsp.at\/wp-content\/uploads\/2025\/10\/Team-Belgium.jpg","contentUrl":"https:\/\/www.tsp.at\/wp-content\/uploads\/2025\/10\/Team-Belgium.jpg","width":2378,"height":1587,"caption":"cof"},{"@type":"BreadcrumbList","@id":"https:\/\/www.tsp.at\/en\/2019\/06\/25\/cnt-expandiert-in-den-beneluxraum\/#breadcrumb","itemListElement":[{"@type":"ListItem","position":1,"name":"Startseite","item":"https:\/\/www.tsp.at\/en\/"},{"@type":"ListItem","position":2,"name":"CNT expandiert in den Beneluxraum"}]},{"@type":"WebSite","@id":"https:\/\/www.tsp.at\/en\/#website","url":"https:\/\/www.tsp.at\/en\/","name":"Temmel | Seywald - Corporate Communications","description":"Kommunikation ist Beziehungsarbeit","publisher":{"@id":"https:\/\/www.tsp.at\/en\/#organization"},"potentialAction":[{"@type":"SearchAction","target":{"@type":"EntryPoint","urlTemplate":"https:\/\/www.tsp.at\/en\/?s={search_term_string}"},"query-input":{"@type":"PropertyValueSpecification","valueRequired":true,"valueName":"search_term_string"}}],"inLanguage":"en-US"},{"@type":"Organization","@id":"https:\/\/www.tsp.at\/en\/#organization","name":"Temmel, Seywald & Partner Communications GesmbH","alternateName":"TSP","url":"https:\/\/www.tsp.at\/en\/","logo":{"@type":"ImageObject","inLanguage":"en-US","@id":"https:\/\/www.tsp.at\/en\/#\/schema\/logo\/image\/","url":"https:\/\/www.tsp.at\/wp-content\/uploads\/2025\/10\/favicontsp.png","contentUrl":"https:\/\/www.tsp.at\/wp-content\/uploads\/2025\/10\/favicontsp.png","width":125,"height":125,"caption":"Temmel, Seywald & Partner Communications GesmbH"},"image":{"@id":"https:\/\/www.tsp.at\/en\/#\/schema\/logo\/image\/"},"sameAs":["https:\/\/www.facebook.com\/TemmelSeywald"]},{"@type":"Person","@id":"https:\/\/www.tsp.at\/en\/#\/schema\/person\/1ba5600c29da17b902b0925cea567f8a","name":"TSP Redaktion"}]}},"_links":{"self":[{"href":"https:\/\/www.tsp.at\/en\/wp-json\/wp\/v2\/posts\/9953","targetHints":{"allow":["GET"]}}],"collection":[{"href":"https:\/\/www.tsp.at\/en\/wp-json\/wp\/v2\/posts"}],"about":[{"href":"https:\/\/www.tsp.at\/en\/wp-json\/wp\/v2\/types\/post"}],"author":[{"embeddable":true,"href":"https:\/\/www.tsp.at\/en\/wp-json\/wp\/v2\/users\/2"}],"replies":[{"embeddable":true,"href":"https:\/\/www.tsp.at\/en\/wp-json\/wp\/v2\/comments?post=9953"}],"version-history":[{"count":1,"href":"https:\/\/www.tsp.at\/en\/wp-json\/wp\/v2\/posts\/9953\/revisions"}],"predecessor-version":[{"id":11386,"href":"https:\/\/www.tsp.at\/en\/wp-json\/wp\/v2\/posts\/9953\/revisions\/11386"}],"wp:featuredmedia":[{"embeddable":true,"href":"https:\/\/www.tsp.at\/en\/wp-json\/wp\/v2\/media\/9952"}],"wp:attachment":[{"href":"https:\/\/www.tsp.at\/en\/wp-json\/wp\/v2\/media?parent=9953"}],"wp:term":[{"taxonomy":"category","embeddable":true,"href":"https:\/\/www.tsp.at\/en\/wp-json\/wp\/v2\/categories?post=9953"},{"taxonomy":"post_tag","embeddable":true,"href":"https:\/\/www.tsp.at\/en\/wp-json\/wp\/v2\/tags?post=9953"}],"curies":[{"name":"wp","href":"https:\/\/api.w.org\/{rel}","templated":true}]}}