{"id":9955,"date":"2019-06-13T14:33:00","date_gmt":"2019-06-13T12:33:00","guid":{"rendered":"https:\/\/staging.tsp.at\/2019\/06\/13\/aichelin-konzentriert-messeauftritte\/"},"modified":"2025-10-21T14:57:29","modified_gmt":"2025-10-21T12:57:29","slug":"aichelin-konzentriert-messeauftritte","status":"publish","type":"post","link":"https:\/\/www.tsp.at\/en\/2019\/06\/13\/aichelin-konzentriert-messeauftritte\/","title":{"rendered":"AICHELIN konzentriert Messeauftritte"},"content":{"rendered":"<article class=\"item\">\n<h2><strong>Thermprocess D\u00fcsseldorf Ende Juni hat weiterhin oberste Priorit\u00e4t<\/strong><\/h2>\n<p>13.06.2019<\/p>\n<\/p>\n<\/p>\n<\/p>\n<\/p>\n<\/p>\n<p>M\u00f6dling \u2013 <strong>Die <span class=\"hl\">AICHELIN<\/span> Group, einer der weltweit t\u00e4tigen Technologief\u00fchrer f\u00fcr Industrie\u00f6fen und Systeme zur thermochemischen W\u00e4rmebehandlung von metallischen Bauteilen, konzentriert ihre europ\u00e4ischen Konferenz- und Messeauftritte in diesem Fr\u00fchjahr auf Deutschland, Russland und Italien. Highlights der W\u00e4rmebehandlungsbranche sind wie auch in den vergangenen Jahren die Thermprocess in D\u00fcsseldorf (25. bis 29.6.2019) und der H\u00e4rtereikongress in K\u00f6ln (22. bis ). <\/strong><a href=\"http:\/\/www.aichelin.com\" rel=\"nofollow\" target=\"_blank\">http:\/\/www.<span class=\"hl\">aichelin<\/span>.com<\/a> <\/p>\n<p>Schon Ende Mai pr\u00e4sentierte sich die Unternehmensgruppe auf der russischen Fachmesse Metalloobrabotka in Moskau. Anfang Juni folgte die Hot Steel Metal Forming Conference CHS2 im schwedischen Lulea und die European Conference on Heat Treatment ECHT im italienischen Bardolino. H\u00f6hepunkt der Fr\u00fchjahrssaison ist Ende Juni die Weltmesse f\u00fcr Thermprozessthechnik THERMPROCESS, die nur alle vier Jahre in D\u00fcsseldorf stattfindet, in diesem Jahr bereits zum 12. Mal. <a href=\"http:\/\/www.thermprocess.de\" rel=\"nofollow\" target=\"_blank\">http:\/\/www.thermprocess.de<\/a> <\/p>\n<p>&#8220;Die Thermprocess bietet neben Gespr\u00e4chen mit nationalen und internationalen Kunden auch die M\u00f6glichkeit zum Networking innerhalb der Branche, als auch hochkar\u00e4tige Vortr\u00e4ge zu neuesten Entwicklungen aus Wissenschaft, Forschung und Industrie&#8221;, erl\u00e4utert <span class=\"hl\">AICHELIN<\/span> Group-Gesch\u00e4ftsf\u00fchrer Peter Schobesberger die Motivation f\u00fcr die Teilnahme. Denn die vier Messen GIFA, METEC, THERMPROCESS und NEWCAST seien zusammen genommen eine der wichtigsten Plattformen f\u00fcr Begegnungen und Gesch\u00e4fte in der W\u00e4rmebehandlungsindustrie. Internationale Eink\u00e4ufer, Anwender, Experten und Entscheider aus der Metallurgie-, W\u00e4rmetechnik- und Gussbranche treffen sich hier zum Erfahrungsaustausch.\n<\/p>\n<p>Auf dem im Oktober in K\u00f6ln stattfindenden H\u00e4rtereikongress, einer j\u00e4hrlichen Kongressveranstaltung mit Fachausstellung vornehmlich der deutschsprachigen W\u00e4rmebehandlungsfachleute, wird <span class=\"hl\">AICHELIN<\/span> erst 2020 wieder pr\u00e4sent sein. &#8220;Wir werden auf dem H\u00e4rtereikongress K\u00f6ln in diesem Jahr keinen eigenen Messestand haben, um unsere personellen und finanziellen Ressourcen in diesem Jahr fokussierter einzusetzen&#8221;, so Schobesberger zur Entscheidung. &#8220;In jedem Fall werden Mitarbeiter der <span class=\"hl\">AICHELIN<\/span> Group auch 2019 f\u00fcr Kundengespr\u00e4che auf dem H\u00e4rtereikongress anwesend sein.&#8221;\n<\/p>\n<p>Hinweis: Die <span class=\"hl\">AICHELIN<\/span> Group freut sich auf Besucher der Thermprozess vom 25. bis 29. Juni 2019. Die Unternehmen <span class=\"hl\">AICHELIN<\/span>, BOSIO und <span class=\"hl\">AICHELIN<\/span> Service erwarten Kunden und Interessenten in Halle 9, Stand 9 E 26, EMA Indutec an den St\u00e4nden 9 E 26 und 10 E 74, AFC-Holcroft am Stand 9 D 15, NOXMAT am Stand 9 F 10 und #jakob\\einfach, sicher am Stand 9 E 26-2.<\/p>\n<\/article>\n","protected":false},"excerpt":{"rendered":"<p>Thermprocess D\u00fcsseldorf Ende Juni hat weiterhin oberste Priorit\u00e4t 13.06.2019 M\u00f6dling \u2013 Die AICHELIN Group, einer der weltweit t\u00e4tigen Technologief\u00fchrer f\u00fcr Industrie\u00f6fen und Systeme zur thermochemischen W\u00e4rmebehandlung von metallischen Bauteilen, konzentriert ihre europ\u00e4ischen Konferenz- und Messeauftritte in diesem Fr\u00fchjahr auf Deutschland, Russland und Italien. Highlights der W\u00e4rmebehandlungsbranche sind wie auch in den vergangenen Jahren die Thermprocess&hellip;<\/p>\n","protected":false},"author":2,"featured_media":9954,"comment_status":"closed","ping_status":"closed","sticky":false,"template":"","format":"standard","meta":{"footnotes":""},"categories":[3],"tags":[],"class_list":["post-9955","post","type-post","status-publish","format-standard","has-post-thumbnail","hentry","category-news","category-3","description-off"],"yoast_head":"<!-- This site is optimized with the Yoast SEO plugin v26.3 - https:\/\/yoast.com\/wordpress\/plugins\/seo\/ -->\n<title>AICHELIN konzentriert Messeauftritte - Temmel | Seywald - Corporate Communications<\/title>\n<meta name=\"robots\" content=\"index, follow, max-snippet:-1, max-image-preview:large, max-video-preview:-1\" \/>\n<link rel=\"canonical\" href=\"https:\/\/www.tsp.at\/en\/2019\/06\/13\/aichelin-konzentriert-messeauftritte\/\" \/>\n<meta property=\"og:locale\" content=\"en_US\" \/>\n<meta property=\"og:type\" content=\"article\" \/>\n<meta property=\"og:title\" content=\"AICHELIN konzentriert Messeauftritte - Temmel | Seywald - Corporate Communications\" \/>\n<meta property=\"og:description\" content=\"Thermprocess D\u00fcsseldorf Ende Juni hat weiterhin oberste Priorit\u00e4t 13.06.2019 M\u00f6dling \u2013 Die AICHELIN Group, einer der weltweit t\u00e4tigen Technologief\u00fchrer f\u00fcr Industrie\u00f6fen und Systeme zur thermochemischen W\u00e4rmebehandlung von metallischen Bauteilen, konzentriert ihre europ\u00e4ischen Konferenz- und Messeauftritte in diesem Fr\u00fchjahr auf Deutschland, Russland und Italien. Highlights der W\u00e4rmebehandlungsbranche sind wie auch in den vergangenen Jahren die Thermprocess&hellip;\" \/>\n<meta property=\"og:url\" content=\"https:\/\/www.tsp.at\/en\/2019\/06\/13\/aichelin-konzentriert-messeauftritte\/\" \/>\n<meta property=\"og:site_name\" content=\"Temmel | Seywald - Corporate Communications\" \/>\n<meta property=\"article:publisher\" content=\"https:\/\/www.facebook.com\/TemmelSeywald\" \/>\n<meta property=\"article:published_time\" content=\"2019-06-13T12:33:00+00:00\" \/>\n<meta property=\"article:modified_time\" content=\"2025-10-21T12:57:29+00:00\" \/>\n<meta property=\"og:image\" content=\"https:\/\/www.tsp.at\/wp-content\/uploads\/2025\/10\/Aichelin-Team-scaled.jpg\" \/>\n\t<meta property=\"og:image:width\" content=\"2560\" \/>\n\t<meta property=\"og:image:height\" content=\"1707\" \/>\n\t<meta property=\"og:image:type\" content=\"image\/jpeg\" \/>\n<meta name=\"author\" content=\"TSP Redaktion\" \/>\n<meta name=\"twitter:card\" content=\"summary_large_image\" \/>\n<meta name=\"twitter:label1\" content=\"Written by\" \/>\n\t<meta name=\"twitter:data1\" content=\"TSP Redaktion\" \/>\n\t<meta name=\"twitter:label2\" content=\"Est. reading time\" \/>\n\t<meta name=\"twitter:data2\" content=\"3 minutes\" \/>\n<script type=\"application\/ld+json\" class=\"yoast-schema-graph\">{\"@context\":\"https:\/\/schema.org\",\"@graph\":[{\"@type\":\"Article\",\"@id\":\"https:\/\/www.tsp.at\/en\/2019\/06\/13\/aichelin-konzentriert-messeauftritte\/#article\",\"isPartOf\":{\"@id\":\"https:\/\/www.tsp.at\/en\/2019\/06\/13\/aichelin-konzentriert-messeauftritte\/\"},\"author\":{\"name\":\"TSP Redaktion\",\"@id\":\"https:\/\/www.tsp.at\/en\/#\/schema\/person\/1ba5600c29da17b902b0925cea567f8a\"},\"headline\":\"AICHELIN konzentriert Messeauftritte\",\"datePublished\":\"2019-06-13T12:33:00+00:00\",\"dateModified\":\"2025-10-21T12:57:29+00:00\",\"mainEntityOfPage\":{\"@id\":\"https:\/\/www.tsp.at\/en\/2019\/06\/13\/aichelin-konzentriert-messeauftritte\/\"},\"wordCount\":378,\"publisher\":{\"@id\":\"https:\/\/www.tsp.at\/en\/#organization\"},\"image\":{\"@id\":\"https:\/\/www.tsp.at\/en\/2019\/06\/13\/aichelin-konzentriert-messeauftritte\/#primaryimage\"},\"thumbnailUrl\":\"https:\/\/www.tsp.at\/wp-content\/uploads\/2025\/10\/Aichelin-Team-scaled.jpg\",\"articleSection\":[\"News\"],\"inLanguage\":\"en-US\"},{\"@type\":\"WebPage\",\"@id\":\"https:\/\/www.tsp.at\/en\/2019\/06\/13\/aichelin-konzentriert-messeauftritte\/\",\"url\":\"https:\/\/www.tsp.at\/en\/2019\/06\/13\/aichelin-konzentriert-messeauftritte\/\",\"name\":\"AICHELIN konzentriert Messeauftritte - Temmel | Seywald - Corporate Communications\",\"isPartOf\":{\"@id\":\"https:\/\/www.tsp.at\/en\/#website\"},\"primaryImageOfPage\":{\"@id\":\"https:\/\/www.tsp.at\/en\/2019\/06\/13\/aichelin-konzentriert-messeauftritte\/#primaryimage\"},\"image\":{\"@id\":\"https:\/\/www.tsp.at\/en\/2019\/06\/13\/aichelin-konzentriert-messeauftritte\/#primaryimage\"},\"thumbnailUrl\":\"https:\/\/www.tsp.at\/wp-content\/uploads\/2025\/10\/Aichelin-Team-scaled.jpg\",\"datePublished\":\"2019-06-13T12:33:00+00:00\",\"dateModified\":\"2025-10-21T12:57:29+00:00\",\"breadcrumb\":{\"@id\":\"https:\/\/www.tsp.at\/en\/2019\/06\/13\/aichelin-konzentriert-messeauftritte\/#breadcrumb\"},\"inLanguage\":\"en-US\",\"potentialAction\":[{\"@type\":\"ReadAction\",\"target\":[\"https:\/\/www.tsp.at\/en\/2019\/06\/13\/aichelin-konzentriert-messeauftritte\/\"]}]},{\"@type\":\"ImageObject\",\"inLanguage\":\"en-US\",\"@id\":\"https:\/\/www.tsp.at\/en\/2019\/06\/13\/aichelin-konzentriert-messeauftritte\/#primaryimage\",\"url\":\"https:\/\/www.tsp.at\/wp-content\/uploads\/2025\/10\/Aichelin-Team-scaled.jpg\",\"contentUrl\":\"https:\/\/www.tsp.at\/wp-content\/uploads\/2025\/10\/Aichelin-Team-scaled.jpg\",\"width\":2560,\"height\":1707},{\"@type\":\"BreadcrumbList\",\"@id\":\"https:\/\/www.tsp.at\/en\/2019\/06\/13\/aichelin-konzentriert-messeauftritte\/#breadcrumb\",\"itemListElement\":[{\"@type\":\"ListItem\",\"position\":1,\"name\":\"Startseite\",\"item\":\"https:\/\/www.tsp.at\/en\/\"},{\"@type\":\"ListItem\",\"position\":2,\"name\":\"AICHELIN konzentriert Messeauftritte\"}]},{\"@type\":\"WebSite\",\"@id\":\"https:\/\/www.tsp.at\/en\/#website\",\"url\":\"https:\/\/www.tsp.at\/en\/\",\"name\":\"Temmel | Seywald - Corporate Communications\",\"description\":\"Kommunikation ist Beziehungsarbeit\",\"publisher\":{\"@id\":\"https:\/\/www.tsp.at\/en\/#organization\"},\"potentialAction\":[{\"@type\":\"SearchAction\",\"target\":{\"@type\":\"EntryPoint\",\"urlTemplate\":\"https:\/\/www.tsp.at\/en\/?s={search_term_string}\"},\"query-input\":{\"@type\":\"PropertyValueSpecification\",\"valueRequired\":true,\"valueName\":\"search_term_string\"}}],\"inLanguage\":\"en-US\"},{\"@type\":\"Organization\",\"@id\":\"https:\/\/www.tsp.at\/en\/#organization\",\"name\":\"Temmel, Seywald & Partner Communications GesmbH\",\"alternateName\":\"TSP\",\"url\":\"https:\/\/www.tsp.at\/en\/\",\"logo\":{\"@type\":\"ImageObject\",\"inLanguage\":\"en-US\",\"@id\":\"https:\/\/www.tsp.at\/en\/#\/schema\/logo\/image\/\",\"url\":\"https:\/\/www.tsp.at\/wp-content\/uploads\/2025\/10\/favicontsp.png\",\"contentUrl\":\"https:\/\/www.tsp.at\/wp-content\/uploads\/2025\/10\/favicontsp.png\",\"width\":125,\"height\":125,\"caption\":\"Temmel, Seywald & Partner Communications GesmbH\"},\"image\":{\"@id\":\"https:\/\/www.tsp.at\/en\/#\/schema\/logo\/image\/\"},\"sameAs\":[\"https:\/\/www.facebook.com\/TemmelSeywald\"]},{\"@type\":\"Person\",\"@id\":\"https:\/\/www.tsp.at\/en\/#\/schema\/person\/1ba5600c29da17b902b0925cea567f8a\",\"name\":\"TSP Redaktion\"}]}<\/script>\n<!-- \/ Yoast SEO plugin. -->","yoast_head_json":{"title":"AICHELIN konzentriert Messeauftritte - Temmel | Seywald - Corporate Communications","robots":{"index":"index","follow":"follow","max-snippet":"max-snippet:-1","max-image-preview":"max-image-preview:large","max-video-preview":"max-video-preview:-1"},"canonical":"https:\/\/www.tsp.at\/en\/2019\/06\/13\/aichelin-konzentriert-messeauftritte\/","og_locale":"en_US","og_type":"article","og_title":"AICHELIN konzentriert Messeauftritte - Temmel | Seywald - Corporate Communications","og_description":"Thermprocess D\u00fcsseldorf Ende Juni hat weiterhin oberste Priorit\u00e4t 13.06.2019 M\u00f6dling \u2013 Die AICHELIN Group, einer der weltweit t\u00e4tigen Technologief\u00fchrer f\u00fcr Industrie\u00f6fen und Systeme zur thermochemischen W\u00e4rmebehandlung von metallischen Bauteilen, konzentriert ihre europ\u00e4ischen Konferenz- und Messeauftritte in diesem Fr\u00fchjahr auf Deutschland, Russland und Italien. Highlights der W\u00e4rmebehandlungsbranche sind wie auch in den vergangenen Jahren die Thermprocess&hellip;","og_url":"https:\/\/www.tsp.at\/en\/2019\/06\/13\/aichelin-konzentriert-messeauftritte\/","og_site_name":"Temmel | Seywald - Corporate Communications","article_publisher":"https:\/\/www.facebook.com\/TemmelSeywald","article_published_time":"2019-06-13T12:33:00+00:00","article_modified_time":"2025-10-21T12:57:29+00:00","og_image":[{"width":2560,"height":1707,"url":"https:\/\/www.tsp.at\/wp-content\/uploads\/2025\/10\/Aichelin-Team-scaled.jpg","type":"image\/jpeg"}],"author":"TSP Redaktion","twitter_card":"summary_large_image","twitter_misc":{"Written by":"TSP Redaktion","Est. reading time":"3 minutes"},"schema":{"@context":"https:\/\/schema.org","@graph":[{"@type":"Article","@id":"https:\/\/www.tsp.at\/en\/2019\/06\/13\/aichelin-konzentriert-messeauftritte\/#article","isPartOf":{"@id":"https:\/\/www.tsp.at\/en\/2019\/06\/13\/aichelin-konzentriert-messeauftritte\/"},"author":{"name":"TSP Redaktion","@id":"https:\/\/www.tsp.at\/en\/#\/schema\/person\/1ba5600c29da17b902b0925cea567f8a"},"headline":"AICHELIN konzentriert Messeauftritte","datePublished":"2019-06-13T12:33:00+00:00","dateModified":"2025-10-21T12:57:29+00:00","mainEntityOfPage":{"@id":"https:\/\/www.tsp.at\/en\/2019\/06\/13\/aichelin-konzentriert-messeauftritte\/"},"wordCount":378,"publisher":{"@id":"https:\/\/www.tsp.at\/en\/#organization"},"image":{"@id":"https:\/\/www.tsp.at\/en\/2019\/06\/13\/aichelin-konzentriert-messeauftritte\/#primaryimage"},"thumbnailUrl":"https:\/\/www.tsp.at\/wp-content\/uploads\/2025\/10\/Aichelin-Team-scaled.jpg","articleSection":["News"],"inLanguage":"en-US"},{"@type":"WebPage","@id":"https:\/\/www.tsp.at\/en\/2019\/06\/13\/aichelin-konzentriert-messeauftritte\/","url":"https:\/\/www.tsp.at\/en\/2019\/06\/13\/aichelin-konzentriert-messeauftritte\/","name":"AICHELIN konzentriert Messeauftritte - Temmel | Seywald - Corporate Communications","isPartOf":{"@id":"https:\/\/www.tsp.at\/en\/#website"},"primaryImageOfPage":{"@id":"https:\/\/www.tsp.at\/en\/2019\/06\/13\/aichelin-konzentriert-messeauftritte\/#primaryimage"},"image":{"@id":"https:\/\/www.tsp.at\/en\/2019\/06\/13\/aichelin-konzentriert-messeauftritte\/#primaryimage"},"thumbnailUrl":"https:\/\/www.tsp.at\/wp-content\/uploads\/2025\/10\/Aichelin-Team-scaled.jpg","datePublished":"2019-06-13T12:33:00+00:00","dateModified":"2025-10-21T12:57:29+00:00","breadcrumb":{"@id":"https:\/\/www.tsp.at\/en\/2019\/06\/13\/aichelin-konzentriert-messeauftritte\/#breadcrumb"},"inLanguage":"en-US","potentialAction":[{"@type":"ReadAction","target":["https:\/\/www.tsp.at\/en\/2019\/06\/13\/aichelin-konzentriert-messeauftritte\/"]}]},{"@type":"ImageObject","inLanguage":"en-US","@id":"https:\/\/www.tsp.at\/en\/2019\/06\/13\/aichelin-konzentriert-messeauftritte\/#primaryimage","url":"https:\/\/www.tsp.at\/wp-content\/uploads\/2025\/10\/Aichelin-Team-scaled.jpg","contentUrl":"https:\/\/www.tsp.at\/wp-content\/uploads\/2025\/10\/Aichelin-Team-scaled.jpg","width":2560,"height":1707},{"@type":"BreadcrumbList","@id":"https:\/\/www.tsp.at\/en\/2019\/06\/13\/aichelin-konzentriert-messeauftritte\/#breadcrumb","itemListElement":[{"@type":"ListItem","position":1,"name":"Startseite","item":"https:\/\/www.tsp.at\/en\/"},{"@type":"ListItem","position":2,"name":"AICHELIN konzentriert Messeauftritte"}]},{"@type":"WebSite","@id":"https:\/\/www.tsp.at\/en\/#website","url":"https:\/\/www.tsp.at\/en\/","name":"Temmel | Seywald - Corporate Communications","description":"Kommunikation ist Beziehungsarbeit","publisher":{"@id":"https:\/\/www.tsp.at\/en\/#organization"},"potentialAction":[{"@type":"SearchAction","target":{"@type":"EntryPoint","urlTemplate":"https:\/\/www.tsp.at\/en\/?s={search_term_string}"},"query-input":{"@type":"PropertyValueSpecification","valueRequired":true,"valueName":"search_term_string"}}],"inLanguage":"en-US"},{"@type":"Organization","@id":"https:\/\/www.tsp.at\/en\/#organization","name":"Temmel, Seywald & Partner Communications GesmbH","alternateName":"TSP","url":"https:\/\/www.tsp.at\/en\/","logo":{"@type":"ImageObject","inLanguage":"en-US","@id":"https:\/\/www.tsp.at\/en\/#\/schema\/logo\/image\/","url":"https:\/\/www.tsp.at\/wp-content\/uploads\/2025\/10\/favicontsp.png","contentUrl":"https:\/\/www.tsp.at\/wp-content\/uploads\/2025\/10\/favicontsp.png","width":125,"height":125,"caption":"Temmel, Seywald & Partner Communications GesmbH"},"image":{"@id":"https:\/\/www.tsp.at\/en\/#\/schema\/logo\/image\/"},"sameAs":["https:\/\/www.facebook.com\/TemmelSeywald"]},{"@type":"Person","@id":"https:\/\/www.tsp.at\/en\/#\/schema\/person\/1ba5600c29da17b902b0925cea567f8a","name":"TSP Redaktion"}]}},"_links":{"self":[{"href":"https:\/\/www.tsp.at\/en\/wp-json\/wp\/v2\/posts\/9955","targetHints":{"allow":["GET"]}}],"collection":[{"href":"https:\/\/www.tsp.at\/en\/wp-json\/wp\/v2\/posts"}],"about":[{"href":"https:\/\/www.tsp.at\/en\/wp-json\/wp\/v2\/types\/post"}],"author":[{"embeddable":true,"href":"https:\/\/www.tsp.at\/en\/wp-json\/wp\/v2\/users\/2"}],"replies":[{"embeddable":true,"href":"https:\/\/www.tsp.at\/en\/wp-json\/wp\/v2\/comments?post=9955"}],"version-history":[{"count":1,"href":"https:\/\/www.tsp.at\/en\/wp-json\/wp\/v2\/posts\/9955\/revisions"}],"predecessor-version":[{"id":11387,"href":"https:\/\/www.tsp.at\/en\/wp-json\/wp\/v2\/posts\/9955\/revisions\/11387"}],"wp:featuredmedia":[{"embeddable":true,"href":"https:\/\/www.tsp.at\/en\/wp-json\/wp\/v2\/media\/9954"}],"wp:attachment":[{"href":"https:\/\/www.tsp.at\/en\/wp-json\/wp\/v2\/media?parent=9955"}],"wp:term":[{"taxonomy":"category","embeddable":true,"href":"https:\/\/www.tsp.at\/en\/wp-json\/wp\/v2\/categories?post=9955"},{"taxonomy":"post_tag","embeddable":true,"href":"https:\/\/www.tsp.at\/en\/wp-json\/wp\/v2\/tags?post=9955"}],"curies":[{"name":"wp","href":"https:\/\/api.w.org\/{rel}","templated":true}]}}