{"id":9957,"date":"2019-06-12T08:26:00","date_gmt":"2019-06-12T06:26:00","guid":{"rendered":"https:\/\/staging.tsp.at\/2019\/06\/12\/neuer-besucherrekord-bei-toleranzgespraechen\/"},"modified":"2025-10-21T14:57:29","modified_gmt":"2025-10-21T12:57:29","slug":"neuer-besucherrekord-bei-toleranzgespraechen","status":"publish","type":"post","link":"https:\/\/www.tsp.at\/en\/2019\/06\/12\/neuer-besucherrekord-bei-toleranzgespraechen\/","title":{"rendered":"Neuer Besucherrekord bei Toleranzgespr\u00e4chen"},"content":{"rendered":"<article class=\"item\">\n<h2><strong> Dialogforum soll fortgesetzt, Toleranzzentrum ausgebaut werden <\/strong><\/h2>\n<p>12.06.2019<\/p>\n<\/p>\n<\/p>\n<\/p>\n<\/p>\n<\/p>\n<p>Fresach \u2013 <span class=\"FtxtBold\" style=\"margin-bottom: 10px;\">Die 5. Europ\u00e4ischen Toleranzgespr\u00e4che 2019 in K\u00e4rnten haben einen neuen Besucherrekord erzielt. Knapp 800 Teilnehmer\/innen nahmen an dem dreit\u00e4gigen Dialogforum im K\u00e4rntner Bergdorf Fresach teil, weitere 200 waren es beim Tourismusforum und beim Er\u00f6ffnungsempfang in Villach. \u00dcbers Internet verfolgten mehr als 500 Zuschauer\/innen laufend die Diskussionen. Eine Aufzeichnung der insgesamt \u00fcber 20 Statements, Referate, Interviews und Podiumsrunden wird in den kommenden Wochen auf der Webseite bereitgestellt.<\/span> <a href=\"http:\/\/www.fresach.org\" rel=\"nofollow\" target=\"_blank\">http:\/\/www.fresach.org<\/a> <\/p>\n<p class=\"FtxtP\">Die Toleranzgespr\u00e4che wurden im Rahmen des Programms f\u00fcr l\u00e4ndliche Entwicklung aus Mitteln von Bund, Land und der Europ\u00e4ischen Union gef\u00f6rdert. Zus\u00e4tzlich haben die Stadt Villach, das Land K\u00e4rnten, das Bundeskanzleramt und das Au\u00dfenministerium dazu beigetragen, dass die Gespr\u00e4che auf dem durchaus anspruchsvollen Niveau realisiert werden konnten. &#8220;Nach dem Auslaufen der EU-F\u00f6rderungen 2019 werden die Karten neu gemischt, aber es geht weiter&#8221;, versichert der Obmann des Veranstalters Denk.Raum.Fresach, der evangelische Superintendent Manfred Sauer.<\/p>\n<p class=\"FtxtP\">&#8220;Sowohl Stadt Villach wie auch Land K\u00e4rnten haben signalisiert, dass ihnen dieses Format wichtig ist. Daher werden wir f\u00fcr Fresach und die ganze Region neue Akzente setzen&#8221;, verspricht Manfred Sauer. In den vergangenen f\u00fcnf Jahren hat der Veranstalter mehr als 3000 BesucherInnen und rund 300 Vortragende zu den Toleranzgespr\u00e4chen nach Fresach gebracht und so f\u00fcr die Region und dar\u00fcber hinaus eine Alleinstellung auf der kulturellen Landkarte Europas geschafft. &#8220;Unser Toleranzzentrum ist einzigartig in ganz Europa. Daher werden wir weiter daran arbeiten, als ehrlicher Vermittler zwischen den Religionen, Kulturen und Sprachen wahrgenommen zu werden.&#8221;<\/p>\n<p class=\"FtxtP\">Manfred Sauer zeigt sich f\u00fcr die Zukunft optimistisch, das bestehende Evangelische Museumsquartier zu einem echten &#8220;Europ\u00e4ischen Toleranzzentrum&#8221; weiterzuentwickeln. &#8220;Wir f\u00fchren aktuell Gespr\u00e4che mit der Gemeinde Fresach und mit interessierten Investoren, um die Infrastruktur f\u00fcr Besucher, Konferenzteilnehmer, Kur- und Ferieng\u00e4ste auszubauen. Konzepte daf\u00fcr gibt es bereits. Sauer: &#8220;Voraussetzung f\u00fcr die Weiterentwicklung in Fresach ist das Interesse aller Beteiligten in der Gemeinde und in der Region. Wenn alle an einem Strang ziehen, sind wir zuversichtlich, unsere Pl\u00e4ne umsetzen zu k\u00f6nnen.&#8221;<\/p>\n<p class=\"FtxtP\"><strong><span class=\"FtxtBold\" style=\"margin-bottom: 10px;\"> \u00dcber das Europ\u00e4ische Toleranzzentrum<br \/><\/span><\/strong> <br \/> Das Europ\u00e4ische Toleranzzentrum im Museumsviertel von Fresach ist eine Idee des Denk.Raum.Fresach und hat sich aus vielen Einzelaktivit\u00e4ten heraus entwickelt. Ziel ist es, einen Ort f\u00fcr den Gedanken- und Wissensaustausch \u00fcber gesellschaftliche, kulturelle und politische Fragen zu schaffen. Der Ort ist zugleich ein Platz von hoher symbolischer Bedeutung, da er den Zusammenhalt und die Handlungsf\u00e4higkeit Europas \u00fcber politische, ethnische, sprachliche und religi\u00f6se Grenzen hinaus versinnbildlichen und auch st\u00e4rken soll. Die 6. Toleranzgespr\u00e4che werden vom 27. bis 30. Mai 2020 wiederum in Villach und Fresach stattfinden.<\/p>\n<\/article>\n","protected":false},"excerpt":{"rendered":"<p>Dialogforum soll fortgesetzt, Toleranzzentrum ausgebaut werden 12.06.2019 Fresach \u2013 Die 5. Europ\u00e4ischen Toleranzgespr\u00e4che 2019 in K\u00e4rnten haben einen neuen Besucherrekord erzielt. Knapp 800 Teilnehmer\/innen nahmen an dem dreit\u00e4gigen Dialogforum im K\u00e4rntner Bergdorf Fresach teil, weitere 200 waren es beim Tourismusforum und beim Er\u00f6ffnungsempfang in Villach. \u00dcbers Internet verfolgten mehr als 500 Zuschauer\/innen laufend die Diskussionen.&hellip;<\/p>\n","protected":false},"author":2,"featured_media":9956,"comment_status":"closed","ping_status":"closed","sticky":false,"template":"","format":"standard","meta":{"footnotes":""},"categories":[3],"tags":[],"class_list":["post-9957","post","type-post","status-publish","format-standard","has-post-thumbnail","hentry","category-news","category-3","description-off"],"yoast_head":"<!-- This site is optimized with the Yoast SEO plugin v26.3 - https:\/\/yoast.com\/wordpress\/plugins\/seo\/ -->\n<title>Neuer Besucherrekord bei Toleranzgespr\u00e4chen - Temmel | Seywald - Corporate Communications<\/title>\n<meta name=\"robots\" content=\"index, follow, max-snippet:-1, max-image-preview:large, max-video-preview:-1\" \/>\n<link rel=\"canonical\" href=\"https:\/\/www.tsp.at\/en\/2019\/06\/12\/neuer-besucherrekord-bei-toleranzgespraechen\/\" \/>\n<meta property=\"og:locale\" content=\"en_US\" \/>\n<meta property=\"og:type\" content=\"article\" \/>\n<meta property=\"og:title\" content=\"Neuer Besucherrekord bei Toleranzgespr\u00e4chen - Temmel | Seywald - Corporate Communications\" \/>\n<meta property=\"og:description\" content=\"Dialogforum soll fortgesetzt, Toleranzzentrum ausgebaut werden 12.06.2019 Fresach \u2013 Die 5. Europ\u00e4ischen Toleranzgespr\u00e4che 2019 in K\u00e4rnten haben einen neuen Besucherrekord erzielt. Knapp 800 Teilnehmer\/innen nahmen an dem dreit\u00e4gigen Dialogforum im K\u00e4rntner Bergdorf Fresach teil, weitere 200 waren es beim Tourismusforum und beim Er\u00f6ffnungsempfang in Villach. \u00dcbers Internet verfolgten mehr als 500 Zuschauer\/innen laufend die Diskussionen.&hellip;\" \/>\n<meta property=\"og:url\" content=\"https:\/\/www.tsp.at\/en\/2019\/06\/12\/neuer-besucherrekord-bei-toleranzgespraechen\/\" \/>\n<meta property=\"og:site_name\" content=\"Temmel | Seywald - Corporate Communications\" \/>\n<meta property=\"article:publisher\" content=\"https:\/\/www.facebook.com\/TemmelSeywald\" \/>\n<meta property=\"article:published_time\" content=\"2019-06-12T06:26:00+00:00\" \/>\n<meta property=\"article:modified_time\" content=\"2025-10-21T12:57:29+00:00\" \/>\n<meta property=\"og:image\" content=\"https:\/\/www.tsp.at\/wp-content\/uploads\/2025\/10\/photo3_01.jpg\" \/>\n\t<meta property=\"og:image:width\" content=\"2100\" \/>\n\t<meta property=\"og:image:height\" content=\"1400\" \/>\n\t<meta property=\"og:image:type\" content=\"image\/jpeg\" \/>\n<meta name=\"author\" content=\"TSP Redaktion\" \/>\n<meta name=\"twitter:card\" content=\"summary_large_image\" \/>\n<meta name=\"twitter:label1\" content=\"Written by\" \/>\n\t<meta name=\"twitter:data1\" content=\"TSP Redaktion\" \/>\n\t<meta name=\"twitter:label2\" content=\"Est. reading time\" \/>\n\t<meta name=\"twitter:data2\" content=\"3 minutes\" \/>\n<script type=\"application\/ld+json\" class=\"yoast-schema-graph\">{\"@context\":\"https:\/\/schema.org\",\"@graph\":[{\"@type\":\"Article\",\"@id\":\"https:\/\/www.tsp.at\/en\/2019\/06\/12\/neuer-besucherrekord-bei-toleranzgespraechen\/#article\",\"isPartOf\":{\"@id\":\"https:\/\/www.tsp.at\/en\/2019\/06\/12\/neuer-besucherrekord-bei-toleranzgespraechen\/\"},\"author\":{\"name\":\"TSP Redaktion\",\"@id\":\"https:\/\/www.tsp.at\/en\/#\/schema\/person\/1ba5600c29da17b902b0925cea567f8a\"},\"headline\":\"Neuer Besucherrekord bei Toleranzgespr\u00e4chen\",\"datePublished\":\"2019-06-12T06:26:00+00:00\",\"dateModified\":\"2025-10-21T12:57:29+00:00\",\"mainEntityOfPage\":{\"@id\":\"https:\/\/www.tsp.at\/en\/2019\/06\/12\/neuer-besucherrekord-bei-toleranzgespraechen\/\"},\"wordCount\":447,\"publisher\":{\"@id\":\"https:\/\/www.tsp.at\/en\/#organization\"},\"image\":{\"@id\":\"https:\/\/www.tsp.at\/en\/2019\/06\/12\/neuer-besucherrekord-bei-toleranzgespraechen\/#primaryimage\"},\"thumbnailUrl\":\"https:\/\/www.tsp.at\/wp-content\/uploads\/2025\/10\/photo3_01.jpg\",\"articleSection\":[\"News\"],\"inLanguage\":\"en-US\"},{\"@type\":\"WebPage\",\"@id\":\"https:\/\/www.tsp.at\/en\/2019\/06\/12\/neuer-besucherrekord-bei-toleranzgespraechen\/\",\"url\":\"https:\/\/www.tsp.at\/en\/2019\/06\/12\/neuer-besucherrekord-bei-toleranzgespraechen\/\",\"name\":\"Neuer Besucherrekord bei Toleranzgespr\u00e4chen - Temmel | Seywald - Corporate Communications\",\"isPartOf\":{\"@id\":\"https:\/\/www.tsp.at\/en\/#website\"},\"primaryImageOfPage\":{\"@id\":\"https:\/\/www.tsp.at\/en\/2019\/06\/12\/neuer-besucherrekord-bei-toleranzgespraechen\/#primaryimage\"},\"image\":{\"@id\":\"https:\/\/www.tsp.at\/en\/2019\/06\/12\/neuer-besucherrekord-bei-toleranzgespraechen\/#primaryimage\"},\"thumbnailUrl\":\"https:\/\/www.tsp.at\/wp-content\/uploads\/2025\/10\/photo3_01.jpg\",\"datePublished\":\"2019-06-12T06:26:00+00:00\",\"dateModified\":\"2025-10-21T12:57:29+00:00\",\"breadcrumb\":{\"@id\":\"https:\/\/www.tsp.at\/en\/2019\/06\/12\/neuer-besucherrekord-bei-toleranzgespraechen\/#breadcrumb\"},\"inLanguage\":\"en-US\",\"potentialAction\":[{\"@type\":\"ReadAction\",\"target\":[\"https:\/\/www.tsp.at\/en\/2019\/06\/12\/neuer-besucherrekord-bei-toleranzgespraechen\/\"]}]},{\"@type\":\"ImageObject\",\"inLanguage\":\"en-US\",\"@id\":\"https:\/\/www.tsp.at\/en\/2019\/06\/12\/neuer-besucherrekord-bei-toleranzgespraechen\/#primaryimage\",\"url\":\"https:\/\/www.tsp.at\/wp-content\/uploads\/2025\/10\/photo3_01.jpg\",\"contentUrl\":\"https:\/\/www.tsp.at\/wp-content\/uploads\/2025\/10\/photo3_01.jpg\",\"width\":2100,\"height\":1400,\"caption\":\"Der Obmann des Veranstalters Denk.Raum.Fresach, Superintendent Manfred Sauer, bei der Er\u00f6ffnung der Europ\u00e4ischen Toleranzgespr\u00e4che in Fresach.\"},{\"@type\":\"BreadcrumbList\",\"@id\":\"https:\/\/www.tsp.at\/en\/2019\/06\/12\/neuer-besucherrekord-bei-toleranzgespraechen\/#breadcrumb\",\"itemListElement\":[{\"@type\":\"ListItem\",\"position\":1,\"name\":\"Startseite\",\"item\":\"https:\/\/www.tsp.at\/en\/\"},{\"@type\":\"ListItem\",\"position\":2,\"name\":\"Neuer Besucherrekord bei Toleranzgespr\u00e4chen\"}]},{\"@type\":\"WebSite\",\"@id\":\"https:\/\/www.tsp.at\/en\/#website\",\"url\":\"https:\/\/www.tsp.at\/en\/\",\"name\":\"Temmel | Seywald - Corporate Communications\",\"description\":\"Kommunikation ist Beziehungsarbeit\",\"publisher\":{\"@id\":\"https:\/\/www.tsp.at\/en\/#organization\"},\"potentialAction\":[{\"@type\":\"SearchAction\",\"target\":{\"@type\":\"EntryPoint\",\"urlTemplate\":\"https:\/\/www.tsp.at\/en\/?s={search_term_string}\"},\"query-input\":{\"@type\":\"PropertyValueSpecification\",\"valueRequired\":true,\"valueName\":\"search_term_string\"}}],\"inLanguage\":\"en-US\"},{\"@type\":\"Organization\",\"@id\":\"https:\/\/www.tsp.at\/en\/#organization\",\"name\":\"Temmel, Seywald & Partner Communications GesmbH\",\"alternateName\":\"TSP\",\"url\":\"https:\/\/www.tsp.at\/en\/\",\"logo\":{\"@type\":\"ImageObject\",\"inLanguage\":\"en-US\",\"@id\":\"https:\/\/www.tsp.at\/en\/#\/schema\/logo\/image\/\",\"url\":\"https:\/\/www.tsp.at\/wp-content\/uploads\/2025\/10\/favicontsp.png\",\"contentUrl\":\"https:\/\/www.tsp.at\/wp-content\/uploads\/2025\/10\/favicontsp.png\",\"width\":125,\"height\":125,\"caption\":\"Temmel, Seywald & Partner Communications GesmbH\"},\"image\":{\"@id\":\"https:\/\/www.tsp.at\/en\/#\/schema\/logo\/image\/\"},\"sameAs\":[\"https:\/\/www.facebook.com\/TemmelSeywald\"]},{\"@type\":\"Person\",\"@id\":\"https:\/\/www.tsp.at\/en\/#\/schema\/person\/1ba5600c29da17b902b0925cea567f8a\",\"name\":\"TSP Redaktion\"}]}<\/script>\n<!-- \/ Yoast SEO plugin. -->","yoast_head_json":{"title":"Neuer Besucherrekord bei Toleranzgespr\u00e4chen - Temmel | Seywald - Corporate Communications","robots":{"index":"index","follow":"follow","max-snippet":"max-snippet:-1","max-image-preview":"max-image-preview:large","max-video-preview":"max-video-preview:-1"},"canonical":"https:\/\/www.tsp.at\/en\/2019\/06\/12\/neuer-besucherrekord-bei-toleranzgespraechen\/","og_locale":"en_US","og_type":"article","og_title":"Neuer Besucherrekord bei Toleranzgespr\u00e4chen - Temmel | Seywald - Corporate Communications","og_description":"Dialogforum soll fortgesetzt, Toleranzzentrum ausgebaut werden 12.06.2019 Fresach \u2013 Die 5. Europ\u00e4ischen Toleranzgespr\u00e4che 2019 in K\u00e4rnten haben einen neuen Besucherrekord erzielt. Knapp 800 Teilnehmer\/innen nahmen an dem dreit\u00e4gigen Dialogforum im K\u00e4rntner Bergdorf Fresach teil, weitere 200 waren es beim Tourismusforum und beim Er\u00f6ffnungsempfang in Villach. \u00dcbers Internet verfolgten mehr als 500 Zuschauer\/innen laufend die Diskussionen.&hellip;","og_url":"https:\/\/www.tsp.at\/en\/2019\/06\/12\/neuer-besucherrekord-bei-toleranzgespraechen\/","og_site_name":"Temmel | Seywald - Corporate Communications","article_publisher":"https:\/\/www.facebook.com\/TemmelSeywald","article_published_time":"2019-06-12T06:26:00+00:00","article_modified_time":"2025-10-21T12:57:29+00:00","og_image":[{"width":2100,"height":1400,"url":"https:\/\/www.tsp.at\/wp-content\/uploads\/2025\/10\/photo3_01.jpg","type":"image\/jpeg"}],"author":"TSP Redaktion","twitter_card":"summary_large_image","twitter_misc":{"Written by":"TSP Redaktion","Est. reading time":"3 minutes"},"schema":{"@context":"https:\/\/schema.org","@graph":[{"@type":"Article","@id":"https:\/\/www.tsp.at\/en\/2019\/06\/12\/neuer-besucherrekord-bei-toleranzgespraechen\/#article","isPartOf":{"@id":"https:\/\/www.tsp.at\/en\/2019\/06\/12\/neuer-besucherrekord-bei-toleranzgespraechen\/"},"author":{"name":"TSP Redaktion","@id":"https:\/\/www.tsp.at\/en\/#\/schema\/person\/1ba5600c29da17b902b0925cea567f8a"},"headline":"Neuer Besucherrekord bei Toleranzgespr\u00e4chen","datePublished":"2019-06-12T06:26:00+00:00","dateModified":"2025-10-21T12:57:29+00:00","mainEntityOfPage":{"@id":"https:\/\/www.tsp.at\/en\/2019\/06\/12\/neuer-besucherrekord-bei-toleranzgespraechen\/"},"wordCount":447,"publisher":{"@id":"https:\/\/www.tsp.at\/en\/#organization"},"image":{"@id":"https:\/\/www.tsp.at\/en\/2019\/06\/12\/neuer-besucherrekord-bei-toleranzgespraechen\/#primaryimage"},"thumbnailUrl":"https:\/\/www.tsp.at\/wp-content\/uploads\/2025\/10\/photo3_01.jpg","articleSection":["News"],"inLanguage":"en-US"},{"@type":"WebPage","@id":"https:\/\/www.tsp.at\/en\/2019\/06\/12\/neuer-besucherrekord-bei-toleranzgespraechen\/","url":"https:\/\/www.tsp.at\/en\/2019\/06\/12\/neuer-besucherrekord-bei-toleranzgespraechen\/","name":"Neuer Besucherrekord bei Toleranzgespr\u00e4chen - Temmel | Seywald - Corporate Communications","isPartOf":{"@id":"https:\/\/www.tsp.at\/en\/#website"},"primaryImageOfPage":{"@id":"https:\/\/www.tsp.at\/en\/2019\/06\/12\/neuer-besucherrekord-bei-toleranzgespraechen\/#primaryimage"},"image":{"@id":"https:\/\/www.tsp.at\/en\/2019\/06\/12\/neuer-besucherrekord-bei-toleranzgespraechen\/#primaryimage"},"thumbnailUrl":"https:\/\/www.tsp.at\/wp-content\/uploads\/2025\/10\/photo3_01.jpg","datePublished":"2019-06-12T06:26:00+00:00","dateModified":"2025-10-21T12:57:29+00:00","breadcrumb":{"@id":"https:\/\/www.tsp.at\/en\/2019\/06\/12\/neuer-besucherrekord-bei-toleranzgespraechen\/#breadcrumb"},"inLanguage":"en-US","potentialAction":[{"@type":"ReadAction","target":["https:\/\/www.tsp.at\/en\/2019\/06\/12\/neuer-besucherrekord-bei-toleranzgespraechen\/"]}]},{"@type":"ImageObject","inLanguage":"en-US","@id":"https:\/\/www.tsp.at\/en\/2019\/06\/12\/neuer-besucherrekord-bei-toleranzgespraechen\/#primaryimage","url":"https:\/\/www.tsp.at\/wp-content\/uploads\/2025\/10\/photo3_01.jpg","contentUrl":"https:\/\/www.tsp.at\/wp-content\/uploads\/2025\/10\/photo3_01.jpg","width":2100,"height":1400,"caption":"Der Obmann des Veranstalters Denk.Raum.Fresach, Superintendent Manfred Sauer, bei der Er\u00f6ffnung der Europ\u00e4ischen Toleranzgespr\u00e4che in Fresach."},{"@type":"BreadcrumbList","@id":"https:\/\/www.tsp.at\/en\/2019\/06\/12\/neuer-besucherrekord-bei-toleranzgespraechen\/#breadcrumb","itemListElement":[{"@type":"ListItem","position":1,"name":"Startseite","item":"https:\/\/www.tsp.at\/en\/"},{"@type":"ListItem","position":2,"name":"Neuer Besucherrekord bei Toleranzgespr\u00e4chen"}]},{"@type":"WebSite","@id":"https:\/\/www.tsp.at\/en\/#website","url":"https:\/\/www.tsp.at\/en\/","name":"Temmel | Seywald - Corporate Communications","description":"Kommunikation ist Beziehungsarbeit","publisher":{"@id":"https:\/\/www.tsp.at\/en\/#organization"},"potentialAction":[{"@type":"SearchAction","target":{"@type":"EntryPoint","urlTemplate":"https:\/\/www.tsp.at\/en\/?s={search_term_string}"},"query-input":{"@type":"PropertyValueSpecification","valueRequired":true,"valueName":"search_term_string"}}],"inLanguage":"en-US"},{"@type":"Organization","@id":"https:\/\/www.tsp.at\/en\/#organization","name":"Temmel, Seywald & Partner Communications GesmbH","alternateName":"TSP","url":"https:\/\/www.tsp.at\/en\/","logo":{"@type":"ImageObject","inLanguage":"en-US","@id":"https:\/\/www.tsp.at\/en\/#\/schema\/logo\/image\/","url":"https:\/\/www.tsp.at\/wp-content\/uploads\/2025\/10\/favicontsp.png","contentUrl":"https:\/\/www.tsp.at\/wp-content\/uploads\/2025\/10\/favicontsp.png","width":125,"height":125,"caption":"Temmel, Seywald & Partner Communications GesmbH"},"image":{"@id":"https:\/\/www.tsp.at\/en\/#\/schema\/logo\/image\/"},"sameAs":["https:\/\/www.facebook.com\/TemmelSeywald"]},{"@type":"Person","@id":"https:\/\/www.tsp.at\/en\/#\/schema\/person\/1ba5600c29da17b902b0925cea567f8a","name":"TSP Redaktion"}]}},"_links":{"self":[{"href":"https:\/\/www.tsp.at\/en\/wp-json\/wp\/v2\/posts\/9957","targetHints":{"allow":["GET"]}}],"collection":[{"href":"https:\/\/www.tsp.at\/en\/wp-json\/wp\/v2\/posts"}],"about":[{"href":"https:\/\/www.tsp.at\/en\/wp-json\/wp\/v2\/types\/post"}],"author":[{"embeddable":true,"href":"https:\/\/www.tsp.at\/en\/wp-json\/wp\/v2\/users\/2"}],"replies":[{"embeddable":true,"href":"https:\/\/www.tsp.at\/en\/wp-json\/wp\/v2\/comments?post=9957"}],"version-history":[{"count":1,"href":"https:\/\/www.tsp.at\/en\/wp-json\/wp\/v2\/posts\/9957\/revisions"}],"predecessor-version":[{"id":11388,"href":"https:\/\/www.tsp.at\/en\/wp-json\/wp\/v2\/posts\/9957\/revisions\/11388"}],"wp:featuredmedia":[{"embeddable":true,"href":"https:\/\/www.tsp.at\/en\/wp-json\/wp\/v2\/media\/9956"}],"wp:attachment":[{"href":"https:\/\/www.tsp.at\/en\/wp-json\/wp\/v2\/media?parent=9957"}],"wp:term":[{"taxonomy":"category","embeddable":true,"href":"https:\/\/www.tsp.at\/en\/wp-json\/wp\/v2\/categories?post=9957"},{"taxonomy":"post_tag","embeddable":true,"href":"https:\/\/www.tsp.at\/en\/wp-json\/wp\/v2\/tags?post=9957"}],"curies":[{"name":"wp","href":"https:\/\/api.w.org\/{rel}","templated":true}]}}