{"id":9967,"date":"2019-05-24T10:06:00","date_gmt":"2019-05-24T08:06:00","guid":{"rendered":"https:\/\/staging.tsp.at\/2019\/05\/24\/dinev-rechtspopulisten-erzaehlen-falsche-mythen\/"},"modified":"2025-10-21T14:57:29","modified_gmt":"2025-10-21T12:57:29","slug":"dinev-rechtspopulisten-erzaehlen-falsche-mythen","status":"publish","type":"post","link":"https:\/\/www.tsp.at\/en\/2019\/05\/24\/dinev-rechtspopulisten-erzaehlen-falsche-mythen\/","title":{"rendered":"Dinev: Rechtspopulisten erz\u00e4hlen falsche Mythen"},"content":{"rendered":"<article class=\"item\">\n<h2><strong>Autor empfiehlt Begegnung mit Fremden statt Sch\u00fcren von Feindbildern<\/strong><\/h2>\n<p>24.05.2019<\/p>\n<\/p>\n<\/p>\n<\/p>\n<\/p>\n<\/p>\n<p>Wien \u2013 Rechtsgerichtete Parteien liefern ein \u00fcberholtes Bild und falsches Narrativ von Europa. Sie verkl\u00e4ren die Nation und die kriegerische Vergangenheit und erkl\u00e4ren alles Fremde zum Feindbild. &#8220;Die Idee eines geeinten Europa, in dem unterschiedliche Kulturen friedlich zusammenleben, muss daher immer wieder neu erz\u00e4hlt werden. Viele verstehen nicht, was im Projekt Europa steckt&#8221;, erl\u00e4utert der aus Bulgarien stammende Schriftsteller Dimitr\u00e9 Dinev, der zu den Europ\u00e4ischen Toleranzgespr\u00e4chen in <span class=\"hl\">Fresach<\/span> <a href=\"http:\/\/fresach.org\" rel=\"nofollow\" target=\"_blank\">http:\/\/<span class=\"hl\">fresach<\/span>.org<\/a>kommt, im Gespr\u00e4ch mit pressetext.\n<\/p>\n<p><strong>Teil eines Ganzen<\/strong> <\/p>\n<p>F\u00fcr Dinev ist Europa eine Heimat f\u00fcr alle und damit eine wesentliche Voraussetzung, mit seiner Identit\u00e4t nicht im Zwiespalt zu sein. &#8220;Ich f\u00fchle mich als Europ\u00e4er, nicht als Bulgare, nicht als \u00d6sterreicher. Ich lebe in \u00d6sterreich, aber viele w\u00fcrden mich als \u00d6sterreicher nicht akzeptieren. Europa hingegen bietet Zugewanderten wie mir trotz aller kultureller und sprachlicher Unterschiede die M\u00f6glichkeit, Teil eines Ganzen zu sein.&#8221;\n<\/p>\n<p>Nicht die Unterschiede zwischen Menschen oder Sprachbarrieren seien ein Problem f\u00fcr das Zusammenleben, sondern Gesetze, die Menschen voneinander trennen. Genauso seien nicht die Armen und Verfolgten das Problem, sondern die Armut selbst. Es werden jedoch Feindbilder konstruiert, die Zuwanderer als Ausnutzer des Sozialsystems darstellen. &#8220;Man glaubt diesen Feindbildern nur, wenn man den &#8216;Feinden&#8217; nicht begegnet. An Orten, wo es am wenigsten Fremdheit gibt, hasst man Fremde am meisten, weil man sie nie gesehen hat&#8221;, so der Schriftsteller.\n<\/p>\n<p><strong>Mehr Empathie f\u00fcr Einzelne<\/strong> <\/p>\n<p>Fremde sind f\u00fcr Dinev keine gesichtslosen Massen, wie sie in den Feindbildern gezeigt werden, sondern immer auch einzigartige Menschen mit ihren jeweils eigenen Geschichten. &#8220;Erst im Angesicht des Fremden sehen wir klar. Zuwanderer riskieren alles, wenn sie ihre Heimat verlassen, denn sie verlassen das ihnen Bekannte. Sie sind daher gezwungen, sich immer weiter zu entwickeln, und das ist die Grundvoraussetzung f\u00fcr den Fortschritt. In fast jeder Geschichte und fast jedem Mythos verlassen die Menschen ihre Welt und entwickeln sich erst dadurch weiter.&#8221;\n<\/p>\n<p>Auf die Frage, ob Literatur und Kunst etwas zum Besseren beitragen k\u00f6nnen, meint der Autor gegen\u00fcber pressetext: &#8220;Ich glaube nicht, dass die Literatur den Menschen besser macht, aber sie ist das Ged\u00e4chtnis der Menschheit. Sie beginnt dort, wo die Geschichtsschreibung aufh\u00f6rt, n\u00e4mlich bei Individuen. Mein Thema ist immer der Mensch, und zwar sowohl in seiner Niedertracht als auch in seiner Sch\u00f6nheit.&#8221;\n<\/p>\n<p><strong>K\u00fcnstler muss immer Fremder sein<\/strong> <\/p>\n<p>Der Mythos vom Fremden und vom K\u00fcnstler sei \u00e4hnlich, der K\u00fcnstler ist immer auch ein Fremder. &#8220;W\u00e4ren wir das nicht, w\u00e4ren wir assimiliert, wird aus Kunst Propaganda. Es ist mein Trost, dass es unvermeidlich ist, Fremder zu sein. Ich habe keine Wahl, ich muss fremd bleiben. K\u00fcnstler m\u00fcssen ihre Objektivit\u00e4t behalten k\u00f6nnen. Sie d\u00fcrfen sich nicht kaufen lassen. Deswegen provoziert Kunst und macht uns nachdenklich&#8221;, so Dinev zu seiner Motivation und Schaffenskraft.\n<\/p>\n<p>Hintergrund: Dimitr\u00e9 Dinev schaffte seinen literarischen Durchbruch 2003 mit dem Roman &#8220;Engelszungen&#8221;. Werke des Autors wurden inzwischen in 15 Sprachen \u00fcbersetzt. 2016 wurde er mit 15 anderen Autoren f\u00fcr die Publikation schreibArt AUSTRIA ausgew\u00e4hlt, ein Literaturprogramm der Kultursektion des Au\u00dfenministeriums und Beitrag der \u00f6sterreichischen Auslandskulturpolitik. Dinev wird bei den Europ\u00e4ischen Toleranzgespr\u00e4chen sprechen, die vom 5. Juni bis 8. Juni 2019 in <span class=\"hl\">Fresach<\/span> und Villach stattfinden.<\/p>\n<\/article>\n","protected":false},"excerpt":{"rendered":"<p>Autor empfiehlt Begegnung mit Fremden statt Sch\u00fcren von Feindbildern 24.05.2019 Wien \u2013 Rechtsgerichtete Parteien liefern ein \u00fcberholtes Bild und falsches Narrativ von Europa. Sie verkl\u00e4ren die Nation und die kriegerische Vergangenheit und erkl\u00e4ren alles Fremde zum Feindbild. &#8220;Die Idee eines geeinten Europa, in dem unterschiedliche Kulturen friedlich zusammenleben, muss daher immer wieder neu erz\u00e4hlt werden.&hellip;<\/p>\n","protected":false},"author":2,"featured_media":9966,"comment_status":"closed","ping_status":"closed","sticky":false,"template":"","format":"standard","meta":{"footnotes":""},"categories":[3],"tags":[],"class_list":["post-9967","post","type-post","status-publish","format-standard","has-post-thumbnail","hentry","category-news","category-3","description-off"],"yoast_head":"<!-- This site is optimized with the Yoast SEO plugin v26.3 - https:\/\/yoast.com\/wordpress\/plugins\/seo\/ -->\n<title>Dinev: Rechtspopulisten erz\u00e4hlen falsche Mythen - Temmel | Seywald - Corporate Communications<\/title>\n<meta name=\"robots\" content=\"index, follow, max-snippet:-1, max-image-preview:large, max-video-preview:-1\" \/>\n<link rel=\"canonical\" href=\"https:\/\/www.tsp.at\/en\/2019\/05\/24\/dinev-rechtspopulisten-erzaehlen-falsche-mythen\/\" \/>\n<meta property=\"og:locale\" content=\"en_US\" \/>\n<meta property=\"og:type\" content=\"article\" \/>\n<meta property=\"og:title\" content=\"Dinev: Rechtspopulisten erz\u00e4hlen falsche Mythen - Temmel | Seywald - Corporate Communications\" \/>\n<meta property=\"og:description\" content=\"Autor empfiehlt Begegnung mit Fremden statt Sch\u00fcren von Feindbildern 24.05.2019 Wien \u2013 Rechtsgerichtete Parteien liefern ein \u00fcberholtes Bild und falsches Narrativ von Europa. Sie verkl\u00e4ren die Nation und die kriegerische Vergangenheit und erkl\u00e4ren alles Fremde zum Feindbild. &#8220;Die Idee eines geeinten Europa, in dem unterschiedliche Kulturen friedlich zusammenleben, muss daher immer wieder neu erz\u00e4hlt werden.&hellip;\" \/>\n<meta property=\"og:url\" content=\"https:\/\/www.tsp.at\/en\/2019\/05\/24\/dinev-rechtspopulisten-erzaehlen-falsche-mythen\/\" \/>\n<meta property=\"og:site_name\" content=\"Temmel | Seywald - Corporate Communications\" \/>\n<meta property=\"article:publisher\" content=\"https:\/\/www.facebook.com\/TemmelSeywald\" \/>\n<meta property=\"article:published_time\" content=\"2019-05-24T08:06:00+00:00\" \/>\n<meta property=\"article:modified_time\" content=\"2025-10-21T12:57:29+00:00\" \/>\n<meta property=\"og:image\" content=\"https:\/\/www.tsp.at\/wp-content\/uploads\/2025\/10\/dinev-1.jpg\" \/>\n\t<meta property=\"og:image:width\" content=\"800\" \/>\n\t<meta property=\"og:image:height\" content=\"533\" \/>\n\t<meta property=\"og:image:type\" content=\"image\/jpeg\" \/>\n<meta name=\"author\" content=\"TSP Redaktion\" \/>\n<meta name=\"twitter:card\" content=\"summary_large_image\" \/>\n<meta name=\"twitter:label1\" content=\"Written by\" \/>\n\t<meta name=\"twitter:data1\" content=\"TSP Redaktion\" \/>\n\t<meta name=\"twitter:label2\" content=\"Est. reading time\" \/>\n\t<meta name=\"twitter:data2\" content=\"4 minutes\" \/>\n<script type=\"application\/ld+json\" class=\"yoast-schema-graph\">{\"@context\":\"https:\/\/schema.org\",\"@graph\":[{\"@type\":\"Article\",\"@id\":\"https:\/\/www.tsp.at\/en\/2019\/05\/24\/dinev-rechtspopulisten-erzaehlen-falsche-mythen\/#article\",\"isPartOf\":{\"@id\":\"https:\/\/www.tsp.at\/en\/2019\/05\/24\/dinev-rechtspopulisten-erzaehlen-falsche-mythen\/\"},\"author\":{\"name\":\"TSP Redaktion\",\"@id\":\"https:\/\/www.tsp.at\/en\/#\/schema\/person\/1ba5600c29da17b902b0925cea567f8a\"},\"headline\":\"Dinev: Rechtspopulisten erz\u00e4hlen falsche Mythen\",\"datePublished\":\"2019-05-24T08:06:00+00:00\",\"dateModified\":\"2025-10-21T12:57:29+00:00\",\"mainEntityOfPage\":{\"@id\":\"https:\/\/www.tsp.at\/en\/2019\/05\/24\/dinev-rechtspopulisten-erzaehlen-falsche-mythen\/\"},\"wordCount\":554,\"publisher\":{\"@id\":\"https:\/\/www.tsp.at\/en\/#organization\"},\"image\":{\"@id\":\"https:\/\/www.tsp.at\/en\/2019\/05\/24\/dinev-rechtspopulisten-erzaehlen-falsche-mythen\/#primaryimage\"},\"thumbnailUrl\":\"https:\/\/www.tsp.at\/wp-content\/uploads\/2025\/10\/dinev-1.jpg\",\"articleSection\":[\"News\"],\"inLanguage\":\"en-US\"},{\"@type\":\"WebPage\",\"@id\":\"https:\/\/www.tsp.at\/en\/2019\/05\/24\/dinev-rechtspopulisten-erzaehlen-falsche-mythen\/\",\"url\":\"https:\/\/www.tsp.at\/en\/2019\/05\/24\/dinev-rechtspopulisten-erzaehlen-falsche-mythen\/\",\"name\":\"Dinev: Rechtspopulisten erz\u00e4hlen falsche Mythen - Temmel | Seywald - Corporate Communications\",\"isPartOf\":{\"@id\":\"https:\/\/www.tsp.at\/en\/#website\"},\"primaryImageOfPage\":{\"@id\":\"https:\/\/www.tsp.at\/en\/2019\/05\/24\/dinev-rechtspopulisten-erzaehlen-falsche-mythen\/#primaryimage\"},\"image\":{\"@id\":\"https:\/\/www.tsp.at\/en\/2019\/05\/24\/dinev-rechtspopulisten-erzaehlen-falsche-mythen\/#primaryimage\"},\"thumbnailUrl\":\"https:\/\/www.tsp.at\/wp-content\/uploads\/2025\/10\/dinev-1.jpg\",\"datePublished\":\"2019-05-24T08:06:00+00:00\",\"dateModified\":\"2025-10-21T12:57:29+00:00\",\"breadcrumb\":{\"@id\":\"https:\/\/www.tsp.at\/en\/2019\/05\/24\/dinev-rechtspopulisten-erzaehlen-falsche-mythen\/#breadcrumb\"},\"inLanguage\":\"en-US\",\"potentialAction\":[{\"@type\":\"ReadAction\",\"target\":[\"https:\/\/www.tsp.at\/en\/2019\/05\/24\/dinev-rechtspopulisten-erzaehlen-falsche-mythen\/\"]}]},{\"@type\":\"ImageObject\",\"inLanguage\":\"en-US\",\"@id\":\"https:\/\/www.tsp.at\/en\/2019\/05\/24\/dinev-rechtspopulisten-erzaehlen-falsche-mythen\/#primaryimage\",\"url\":\"https:\/\/www.tsp.at\/wp-content\/uploads\/2025\/10\/dinev-1.jpg\",\"contentUrl\":\"https:\/\/www.tsp.at\/wp-content\/uploads\/2025\/10\/dinev-1.jpg\",\"width\":800,\"height\":533},{\"@type\":\"BreadcrumbList\",\"@id\":\"https:\/\/www.tsp.at\/en\/2019\/05\/24\/dinev-rechtspopulisten-erzaehlen-falsche-mythen\/#breadcrumb\",\"itemListElement\":[{\"@type\":\"ListItem\",\"position\":1,\"name\":\"Startseite\",\"item\":\"https:\/\/www.tsp.at\/en\/\"},{\"@type\":\"ListItem\",\"position\":2,\"name\":\"Dinev: Rechtspopulisten erz\u00e4hlen falsche Mythen\"}]},{\"@type\":\"WebSite\",\"@id\":\"https:\/\/www.tsp.at\/en\/#website\",\"url\":\"https:\/\/www.tsp.at\/en\/\",\"name\":\"Temmel | Seywald - Corporate Communications\",\"description\":\"Kommunikation ist Beziehungsarbeit\",\"publisher\":{\"@id\":\"https:\/\/www.tsp.at\/en\/#organization\"},\"potentialAction\":[{\"@type\":\"SearchAction\",\"target\":{\"@type\":\"EntryPoint\",\"urlTemplate\":\"https:\/\/www.tsp.at\/en\/?s={search_term_string}\"},\"query-input\":{\"@type\":\"PropertyValueSpecification\",\"valueRequired\":true,\"valueName\":\"search_term_string\"}}],\"inLanguage\":\"en-US\"},{\"@type\":\"Organization\",\"@id\":\"https:\/\/www.tsp.at\/en\/#organization\",\"name\":\"Temmel, Seywald & Partner Communications GesmbH\",\"alternateName\":\"TSP\",\"url\":\"https:\/\/www.tsp.at\/en\/\",\"logo\":{\"@type\":\"ImageObject\",\"inLanguage\":\"en-US\",\"@id\":\"https:\/\/www.tsp.at\/en\/#\/schema\/logo\/image\/\",\"url\":\"https:\/\/www.tsp.at\/wp-content\/uploads\/2025\/10\/favicontsp.png\",\"contentUrl\":\"https:\/\/www.tsp.at\/wp-content\/uploads\/2025\/10\/favicontsp.png\",\"width\":125,\"height\":125,\"caption\":\"Temmel, Seywald & Partner Communications GesmbH\"},\"image\":{\"@id\":\"https:\/\/www.tsp.at\/en\/#\/schema\/logo\/image\/\"},\"sameAs\":[\"https:\/\/www.facebook.com\/TemmelSeywald\"]},{\"@type\":\"Person\",\"@id\":\"https:\/\/www.tsp.at\/en\/#\/schema\/person\/1ba5600c29da17b902b0925cea567f8a\",\"name\":\"TSP Redaktion\"}]}<\/script>\n<!-- \/ Yoast SEO plugin. -->","yoast_head_json":{"title":"Dinev: Rechtspopulisten erz\u00e4hlen falsche Mythen - Temmel | Seywald - Corporate Communications","robots":{"index":"index","follow":"follow","max-snippet":"max-snippet:-1","max-image-preview":"max-image-preview:large","max-video-preview":"max-video-preview:-1"},"canonical":"https:\/\/www.tsp.at\/en\/2019\/05\/24\/dinev-rechtspopulisten-erzaehlen-falsche-mythen\/","og_locale":"en_US","og_type":"article","og_title":"Dinev: Rechtspopulisten erz\u00e4hlen falsche Mythen - Temmel | Seywald - Corporate Communications","og_description":"Autor empfiehlt Begegnung mit Fremden statt Sch\u00fcren von Feindbildern 24.05.2019 Wien \u2013 Rechtsgerichtete Parteien liefern ein \u00fcberholtes Bild und falsches Narrativ von Europa. Sie verkl\u00e4ren die Nation und die kriegerische Vergangenheit und erkl\u00e4ren alles Fremde zum Feindbild. &#8220;Die Idee eines geeinten Europa, in dem unterschiedliche Kulturen friedlich zusammenleben, muss daher immer wieder neu erz\u00e4hlt werden.&hellip;","og_url":"https:\/\/www.tsp.at\/en\/2019\/05\/24\/dinev-rechtspopulisten-erzaehlen-falsche-mythen\/","og_site_name":"Temmel | Seywald - Corporate Communications","article_publisher":"https:\/\/www.facebook.com\/TemmelSeywald","article_published_time":"2019-05-24T08:06:00+00:00","article_modified_time":"2025-10-21T12:57:29+00:00","og_image":[{"width":800,"height":533,"url":"https:\/\/www.tsp.at\/wp-content\/uploads\/2025\/10\/dinev-1.jpg","type":"image\/jpeg"}],"author":"TSP Redaktion","twitter_card":"summary_large_image","twitter_misc":{"Written by":"TSP Redaktion","Est. reading time":"4 minutes"},"schema":{"@context":"https:\/\/schema.org","@graph":[{"@type":"Article","@id":"https:\/\/www.tsp.at\/en\/2019\/05\/24\/dinev-rechtspopulisten-erzaehlen-falsche-mythen\/#article","isPartOf":{"@id":"https:\/\/www.tsp.at\/en\/2019\/05\/24\/dinev-rechtspopulisten-erzaehlen-falsche-mythen\/"},"author":{"name":"TSP Redaktion","@id":"https:\/\/www.tsp.at\/en\/#\/schema\/person\/1ba5600c29da17b902b0925cea567f8a"},"headline":"Dinev: Rechtspopulisten erz\u00e4hlen falsche Mythen","datePublished":"2019-05-24T08:06:00+00:00","dateModified":"2025-10-21T12:57:29+00:00","mainEntityOfPage":{"@id":"https:\/\/www.tsp.at\/en\/2019\/05\/24\/dinev-rechtspopulisten-erzaehlen-falsche-mythen\/"},"wordCount":554,"publisher":{"@id":"https:\/\/www.tsp.at\/en\/#organization"},"image":{"@id":"https:\/\/www.tsp.at\/en\/2019\/05\/24\/dinev-rechtspopulisten-erzaehlen-falsche-mythen\/#primaryimage"},"thumbnailUrl":"https:\/\/www.tsp.at\/wp-content\/uploads\/2025\/10\/dinev-1.jpg","articleSection":["News"],"inLanguage":"en-US"},{"@type":"WebPage","@id":"https:\/\/www.tsp.at\/en\/2019\/05\/24\/dinev-rechtspopulisten-erzaehlen-falsche-mythen\/","url":"https:\/\/www.tsp.at\/en\/2019\/05\/24\/dinev-rechtspopulisten-erzaehlen-falsche-mythen\/","name":"Dinev: Rechtspopulisten erz\u00e4hlen falsche Mythen - Temmel | Seywald - Corporate Communications","isPartOf":{"@id":"https:\/\/www.tsp.at\/en\/#website"},"primaryImageOfPage":{"@id":"https:\/\/www.tsp.at\/en\/2019\/05\/24\/dinev-rechtspopulisten-erzaehlen-falsche-mythen\/#primaryimage"},"image":{"@id":"https:\/\/www.tsp.at\/en\/2019\/05\/24\/dinev-rechtspopulisten-erzaehlen-falsche-mythen\/#primaryimage"},"thumbnailUrl":"https:\/\/www.tsp.at\/wp-content\/uploads\/2025\/10\/dinev-1.jpg","datePublished":"2019-05-24T08:06:00+00:00","dateModified":"2025-10-21T12:57:29+00:00","breadcrumb":{"@id":"https:\/\/www.tsp.at\/en\/2019\/05\/24\/dinev-rechtspopulisten-erzaehlen-falsche-mythen\/#breadcrumb"},"inLanguage":"en-US","potentialAction":[{"@type":"ReadAction","target":["https:\/\/www.tsp.at\/en\/2019\/05\/24\/dinev-rechtspopulisten-erzaehlen-falsche-mythen\/"]}]},{"@type":"ImageObject","inLanguage":"en-US","@id":"https:\/\/www.tsp.at\/en\/2019\/05\/24\/dinev-rechtspopulisten-erzaehlen-falsche-mythen\/#primaryimage","url":"https:\/\/www.tsp.at\/wp-content\/uploads\/2025\/10\/dinev-1.jpg","contentUrl":"https:\/\/www.tsp.at\/wp-content\/uploads\/2025\/10\/dinev-1.jpg","width":800,"height":533},{"@type":"BreadcrumbList","@id":"https:\/\/www.tsp.at\/en\/2019\/05\/24\/dinev-rechtspopulisten-erzaehlen-falsche-mythen\/#breadcrumb","itemListElement":[{"@type":"ListItem","position":1,"name":"Startseite","item":"https:\/\/www.tsp.at\/en\/"},{"@type":"ListItem","position":2,"name":"Dinev: Rechtspopulisten erz\u00e4hlen falsche Mythen"}]},{"@type":"WebSite","@id":"https:\/\/www.tsp.at\/en\/#website","url":"https:\/\/www.tsp.at\/en\/","name":"Temmel | Seywald - Corporate Communications","description":"Kommunikation ist Beziehungsarbeit","publisher":{"@id":"https:\/\/www.tsp.at\/en\/#organization"},"potentialAction":[{"@type":"SearchAction","target":{"@type":"EntryPoint","urlTemplate":"https:\/\/www.tsp.at\/en\/?s={search_term_string}"},"query-input":{"@type":"PropertyValueSpecification","valueRequired":true,"valueName":"search_term_string"}}],"inLanguage":"en-US"},{"@type":"Organization","@id":"https:\/\/www.tsp.at\/en\/#organization","name":"Temmel, Seywald & Partner Communications GesmbH","alternateName":"TSP","url":"https:\/\/www.tsp.at\/en\/","logo":{"@type":"ImageObject","inLanguage":"en-US","@id":"https:\/\/www.tsp.at\/en\/#\/schema\/logo\/image\/","url":"https:\/\/www.tsp.at\/wp-content\/uploads\/2025\/10\/favicontsp.png","contentUrl":"https:\/\/www.tsp.at\/wp-content\/uploads\/2025\/10\/favicontsp.png","width":125,"height":125,"caption":"Temmel, Seywald & Partner Communications GesmbH"},"image":{"@id":"https:\/\/www.tsp.at\/en\/#\/schema\/logo\/image\/"},"sameAs":["https:\/\/www.facebook.com\/TemmelSeywald"]},{"@type":"Person","@id":"https:\/\/www.tsp.at\/en\/#\/schema\/person\/1ba5600c29da17b902b0925cea567f8a","name":"TSP Redaktion"}]}},"_links":{"self":[{"href":"https:\/\/www.tsp.at\/en\/wp-json\/wp\/v2\/posts\/9967","targetHints":{"allow":["GET"]}}],"collection":[{"href":"https:\/\/www.tsp.at\/en\/wp-json\/wp\/v2\/posts"}],"about":[{"href":"https:\/\/www.tsp.at\/en\/wp-json\/wp\/v2\/types\/post"}],"author":[{"embeddable":true,"href":"https:\/\/www.tsp.at\/en\/wp-json\/wp\/v2\/users\/2"}],"replies":[{"embeddable":true,"href":"https:\/\/www.tsp.at\/en\/wp-json\/wp\/v2\/comments?post=9967"}],"version-history":[{"count":1,"href":"https:\/\/www.tsp.at\/en\/wp-json\/wp\/v2\/posts\/9967\/revisions"}],"predecessor-version":[{"id":11393,"href":"https:\/\/www.tsp.at\/en\/wp-json\/wp\/v2\/posts\/9967\/revisions\/11393"}],"wp:featuredmedia":[{"embeddable":true,"href":"https:\/\/www.tsp.at\/en\/wp-json\/wp\/v2\/media\/9966"}],"wp:attachment":[{"href":"https:\/\/www.tsp.at\/en\/wp-json\/wp\/v2\/media?parent=9967"}],"wp:term":[{"taxonomy":"category","embeddable":true,"href":"https:\/\/www.tsp.at\/en\/wp-json\/wp\/v2\/categories?post=9967"},{"taxonomy":"post_tag","embeddable":true,"href":"https:\/\/www.tsp.at\/en\/wp-json\/wp\/v2\/tags?post=9967"}],"curies":[{"name":"wp","href":"https:\/\/api.w.org\/{rel}","templated":true}]}}