{"id":9971,"date":"2019-05-16T19:23:00","date_gmt":"2019-05-16T17:23:00","guid":{"rendered":"https:\/\/staging.tsp.at\/2019\/05\/16\/tourismusforum-villach-diskutiert-wert-der-heimat\/"},"modified":"2025-10-21T14:57:30","modified_gmt":"2025-10-21T12:57:30","slug":"tourismusforum-villach-diskutiert-wert-der-heimat","status":"publish","type":"post","link":"https:\/\/www.tsp.at\/en\/2019\/05\/16\/tourismusforum-villach-diskutiert-wert-der-heimat\/","title":{"rendered":"Tourismusforum Villach diskutiert Wert der Heimat"},"content":{"rendered":"<article class=\"item\">\n<h2><strong>Auftakt der Europ\u00e4ischen Toleranzgespr\u00e4che am 5. Juni im Holiday Inn<\/strong><\/h2>\n<p>16.05.2019<\/p>\n<\/p>\n<\/p>\n<\/p>\n<\/p>\n<\/p>\n<p>Villach \u2013 <strong>\u00d6sterreich profitiert touristisch von Bergen und Seen und einer Kultur der Gastfreundschaft, die \u00fcber Jahrzehnte gut gepflegt und weiterentwickelt wurde. Doch immer mehr Betroffene sorgen sich \u00fcber Ausverkauf und \u00dcberfremdung im eigenen Land. Wie Land und Leute f\u00fcr neue Konzepte gewonnen und das Bewusstsein f\u00fcr den richtigen Umgang mit den eigenen Ressourcen gesch\u00e4rft werden k\u00f6nnen, er\u00f6rtern Experten auf dem Internationalen Tourismusforum Villach, das am 5. Juni (14 bis 17.30 Uhr) im Hotel Holiday Inn stattfindet. <\/strong> <a href=\"http:\/\/www.fresach.org\" rel=\"nofollow\" target=\"_blank\">http:\/\/www.<span class=\"hl\">fresach<\/span>.org<\/a> &#8211; Anmeldungen: <a href=\"javascript:linkTo_UnCryptMailto('nbjmup+upvsjtnvtjogpsnbujpo\/tubeuAwjmmbdi\/bu');\">tourismusinformation.stadt(at)villach.at<br \/><\/a><br \/><strong>Grund und Boden: Wem geh\u00f6rt \u00d6sterreich?<\/strong> <br \/> 14 bis 15.30 Uhr: Wertsch\u00f6pfung und Lebensqualit\u00e4t\n<\/p>\n<p>In vielen Belangen geht es um die Frage, was uns wichtiger ist: Mehr Wertsch\u00f6pfung oder Lebensqualit\u00e4t, \u00fcberspitzt formuliert &#8220;Geld oder Leben: Was kostet unsere Identit\u00e4t?&#8221; Wie beides unter einen Hut zu bringen ist, wird die Geographin und Tourismusforscherin Nadine Scharfenort von der Freien Universit\u00e4t Berlin anhand von Beispielen erl\u00e4utern. Im Anschluss wird eine Expertenrunde dar\u00fcber diskutieren, was in der Land- und Verkehrsplanung, Raumordnung und auch in der Landwirtschaft zu tun ist, um die Einzigartigkeiten des Landes, seiner Kultur und Ressourcen zu erhalten. Mit dabei sind die Sozialwissenschafterin Brigitte Kratzwald, die Raumforscherin Gerlind Weber, Karin Schabus von &#8220;Urlaub am Bauernhof&#8221; und der Villacher Tourismuschef Georg Overs.\n<\/p>\n<p><strong> Fremde Heimat: Wie weit darf Tourismus gehen?<\/strong> <br \/> 16 bis 17.30 Uhr: Kulturerhalt und Lebensraum\n<\/p>\n<p>Im zweiten Teil des Nachmittags wird die vielbeachtete Tiroler Volkskundlerin, Buchautorin und Philosophin Elsbeth Walln\u00f6fer \u00fcber Wege und M\u00f6glichkeiten sprechen, Heimat und Heimatgef\u00fchle zu bewahren, ohne die touristische Zukunft zu verbauen. Wenn die Heimat fremd wird und Kultur wie Natur nur noch Ware sind, dann gilt es zu handeln, das sagen selbst Tourismusprofis wie Peter Zellmann, Manfred Kohl und der Generalsekret\u00e4r im Ministerium f\u00fcr Nachhaltigkeit und Tourismus (BMNT), Josef Plank. Wie mit den zentralen Fragen Authentizit\u00e4t und Identit\u00e4t im Tourismus umgegangen werden soll, ist ja nicht nur ein Thema der &#8220;Naturfreunde Internationale&#8221;, die von Katrin Karschat vertreten wird.\n<\/p>\n<p>Das Tourismusforum ist eine Kooperation des Denk.Raum.<span class=\"hl\">Fresach<\/span> mit dem Travel Industry Club Austria und der Tourismus Region Villach GmbH und Teil der Europ\u00e4ischen Toleranzgespr\u00e4che.\n<\/p>\n<p><strong> Organisation:<\/strong> Dr. Wilfried Seywald, Tel. 0699-18114006, <a href=\"javascript:linkTo_UnCryptMailto('nbjmup+qsfttfAgsftbdi\/psh');\">presse@<span class=\"hl\">fresach<\/span>.org<\/a><br \/> Weitere Highlights: <a href=\"http:\/\/www.fresach.org\" rel=\"nofollow\" target=\"_blank\">http:\/\/www.<span class=\"hl\">fresach<\/span>.org<\/a> | Twitter: #ETG2019\n<\/p>\n<p><strong> Anmeldungen:<\/strong> <a href=\"javascript:linkTo_UnCryptMailto('nbjmup+upvsjtnvtjogpsnbujpo\/tubeuAwjmmbdi\/bu');\">tourismusinformation.stadt(at)villach.at<\/a><br \/> Tagungsbeitrag: 30 Euro | F\u00fcr Mitglieder der Tourismusverb\u00e4nde in der Region, Sch\u00fclerInnen und Studierende freier Eintritt!<\/p>\n<\/article>\n","protected":false},"excerpt":{"rendered":"<p>Auftakt der Europ\u00e4ischen Toleranzgespr\u00e4che am 5. Juni im Holiday Inn 16.05.2019 Villach \u2013 \u00d6sterreich profitiert touristisch von Bergen und Seen und einer Kultur der Gastfreundschaft, die \u00fcber Jahrzehnte gut gepflegt und weiterentwickelt wurde. Doch immer mehr Betroffene sorgen sich \u00fcber Ausverkauf und \u00dcberfremdung im eigenen Land. Wie Land und Leute f\u00fcr neue Konzepte gewonnen und&hellip;<\/p>\n","protected":false},"author":2,"featured_media":9970,"comment_status":"closed","ping_status":"closed","sticky":false,"template":"","format":"standard","meta":{"footnotes":""},"categories":[3],"tags":[],"class_list":["post-9971","post","type-post","status-publish","format-standard","has-post-thumbnail","hentry","category-news","category-3","description-off"],"yoast_head":"<!-- This site is optimized with the Yoast SEO plugin v26.3 - https:\/\/yoast.com\/wordpress\/plugins\/seo\/ -->\n<title>Tourismusforum Villach diskutiert Wert der Heimat - Temmel | Seywald - Corporate Communications<\/title>\n<meta name=\"robots\" content=\"index, follow, max-snippet:-1, max-image-preview:large, max-video-preview:-1\" \/>\n<link rel=\"canonical\" href=\"https:\/\/www.tsp.at\/en\/2019\/05\/16\/tourismusforum-villach-diskutiert-wert-der-heimat\/\" \/>\n<meta property=\"og:locale\" content=\"en_US\" \/>\n<meta property=\"og:type\" content=\"article\" \/>\n<meta property=\"og:title\" content=\"Tourismusforum Villach diskutiert Wert der Heimat - Temmel | Seywald - Corporate Communications\" \/>\n<meta property=\"og:description\" content=\"Auftakt der Europ\u00e4ischen Toleranzgespr\u00e4che am 5. Juni im Holiday Inn 16.05.2019 Villach \u2013 \u00d6sterreich profitiert touristisch von Bergen und Seen und einer Kultur der Gastfreundschaft, die \u00fcber Jahrzehnte gut gepflegt und weiterentwickelt wurde. Doch immer mehr Betroffene sorgen sich \u00fcber Ausverkauf und \u00dcberfremdung im eigenen Land. Wie Land und Leute f\u00fcr neue Konzepte gewonnen und&hellip;\" \/>\n<meta property=\"og:url\" content=\"https:\/\/www.tsp.at\/en\/2019\/05\/16\/tourismusforum-villach-diskutiert-wert-der-heimat\/\" \/>\n<meta property=\"og:site_name\" content=\"Temmel | Seywald - Corporate Communications\" \/>\n<meta property=\"article:publisher\" content=\"https:\/\/www.facebook.com\/TemmelSeywald\" \/>\n<meta property=\"article:published_time\" content=\"2019-05-16T17:23:00+00:00\" \/>\n<meta property=\"article:modified_time\" content=\"2025-10-21T12:57:30+00:00\" \/>\n<meta property=\"og:image\" content=\"https:\/\/www.tsp.at\/wp-content\/uploads\/2025\/10\/Scharfenort_Brille.jpg\" \/>\n\t<meta property=\"og:image:width\" content=\"1186\" \/>\n\t<meta property=\"og:image:height\" content=\"791\" \/>\n\t<meta property=\"og:image:type\" content=\"image\/jpeg\" \/>\n<meta name=\"author\" content=\"TSP Redaktion\" \/>\n<meta name=\"twitter:card\" content=\"summary_large_image\" \/>\n<meta name=\"twitter:label1\" content=\"Written by\" \/>\n\t<meta name=\"twitter:data1\" content=\"TSP Redaktion\" \/>\n\t<meta name=\"twitter:label2\" content=\"Est. reading time\" \/>\n\t<meta name=\"twitter:data2\" content=\"3 minutes\" \/>\n<script type=\"application\/ld+json\" class=\"yoast-schema-graph\">{\"@context\":\"https:\/\/schema.org\",\"@graph\":[{\"@type\":\"Article\",\"@id\":\"https:\/\/www.tsp.at\/en\/2019\/05\/16\/tourismusforum-villach-diskutiert-wert-der-heimat\/#article\",\"isPartOf\":{\"@id\":\"https:\/\/www.tsp.at\/en\/2019\/05\/16\/tourismusforum-villach-diskutiert-wert-der-heimat\/\"},\"author\":{\"name\":\"TSP Redaktion\",\"@id\":\"https:\/\/www.tsp.at\/en\/#\/schema\/person\/1ba5600c29da17b902b0925cea567f8a\"},\"headline\":\"Tourismusforum Villach diskutiert Wert der Heimat\",\"datePublished\":\"2019-05-16T17:23:00+00:00\",\"dateModified\":\"2025-10-21T12:57:30+00:00\",\"mainEntityOfPage\":{\"@id\":\"https:\/\/www.tsp.at\/en\/2019\/05\/16\/tourismusforum-villach-diskutiert-wert-der-heimat\/\"},\"wordCount\":416,\"publisher\":{\"@id\":\"https:\/\/www.tsp.at\/en\/#organization\"},\"image\":{\"@id\":\"https:\/\/www.tsp.at\/en\/2019\/05\/16\/tourismusforum-villach-diskutiert-wert-der-heimat\/#primaryimage\"},\"thumbnailUrl\":\"https:\/\/www.tsp.at\/wp-content\/uploads\/2025\/10\/Scharfenort_Brille.jpg\",\"articleSection\":[\"News\"],\"inLanguage\":\"en-US\"},{\"@type\":\"WebPage\",\"@id\":\"https:\/\/www.tsp.at\/en\/2019\/05\/16\/tourismusforum-villach-diskutiert-wert-der-heimat\/\",\"url\":\"https:\/\/www.tsp.at\/en\/2019\/05\/16\/tourismusforum-villach-diskutiert-wert-der-heimat\/\",\"name\":\"Tourismusforum Villach diskutiert Wert der Heimat - Temmel | Seywald - Corporate Communications\",\"isPartOf\":{\"@id\":\"https:\/\/www.tsp.at\/en\/#website\"},\"primaryImageOfPage\":{\"@id\":\"https:\/\/www.tsp.at\/en\/2019\/05\/16\/tourismusforum-villach-diskutiert-wert-der-heimat\/#primaryimage\"},\"image\":{\"@id\":\"https:\/\/www.tsp.at\/en\/2019\/05\/16\/tourismusforum-villach-diskutiert-wert-der-heimat\/#primaryimage\"},\"thumbnailUrl\":\"https:\/\/www.tsp.at\/wp-content\/uploads\/2025\/10\/Scharfenort_Brille.jpg\",\"datePublished\":\"2019-05-16T17:23:00+00:00\",\"dateModified\":\"2025-10-21T12:57:30+00:00\",\"breadcrumb\":{\"@id\":\"https:\/\/www.tsp.at\/en\/2019\/05\/16\/tourismusforum-villach-diskutiert-wert-der-heimat\/#breadcrumb\"},\"inLanguage\":\"en-US\",\"potentialAction\":[{\"@type\":\"ReadAction\",\"target\":[\"https:\/\/www.tsp.at\/en\/2019\/05\/16\/tourismusforum-villach-diskutiert-wert-der-heimat\/\"]}]},{\"@type\":\"ImageObject\",\"inLanguage\":\"en-US\",\"@id\":\"https:\/\/www.tsp.at\/en\/2019\/05\/16\/tourismusforum-villach-diskutiert-wert-der-heimat\/#primaryimage\",\"url\":\"https:\/\/www.tsp.at\/wp-content\/uploads\/2025\/10\/Scharfenort_Brille.jpg\",\"contentUrl\":\"https:\/\/www.tsp.at\/wp-content\/uploads\/2025\/10\/Scharfenort_Brille.jpg\",\"width\":1186,\"height\":791},{\"@type\":\"BreadcrumbList\",\"@id\":\"https:\/\/www.tsp.at\/en\/2019\/05\/16\/tourismusforum-villach-diskutiert-wert-der-heimat\/#breadcrumb\",\"itemListElement\":[{\"@type\":\"ListItem\",\"position\":1,\"name\":\"Startseite\",\"item\":\"https:\/\/www.tsp.at\/en\/\"},{\"@type\":\"ListItem\",\"position\":2,\"name\":\"Tourismusforum Villach diskutiert Wert der Heimat\"}]},{\"@type\":\"WebSite\",\"@id\":\"https:\/\/www.tsp.at\/en\/#website\",\"url\":\"https:\/\/www.tsp.at\/en\/\",\"name\":\"Temmel | Seywald - Corporate Communications\",\"description\":\"Kommunikation ist Beziehungsarbeit\",\"publisher\":{\"@id\":\"https:\/\/www.tsp.at\/en\/#organization\"},\"potentialAction\":[{\"@type\":\"SearchAction\",\"target\":{\"@type\":\"EntryPoint\",\"urlTemplate\":\"https:\/\/www.tsp.at\/en\/?s={search_term_string}\"},\"query-input\":{\"@type\":\"PropertyValueSpecification\",\"valueRequired\":true,\"valueName\":\"search_term_string\"}}],\"inLanguage\":\"en-US\"},{\"@type\":\"Organization\",\"@id\":\"https:\/\/www.tsp.at\/en\/#organization\",\"name\":\"Temmel, Seywald & Partner Communications GesmbH\",\"alternateName\":\"TSP\",\"url\":\"https:\/\/www.tsp.at\/en\/\",\"logo\":{\"@type\":\"ImageObject\",\"inLanguage\":\"en-US\",\"@id\":\"https:\/\/www.tsp.at\/en\/#\/schema\/logo\/image\/\",\"url\":\"https:\/\/www.tsp.at\/wp-content\/uploads\/2025\/10\/favicontsp.png\",\"contentUrl\":\"https:\/\/www.tsp.at\/wp-content\/uploads\/2025\/10\/favicontsp.png\",\"width\":125,\"height\":125,\"caption\":\"Temmel, Seywald & Partner Communications GesmbH\"},\"image\":{\"@id\":\"https:\/\/www.tsp.at\/en\/#\/schema\/logo\/image\/\"},\"sameAs\":[\"https:\/\/www.facebook.com\/TemmelSeywald\"]},{\"@type\":\"Person\",\"@id\":\"https:\/\/www.tsp.at\/en\/#\/schema\/person\/1ba5600c29da17b902b0925cea567f8a\",\"name\":\"TSP Redaktion\"}]}<\/script>\n<!-- \/ Yoast SEO plugin. -->","yoast_head_json":{"title":"Tourismusforum Villach diskutiert Wert der Heimat - Temmel | Seywald - Corporate Communications","robots":{"index":"index","follow":"follow","max-snippet":"max-snippet:-1","max-image-preview":"max-image-preview:large","max-video-preview":"max-video-preview:-1"},"canonical":"https:\/\/www.tsp.at\/en\/2019\/05\/16\/tourismusforum-villach-diskutiert-wert-der-heimat\/","og_locale":"en_US","og_type":"article","og_title":"Tourismusforum Villach diskutiert Wert der Heimat - Temmel | Seywald - Corporate Communications","og_description":"Auftakt der Europ\u00e4ischen Toleranzgespr\u00e4che am 5. Juni im Holiday Inn 16.05.2019 Villach \u2013 \u00d6sterreich profitiert touristisch von Bergen und Seen und einer Kultur der Gastfreundschaft, die \u00fcber Jahrzehnte gut gepflegt und weiterentwickelt wurde. Doch immer mehr Betroffene sorgen sich \u00fcber Ausverkauf und \u00dcberfremdung im eigenen Land. Wie Land und Leute f\u00fcr neue Konzepte gewonnen und&hellip;","og_url":"https:\/\/www.tsp.at\/en\/2019\/05\/16\/tourismusforum-villach-diskutiert-wert-der-heimat\/","og_site_name":"Temmel | Seywald - Corporate Communications","article_publisher":"https:\/\/www.facebook.com\/TemmelSeywald","article_published_time":"2019-05-16T17:23:00+00:00","article_modified_time":"2025-10-21T12:57:30+00:00","og_image":[{"width":1186,"height":791,"url":"https:\/\/www.tsp.at\/wp-content\/uploads\/2025\/10\/Scharfenort_Brille.jpg","type":"image\/jpeg"}],"author":"TSP Redaktion","twitter_card":"summary_large_image","twitter_misc":{"Written by":"TSP Redaktion","Est. reading time":"3 minutes"},"schema":{"@context":"https:\/\/schema.org","@graph":[{"@type":"Article","@id":"https:\/\/www.tsp.at\/en\/2019\/05\/16\/tourismusforum-villach-diskutiert-wert-der-heimat\/#article","isPartOf":{"@id":"https:\/\/www.tsp.at\/en\/2019\/05\/16\/tourismusforum-villach-diskutiert-wert-der-heimat\/"},"author":{"name":"TSP Redaktion","@id":"https:\/\/www.tsp.at\/en\/#\/schema\/person\/1ba5600c29da17b902b0925cea567f8a"},"headline":"Tourismusforum Villach diskutiert Wert der Heimat","datePublished":"2019-05-16T17:23:00+00:00","dateModified":"2025-10-21T12:57:30+00:00","mainEntityOfPage":{"@id":"https:\/\/www.tsp.at\/en\/2019\/05\/16\/tourismusforum-villach-diskutiert-wert-der-heimat\/"},"wordCount":416,"publisher":{"@id":"https:\/\/www.tsp.at\/en\/#organization"},"image":{"@id":"https:\/\/www.tsp.at\/en\/2019\/05\/16\/tourismusforum-villach-diskutiert-wert-der-heimat\/#primaryimage"},"thumbnailUrl":"https:\/\/www.tsp.at\/wp-content\/uploads\/2025\/10\/Scharfenort_Brille.jpg","articleSection":["News"],"inLanguage":"en-US"},{"@type":"WebPage","@id":"https:\/\/www.tsp.at\/en\/2019\/05\/16\/tourismusforum-villach-diskutiert-wert-der-heimat\/","url":"https:\/\/www.tsp.at\/en\/2019\/05\/16\/tourismusforum-villach-diskutiert-wert-der-heimat\/","name":"Tourismusforum Villach diskutiert Wert der Heimat - Temmel | Seywald - Corporate Communications","isPartOf":{"@id":"https:\/\/www.tsp.at\/en\/#website"},"primaryImageOfPage":{"@id":"https:\/\/www.tsp.at\/en\/2019\/05\/16\/tourismusforum-villach-diskutiert-wert-der-heimat\/#primaryimage"},"image":{"@id":"https:\/\/www.tsp.at\/en\/2019\/05\/16\/tourismusforum-villach-diskutiert-wert-der-heimat\/#primaryimage"},"thumbnailUrl":"https:\/\/www.tsp.at\/wp-content\/uploads\/2025\/10\/Scharfenort_Brille.jpg","datePublished":"2019-05-16T17:23:00+00:00","dateModified":"2025-10-21T12:57:30+00:00","breadcrumb":{"@id":"https:\/\/www.tsp.at\/en\/2019\/05\/16\/tourismusforum-villach-diskutiert-wert-der-heimat\/#breadcrumb"},"inLanguage":"en-US","potentialAction":[{"@type":"ReadAction","target":["https:\/\/www.tsp.at\/en\/2019\/05\/16\/tourismusforum-villach-diskutiert-wert-der-heimat\/"]}]},{"@type":"ImageObject","inLanguage":"en-US","@id":"https:\/\/www.tsp.at\/en\/2019\/05\/16\/tourismusforum-villach-diskutiert-wert-der-heimat\/#primaryimage","url":"https:\/\/www.tsp.at\/wp-content\/uploads\/2025\/10\/Scharfenort_Brille.jpg","contentUrl":"https:\/\/www.tsp.at\/wp-content\/uploads\/2025\/10\/Scharfenort_Brille.jpg","width":1186,"height":791},{"@type":"BreadcrumbList","@id":"https:\/\/www.tsp.at\/en\/2019\/05\/16\/tourismusforum-villach-diskutiert-wert-der-heimat\/#breadcrumb","itemListElement":[{"@type":"ListItem","position":1,"name":"Startseite","item":"https:\/\/www.tsp.at\/en\/"},{"@type":"ListItem","position":2,"name":"Tourismusforum Villach diskutiert Wert der Heimat"}]},{"@type":"WebSite","@id":"https:\/\/www.tsp.at\/en\/#website","url":"https:\/\/www.tsp.at\/en\/","name":"Temmel | Seywald - Corporate Communications","description":"Kommunikation ist Beziehungsarbeit","publisher":{"@id":"https:\/\/www.tsp.at\/en\/#organization"},"potentialAction":[{"@type":"SearchAction","target":{"@type":"EntryPoint","urlTemplate":"https:\/\/www.tsp.at\/en\/?s={search_term_string}"},"query-input":{"@type":"PropertyValueSpecification","valueRequired":true,"valueName":"search_term_string"}}],"inLanguage":"en-US"},{"@type":"Organization","@id":"https:\/\/www.tsp.at\/en\/#organization","name":"Temmel, Seywald & Partner Communications GesmbH","alternateName":"TSP","url":"https:\/\/www.tsp.at\/en\/","logo":{"@type":"ImageObject","inLanguage":"en-US","@id":"https:\/\/www.tsp.at\/en\/#\/schema\/logo\/image\/","url":"https:\/\/www.tsp.at\/wp-content\/uploads\/2025\/10\/favicontsp.png","contentUrl":"https:\/\/www.tsp.at\/wp-content\/uploads\/2025\/10\/favicontsp.png","width":125,"height":125,"caption":"Temmel, Seywald & Partner Communications GesmbH"},"image":{"@id":"https:\/\/www.tsp.at\/en\/#\/schema\/logo\/image\/"},"sameAs":["https:\/\/www.facebook.com\/TemmelSeywald"]},{"@type":"Person","@id":"https:\/\/www.tsp.at\/en\/#\/schema\/person\/1ba5600c29da17b902b0925cea567f8a","name":"TSP Redaktion"}]}},"_links":{"self":[{"href":"https:\/\/www.tsp.at\/en\/wp-json\/wp\/v2\/posts\/9971","targetHints":{"allow":["GET"]}}],"collection":[{"href":"https:\/\/www.tsp.at\/en\/wp-json\/wp\/v2\/posts"}],"about":[{"href":"https:\/\/www.tsp.at\/en\/wp-json\/wp\/v2\/types\/post"}],"author":[{"embeddable":true,"href":"https:\/\/www.tsp.at\/en\/wp-json\/wp\/v2\/users\/2"}],"replies":[{"embeddable":true,"href":"https:\/\/www.tsp.at\/en\/wp-json\/wp\/v2\/comments?post=9971"}],"version-history":[{"count":1,"href":"https:\/\/www.tsp.at\/en\/wp-json\/wp\/v2\/posts\/9971\/revisions"}],"predecessor-version":[{"id":11395,"href":"https:\/\/www.tsp.at\/en\/wp-json\/wp\/v2\/posts\/9971\/revisions\/11395"}],"wp:featuredmedia":[{"embeddable":true,"href":"https:\/\/www.tsp.at\/en\/wp-json\/wp\/v2\/media\/9970"}],"wp:attachment":[{"href":"https:\/\/www.tsp.at\/en\/wp-json\/wp\/v2\/media?parent=9971"}],"wp:term":[{"taxonomy":"category","embeddable":true,"href":"https:\/\/www.tsp.at\/en\/wp-json\/wp\/v2\/categories?post=9971"},{"taxonomy":"post_tag","embeddable":true,"href":"https:\/\/www.tsp.at\/en\/wp-json\/wp\/v2\/tags?post=9971"}],"curies":[{"name":"wp","href":"https:\/\/api.w.org\/{rel}","templated":true}]}}