{"id":9979,"date":"2019-04-26T14:34:00","date_gmt":"2019-04-26T12:34:00","guid":{"rendered":"https:\/\/staging.tsp.at\/2019\/04\/26\/schutz-von-boeden-und-naturraum-immer-wichtiger\/"},"modified":"2025-10-21T14:57:30","modified_gmt":"2025-10-21T12:57:30","slug":"schutz-von-boeden-und-naturraum-immer-wichtiger","status":"publish","type":"post","link":"https:\/\/www.tsp.at\/en\/2019\/04\/26\/schutz-von-boeden-und-naturraum-immer-wichtiger\/","title":{"rendered":"Schutz von B\u00f6den und Naturraum immer wichtiger"},"content":{"rendered":"<article class=\"item\">\n<h2><strong>Sozialwissenschaftlerin empfiehlt alternative Bewirtschaftungsmodelle<\/strong><\/h2>\n<p>26.04.2019<\/p>\n<\/p>\n<\/p>\n<\/p>\n<\/p>\n<\/p>\n<p>Wien \u2013 Wenn es um das \u00dcberleben der Menschheit geht, wird die Sicherung von Naturraum und B\u00f6den immer vordringlicher. Dazu muss sich das heutige Wirtschaftssystem vom ungebremsten Wettbewerbs- und Wachstumsdenken l\u00f6sen und g\u00e4nzlich neu definieren. Wirtschaftswachstum nur um des Wachstums willen sei unsinnig. &#8220;Ausgangspunkt muss die Frage sein: Was brauchen wir und wie k\u00f6nnen wir es so herstellen, dass die nat\u00fcrlichen Ressourcen erhalten, vielleicht sogar vermehrt oder verbessert werden&#8221;, so die Sozialwissenschaftlerin Brigitte <span class=\"hl\">Kratzwald<\/span>, die beim Internationalen Tourismusforum im Rahmen der Europ\u00e4ischen Toleranzgespr\u00e4che am 5. Juni in Villach <a href=\"http:\/\/fresach.org\" rel=\"nofollow\" target=\"_blank\">http:\/\/fresach.org<\/a>zu Gast sein wird.\n<\/p>\n<p>F\u00fcr <span class=\"hl\">Kratzwald<\/span> liegt das Problem des heutigen Wettbewerbs in der Abh\u00e4ngigkeit von Investoren. Der Fokus liege daher immer auf m\u00f6glichst niedrigen Preisen und hohem Profit. Die Buchautorin sieht Wettbewerb und Wirtschaftswachstum allerdings nicht grunds\u00e4tzlich negativ. Es m\u00fcsse aber die Frage gestellt werden, ob beide dem Leben dienen und ob man aufh\u00f6ren kann zu wachsen, wenn die Bed\u00fcrfnisse befriedigt sind.\n<\/p>\n<p><strong>Commons als Alternative<\/strong> <\/p>\n<p>Die Sozialwissenschaftlerin sieht einen Ausweg in alternativen Wirtschaftsformen, etwa Commons, Subsistenz und solidarische Landwirtschaft. Bei Commons handelt es sich um eine Wirtschaftsform, bei der lebensnotwendige Ressourcen von allen Mitgliedern einer Gemeinde gepflegt und reproduziert werden und f\u00fcr sie frei verf\u00fcgbar sind. Commons k\u00f6nnen nicht verkauft werden, nur die Produkte, die aus den Ressourcen entstehen.\n<\/p>\n<p>Es kann sich bei den Ressourcen um unterschiedliche Dinge handeln, Rohstoffe, Grund und Boden, aber auch Wissen und freie Software. &#8220;Commons sind im Grunde Vereinbarungen dar\u00fcber, wie Menschen mit Ressourcen umgehen wollen, um ihre Bed\u00fcrfnisse zu befriedigen, ohne die Ressourcen zu zerst\u00f6ren&#8221;, erkl\u00e4rt <span class=\"hl\">Kratzwald<\/span>. Subsistenz sei die &#8220;Produktion des Lebens&#8221;. Mitglieder einer Gemeinde produzieren in dieser Wirtschaftsform haupts\u00e4chlich f\u00fcr den unabh\u00e4ngigen Selbsterhalt.\n<\/p>\n<p>Das Prinzip der solidarischen Landwirtschaft vereinigt in sich die Ziele von Commons und Subsistenz. Verbraucher treten hier in eine direkte Partnerschaft mit den Produzenten. Sie verpflichten sich dazu, so viel zu bezahlen, dass die Produzenten auch von ihrer Arbeit leben k\u00f6nnen. Gemeinsam mit den Landwirten \u00fcbernehmen die Ernteanteilhaber die Verantwortung f\u00fcr den Erhalt des fruchtbaren Bodens und des Naturraums.\n<\/p>\n<p><strong>Aus Wettbewerb aussteigen<\/strong> <\/p>\n<p>Wettbewerb ist laut <span class=\"hl\">Kratzwald<\/span> nicht immer die beste Methode, um die gew\u00fcnschten Ergebnisse zu erzielen. Bei solidarischen Landwirtschaftsformen seien die Produzenten etwa vom globalen Wettbewerb um m\u00f6glichst niedrige Preise befreit und k\u00f6nnen bessere Nahrung herstellen, ohne dabei den Boden zu zerst\u00f6ren. <span class=\"hl\">Kratzwald<\/span> zufolge sind viele l\u00e4ndliche Regionen im aktuellen Wirtschaftssystem ohne alternative Wirtschaftsformen gar nicht \u00fcberlebensf\u00e4hig.\n<\/p>\n<p><strong>Beispiele aus Vorarlberg<\/strong> <\/p>\n<p>Auch f\u00fcr die fortschreitende Versiegelung von fruchtbaren Ackerb\u00f6den sieht sie L\u00f6sungen. Daf\u00fcr sollte es eine andere Raumplanung und strengere Auflagen f\u00fcr die Erschlie\u00dfung neuen Baulandes geben. Ein gutes Beispiel daf\u00fcr sei der B\u00fcrgerrat zum Umgang mit Grund und Boden in Vorarlberg <a href=\"http:\/\/bit.ly\/2GvW5WW\" rel=\"nofollow\" target=\"_blank\">http:\/\/bit.ly\/2GvW5WW<\/a> . Mit mehr als 1.000 Unterschriften wurde die Durchf\u00fchrung dieses B\u00fcrgerrates erzwungen. Die Ergebnisse zeigen, was sich die B\u00fcrger w\u00fcnschen, n\u00e4mlich dass der Boden als Commons behandelt wird, \u00fcber den alle gemeinsam bestimmen und der so der Gewinnmaximierung entzogen wird. Derzeit werden Unterschriften zu einem weiteren B\u00fcrgerrat gesammelt, bei dem es um Landwirtschaft gehen soll.\n<\/p>\n<p>Brigitte <span class=\"hl\">Kratzwald<\/span> wird am 5. Juni 2019 anl\u00e4sslich der Europ\u00e4ischen Toleranzgespr\u00e4che in Villach zum Thema &#8220;Grund und Boden: Wem geh\u00f6rt \u00d6sterreich?&#8221; sprechen. Ihr letztes Buch &#8220;Das Ganze des Lebens: Selbstorganisation zwischen Lust und Notwendigkeit&#8221; erschien 2014 beim Ulrike Helmer Verlag: <a href=\"http:\/\/bit.ly\/2XJ9AK3\" rel=\"nofollow\" target=\"_blank\">http:\/\/bit.ly\/2XJ9AK3<\/a><\/p>\n<\/article>\n","protected":false},"excerpt":{"rendered":"<p>Sozialwissenschaftlerin empfiehlt alternative Bewirtschaftungsmodelle 26.04.2019 Wien \u2013 Wenn es um das \u00dcberleben der Menschheit geht, wird die Sicherung von Naturraum und B\u00f6den immer vordringlicher. Dazu muss sich das heutige Wirtschaftssystem vom ungebremsten Wettbewerbs- und Wachstumsdenken l\u00f6sen und g\u00e4nzlich neu definieren. Wirtschaftswachstum nur um des Wachstums willen sei unsinnig. &#8220;Ausgangspunkt muss die Frage sein: Was brauchen&hellip;<\/p>\n","protected":false},"author":2,"featured_media":9978,"comment_status":"closed","ping_status":"closed","sticky":false,"template":"","format":"standard","meta":{"footnotes":""},"categories":[3],"tags":[],"class_list":["post-9979","post","type-post","status-publish","format-standard","has-post-thumbnail","hentry","category-news","category-3","description-off"],"yoast_head":"<!-- This site is optimized with the Yoast SEO plugin v26.3 - https:\/\/yoast.com\/wordpress\/plugins\/seo\/ -->\n<title>Schutz von B\u00f6den und Naturraum immer wichtiger - Temmel | Seywald - Corporate Communications<\/title>\n<meta name=\"robots\" content=\"index, follow, max-snippet:-1, max-image-preview:large, max-video-preview:-1\" \/>\n<link rel=\"canonical\" href=\"https:\/\/www.tsp.at\/en\/2019\/04\/26\/schutz-von-boeden-und-naturraum-immer-wichtiger\/\" \/>\n<meta property=\"og:locale\" content=\"en_US\" \/>\n<meta property=\"og:type\" content=\"article\" \/>\n<meta property=\"og:title\" content=\"Schutz von B\u00f6den und Naturraum immer wichtiger - Temmel | Seywald - Corporate Communications\" \/>\n<meta property=\"og:description\" content=\"Sozialwissenschaftlerin empfiehlt alternative Bewirtschaftungsmodelle 26.04.2019 Wien \u2013 Wenn es um das \u00dcberleben der Menschheit geht, wird die Sicherung von Naturraum und B\u00f6den immer vordringlicher. Dazu muss sich das heutige Wirtschaftssystem vom ungebremsten Wettbewerbs- und Wachstumsdenken l\u00f6sen und g\u00e4nzlich neu definieren. Wirtschaftswachstum nur um des Wachstums willen sei unsinnig. &#8220;Ausgangspunkt muss die Frage sein: Was brauchen&hellip;\" \/>\n<meta property=\"og:url\" content=\"https:\/\/www.tsp.at\/en\/2019\/04\/26\/schutz-von-boeden-und-naturraum-immer-wichtiger\/\" \/>\n<meta property=\"og:site_name\" content=\"Temmel | Seywald - Corporate Communications\" \/>\n<meta property=\"article:publisher\" content=\"https:\/\/www.facebook.com\/TemmelSeywald\" \/>\n<meta property=\"article:published_time\" content=\"2019-04-26T12:34:00+00:00\" \/>\n<meta property=\"article:modified_time\" content=\"2025-10-21T12:57:30+00:00\" \/>\n<meta property=\"og:image\" content=\"https:\/\/www.tsp.at\/wp-content\/uploads\/2025\/10\/6190-5519-4529-3773-Brigitte_Kratzwald_770.jpg\" \/>\n\t<meta property=\"og:image:width\" content=\"770\" \/>\n\t<meta property=\"og:image:height\" content=\"440\" \/>\n\t<meta property=\"og:image:type\" content=\"image\/jpeg\" \/>\n<meta name=\"author\" content=\"TSP Redaktion\" \/>\n<meta name=\"twitter:card\" content=\"summary_large_image\" \/>\n<meta name=\"twitter:label1\" content=\"Written by\" \/>\n\t<meta name=\"twitter:data1\" content=\"TSP Redaktion\" \/>\n\t<meta name=\"twitter:label2\" content=\"Est. reading time\" \/>\n\t<meta name=\"twitter:data2\" content=\"4 minutes\" \/>\n<script type=\"application\/ld+json\" class=\"yoast-schema-graph\">{\"@context\":\"https:\/\/schema.org\",\"@graph\":[{\"@type\":\"Article\",\"@id\":\"https:\/\/www.tsp.at\/en\/2019\/04\/26\/schutz-von-boeden-und-naturraum-immer-wichtiger\/#article\",\"isPartOf\":{\"@id\":\"https:\/\/www.tsp.at\/en\/2019\/04\/26\/schutz-von-boeden-und-naturraum-immer-wichtiger\/\"},\"author\":{\"name\":\"TSP Redaktion\",\"@id\":\"https:\/\/www.tsp.at\/en\/#\/schema\/person\/1ba5600c29da17b902b0925cea567f8a\"},\"headline\":\"Schutz von B\u00f6den und Naturraum immer wichtiger\",\"datePublished\":\"2019-04-26T12:34:00+00:00\",\"dateModified\":\"2025-10-21T12:57:30+00:00\",\"mainEntityOfPage\":{\"@id\":\"https:\/\/www.tsp.at\/en\/2019\/04\/26\/schutz-von-boeden-und-naturraum-immer-wichtiger\/\"},\"wordCount\":594,\"publisher\":{\"@id\":\"https:\/\/www.tsp.at\/en\/#organization\"},\"image\":{\"@id\":\"https:\/\/www.tsp.at\/en\/2019\/04\/26\/schutz-von-boeden-und-naturraum-immer-wichtiger\/#primaryimage\"},\"thumbnailUrl\":\"https:\/\/www.tsp.at\/wp-content\/uploads\/2025\/10\/6190-5519-4529-3773-Brigitte_Kratzwald_770.jpg\",\"articleSection\":[\"News\"],\"inLanguage\":\"en-US\"},{\"@type\":\"WebPage\",\"@id\":\"https:\/\/www.tsp.at\/en\/2019\/04\/26\/schutz-von-boeden-und-naturraum-immer-wichtiger\/\",\"url\":\"https:\/\/www.tsp.at\/en\/2019\/04\/26\/schutz-von-boeden-und-naturraum-immer-wichtiger\/\",\"name\":\"Schutz von B\u00f6den und Naturraum immer wichtiger - Temmel | Seywald - Corporate Communications\",\"isPartOf\":{\"@id\":\"https:\/\/www.tsp.at\/en\/#website\"},\"primaryImageOfPage\":{\"@id\":\"https:\/\/www.tsp.at\/en\/2019\/04\/26\/schutz-von-boeden-und-naturraum-immer-wichtiger\/#primaryimage\"},\"image\":{\"@id\":\"https:\/\/www.tsp.at\/en\/2019\/04\/26\/schutz-von-boeden-und-naturraum-immer-wichtiger\/#primaryimage\"},\"thumbnailUrl\":\"https:\/\/www.tsp.at\/wp-content\/uploads\/2025\/10\/6190-5519-4529-3773-Brigitte_Kratzwald_770.jpg\",\"datePublished\":\"2019-04-26T12:34:00+00:00\",\"dateModified\":\"2025-10-21T12:57:30+00:00\",\"breadcrumb\":{\"@id\":\"https:\/\/www.tsp.at\/en\/2019\/04\/26\/schutz-von-boeden-und-naturraum-immer-wichtiger\/#breadcrumb\"},\"inLanguage\":\"en-US\",\"potentialAction\":[{\"@type\":\"ReadAction\",\"target\":[\"https:\/\/www.tsp.at\/en\/2019\/04\/26\/schutz-von-boeden-und-naturraum-immer-wichtiger\/\"]}]},{\"@type\":\"ImageObject\",\"inLanguage\":\"en-US\",\"@id\":\"https:\/\/www.tsp.at\/en\/2019\/04\/26\/schutz-von-boeden-und-naturraum-immer-wichtiger\/#primaryimage\",\"url\":\"https:\/\/www.tsp.at\/wp-content\/uploads\/2025\/10\/6190-5519-4529-3773-Brigitte_Kratzwald_770.jpg\",\"contentUrl\":\"https:\/\/www.tsp.at\/wp-content\/uploads\/2025\/10\/6190-5519-4529-3773-Brigitte_Kratzwald_770.jpg\",\"width\":770,\"height\":440},{\"@type\":\"BreadcrumbList\",\"@id\":\"https:\/\/www.tsp.at\/en\/2019\/04\/26\/schutz-von-boeden-und-naturraum-immer-wichtiger\/#breadcrumb\",\"itemListElement\":[{\"@type\":\"ListItem\",\"position\":1,\"name\":\"Startseite\",\"item\":\"https:\/\/www.tsp.at\/en\/\"},{\"@type\":\"ListItem\",\"position\":2,\"name\":\"Schutz von B\u00f6den und Naturraum immer wichtiger\"}]},{\"@type\":\"WebSite\",\"@id\":\"https:\/\/www.tsp.at\/en\/#website\",\"url\":\"https:\/\/www.tsp.at\/en\/\",\"name\":\"Temmel | Seywald - Corporate Communications\",\"description\":\"Kommunikation ist Beziehungsarbeit\",\"publisher\":{\"@id\":\"https:\/\/www.tsp.at\/en\/#organization\"},\"potentialAction\":[{\"@type\":\"SearchAction\",\"target\":{\"@type\":\"EntryPoint\",\"urlTemplate\":\"https:\/\/www.tsp.at\/en\/?s={search_term_string}\"},\"query-input\":{\"@type\":\"PropertyValueSpecification\",\"valueRequired\":true,\"valueName\":\"search_term_string\"}}],\"inLanguage\":\"en-US\"},{\"@type\":\"Organization\",\"@id\":\"https:\/\/www.tsp.at\/en\/#organization\",\"name\":\"Temmel, Seywald & Partner Communications GesmbH\",\"alternateName\":\"TSP\",\"url\":\"https:\/\/www.tsp.at\/en\/\",\"logo\":{\"@type\":\"ImageObject\",\"inLanguage\":\"en-US\",\"@id\":\"https:\/\/www.tsp.at\/en\/#\/schema\/logo\/image\/\",\"url\":\"https:\/\/www.tsp.at\/wp-content\/uploads\/2025\/10\/favicontsp.png\",\"contentUrl\":\"https:\/\/www.tsp.at\/wp-content\/uploads\/2025\/10\/favicontsp.png\",\"width\":125,\"height\":125,\"caption\":\"Temmel, Seywald & Partner Communications GesmbH\"},\"image\":{\"@id\":\"https:\/\/www.tsp.at\/en\/#\/schema\/logo\/image\/\"},\"sameAs\":[\"https:\/\/www.facebook.com\/TemmelSeywald\"]},{\"@type\":\"Person\",\"@id\":\"https:\/\/www.tsp.at\/en\/#\/schema\/person\/1ba5600c29da17b902b0925cea567f8a\",\"name\":\"TSP Redaktion\"}]}<\/script>\n<!-- \/ Yoast SEO plugin. -->","yoast_head_json":{"title":"Schutz von B\u00f6den und Naturraum immer wichtiger - Temmel | Seywald - Corporate Communications","robots":{"index":"index","follow":"follow","max-snippet":"max-snippet:-1","max-image-preview":"max-image-preview:large","max-video-preview":"max-video-preview:-1"},"canonical":"https:\/\/www.tsp.at\/en\/2019\/04\/26\/schutz-von-boeden-und-naturraum-immer-wichtiger\/","og_locale":"en_US","og_type":"article","og_title":"Schutz von B\u00f6den und Naturraum immer wichtiger - Temmel | Seywald - Corporate Communications","og_description":"Sozialwissenschaftlerin empfiehlt alternative Bewirtschaftungsmodelle 26.04.2019 Wien \u2013 Wenn es um das \u00dcberleben der Menschheit geht, wird die Sicherung von Naturraum und B\u00f6den immer vordringlicher. Dazu muss sich das heutige Wirtschaftssystem vom ungebremsten Wettbewerbs- und Wachstumsdenken l\u00f6sen und g\u00e4nzlich neu definieren. Wirtschaftswachstum nur um des Wachstums willen sei unsinnig. &#8220;Ausgangspunkt muss die Frage sein: Was brauchen&hellip;","og_url":"https:\/\/www.tsp.at\/en\/2019\/04\/26\/schutz-von-boeden-und-naturraum-immer-wichtiger\/","og_site_name":"Temmel | Seywald - Corporate Communications","article_publisher":"https:\/\/www.facebook.com\/TemmelSeywald","article_published_time":"2019-04-26T12:34:00+00:00","article_modified_time":"2025-10-21T12:57:30+00:00","og_image":[{"width":770,"height":440,"url":"https:\/\/www.tsp.at\/wp-content\/uploads\/2025\/10\/6190-5519-4529-3773-Brigitte_Kratzwald_770.jpg","type":"image\/jpeg"}],"author":"TSP Redaktion","twitter_card":"summary_large_image","twitter_misc":{"Written by":"TSP Redaktion","Est. reading time":"4 minutes"},"schema":{"@context":"https:\/\/schema.org","@graph":[{"@type":"Article","@id":"https:\/\/www.tsp.at\/en\/2019\/04\/26\/schutz-von-boeden-und-naturraum-immer-wichtiger\/#article","isPartOf":{"@id":"https:\/\/www.tsp.at\/en\/2019\/04\/26\/schutz-von-boeden-und-naturraum-immer-wichtiger\/"},"author":{"name":"TSP Redaktion","@id":"https:\/\/www.tsp.at\/en\/#\/schema\/person\/1ba5600c29da17b902b0925cea567f8a"},"headline":"Schutz von B\u00f6den und Naturraum immer wichtiger","datePublished":"2019-04-26T12:34:00+00:00","dateModified":"2025-10-21T12:57:30+00:00","mainEntityOfPage":{"@id":"https:\/\/www.tsp.at\/en\/2019\/04\/26\/schutz-von-boeden-und-naturraum-immer-wichtiger\/"},"wordCount":594,"publisher":{"@id":"https:\/\/www.tsp.at\/en\/#organization"},"image":{"@id":"https:\/\/www.tsp.at\/en\/2019\/04\/26\/schutz-von-boeden-und-naturraum-immer-wichtiger\/#primaryimage"},"thumbnailUrl":"https:\/\/www.tsp.at\/wp-content\/uploads\/2025\/10\/6190-5519-4529-3773-Brigitte_Kratzwald_770.jpg","articleSection":["News"],"inLanguage":"en-US"},{"@type":"WebPage","@id":"https:\/\/www.tsp.at\/en\/2019\/04\/26\/schutz-von-boeden-und-naturraum-immer-wichtiger\/","url":"https:\/\/www.tsp.at\/en\/2019\/04\/26\/schutz-von-boeden-und-naturraum-immer-wichtiger\/","name":"Schutz von B\u00f6den und Naturraum immer wichtiger - Temmel | Seywald - Corporate Communications","isPartOf":{"@id":"https:\/\/www.tsp.at\/en\/#website"},"primaryImageOfPage":{"@id":"https:\/\/www.tsp.at\/en\/2019\/04\/26\/schutz-von-boeden-und-naturraum-immer-wichtiger\/#primaryimage"},"image":{"@id":"https:\/\/www.tsp.at\/en\/2019\/04\/26\/schutz-von-boeden-und-naturraum-immer-wichtiger\/#primaryimage"},"thumbnailUrl":"https:\/\/www.tsp.at\/wp-content\/uploads\/2025\/10\/6190-5519-4529-3773-Brigitte_Kratzwald_770.jpg","datePublished":"2019-04-26T12:34:00+00:00","dateModified":"2025-10-21T12:57:30+00:00","breadcrumb":{"@id":"https:\/\/www.tsp.at\/en\/2019\/04\/26\/schutz-von-boeden-und-naturraum-immer-wichtiger\/#breadcrumb"},"inLanguage":"en-US","potentialAction":[{"@type":"ReadAction","target":["https:\/\/www.tsp.at\/en\/2019\/04\/26\/schutz-von-boeden-und-naturraum-immer-wichtiger\/"]}]},{"@type":"ImageObject","inLanguage":"en-US","@id":"https:\/\/www.tsp.at\/en\/2019\/04\/26\/schutz-von-boeden-und-naturraum-immer-wichtiger\/#primaryimage","url":"https:\/\/www.tsp.at\/wp-content\/uploads\/2025\/10\/6190-5519-4529-3773-Brigitte_Kratzwald_770.jpg","contentUrl":"https:\/\/www.tsp.at\/wp-content\/uploads\/2025\/10\/6190-5519-4529-3773-Brigitte_Kratzwald_770.jpg","width":770,"height":440},{"@type":"BreadcrumbList","@id":"https:\/\/www.tsp.at\/en\/2019\/04\/26\/schutz-von-boeden-und-naturraum-immer-wichtiger\/#breadcrumb","itemListElement":[{"@type":"ListItem","position":1,"name":"Startseite","item":"https:\/\/www.tsp.at\/en\/"},{"@type":"ListItem","position":2,"name":"Schutz von B\u00f6den und Naturraum immer wichtiger"}]},{"@type":"WebSite","@id":"https:\/\/www.tsp.at\/en\/#website","url":"https:\/\/www.tsp.at\/en\/","name":"Temmel | Seywald - Corporate Communications","description":"Kommunikation ist Beziehungsarbeit","publisher":{"@id":"https:\/\/www.tsp.at\/en\/#organization"},"potentialAction":[{"@type":"SearchAction","target":{"@type":"EntryPoint","urlTemplate":"https:\/\/www.tsp.at\/en\/?s={search_term_string}"},"query-input":{"@type":"PropertyValueSpecification","valueRequired":true,"valueName":"search_term_string"}}],"inLanguage":"en-US"},{"@type":"Organization","@id":"https:\/\/www.tsp.at\/en\/#organization","name":"Temmel, Seywald & Partner Communications GesmbH","alternateName":"TSP","url":"https:\/\/www.tsp.at\/en\/","logo":{"@type":"ImageObject","inLanguage":"en-US","@id":"https:\/\/www.tsp.at\/en\/#\/schema\/logo\/image\/","url":"https:\/\/www.tsp.at\/wp-content\/uploads\/2025\/10\/favicontsp.png","contentUrl":"https:\/\/www.tsp.at\/wp-content\/uploads\/2025\/10\/favicontsp.png","width":125,"height":125,"caption":"Temmel, Seywald & Partner Communications GesmbH"},"image":{"@id":"https:\/\/www.tsp.at\/en\/#\/schema\/logo\/image\/"},"sameAs":["https:\/\/www.facebook.com\/TemmelSeywald"]},{"@type":"Person","@id":"https:\/\/www.tsp.at\/en\/#\/schema\/person\/1ba5600c29da17b902b0925cea567f8a","name":"TSP Redaktion"}]}},"_links":{"self":[{"href":"https:\/\/www.tsp.at\/en\/wp-json\/wp\/v2\/posts\/9979","targetHints":{"allow":["GET"]}}],"collection":[{"href":"https:\/\/www.tsp.at\/en\/wp-json\/wp\/v2\/posts"}],"about":[{"href":"https:\/\/www.tsp.at\/en\/wp-json\/wp\/v2\/types\/post"}],"author":[{"embeddable":true,"href":"https:\/\/www.tsp.at\/en\/wp-json\/wp\/v2\/users\/2"}],"replies":[{"embeddable":true,"href":"https:\/\/www.tsp.at\/en\/wp-json\/wp\/v2\/comments?post=9979"}],"version-history":[{"count":1,"href":"https:\/\/www.tsp.at\/en\/wp-json\/wp\/v2\/posts\/9979\/revisions"}],"predecessor-version":[{"id":11399,"href":"https:\/\/www.tsp.at\/en\/wp-json\/wp\/v2\/posts\/9979\/revisions\/11399"}],"wp:featuredmedia":[{"embeddable":true,"href":"https:\/\/www.tsp.at\/en\/wp-json\/wp\/v2\/media\/9978"}],"wp:attachment":[{"href":"https:\/\/www.tsp.at\/en\/wp-json\/wp\/v2\/media?parent=9979"}],"wp:term":[{"taxonomy":"category","embeddable":true,"href":"https:\/\/www.tsp.at\/en\/wp-json\/wp\/v2\/categories?post=9979"},{"taxonomy":"post_tag","embeddable":true,"href":"https:\/\/www.tsp.at\/en\/wp-json\/wp\/v2\/tags?post=9979"}],"curies":[{"name":"wp","href":"https:\/\/api.w.org\/{rel}","templated":true}]}}