{"id":9987,"date":"2019-04-05T15:21:00","date_gmt":"2019-04-05T13:21:00","guid":{"rendered":"https:\/\/staging.tsp.at\/2019\/04\/05\/maurizio-bettini-wandel-europas-unvermeidlich\/"},"modified":"2025-10-21T14:57:31","modified_gmt":"2025-10-21T12:57:31","slug":"maurizio-bettini-wandel-europas-unvermeidlich","status":"publish","type":"post","link":"https:\/\/www.tsp.at\/en\/2019\/04\/05\/maurizio-bettini-wandel-europas-unvermeidlich\/","title":{"rendered":"Maurizio Bettini: Wandel Europas unvermeidlich"},"content":{"rendered":"<article class=\"item\">\n<h2><strong>Nationalismus keine Antwort &#8211; Migration nicht einziges Problem<\/strong><\/h2>\n<p>05.04.2019<\/p>\n<\/p>\n<\/p>\n<\/p>\n<\/p>\n<\/p>\n<p>Siena\/Wien \u2013 Europas V\u00f6lker m\u00fcssen Ver\u00e4nderung als nat\u00fcrlichen Prozess verstehen und d\u00fcrfen sich nicht aus Angst davor in Nationalismus und Isolation fl\u00fcchten. Der Wandel ist unvermeidlich und Migration nur eine von vielen offenen Fragen, sagt Maurizio Bettini, Professor f\u00fcr klassische Philologie an der Universit\u00e4t Siena <a href=\"http:\/\/bit.ly\/2YITMbv\" rel=\"nofollow\" target=\"_blank\">http:\/\/bit.ly\/2YITMbv<\/a>, im Gespr\u00e4ch mit pressetext.\n<\/p>\n<p>&#8220;Das Europa, das ich mir w\u00fcnsche, ist ein Europa mit B\u00fcrgerinnen und B\u00fcrgern, die sich ihres kulturellen Erbes bewusst sind. Dazu geh\u00f6ren die gro\u00dfen Errungenschaften bei B\u00fcrger- und Menschenrechten ebenso wie die tragischen Vers\u00e4umnisse und Greueltaten, die im Namen von nationalistischen, religi\u00f6sen und politischen Ideologien in der Vergangenheit verbrochen wurden&#8221;, sagt Bettini.\n<\/p>\n<p><strong>Keine Stabilit\u00e4t ohne Ver\u00e4nderung<\/strong> <\/p>\n<p>Laut Bettini besteht Geschichte aus dem permanenten Wechselspiel zwischen Stabilit\u00e4t und Ver\u00e4nderung. Derzeit erleben wir eine Phase gravierender Umw\u00e4lzungen, dabei sei Migration nur ein Aspekt der europ\u00e4ischen Metamorphose. Ver\u00e4nderungen in der Demografie, in der Arbeitswelt, in der Produktion und in der sozialen Struktur haben Bettini zufolge deutlich mehr Einfluss auf die Gesellschaft als etwa Migration. Doch das Narrativ vieler Medien und Politiker konzentriert sich laut dem geb\u00fcrtigen Brixener (S\u00fcdtirol) vor allem auf diesen Aspekt.\n<\/p>\n<p>Dabei ist Migration durchaus ein wichtiges Thema. In Gro\u00dfst\u00e4dten wie Mailand oder Rom stolpert man quasi \u00fcber die Pr\u00e4senz illegaler Zuwanderer, die oft auf den Stra\u00dfen lungern, betteln oder in der N\u00e4he der Bahnh\u00f6fe schlafen. In anderen, l\u00e4ndlicheren Regionen dagegen sei die Pr\u00e4senz der Migranten kaum bemerkbar. &#8220;Trotzdem erwecken die Medien, angeheizt durch die Propaganda der Lega, den Eindruck, dass die Pr\u00e4senz illegaler Einwanderer ein immer gr\u00f6\u00dferes Problem wird. Das ist aber einfach nicht wahr&#8221;, kritisiert Bettini.\n<\/p>\n<p><strong>Rechte tr\u00e4umen von &#8220;Reinheit&#8221;<\/strong> <\/p>\n<p>Im Gespr\u00e4ch mit pressetext zeigt sich der Sozialwissenschafter tief besorgt \u00fcber den wachsenden Nationalismus, Regionalismus und Isolationismus und deren negativen Auswirkungen, die sich mit gegens\u00e4tzlichen Tendenzen wie Globalisierung, B\u00fcrgerbewegungen und den Austausch auf allen Ebenen matchen. Rechtsgerichtete Gruppierungen wollten eine &#8220;fantasierte Reinheit&#8221; sch\u00fctzen. Der Begriff der Patria, des Vaterlandes, werde von diesen Gruppen oft bem\u00fcht, obwohl er im Faschismus unvermeidlich mit dem Schrecken des Krieges endet.\n<\/p>\n<p><strong>Bessere Bildung als gr\u00f6\u00dfte Hoffnung<\/strong> <\/p>\n<p>Der Mehrheit der Italiener hingegen scheinen diese Entwicklungen gleichg\u00fcltig zu sein. Deswegen liege die gr\u00f6\u00dfte Hoffnung f\u00fcr Europa in der Bildung, erkl\u00e4rt Bettini. &#8220;Unser Kampf f\u00fcr ein besseres Europa wird in den Schulen ausgefochten&#8221;, zeigt sich der Altphilologe \u00fcberzeugt. &#8220;Besonders in den Schulen, in die wir, die Intellektuellen und Kultivierten, normalerweise nicht gehen, und die in den \u00e4rmsten Teilen unserer L\u00e4nder stehen.&#8221;\n<\/p>\n<p>Maurizio Bettini wird am 6. Juni 2019 den Er\u00f6ffnungsvortrag bei den Europ\u00e4ischen Toleranzgespr\u00e4chen im K\u00e4rntner Bergdorf <span class=\"hl\">Fresach<\/span> <a href=\"http:\/\/fresach.org\" rel=\"nofollow\" target=\"_blank\">http:\/\/<span class=\"hl\">fresach<\/span>.org<\/a> zum Thema &#8220;Heimat Fremde Erde: Auf der Suche nach der Identit\u00e4t Europas&#8221; halten. Sein j\u00fcngstes Buch &#8220;Wurzeln: Die tr\u00fcgerischen Mythen der Identit\u00e4t&#8221; erregte im deutschsprachigen Feuilleton viel Aufmerksamkeit.<\/p>\n<\/article>\n","protected":false},"excerpt":{"rendered":"<p>Nationalismus keine Antwort &#8211; Migration nicht einziges Problem 05.04.2019 Siena\/Wien \u2013 Europas V\u00f6lker m\u00fcssen Ver\u00e4nderung als nat\u00fcrlichen Prozess verstehen und d\u00fcrfen sich nicht aus Angst davor in Nationalismus und Isolation fl\u00fcchten. Der Wandel ist unvermeidlich und Migration nur eine von vielen offenen Fragen, sagt Maurizio Bettini, Professor f\u00fcr klassische Philologie an der Universit\u00e4t Siena http:\/\/bit.ly\/2YITMbv,&hellip;<\/p>\n","protected":false},"author":2,"featured_media":9986,"comment_status":"closed","ping_status":"closed","sticky":false,"template":"","format":"standard","meta":{"footnotes":""},"categories":[3],"tags":[],"class_list":["post-9987","post","type-post","status-publish","format-standard","has-post-thumbnail","hentry","category-news","category-3","description-off"],"yoast_head":"<!-- This site is optimized with the Yoast SEO plugin v26.3 - https:\/\/yoast.com\/wordpress\/plugins\/seo\/ -->\n<title>Maurizio Bettini: Wandel Europas unvermeidlich - Temmel | Seywald - Corporate Communications<\/title>\n<meta name=\"robots\" content=\"index, follow, max-snippet:-1, max-image-preview:large, max-video-preview:-1\" \/>\n<link rel=\"canonical\" href=\"https:\/\/www.tsp.at\/en\/2019\/04\/05\/maurizio-bettini-wandel-europas-unvermeidlich\/\" \/>\n<meta property=\"og:locale\" content=\"en_US\" \/>\n<meta property=\"og:type\" content=\"article\" \/>\n<meta property=\"og:title\" content=\"Maurizio Bettini: Wandel Europas unvermeidlich - Temmel | Seywald - Corporate Communications\" \/>\n<meta property=\"og:description\" content=\"Nationalismus keine Antwort &#8211; Migration nicht einziges Problem 05.04.2019 Siena\/Wien \u2013 Europas V\u00f6lker m\u00fcssen Ver\u00e4nderung als nat\u00fcrlichen Prozess verstehen und d\u00fcrfen sich nicht aus Angst davor in Nationalismus und Isolation fl\u00fcchten. Der Wandel ist unvermeidlich und Migration nur eine von vielen offenen Fragen, sagt Maurizio Bettini, Professor f\u00fcr klassische Philologie an der Universit\u00e4t Siena http:\/\/bit.ly\/2YITMbv,&hellip;\" \/>\n<meta property=\"og:url\" content=\"https:\/\/www.tsp.at\/en\/2019\/04\/05\/maurizio-bettini-wandel-europas-unvermeidlich\/\" \/>\n<meta property=\"og:site_name\" content=\"Temmel | Seywald - Corporate Communications\" \/>\n<meta property=\"article:publisher\" content=\"https:\/\/www.facebook.com\/TemmelSeywald\" \/>\n<meta property=\"article:published_time\" content=\"2019-04-05T13:21:00+00:00\" \/>\n<meta property=\"article:modified_time\" content=\"2025-10-21T12:57:31+00:00\" \/>\n<meta property=\"og:image\" content=\"https:\/\/www.tsp.at\/wp-content\/uploads\/2025\/10\/Bettini-scaled.jpg\" \/>\n\t<meta property=\"og:image:width\" content=\"2560\" \/>\n\t<meta property=\"og:image:height\" content=\"1894\" \/>\n\t<meta property=\"og:image:type\" content=\"image\/jpeg\" \/>\n<meta name=\"author\" content=\"TSP Redaktion\" \/>\n<meta name=\"twitter:card\" content=\"summary_large_image\" \/>\n<meta name=\"twitter:label1\" content=\"Written by\" \/>\n\t<meta name=\"twitter:data1\" content=\"TSP Redaktion\" \/>\n\t<meta name=\"twitter:label2\" content=\"Est. reading time\" \/>\n\t<meta name=\"twitter:data2\" content=\"3 minutes\" \/>\n<script type=\"application\/ld+json\" class=\"yoast-schema-graph\">{\"@context\":\"https:\/\/schema.org\",\"@graph\":[{\"@type\":\"Article\",\"@id\":\"https:\/\/www.tsp.at\/en\/2019\/04\/05\/maurizio-bettini-wandel-europas-unvermeidlich\/#article\",\"isPartOf\":{\"@id\":\"https:\/\/www.tsp.at\/en\/2019\/04\/05\/maurizio-bettini-wandel-europas-unvermeidlich\/\"},\"author\":{\"name\":\"TSP Redaktion\",\"@id\":\"https:\/\/www.tsp.at\/en\/#\/schema\/person\/1ba5600c29da17b902b0925cea567f8a\"},\"headline\":\"Maurizio Bettini: Wandel Europas unvermeidlich\",\"datePublished\":\"2019-04-05T13:21:00+00:00\",\"dateModified\":\"2025-10-21T12:57:31+00:00\",\"mainEntityOfPage\":{\"@id\":\"https:\/\/www.tsp.at\/en\/2019\/04\/05\/maurizio-bettini-wandel-europas-unvermeidlich\/\"},\"wordCount\":513,\"publisher\":{\"@id\":\"https:\/\/www.tsp.at\/en\/#organization\"},\"image\":{\"@id\":\"https:\/\/www.tsp.at\/en\/2019\/04\/05\/maurizio-bettini-wandel-europas-unvermeidlich\/#primaryimage\"},\"thumbnailUrl\":\"https:\/\/www.tsp.at\/wp-content\/uploads\/2025\/10\/Bettini-scaled.jpg\",\"articleSection\":[\"News\"],\"inLanguage\":\"en-US\"},{\"@type\":\"WebPage\",\"@id\":\"https:\/\/www.tsp.at\/en\/2019\/04\/05\/maurizio-bettini-wandel-europas-unvermeidlich\/\",\"url\":\"https:\/\/www.tsp.at\/en\/2019\/04\/05\/maurizio-bettini-wandel-europas-unvermeidlich\/\",\"name\":\"Maurizio Bettini: Wandel Europas unvermeidlich - Temmel | Seywald - Corporate Communications\",\"isPartOf\":{\"@id\":\"https:\/\/www.tsp.at\/en\/#website\"},\"primaryImageOfPage\":{\"@id\":\"https:\/\/www.tsp.at\/en\/2019\/04\/05\/maurizio-bettini-wandel-europas-unvermeidlich\/#primaryimage\"},\"image\":{\"@id\":\"https:\/\/www.tsp.at\/en\/2019\/04\/05\/maurizio-bettini-wandel-europas-unvermeidlich\/#primaryimage\"},\"thumbnailUrl\":\"https:\/\/www.tsp.at\/wp-content\/uploads\/2025\/10\/Bettini-scaled.jpg\",\"datePublished\":\"2019-04-05T13:21:00+00:00\",\"dateModified\":\"2025-10-21T12:57:31+00:00\",\"breadcrumb\":{\"@id\":\"https:\/\/www.tsp.at\/en\/2019\/04\/05\/maurizio-bettini-wandel-europas-unvermeidlich\/#breadcrumb\"},\"inLanguage\":\"en-US\",\"potentialAction\":[{\"@type\":\"ReadAction\",\"target\":[\"https:\/\/www.tsp.at\/en\/2019\/04\/05\/maurizio-bettini-wandel-europas-unvermeidlich\/\"]}]},{\"@type\":\"ImageObject\",\"inLanguage\":\"en-US\",\"@id\":\"https:\/\/www.tsp.at\/en\/2019\/04\/05\/maurizio-bettini-wandel-europas-unvermeidlich\/#primaryimage\",\"url\":\"https:\/\/www.tsp.at\/wp-content\/uploads\/2025\/10\/Bettini-scaled.jpg\",\"contentUrl\":\"https:\/\/www.tsp.at\/wp-content\/uploads\/2025\/10\/Bettini-scaled.jpg\",\"width\":2560,\"height\":1894},{\"@type\":\"BreadcrumbList\",\"@id\":\"https:\/\/www.tsp.at\/en\/2019\/04\/05\/maurizio-bettini-wandel-europas-unvermeidlich\/#breadcrumb\",\"itemListElement\":[{\"@type\":\"ListItem\",\"position\":1,\"name\":\"Startseite\",\"item\":\"https:\/\/www.tsp.at\/en\/\"},{\"@type\":\"ListItem\",\"position\":2,\"name\":\"Maurizio Bettini: Wandel Europas unvermeidlich\"}]},{\"@type\":\"WebSite\",\"@id\":\"https:\/\/www.tsp.at\/en\/#website\",\"url\":\"https:\/\/www.tsp.at\/en\/\",\"name\":\"Temmel | Seywald - Corporate Communications\",\"description\":\"Kommunikation ist Beziehungsarbeit\",\"publisher\":{\"@id\":\"https:\/\/www.tsp.at\/en\/#organization\"},\"potentialAction\":[{\"@type\":\"SearchAction\",\"target\":{\"@type\":\"EntryPoint\",\"urlTemplate\":\"https:\/\/www.tsp.at\/en\/?s={search_term_string}\"},\"query-input\":{\"@type\":\"PropertyValueSpecification\",\"valueRequired\":true,\"valueName\":\"search_term_string\"}}],\"inLanguage\":\"en-US\"},{\"@type\":\"Organization\",\"@id\":\"https:\/\/www.tsp.at\/en\/#organization\",\"name\":\"Temmel, Seywald & Partner Communications GesmbH\",\"alternateName\":\"TSP\",\"url\":\"https:\/\/www.tsp.at\/en\/\",\"logo\":{\"@type\":\"ImageObject\",\"inLanguage\":\"en-US\",\"@id\":\"https:\/\/www.tsp.at\/en\/#\/schema\/logo\/image\/\",\"url\":\"https:\/\/www.tsp.at\/wp-content\/uploads\/2025\/10\/favicontsp.png\",\"contentUrl\":\"https:\/\/www.tsp.at\/wp-content\/uploads\/2025\/10\/favicontsp.png\",\"width\":125,\"height\":125,\"caption\":\"Temmel, Seywald & Partner Communications GesmbH\"},\"image\":{\"@id\":\"https:\/\/www.tsp.at\/en\/#\/schema\/logo\/image\/\"},\"sameAs\":[\"https:\/\/www.facebook.com\/TemmelSeywald\"]},{\"@type\":\"Person\",\"@id\":\"https:\/\/www.tsp.at\/en\/#\/schema\/person\/1ba5600c29da17b902b0925cea567f8a\",\"name\":\"TSP Redaktion\"}]}<\/script>\n<!-- \/ Yoast SEO plugin. -->","yoast_head_json":{"title":"Maurizio Bettini: Wandel Europas unvermeidlich - Temmel | Seywald - Corporate Communications","robots":{"index":"index","follow":"follow","max-snippet":"max-snippet:-1","max-image-preview":"max-image-preview:large","max-video-preview":"max-video-preview:-1"},"canonical":"https:\/\/www.tsp.at\/en\/2019\/04\/05\/maurizio-bettini-wandel-europas-unvermeidlich\/","og_locale":"en_US","og_type":"article","og_title":"Maurizio Bettini: Wandel Europas unvermeidlich - Temmel | Seywald - Corporate Communications","og_description":"Nationalismus keine Antwort &#8211; Migration nicht einziges Problem 05.04.2019 Siena\/Wien \u2013 Europas V\u00f6lker m\u00fcssen Ver\u00e4nderung als nat\u00fcrlichen Prozess verstehen und d\u00fcrfen sich nicht aus Angst davor in Nationalismus und Isolation fl\u00fcchten. Der Wandel ist unvermeidlich und Migration nur eine von vielen offenen Fragen, sagt Maurizio Bettini, Professor f\u00fcr klassische Philologie an der Universit\u00e4t Siena http:\/\/bit.ly\/2YITMbv,&hellip;","og_url":"https:\/\/www.tsp.at\/en\/2019\/04\/05\/maurizio-bettini-wandel-europas-unvermeidlich\/","og_site_name":"Temmel | Seywald - Corporate Communications","article_publisher":"https:\/\/www.facebook.com\/TemmelSeywald","article_published_time":"2019-04-05T13:21:00+00:00","article_modified_time":"2025-10-21T12:57:31+00:00","og_image":[{"width":2560,"height":1894,"url":"https:\/\/www.tsp.at\/wp-content\/uploads\/2025\/10\/Bettini-scaled.jpg","type":"image\/jpeg"}],"author":"TSP Redaktion","twitter_card":"summary_large_image","twitter_misc":{"Written by":"TSP Redaktion","Est. reading time":"3 minutes"},"schema":{"@context":"https:\/\/schema.org","@graph":[{"@type":"Article","@id":"https:\/\/www.tsp.at\/en\/2019\/04\/05\/maurizio-bettini-wandel-europas-unvermeidlich\/#article","isPartOf":{"@id":"https:\/\/www.tsp.at\/en\/2019\/04\/05\/maurizio-bettini-wandel-europas-unvermeidlich\/"},"author":{"name":"TSP Redaktion","@id":"https:\/\/www.tsp.at\/en\/#\/schema\/person\/1ba5600c29da17b902b0925cea567f8a"},"headline":"Maurizio Bettini: Wandel Europas unvermeidlich","datePublished":"2019-04-05T13:21:00+00:00","dateModified":"2025-10-21T12:57:31+00:00","mainEntityOfPage":{"@id":"https:\/\/www.tsp.at\/en\/2019\/04\/05\/maurizio-bettini-wandel-europas-unvermeidlich\/"},"wordCount":513,"publisher":{"@id":"https:\/\/www.tsp.at\/en\/#organization"},"image":{"@id":"https:\/\/www.tsp.at\/en\/2019\/04\/05\/maurizio-bettini-wandel-europas-unvermeidlich\/#primaryimage"},"thumbnailUrl":"https:\/\/www.tsp.at\/wp-content\/uploads\/2025\/10\/Bettini-scaled.jpg","articleSection":["News"],"inLanguage":"en-US"},{"@type":"WebPage","@id":"https:\/\/www.tsp.at\/en\/2019\/04\/05\/maurizio-bettini-wandel-europas-unvermeidlich\/","url":"https:\/\/www.tsp.at\/en\/2019\/04\/05\/maurizio-bettini-wandel-europas-unvermeidlich\/","name":"Maurizio Bettini: Wandel Europas unvermeidlich - Temmel | Seywald - Corporate Communications","isPartOf":{"@id":"https:\/\/www.tsp.at\/en\/#website"},"primaryImageOfPage":{"@id":"https:\/\/www.tsp.at\/en\/2019\/04\/05\/maurizio-bettini-wandel-europas-unvermeidlich\/#primaryimage"},"image":{"@id":"https:\/\/www.tsp.at\/en\/2019\/04\/05\/maurizio-bettini-wandel-europas-unvermeidlich\/#primaryimage"},"thumbnailUrl":"https:\/\/www.tsp.at\/wp-content\/uploads\/2025\/10\/Bettini-scaled.jpg","datePublished":"2019-04-05T13:21:00+00:00","dateModified":"2025-10-21T12:57:31+00:00","breadcrumb":{"@id":"https:\/\/www.tsp.at\/en\/2019\/04\/05\/maurizio-bettini-wandel-europas-unvermeidlich\/#breadcrumb"},"inLanguage":"en-US","potentialAction":[{"@type":"ReadAction","target":["https:\/\/www.tsp.at\/en\/2019\/04\/05\/maurizio-bettini-wandel-europas-unvermeidlich\/"]}]},{"@type":"ImageObject","inLanguage":"en-US","@id":"https:\/\/www.tsp.at\/en\/2019\/04\/05\/maurizio-bettini-wandel-europas-unvermeidlich\/#primaryimage","url":"https:\/\/www.tsp.at\/wp-content\/uploads\/2025\/10\/Bettini-scaled.jpg","contentUrl":"https:\/\/www.tsp.at\/wp-content\/uploads\/2025\/10\/Bettini-scaled.jpg","width":2560,"height":1894},{"@type":"BreadcrumbList","@id":"https:\/\/www.tsp.at\/en\/2019\/04\/05\/maurizio-bettini-wandel-europas-unvermeidlich\/#breadcrumb","itemListElement":[{"@type":"ListItem","position":1,"name":"Startseite","item":"https:\/\/www.tsp.at\/en\/"},{"@type":"ListItem","position":2,"name":"Maurizio Bettini: Wandel Europas unvermeidlich"}]},{"@type":"WebSite","@id":"https:\/\/www.tsp.at\/en\/#website","url":"https:\/\/www.tsp.at\/en\/","name":"Temmel | Seywald - Corporate Communications","description":"Kommunikation ist Beziehungsarbeit","publisher":{"@id":"https:\/\/www.tsp.at\/en\/#organization"},"potentialAction":[{"@type":"SearchAction","target":{"@type":"EntryPoint","urlTemplate":"https:\/\/www.tsp.at\/en\/?s={search_term_string}"},"query-input":{"@type":"PropertyValueSpecification","valueRequired":true,"valueName":"search_term_string"}}],"inLanguage":"en-US"},{"@type":"Organization","@id":"https:\/\/www.tsp.at\/en\/#organization","name":"Temmel, Seywald & Partner Communications GesmbH","alternateName":"TSP","url":"https:\/\/www.tsp.at\/en\/","logo":{"@type":"ImageObject","inLanguage":"en-US","@id":"https:\/\/www.tsp.at\/en\/#\/schema\/logo\/image\/","url":"https:\/\/www.tsp.at\/wp-content\/uploads\/2025\/10\/favicontsp.png","contentUrl":"https:\/\/www.tsp.at\/wp-content\/uploads\/2025\/10\/favicontsp.png","width":125,"height":125,"caption":"Temmel, Seywald & Partner Communications GesmbH"},"image":{"@id":"https:\/\/www.tsp.at\/en\/#\/schema\/logo\/image\/"},"sameAs":["https:\/\/www.facebook.com\/TemmelSeywald"]},{"@type":"Person","@id":"https:\/\/www.tsp.at\/en\/#\/schema\/person\/1ba5600c29da17b902b0925cea567f8a","name":"TSP Redaktion"}]}},"_links":{"self":[{"href":"https:\/\/www.tsp.at\/en\/wp-json\/wp\/v2\/posts\/9987","targetHints":{"allow":["GET"]}}],"collection":[{"href":"https:\/\/www.tsp.at\/en\/wp-json\/wp\/v2\/posts"}],"about":[{"href":"https:\/\/www.tsp.at\/en\/wp-json\/wp\/v2\/types\/post"}],"author":[{"embeddable":true,"href":"https:\/\/www.tsp.at\/en\/wp-json\/wp\/v2\/users\/2"}],"replies":[{"embeddable":true,"href":"https:\/\/www.tsp.at\/en\/wp-json\/wp\/v2\/comments?post=9987"}],"version-history":[{"count":1,"href":"https:\/\/www.tsp.at\/en\/wp-json\/wp\/v2\/posts\/9987\/revisions"}],"predecessor-version":[{"id":11403,"href":"https:\/\/www.tsp.at\/en\/wp-json\/wp\/v2\/posts\/9987\/revisions\/11403"}],"wp:featuredmedia":[{"embeddable":true,"href":"https:\/\/www.tsp.at\/en\/wp-json\/wp\/v2\/media\/9986"}],"wp:attachment":[{"href":"https:\/\/www.tsp.at\/en\/wp-json\/wp\/v2\/media?parent=9987"}],"wp:term":[{"taxonomy":"category","embeddable":true,"href":"https:\/\/www.tsp.at\/en\/wp-json\/wp\/v2\/categories?post=9987"},{"taxonomy":"post_tag","embeddable":true,"href":"https:\/\/www.tsp.at\/en\/wp-json\/wp\/v2\/tags?post=9987"}],"curies":[{"name":"wp","href":"https:\/\/api.w.org\/{rel}","templated":true}]}}