{"id":9993,"date":"2019-02-27T18:57:00","date_gmt":"2019-02-27T17:57:00","guid":{"rendered":"https:\/\/staging.tsp.at\/2019\/02\/27\/emakina-baut-cee-management-um\/"},"modified":"2025-10-21T14:57:31","modified_gmt":"2025-10-21T12:57:31","slug":"emakina-baut-cee-management-um","status":"publish","type":"post","link":"https:\/\/www.tsp.at\/en\/2019\/02\/27\/emakina-baut-cee-management-um\/","title":{"rendered":"Emakina baut CEE-Management um"},"content":{"rendered":"<article class=\"item\">\n<h2><strong>Europaweit t\u00e4tige Digitalagenturgruppe will regional weiter wachsen<\/strong><\/h2>\n<p>27.02.2019<\/p>\n<\/p>\n<\/p>\n<\/p>\n<\/p>\n<\/p>\n<p>Br\u00fcssel\/Wien \u2013 <strong>Die b\u00f6rsennotierte, europaweit t\u00e4tige Agenturengruppe <span class=\"hl\">Emakina<\/span> (Alternext Br\u00fcssel: ALEMK) hat die langj\u00e4hrigen Mitarbeiter und Digitalprofis Rainer Friedl (45) und Mark Kaslatter (43) in die Gesch\u00e4ftsf\u00fchrung ihres Wiener B\u00fcros geholt. Der bisherige Gesch\u00e4ftsf\u00fchrer Gerhard Handler (48) soll nun das CEE-Gesch\u00e4ft vorantreiben, w\u00e4hrend sich Nathalie Kohn (46) auf die Personalverantwortung der <span class=\"hl\">Emakina<\/span> Group konzentrieren wird. <\/strong> <a href=\"http:\/\/www.emakina.at\" rel=\"nofollow\" target=\"_blank\">http:\/\/www.<span class=\"hl\">emakina<\/span>.at<\/a> <\/p>\n<p><span class=\"hl\">Emakina<\/span> unterst\u00fctzt seine Kunden bei der effizienten Digitalisierung und webbasierten Transformation ihrer Gesch\u00e4ftsprozesse. Das Digitalagentur-Netzwerk besch\u00e4ftigt allein in der CEE-Region 120 Mitarbeiter\/innen, europaweit sind es \u00fcber 950 Digital-Experten mit Fokus auf integrierte Web-, Applikations-, E-Commerce- und CRM-Services.\n<\/p>\n<p>Die Unternehmensgruppe konnte zuletzt in Zentral- und Osteuropa ein deutliches Wachstum verzeichnen. Um diese positive Entwicklung voranzutreiben, will die Full-Service-Digitalagentur weiter expandieren. Gerhard Handler, Gr\u00fcnder der diamond:dogs und seit 2015 Chef von <span class=\"hl\">Emakina<\/span> in \u00d6sterreich, wird sich &#8211; als Pr\u00e4sident des Verwaltungsrates und Vorsitzender des CEE-Vorstands &#8211; vor allem auf das Gesch\u00e4ftswachstum in Kroatien und Polen konzentrieren. Nathalie Kohn, Mitgr\u00fcnderin und Co-Gesch\u00e4ftsf\u00fchrerin von diamond: dogs, wird das internationale HR-Management der Gruppe weiter entwickeln.\n<\/p>\n<p>Rainer Friedl und Mark Kaslatter, zwei erfahrene F\u00fchrungskr\u00e4fte des Wiener Unternehmens, \u00fcbernehmen das Management von <span class=\"hl\">Emakina<\/span>.AT als Co-Gesch\u00e4ftsf\u00fchrer. Sie werden die integrierten Digitalservices der Agentur und die soliden Partnerschaften mit erstklassigen Plattformen wie Salesforce, Microsoft und Kentico forcieren. Das Managementteam der Agentur besteht au\u00dferdem aus dem Finanzchef Christian Handler und Interim-COO Chris Budgen.\n<\/p>\n<p>Rainer Friedl (45) besch\u00e4ftigt sich seit 1994 mit digitalen Technologie. Er trat 2000 als Entwickler in das Unternehmen ein und stieg zum CTO auf. Er spielte insbesondere beim Wachstum der marktf\u00fchrenden Partnerschaft von <span class=\"hl\">Emakina<\/span> mit Kentico eine wichtige Rolle und hat auch die Einf\u00fchrung anderer Technologien beschleunigt. Friedl wird vor allem aufgrund seines breiten Markt- und Technologiewissens, seines Teamgeistes und Kundenorientierung sehr gesch\u00e4tzt.\n<\/p>\n<p>DI Mark Kaslatter MBA (43) ist Experte f\u00fcr Customer Relationship Management und hat in der DACH-Region einen exzellenten Ruf. Als zertifizierter Partner von Siebel\/Oracle, Microsoft Dynamics und Salesforce bietet er seit 2004 spezialisierte Beratung, Implementierung und Support. Sein Team k.section wurde von Microsoft und Salesforce als &#8220;Partner of the Year&#8221; ausgezeichnet und unter die Top 20 der f\u00fchrenden Spezialanbieter in \u00d6sterreich gelistet. Sein Unternehmen ist seit 2016 Teil der <span class=\"hl\">Emakina<\/span> Gruppe.\n<\/p>\n<p><strong> \u00dcber <span class=\"hl\">Emakina<\/span> \u00d6sterreich<\/strong> <br \/> <span class=\"hl\">Emakina<\/span> \u00d6sterreich unterst\u00fctzt seine Kunden bei der Digitalisierung von gesch\u00e4ftskritischen Prozessen, insbesondere durch die Entwicklung und Gestaltung von Full Service Websites, Unified Commerce Anwendungen, CRM und Automatisierungsl\u00f6sungen f\u00fcr digitales Marketing. Zu den Kunden z\u00e4hlen Austrian Standards, Chamberlain, Datalop, Gealan, Heineken, Hyundai, Kastner &amp; \u00d6hler, Konica Minolta, Mondi, Preezie, REWE (BILLA, Merkur, \u00d6CARD, ITS) und der Tourismusverband Wien. Die Agentur ist Teil der Br\u00fcsseler <span class=\"hl\">Emakina<\/span> Group mit rund 950 Besch\u00e4ftigten in 12 europ\u00e4ischen L\u00e4ndern. <a href=\"http:\/\/www.emakina.com\" rel=\"nofollow\" target=\"_blank\">http:\/\/www.<span class=\"hl\">emakina<\/span>.com<\/a><\/p>\n<\/article>\n","protected":false},"excerpt":{"rendered":"<p>Europaweit t\u00e4tige Digitalagenturgruppe will regional weiter wachsen 27.02.2019 Br\u00fcssel\/Wien \u2013 Die b\u00f6rsennotierte, europaweit t\u00e4tige Agenturengruppe Emakina (Alternext Br\u00fcssel: ALEMK) hat die langj\u00e4hrigen Mitarbeiter und Digitalprofis Rainer Friedl (45) und Mark Kaslatter (43) in die Gesch\u00e4ftsf\u00fchrung ihres Wiener B\u00fcros geholt. Der bisherige Gesch\u00e4ftsf\u00fchrer Gerhard Handler (48) soll nun das CEE-Gesch\u00e4ft vorantreiben, w\u00e4hrend sich Nathalie Kohn (46)&hellip;<\/p>\n","protected":false},"author":2,"featured_media":9992,"comment_status":"closed","ping_status":"closed","sticky":false,"template":"","format":"standard","meta":{"footnotes":""},"categories":[3],"tags":[],"class_list":["post-9993","post","type-post","status-publish","format-standard","has-post-thumbnail","hentry","category-news","category-3","description-off"],"yoast_head":"<!-- This site is optimized with the Yoast SEO plugin v26.3 - https:\/\/yoast.com\/wordpress\/plugins\/seo\/ -->\n<title>Emakina baut CEE-Management um - Temmel | Seywald - Corporate Communications<\/title>\n<meta name=\"robots\" content=\"index, follow, max-snippet:-1, max-image-preview:large, max-video-preview:-1\" \/>\n<link rel=\"canonical\" href=\"https:\/\/www.tsp.at\/en\/2019\/02\/27\/emakina-baut-cee-management-um\/\" \/>\n<meta property=\"og:locale\" content=\"en_US\" \/>\n<meta property=\"og:type\" content=\"article\" \/>\n<meta property=\"og:title\" content=\"Emakina baut CEE-Management um - Temmel | Seywald - Corporate Communications\" \/>\n<meta property=\"og:description\" content=\"Europaweit t\u00e4tige Digitalagenturgruppe will regional weiter wachsen 27.02.2019 Br\u00fcssel\/Wien \u2013 Die b\u00f6rsennotierte, europaweit t\u00e4tige Agenturengruppe Emakina (Alternext Br\u00fcssel: ALEMK) hat die langj\u00e4hrigen Mitarbeiter und Digitalprofis Rainer Friedl (45) und Mark Kaslatter (43) in die Gesch\u00e4ftsf\u00fchrung ihres Wiener B\u00fcros geholt. Der bisherige Gesch\u00e4ftsf\u00fchrer Gerhard Handler (48) soll nun das CEE-Gesch\u00e4ft vorantreiben, w\u00e4hrend sich Nathalie Kohn (46)&hellip;\" \/>\n<meta property=\"og:url\" content=\"https:\/\/www.tsp.at\/en\/2019\/02\/27\/emakina-baut-cee-management-um\/\" \/>\n<meta property=\"og:site_name\" content=\"Temmel | Seywald - Corporate Communications\" \/>\n<meta property=\"article:publisher\" content=\"https:\/\/www.facebook.com\/TemmelSeywald\" \/>\n<meta property=\"article:published_time\" content=\"2019-02-27T17:57:00+00:00\" \/>\n<meta property=\"article:modified_time\" content=\"2025-10-21T12:57:31+00:00\" \/>\n<meta property=\"og:image\" content=\"https:\/\/www.tsp.at\/wp-content\/uploads\/2025\/10\/Emakina.AT_Mark_Kaslatter_-__Rainer_Friedl.jpeg\" \/>\n\t<meta property=\"og:image:width\" content=\"2126\" \/>\n\t<meta property=\"og:image:height\" content=\"1535\" \/>\n\t<meta property=\"og:image:type\" content=\"image\/jpeg\" \/>\n<meta name=\"author\" content=\"TSP Redaktion\" \/>\n<meta name=\"twitter:card\" content=\"summary_large_image\" \/>\n<meta name=\"twitter:label1\" content=\"Written by\" \/>\n\t<meta name=\"twitter:data1\" content=\"TSP Redaktion\" \/>\n\t<meta name=\"twitter:label2\" content=\"Est. reading time\" \/>\n\t<meta name=\"twitter:data2\" content=\"3 minutes\" \/>\n<script type=\"application\/ld+json\" class=\"yoast-schema-graph\">{\"@context\":\"https:\/\/schema.org\",\"@graph\":[{\"@type\":\"Article\",\"@id\":\"https:\/\/www.tsp.at\/en\/2019\/02\/27\/emakina-baut-cee-management-um\/#article\",\"isPartOf\":{\"@id\":\"https:\/\/www.tsp.at\/en\/2019\/02\/27\/emakina-baut-cee-management-um\/\"},\"author\":{\"name\":\"TSP Redaktion\",\"@id\":\"https:\/\/www.tsp.at\/en\/#\/schema\/person\/1ba5600c29da17b902b0925cea567f8a\"},\"headline\":\"Emakina baut CEE-Management um\",\"datePublished\":\"2019-02-27T17:57:00+00:00\",\"dateModified\":\"2025-10-21T12:57:31+00:00\",\"mainEntityOfPage\":{\"@id\":\"https:\/\/www.tsp.at\/en\/2019\/02\/27\/emakina-baut-cee-management-um\/\"},\"wordCount\":478,\"publisher\":{\"@id\":\"https:\/\/www.tsp.at\/en\/#organization\"},\"image\":{\"@id\":\"https:\/\/www.tsp.at\/en\/2019\/02\/27\/emakina-baut-cee-management-um\/#primaryimage\"},\"thumbnailUrl\":\"https:\/\/www.tsp.at\/wp-content\/uploads\/2025\/10\/Emakina.AT_Mark_Kaslatter_-__Rainer_Friedl.jpeg\",\"articleSection\":[\"News\"],\"inLanguage\":\"en-US\"},{\"@type\":\"WebPage\",\"@id\":\"https:\/\/www.tsp.at\/en\/2019\/02\/27\/emakina-baut-cee-management-um\/\",\"url\":\"https:\/\/www.tsp.at\/en\/2019\/02\/27\/emakina-baut-cee-management-um\/\",\"name\":\"Emakina baut CEE-Management um - Temmel | Seywald - Corporate Communications\",\"isPartOf\":{\"@id\":\"https:\/\/www.tsp.at\/en\/#website\"},\"primaryImageOfPage\":{\"@id\":\"https:\/\/www.tsp.at\/en\/2019\/02\/27\/emakina-baut-cee-management-um\/#primaryimage\"},\"image\":{\"@id\":\"https:\/\/www.tsp.at\/en\/2019\/02\/27\/emakina-baut-cee-management-um\/#primaryimage\"},\"thumbnailUrl\":\"https:\/\/www.tsp.at\/wp-content\/uploads\/2025\/10\/Emakina.AT_Mark_Kaslatter_-__Rainer_Friedl.jpeg\",\"datePublished\":\"2019-02-27T17:57:00+00:00\",\"dateModified\":\"2025-10-21T12:57:31+00:00\",\"breadcrumb\":{\"@id\":\"https:\/\/www.tsp.at\/en\/2019\/02\/27\/emakina-baut-cee-management-um\/#breadcrumb\"},\"inLanguage\":\"en-US\",\"potentialAction\":[{\"@type\":\"ReadAction\",\"target\":[\"https:\/\/www.tsp.at\/en\/2019\/02\/27\/emakina-baut-cee-management-um\/\"]}]},{\"@type\":\"ImageObject\",\"inLanguage\":\"en-US\",\"@id\":\"https:\/\/www.tsp.at\/en\/2019\/02\/27\/emakina-baut-cee-management-um\/#primaryimage\",\"url\":\"https:\/\/www.tsp.at\/wp-content\/uploads\/2025\/10\/Emakina.AT_Mark_Kaslatter_-__Rainer_Friedl.jpeg\",\"contentUrl\":\"https:\/\/www.tsp.at\/wp-content\/uploads\/2025\/10\/Emakina.AT_Mark_Kaslatter_-__Rainer_Friedl.jpeg\",\"width\":2126,\"height\":1535},{\"@type\":\"BreadcrumbList\",\"@id\":\"https:\/\/www.tsp.at\/en\/2019\/02\/27\/emakina-baut-cee-management-um\/#breadcrumb\",\"itemListElement\":[{\"@type\":\"ListItem\",\"position\":1,\"name\":\"Startseite\",\"item\":\"https:\/\/www.tsp.at\/en\/\"},{\"@type\":\"ListItem\",\"position\":2,\"name\":\"Emakina baut CEE-Management um\"}]},{\"@type\":\"WebSite\",\"@id\":\"https:\/\/www.tsp.at\/en\/#website\",\"url\":\"https:\/\/www.tsp.at\/en\/\",\"name\":\"Temmel | Seywald - Corporate Communications\",\"description\":\"Kommunikation ist Beziehungsarbeit\",\"publisher\":{\"@id\":\"https:\/\/www.tsp.at\/en\/#organization\"},\"potentialAction\":[{\"@type\":\"SearchAction\",\"target\":{\"@type\":\"EntryPoint\",\"urlTemplate\":\"https:\/\/www.tsp.at\/en\/?s={search_term_string}\"},\"query-input\":{\"@type\":\"PropertyValueSpecification\",\"valueRequired\":true,\"valueName\":\"search_term_string\"}}],\"inLanguage\":\"en-US\"},{\"@type\":\"Organization\",\"@id\":\"https:\/\/www.tsp.at\/en\/#organization\",\"name\":\"Temmel, Seywald & Partner Communications GesmbH\",\"alternateName\":\"TSP\",\"url\":\"https:\/\/www.tsp.at\/en\/\",\"logo\":{\"@type\":\"ImageObject\",\"inLanguage\":\"en-US\",\"@id\":\"https:\/\/www.tsp.at\/en\/#\/schema\/logo\/image\/\",\"url\":\"https:\/\/www.tsp.at\/wp-content\/uploads\/2025\/10\/favicontsp.png\",\"contentUrl\":\"https:\/\/www.tsp.at\/wp-content\/uploads\/2025\/10\/favicontsp.png\",\"width\":125,\"height\":125,\"caption\":\"Temmel, Seywald & Partner Communications GesmbH\"},\"image\":{\"@id\":\"https:\/\/www.tsp.at\/en\/#\/schema\/logo\/image\/\"},\"sameAs\":[\"https:\/\/www.facebook.com\/TemmelSeywald\"]},{\"@type\":\"Person\",\"@id\":\"https:\/\/www.tsp.at\/en\/#\/schema\/person\/1ba5600c29da17b902b0925cea567f8a\",\"name\":\"TSP Redaktion\"}]}<\/script>\n<!-- \/ Yoast SEO plugin. -->","yoast_head_json":{"title":"Emakina baut CEE-Management um - Temmel | Seywald - Corporate Communications","robots":{"index":"index","follow":"follow","max-snippet":"max-snippet:-1","max-image-preview":"max-image-preview:large","max-video-preview":"max-video-preview:-1"},"canonical":"https:\/\/www.tsp.at\/en\/2019\/02\/27\/emakina-baut-cee-management-um\/","og_locale":"en_US","og_type":"article","og_title":"Emakina baut CEE-Management um - Temmel | Seywald - Corporate Communications","og_description":"Europaweit t\u00e4tige Digitalagenturgruppe will regional weiter wachsen 27.02.2019 Br\u00fcssel\/Wien \u2013 Die b\u00f6rsennotierte, europaweit t\u00e4tige Agenturengruppe Emakina (Alternext Br\u00fcssel: ALEMK) hat die langj\u00e4hrigen Mitarbeiter und Digitalprofis Rainer Friedl (45) und Mark Kaslatter (43) in die Gesch\u00e4ftsf\u00fchrung ihres Wiener B\u00fcros geholt. Der bisherige Gesch\u00e4ftsf\u00fchrer Gerhard Handler (48) soll nun das CEE-Gesch\u00e4ft vorantreiben, w\u00e4hrend sich Nathalie Kohn (46)&hellip;","og_url":"https:\/\/www.tsp.at\/en\/2019\/02\/27\/emakina-baut-cee-management-um\/","og_site_name":"Temmel | Seywald - Corporate Communications","article_publisher":"https:\/\/www.facebook.com\/TemmelSeywald","article_published_time":"2019-02-27T17:57:00+00:00","article_modified_time":"2025-10-21T12:57:31+00:00","og_image":[{"width":2126,"height":1535,"url":"https:\/\/www.tsp.at\/wp-content\/uploads\/2025\/10\/Emakina.AT_Mark_Kaslatter_-__Rainer_Friedl.jpeg","type":"image\/jpeg"}],"author":"TSP Redaktion","twitter_card":"summary_large_image","twitter_misc":{"Written by":"TSP Redaktion","Est. reading time":"3 minutes"},"schema":{"@context":"https:\/\/schema.org","@graph":[{"@type":"Article","@id":"https:\/\/www.tsp.at\/en\/2019\/02\/27\/emakina-baut-cee-management-um\/#article","isPartOf":{"@id":"https:\/\/www.tsp.at\/en\/2019\/02\/27\/emakina-baut-cee-management-um\/"},"author":{"name":"TSP Redaktion","@id":"https:\/\/www.tsp.at\/en\/#\/schema\/person\/1ba5600c29da17b902b0925cea567f8a"},"headline":"Emakina baut CEE-Management um","datePublished":"2019-02-27T17:57:00+00:00","dateModified":"2025-10-21T12:57:31+00:00","mainEntityOfPage":{"@id":"https:\/\/www.tsp.at\/en\/2019\/02\/27\/emakina-baut-cee-management-um\/"},"wordCount":478,"publisher":{"@id":"https:\/\/www.tsp.at\/en\/#organization"},"image":{"@id":"https:\/\/www.tsp.at\/en\/2019\/02\/27\/emakina-baut-cee-management-um\/#primaryimage"},"thumbnailUrl":"https:\/\/www.tsp.at\/wp-content\/uploads\/2025\/10\/Emakina.AT_Mark_Kaslatter_-__Rainer_Friedl.jpeg","articleSection":["News"],"inLanguage":"en-US"},{"@type":"WebPage","@id":"https:\/\/www.tsp.at\/en\/2019\/02\/27\/emakina-baut-cee-management-um\/","url":"https:\/\/www.tsp.at\/en\/2019\/02\/27\/emakina-baut-cee-management-um\/","name":"Emakina baut CEE-Management um - Temmel | Seywald - Corporate Communications","isPartOf":{"@id":"https:\/\/www.tsp.at\/en\/#website"},"primaryImageOfPage":{"@id":"https:\/\/www.tsp.at\/en\/2019\/02\/27\/emakina-baut-cee-management-um\/#primaryimage"},"image":{"@id":"https:\/\/www.tsp.at\/en\/2019\/02\/27\/emakina-baut-cee-management-um\/#primaryimage"},"thumbnailUrl":"https:\/\/www.tsp.at\/wp-content\/uploads\/2025\/10\/Emakina.AT_Mark_Kaslatter_-__Rainer_Friedl.jpeg","datePublished":"2019-02-27T17:57:00+00:00","dateModified":"2025-10-21T12:57:31+00:00","breadcrumb":{"@id":"https:\/\/www.tsp.at\/en\/2019\/02\/27\/emakina-baut-cee-management-um\/#breadcrumb"},"inLanguage":"en-US","potentialAction":[{"@type":"ReadAction","target":["https:\/\/www.tsp.at\/en\/2019\/02\/27\/emakina-baut-cee-management-um\/"]}]},{"@type":"ImageObject","inLanguage":"en-US","@id":"https:\/\/www.tsp.at\/en\/2019\/02\/27\/emakina-baut-cee-management-um\/#primaryimage","url":"https:\/\/www.tsp.at\/wp-content\/uploads\/2025\/10\/Emakina.AT_Mark_Kaslatter_-__Rainer_Friedl.jpeg","contentUrl":"https:\/\/www.tsp.at\/wp-content\/uploads\/2025\/10\/Emakina.AT_Mark_Kaslatter_-__Rainer_Friedl.jpeg","width":2126,"height":1535},{"@type":"BreadcrumbList","@id":"https:\/\/www.tsp.at\/en\/2019\/02\/27\/emakina-baut-cee-management-um\/#breadcrumb","itemListElement":[{"@type":"ListItem","position":1,"name":"Startseite","item":"https:\/\/www.tsp.at\/en\/"},{"@type":"ListItem","position":2,"name":"Emakina baut CEE-Management um"}]},{"@type":"WebSite","@id":"https:\/\/www.tsp.at\/en\/#website","url":"https:\/\/www.tsp.at\/en\/","name":"Temmel | Seywald - Corporate Communications","description":"Kommunikation ist Beziehungsarbeit","publisher":{"@id":"https:\/\/www.tsp.at\/en\/#organization"},"potentialAction":[{"@type":"SearchAction","target":{"@type":"EntryPoint","urlTemplate":"https:\/\/www.tsp.at\/en\/?s={search_term_string}"},"query-input":{"@type":"PropertyValueSpecification","valueRequired":true,"valueName":"search_term_string"}}],"inLanguage":"en-US"},{"@type":"Organization","@id":"https:\/\/www.tsp.at\/en\/#organization","name":"Temmel, Seywald & Partner Communications GesmbH","alternateName":"TSP","url":"https:\/\/www.tsp.at\/en\/","logo":{"@type":"ImageObject","inLanguage":"en-US","@id":"https:\/\/www.tsp.at\/en\/#\/schema\/logo\/image\/","url":"https:\/\/www.tsp.at\/wp-content\/uploads\/2025\/10\/favicontsp.png","contentUrl":"https:\/\/www.tsp.at\/wp-content\/uploads\/2025\/10\/favicontsp.png","width":125,"height":125,"caption":"Temmel, Seywald & Partner Communications GesmbH"},"image":{"@id":"https:\/\/www.tsp.at\/en\/#\/schema\/logo\/image\/"},"sameAs":["https:\/\/www.facebook.com\/TemmelSeywald"]},{"@type":"Person","@id":"https:\/\/www.tsp.at\/en\/#\/schema\/person\/1ba5600c29da17b902b0925cea567f8a","name":"TSP Redaktion"}]}},"_links":{"self":[{"href":"https:\/\/www.tsp.at\/en\/wp-json\/wp\/v2\/posts\/9993","targetHints":{"allow":["GET"]}}],"collection":[{"href":"https:\/\/www.tsp.at\/en\/wp-json\/wp\/v2\/posts"}],"about":[{"href":"https:\/\/www.tsp.at\/en\/wp-json\/wp\/v2\/types\/post"}],"author":[{"embeddable":true,"href":"https:\/\/www.tsp.at\/en\/wp-json\/wp\/v2\/users\/2"}],"replies":[{"embeddable":true,"href":"https:\/\/www.tsp.at\/en\/wp-json\/wp\/v2\/comments?post=9993"}],"version-history":[{"count":1,"href":"https:\/\/www.tsp.at\/en\/wp-json\/wp\/v2\/posts\/9993\/revisions"}],"predecessor-version":[{"id":11406,"href":"https:\/\/www.tsp.at\/en\/wp-json\/wp\/v2\/posts\/9993\/revisions\/11406"}],"wp:featuredmedia":[{"embeddable":true,"href":"https:\/\/www.tsp.at\/en\/wp-json\/wp\/v2\/media\/9992"}],"wp:attachment":[{"href":"https:\/\/www.tsp.at\/en\/wp-json\/wp\/v2\/media?parent=9993"}],"wp:term":[{"taxonomy":"category","embeddable":true,"href":"https:\/\/www.tsp.at\/en\/wp-json\/wp\/v2\/categories?post=9993"},{"taxonomy":"post_tag","embeddable":true,"href":"https:\/\/www.tsp.at\/en\/wp-json\/wp\/v2\/tags?post=9993"}],"curies":[{"name":"wp","href":"https:\/\/api.w.org\/{rel}","templated":true}]}}